{"id":196038,"date":"2025-06-24T11:51:29","date_gmt":"2025-06-24T14:51:29","guid":{"rendered":"https:\/\/franciscanos.org.br\/vidacrista\/?p=196038"},"modified":"2025-06-24T11:51:29","modified_gmt":"2025-06-24T14:51:29","slug":"a-historia-de-sao-joao-batista-e-sua-relacao-com-a-fogueira-a-agua-o-rosto-de-crianca-e-sua-acao-profetica-lc-157-66","status":"publish","type":"post","link":"https:\/\/franciscanos.org.br\/vidacrista\/a-historia-de-sao-joao-batista-e-sua-relacao-com-a-fogueira-a-agua-o-rosto-de-crianca-e-sua-acao-profetica-lc-157-66\/","title":{"rendered":"A hist\u00f3ria de S\u00e3o Jo\u00e3o Batista e sua rela\u00e7\u00e3o com a fogueira, a \u00e1gua, o rosto de crian\u00e7a e sua a\u00e7\u00e3o prof\u00e9tica (Lc 1,57-66)"},"content":{"rendered":"<p><img decoding=\"async\" loading=\"lazy\" class=\"aligncenter wp-image-196040 size-full\" src=\"https:\/\/franciscanos.org.br\/vidacrista\/wp-content\/uploads\/2025\/06\/materia-sao-joao-2.png\" alt=\"\" width=\"1280\" height=\"720\" srcset=\"https:\/\/franciscanos.org.br\/vidacrista\/wp-content\/uploads\/2025\/06\/materia-sao-joao-2.png 1280w, https:\/\/franciscanos.org.br\/vidacrista\/wp-content\/uploads\/2025\/06\/materia-sao-joao-2-450x253.png 450w, https:\/\/franciscanos.org.br\/vidacrista\/wp-content\/uploads\/2025\/06\/materia-sao-joao-2-1024x576.png 1024w, https:\/\/franciscanos.org.br\/vidacrista\/wp-content\/uploads\/2025\/06\/materia-sao-joao-2-768x432.png 768w, https:\/\/franciscanos.org.br\/vidacrista\/wp-content\/uploads\/2025\/06\/materia-sao-joao-2-150x84.png 150w\" sizes=\"(max-width: 1280px) 100vw, 1280px\" \/><\/p>\n<p>No dia 24 de junho, a cada ano, a Igreja Cat\u00f3lica celebra o nascimento de Jo\u00e3o Batista. Esse dia, o primeiro depois do solst\u00edcio de ver\u00e3o, no hemisf\u00e9rio norte. Solst\u00edcio \u00e9 o momento auge de brilho do sol em uma parte do hemisf\u00e9rio, sendo o dia mais longo. Noutra parte, temos a noite mais longa, como \u00e9 o nosso caso, em junho. Conhecendo esse fen\u00f4meno, eu entendo o porqu\u00ea de meus pais, na minha inf\u00e2ncia, exigirem que as crian\u00e7as se levantassem no raiar do dia de Jo\u00e3o para lavar o rosto numa bacia de \u00e1gua. Caso v\u00edssemos o rosto espelhado n\u00b4\u00e1gua, seria sinal de vida, caso contr\u00e1rio, de morte que se aproximava.<\/p>\n<p>Por que S\u00e3o Jo\u00e3o \u00e9 t\u00e3o popular, sobretudo, no nordeste brasileiro? Qual \u00e9 a origem da fogueira de S\u00e3o Jo\u00e3o? Por que S\u00e3o Jo\u00e3o Batista \u00e9 apresentado como crian\u00e7a?<\/p>\n<h3><strong>Hist\u00f3ria de S\u00e3o Jo\u00e3o Batista<\/strong><\/h3>\n<p>O nascimento de Jo\u00e3o Batista foi testemunhado pela tradi\u00e7\u00e3o como um evento importante (Lc 1,5-25.57-80). Seu pai, Zacarias, estando a exercer suas fun\u00e7\u00f5es sacerdotais no templo, recebe o an\u00fancio de um anjo de que a sua mulher Isabel, idosa e est\u00e9ril, conceberia e daria \u00e0 luz um filho, a quem ele poria o nome de Jo\u00e3o. Deus promete alegria com o nascimento de Jo\u00e3o, pois o menino seria um consagrado \u2013 um nazireu, da\u00ed a proibi\u00e7\u00e3o de dar-lhe vinho ou bebida embriagante -; estaria sempre cheio do Esp\u00edrito Santo; converteria os filhos de Israel e teria o esp\u00edrito e o poder de Elias, o profeta que subiu ao c\u00e9u em um carro de fogo e que, segunda a tradi\u00e7\u00e3o, voltaria antes da visita de Deus (Eclo 48,9-11). Zacarias, tendo duvidado de tudo isso, tornou-se, naquele instante, mudo e surdo. Jo\u00e3o nasceu em um lugarejo chamado <em>Ain Karim<\/em>, naquele tempo, distante oito quil\u00f4metros de Jerusal\u00e9m, hoje, bairro desta cidade.<\/p>\n<p>A natividade de Jo\u00e3o Batista s\u00f3 pode ser entendida no ciclo dos evangelhos da inf\u00e2ncia de Jesus. As hist\u00f3rias s\u00e3o parecidas: um anjo tamb\u00e9m aparece para Maria, que n\u00e3o era est\u00e9ril, mas virgem. Assim como Zacarias, Maria duvida. Deus promete o seu Esp\u00edrito. Bem como Zacarias, Maria teria a obriga\u00e7\u00e3o de colocar um nome em seu filho.<\/p>\n<p>O Evangelho de Lucas 1,57-80 diz que, Jo\u00e3o, ao ser circuncidado, recebeu o nome predito e a miss\u00e3o de profeta e precursor. O evangelho inicia dizendo que chegara o tempo de Isabel dar \u00e0 luz. Parentes e vizinhos se alegram ao ouviram dizer que Deus a havia cumulado de miseric\u00f3rdia. Para Deus nada \u00e9 imposs\u00edvel (Lc 1, 36-37). Em tempos b\u00edblicos, a esterilidade era considerada uma desonra e um castigo (Gn 30,23; 1Sm 1,5-8; 2Sm 6,23). V\u00e1rias mulheres est\u00e9reis d\u00e3o \u00e0 luz para demonstrar que Deus \u201cabriu a sua madre\u201d, de modo que ela voltasse a ser fecunda, assim como a terra que faz germinar a semente. Isabel \u00e9 uma dessas mulheres, tal como Sara, a esposa de Abra\u00e3o (Gn 21,6), que riu ao receber o an\u00fancio divino e gerou um filho, Isaac, que significa \u201caquele que ri\u2019.<\/p>\n<p>Oito dias ap\u00f3s o seu nascimento, Jo\u00e3o teria de ser circuncidado. A comunidade de Lucas valoriza muito o rito da circuncis\u00e3o de Jo\u00e3o. Em rela\u00e7\u00e3o a Jesus, ele apenas diz que foi circuncidado e recebeu o nome de Jesus (Lc 1,21), pois o mais importante seria ressaltar o seu nascimento em Bel\u00e9m (Lc 2, 1-20). J\u00e1 em rela\u00e7\u00e3o a Jo\u00e3o, \u00e9 relatada a dificuldade em decidir pelo nome do menino. Muitos queriam que ele recebesse o nome do pai, Zacarias \u2013 Deus se lembrou -, pois esse j\u00e1 era velho e n\u00e3o haveria motivo de confus\u00e3o das pessoas. Nesse momento, sem saber, o anjo j\u00e1 havia revelado o nome do menino para seu marido, Isabel toma a palavra e diz que o seu filho se chamaria Jo\u00e3o, Yohanan, que significa: Deus (Y de <em>Yav\u00e9<\/em>) tem miseric\u00f3rdia (<em>hanan<\/em>). A bem da verdade, Deus teve miseric\u00f3rdia com o velho casal e lhe deu um dom, um presente, chamado Jo\u00e3o.<\/p>\n<p>O nome significava a ess\u00eancia e a miss\u00e3o da pessoa. Ele at\u00e9 podia mudar. Abr\u00e3o (pai elevado) torna-se Abra\u00e3o (pai de muitos). N\u00e3o por menos, ao nome de Jo\u00e3o foi acrescentado Batista, aquele que batiza. Jo\u00e3o batizou Jesus, que mais tarde tamb\u00e9m se chamaria Cristo, o ungido. Jo\u00e3o, mais tarde, seria testemunha da miseric\u00f3rdia de Deus, ao chamar o seu povo para a convers\u00e3o, de modo que Deus pudesse agir com miseric\u00f3rdia. Miseric\u00f3rdia n\u00e3o teve, no entanto, o impiedoso Herodes Antipas que mandou decapit\u00e1-lo (Mc 6, 17-29).<\/p>\n<p>O epis\u00f3dio do nome termina com Zacarias dando a palavra final, escrevendo em uma tabuleta: \u201cseu nome \u00e9 Jo\u00e3o\u201d. Logo em seguida, Zacarias voltou a falar e todos se maravilhavam com o ocorrido. Da boca de Zacarias veio o an\u00fancio da a\u00e7\u00e3o de Deus em Jo\u00e3o, o protegido e s\u00edmbolo da gratuidade de Deus para com seu povo, por meio de um canto de a\u00e7\u00e3o de gra\u00e7as chamado de \u201cBenedictus\u201d (v.68-79). Como a jovem Maria que, inspirando-se no canto de Ana (1Sm 2,1-10), louva a Deus, o velho Zacarias rende louvores a Deus pelo nascimento de seu filho, e acrescenta: \u201cE tu, menino, ser\u00e1s chamado profeta do Alt\u00edssimo; pois ir\u00e1s \u00e0 frente do Senhor, para preparar-lhe os caminhos, para transmitir ao seu povo o conhecimento da salva\u00e7\u00e3o, pela remiss\u00e3o de seus pecados\u201d (vv. 76-77). O canto, parte final desse evangelho, termina dizendo que o menino, fazendo forte alus\u00e3o a outro menino, Jesus, crescia e se fortalecia em esp\u00edrito. Al\u00e9m disso, ele moraria no deserto at\u00e9 o dia em que se manifestou a Israel (v.80).<\/p>\n<p>Essa manifesta\u00e7\u00e3o, como cumprimento da profecia, aconteceu por volta do ano 20 E.C., no chamado movimento batista, que ele mesmo come\u00e7ou no deserto da Judeia e \u00e0 beira do rio Jord\u00e3o. Jo\u00e3o anunciava o batismo e a convers\u00e3o dos pecados para obter o perd\u00e3o. O batismo na \u00e1gua colocava as pessoas em rela\u00e7\u00e3o direta com Deus. N\u00e3o eram mais necess\u00e1rias as pr\u00e1ticas rituais do templo de Jerusal\u00e9m. Assim, os batistas se tornaram perigosos para a ordem judaica estabelecida a partir do templo. Jo\u00e3o conclamava o povo a ir ao deserto, o que, simbolicamente, retomava a figura de Mois\u00e9s e o \u00eaxodo. E do deserto, de novo, o povo entraria na terra da promessa, perdoados e batizados, para destruir o imp\u00e9rio romano. Assim, o movimento de Jo\u00e3o Batista tornou-se perigoso tamb\u00e9m para o imp\u00e9rio romano. A destrui\u00e7\u00e3o romana viria por m\u00e3os de Deus, Aquele que vem. Herodes Antipas, prevendo uma rebeli\u00e3o de Jo\u00e3o contra Roma, mandou prend\u00ea-lo na fortaleza Maquerontes e decapit\u00e1-lo, por volta do ano 30 E.C. Jo\u00e3o foi um cr\u00edtico do poder e por isso foi assassinado, n\u00e3o necessariamente por quest\u00f5es morais, ao criticar o relacionamento amoroso de Herodes Antipas e Herod\u00edades, a mulher de seu irm\u00e3o Filipe (Mc 6, 17-29), mas porque ele foi um cr\u00edtico das pol\u00edticas de Herodes Antipas, que imaginou que ele poderia fazer insurrei\u00e7\u00e3o no seu governo.<\/p>\n<p><iframe loading=\"lazy\" width=\"100%\" height=\"480\" src=\"https:\/\/www.youtube.com\/embed\/MU4COz5gqMA?si=8MyPL8i74bmIc-Tb\" title=\"YouTube video player\" frameborder=\"0\" allow=\"accelerometer; autoplay; clipboard-write; encrypted-media; gyroscope; picture-in-picture; web-share\" referrerpolicy=\"strict-origin-when-cross-origin\" allowfullscreen><\/iframe>&nbsp;<\/p>\n<h3><strong>Tradi\u00e7\u00f5es<\/strong><\/h3>\n<p>A tradi\u00e7\u00e3o de festejos para S\u00e3o Jo\u00e3o, muito popular na Europa, chegou ao Brasil no per\u00edodo colonial, com os portugueses. A festa era chamada de joanina, mas no Brasil, ela passou a ser junina. Ela foi adaptada aos costumes locais de dan\u00e7as para celebrar as colheitas e as comidas t\u00edpicas de inverno, com destaque para o milho, de origem ind\u00edgena. A quadrilha, de origem francesa, foi acrescentada os festejos, bem como o forr\u00f3. A fogueira acessa \u00e9 sinal de luz, que \u00e9 Jesus, anunciada por Jo\u00e3o Batista.<\/p>\n<p>A imagem mais conhecida de S\u00e3o Jo\u00e3o Batista \u00e9 a de uma crian\u00e7a com um cordeiro e um cajado, em forma de cruz, com uma flamula com um escrito em latim \u201cEis o cordeiro de Deus\u201d. O que motivou essa imagem foi o fato de Jo\u00e3o Batista ter nascido antes de Jesus para ser o anunciador definitivo da chegada do Messias, seu primo Jesus. A cruz representa a morte de Jesus e o seu mart\u00edrio.<\/p>\n<p>O rosto de crian\u00e7a somente para S\u00e3o Jo\u00e3o Batista chama a aten\u00e7\u00e3o, pois a Idade M\u00e9dia criou muitas imagens de santos com Jesus crian\u00e7a no colo, mas com rosto de adulto. Isso se deveu ao fato de a desvaloriza\u00e7\u00e3o das crian\u00e7as ser norma naquela \u00e9poca. Pensava-se que as crian\u00e7as n\u00e3o se salvariam, caso n\u00e3o comportasse como adulto. A esse movimento foi dado o nome de hom\u00fanculo, homem pequeno.<\/p>\n<p>A fogueira de S\u00e3o Jo\u00e3o tem rela\u00e7\u00e3o com a tradi\u00e7\u00e3o de que Isabel havia combinado com Maria, sua prima e que tamb\u00e9m gr\u00e1vida, que no dia do nascimento de Jo\u00e3o, ela acenderia uma fogueira para anunciar o nascimento do filho, de modo que Maria pudesse ser informada de t\u00e3o grande acontecimento.<\/p>\n<p>Nas tradi\u00e7\u00f5es antigas, no hemisf\u00e9rio norte, a fogueira \u00e9 acessa no dia do solst\u00edcio com o objetivo de espantar os maus esp\u00edritos e os dem\u00f4nios, de modo que eles n\u00e3o pudessem interferir na fertilidade da terra e da mulher. Os foguetes servem para recordar o fato de Zacarias ter voltado a falar com o nascimento de seu filho. H\u00e1 tamb\u00e9m os que dizem o foguete acorda S\u00e3o Jo\u00e3o que estava dormindo.<\/p>\n<h3><strong>Conclus\u00e3o<\/strong><\/h3>\n<p>O nascimento de Jo\u00e3o Batista significa um novo tempo de fecundidade para a comunidade de Lucas e para n\u00f3s, hoje. N\u00e3o h\u00e1 mais como ficarmos est\u00e9reis, surdos e mudos. Chegou o tempo do an\u00fancio da palavra de miseric\u00f3rdia e de liberta\u00e7\u00e3o de Deus.<\/p>\n<p>Ainda hoje, \u201cos caminhos do Senhor devem ser abertos\u201d por todos n\u00f3s, quais outros Jo\u00f5es Batistas, que nascem para anunciar a vida nova. Para que isso se concretize, s\u00f3 nos resta a constante convers\u00e3o, o rompimento com o erro, de modo que possamos renascer e aderir ao projeto de Jesus.<\/p>\n<p>Jo\u00e3o somos todos n\u00f3s quando nascemos para o reino. Somente assim tem sentido celebrar a natividade de Jo\u00e3o, o nascimento de uma igreja voltada para a justi\u00e7a social.<\/p>\n<hr \/>\n<p><em>Frei Jacir de Freitas Faria<\/em><\/p>\n","protected":false},"excerpt":{"rendered":"<p>Frei Jacir de Freitas Faria<\/p>\n","protected":false},"author":10,"featured_media":196041,"comment_status":"open","ping_status":"open","sticky":false,"template":"","format":"standard","meta":{"footnotes":""},"categories":[26],"tags":[43],"yoast_head":"<!-- This site is optimized with the Yoast SEO plugin v19.4 - https:\/\/yoast.com\/wordpress\/plugins\/seo\/ -->\n<title>A hist\u00f3ria de S\u00e3o Jo\u00e3o Batista e sua rela\u00e7\u00e3o com a fogueira, a \u00e1gua, o rosto de crian\u00e7a e sua a\u00e7\u00e3o prof\u00e9tica (Lc 1,57-66) - Vida Crist\u00e3 - Franciscanos<\/title>\n<meta name=\"robots\" content=\"index, follow, max-snippet:-1, max-image-preview:large, max-video-preview:-1\" \/>\n<link rel=\"canonical\" href=\"https:\/\/franciscanos.org.br\/vidacrista\/a-historia-de-sao-joao-batista-e-sua-relacao-com-a-fogueira-a-agua-o-rosto-de-crianca-e-sua-acao-profetica-lc-157-66\/\" \/>\n<meta property=\"og:locale\" content=\"pt_BR\" \/>\n<meta property=\"og:type\" content=\"article\" \/>\n<meta property=\"og:title\" content=\"A hist\u00f3ria de S\u00e3o Jo\u00e3o Batista e sua rela\u00e7\u00e3o com a fogueira, a \u00e1gua, o rosto de crian\u00e7a e sua a\u00e7\u00e3o prof\u00e9tica (Lc 1,57-66) - Vida Crist\u00e3 - Franciscanos\" \/>\n<meta property=\"og:description\" content=\"Frei Jacir de Freitas Faria\" \/>\n<meta property=\"og:url\" content=\"https:\/\/franciscanos.org.br\/vidacrista\/a-historia-de-sao-joao-batista-e-sua-relacao-com-a-fogueira-a-agua-o-rosto-de-crianca-e-sua-acao-profetica-lc-157-66\/\" \/>\n<meta property=\"og:site_name\" content=\"Vida Crist\u00e3 - Franciscanos\" \/>\n<meta property=\"article:published_time\" content=\"2025-06-24T14:51:29+00:00\" \/>\n<meta property=\"og:image\" content=\"https:\/\/franciscanos.org.br\/vidacrista\/wp-content\/uploads\/2025\/06\/chamada-sao-joao.png\" \/>\n\t<meta property=\"og:image:width\" content=\"800\" \/>\n\t<meta property=\"og:image:height\" content=\"550\" \/>\n\t<meta property=\"og:image:type\" content=\"image\/png\" \/>\n<meta name=\"author\" content=\"Adriana Rabelo\" \/>\n<meta name=\"twitter:card\" content=\"summary_large_image\" \/>\n<meta name=\"twitter:label1\" content=\"Escrito por\" \/>\n\t<meta name=\"twitter:data1\" content=\"Adriana Rabelo\" \/>\n\t<meta name=\"twitter:label2\" content=\"Est. tempo de leitura\" \/>\n\t<meta name=\"twitter:data2\" content=\"9 minutos\" \/>\n<script type=\"application\/ld+json\" class=\"yoast-schema-graph\">{\"@context\":\"https:\/\/schema.org\",\"@graph\":[{\"@type\":\"WebSite\",\"@id\":\"https:\/\/franciscanos.org.br\/vidacrista\/#website\",\"url\":\"https:\/\/franciscanos.org.br\/vidacrista\/\",\"name\":\"Vida Crist\u00e3 - Franciscanos\",\"description\":\"Prov\u00edncia Franciscana da Imaculada Concei\u00e7\u00e3o do Brasil - Ordem dos Frades Menores\",\"potentialAction\":[{\"@type\":\"SearchAction\",\"target\":{\"@type\":\"EntryPoint\",\"urlTemplate\":\"https:\/\/franciscanos.org.br\/vidacrista\/?s={search_term_string}\"},\"query-input\":\"required name=search_term_string\"}],\"inLanguage\":\"pt-BR\"},{\"@type\":\"WebPage\",\"@id\":\"https:\/\/franciscanos.org.br\/vidacrista\/a-historia-de-sao-joao-batista-e-sua-relacao-com-a-fogueira-a-agua-o-rosto-de-crianca-e-sua-acao-profetica-lc-157-66\/\",\"url\":\"https:\/\/franciscanos.org.br\/vidacrista\/a-historia-de-sao-joao-batista-e-sua-relacao-com-a-fogueira-a-agua-o-rosto-de-crianca-e-sua-acao-profetica-lc-157-66\/\",\"name\":\"A hist\u00f3ria de S\u00e3o Jo\u00e3o Batista e sua rela\u00e7\u00e3o com a fogueira, a \u00e1gua, o rosto de crian\u00e7a e sua a\u00e7\u00e3o prof\u00e9tica (Lc 1,57-66) - Vida Crist\u00e3 - Franciscanos\",\"isPartOf\":{\"@id\":\"https:\/\/franciscanos.org.br\/vidacrista\/#website\"},\"datePublished\":\"2025-06-24T14:51:29+00:00\",\"dateModified\":\"2025-06-24T14:51:29+00:00\",\"author\":{\"@id\":\"https:\/\/franciscanos.org.br\/vidacrista\/#\/schema\/person\/a0cbb2edfc0aecf8ac498802d1cb57b5\"},\"breadcrumb\":{\"@id\":\"https:\/\/franciscanos.org.br\/vidacrista\/a-historia-de-sao-joao-batista-e-sua-relacao-com-a-fogueira-a-agua-o-rosto-de-crianca-e-sua-acao-profetica-lc-157-66\/#breadcrumb\"},\"inLanguage\":\"pt-BR\",\"potentialAction\":[{\"@type\":\"ReadAction\",\"target\":[\"https:\/\/franciscanos.org.br\/vidacrista\/a-historia-de-sao-joao-batista-e-sua-relacao-com-a-fogueira-a-agua-o-rosto-de-crianca-e-sua-acao-profetica-lc-157-66\/\"]}]},{\"@type\":\"BreadcrumbList\",\"@id\":\"https:\/\/franciscanos.org.br\/vidacrista\/a-historia-de-sao-joao-batista-e-sua-relacao-com-a-fogueira-a-agua-o-rosto-de-crianca-e-sua-acao-profetica-lc-157-66\/#breadcrumb\",\"itemListElement\":[{\"@type\":\"ListItem\",\"position\":1,\"name\":\"Home\",\"item\":\"https:\/\/franciscanos.org.br\/vidacrista\/\"},{\"@type\":\"ListItem\",\"position\":2,\"name\":\"A hist\u00f3ria de S\u00e3o Jo\u00e3o Batista e sua rela\u00e7\u00e3o com a fogueira, a \u00e1gua, o rosto de crian\u00e7a e sua a\u00e7\u00e3o prof\u00e9tica (Lc 1,57-66)\"}]},{\"@type\":\"Person\",\"@id\":\"https:\/\/franciscanos.org.br\/vidacrista\/#\/schema\/person\/a0cbb2edfc0aecf8ac498802d1cb57b5\",\"name\":\"Adriana Rabelo\",\"image\":{\"@type\":\"ImageObject\",\"inLanguage\":\"pt-BR\",\"@id\":\"https:\/\/franciscanos.org.br\/vidacrista\/#\/schema\/person\/image\/\",\"url\":\"https:\/\/secure.gravatar.com\/avatar\/0a937b7500cd7df77540cfb8bede877d?s=96&d=mm&r=g\",\"contentUrl\":\"https:\/\/secure.gravatar.com\/avatar\/0a937b7500cd7df77540cfb8bede877d?s=96&d=mm&r=g\",\"caption\":\"Adriana Rabelo\"},\"url\":\"https:\/\/franciscanos.org.br\/vidacrista\/author\/adrianarabelo\/\"}]}<\/script>\n<!-- \/ Yoast SEO plugin. -->","yoast_head_json":{"title":"A hist\u00f3ria de S\u00e3o Jo\u00e3o Batista e sua rela\u00e7\u00e3o com a fogueira, a \u00e1gua, o rosto de crian\u00e7a e sua a\u00e7\u00e3o prof\u00e9tica (Lc 1,57-66) - Vida Crist\u00e3 - Franciscanos","robots":{"index":"index","follow":"follow","max-snippet":"max-snippet:-1","max-image-preview":"max-image-preview:large","max-video-preview":"max-video-preview:-1"},"canonical":"https:\/\/franciscanos.org.br\/vidacrista\/a-historia-de-sao-joao-batista-e-sua-relacao-com-a-fogueira-a-agua-o-rosto-de-crianca-e-sua-acao-profetica-lc-157-66\/","og_locale":"pt_BR","og_type":"article","og_title":"A hist\u00f3ria de S\u00e3o Jo\u00e3o Batista e sua rela\u00e7\u00e3o com a fogueira, a \u00e1gua, o rosto de crian\u00e7a e sua a\u00e7\u00e3o prof\u00e9tica (Lc 1,57-66) - Vida Crist\u00e3 - Franciscanos","og_description":"Frei Jacir de Freitas Faria","og_url":"https:\/\/franciscanos.org.br\/vidacrista\/a-historia-de-sao-joao-batista-e-sua-relacao-com-a-fogueira-a-agua-o-rosto-de-crianca-e-sua-acao-profetica-lc-157-66\/","og_site_name":"Vida Crist\u00e3 - Franciscanos","article_published_time":"2025-06-24T14:51:29+00:00","og_image":[{"width":800,"height":550,"url":"https:\/\/franciscanos.org.br\/vidacrista\/wp-content\/uploads\/2025\/06\/chamada-sao-joao.png","type":"image\/png"}],"author":"Adriana Rabelo","twitter_card":"summary_large_image","twitter_misc":{"Escrito por":"Adriana Rabelo","Est. tempo de leitura":"9 minutos"},"schema":{"@context":"https:\/\/schema.org","@graph":[{"@type":"WebSite","@id":"https:\/\/franciscanos.org.br\/vidacrista\/#website","url":"https:\/\/franciscanos.org.br\/vidacrista\/","name":"Vida Crist\u00e3 - Franciscanos","description":"Prov\u00edncia Franciscana da Imaculada Concei\u00e7\u00e3o do Brasil - Ordem dos Frades Menores","potentialAction":[{"@type":"SearchAction","target":{"@type":"EntryPoint","urlTemplate":"https:\/\/franciscanos.org.br\/vidacrista\/?s={search_term_string}"},"query-input":"required name=search_term_string"}],"inLanguage":"pt-BR"},{"@type":"WebPage","@id":"https:\/\/franciscanos.org.br\/vidacrista\/a-historia-de-sao-joao-batista-e-sua-relacao-com-a-fogueira-a-agua-o-rosto-de-crianca-e-sua-acao-profetica-lc-157-66\/","url":"https:\/\/franciscanos.org.br\/vidacrista\/a-historia-de-sao-joao-batista-e-sua-relacao-com-a-fogueira-a-agua-o-rosto-de-crianca-e-sua-acao-profetica-lc-157-66\/","name":"A hist\u00f3ria de S\u00e3o Jo\u00e3o Batista e sua rela\u00e7\u00e3o com a fogueira, a \u00e1gua, o rosto de crian\u00e7a e sua a\u00e7\u00e3o prof\u00e9tica (Lc 1,57-66) - Vida Crist\u00e3 - Franciscanos","isPartOf":{"@id":"https:\/\/franciscanos.org.br\/vidacrista\/#website"},"datePublished":"2025-06-24T14:51:29+00:00","dateModified":"2025-06-24T14:51:29+00:00","author":{"@id":"https:\/\/franciscanos.org.br\/vidacrista\/#\/schema\/person\/a0cbb2edfc0aecf8ac498802d1cb57b5"},"breadcrumb":{"@id":"https:\/\/franciscanos.org.br\/vidacrista\/a-historia-de-sao-joao-batista-e-sua-relacao-com-a-fogueira-a-agua-o-rosto-de-crianca-e-sua-acao-profetica-lc-157-66\/#breadcrumb"},"inLanguage":"pt-BR","potentialAction":[{"@type":"ReadAction","target":["https:\/\/franciscanos.org.br\/vidacrista\/a-historia-de-sao-joao-batista-e-sua-relacao-com-a-fogueira-a-agua-o-rosto-de-crianca-e-sua-acao-profetica-lc-157-66\/"]}]},{"@type":"BreadcrumbList","@id":"https:\/\/franciscanos.org.br\/vidacrista\/a-historia-de-sao-joao-batista-e-sua-relacao-com-a-fogueira-a-agua-o-rosto-de-crianca-e-sua-acao-profetica-lc-157-66\/#breadcrumb","itemListElement":[{"@type":"ListItem","position":1,"name":"Home","item":"https:\/\/franciscanos.org.br\/vidacrista\/"},{"@type":"ListItem","position":2,"name":"A hist\u00f3ria de S\u00e3o Jo\u00e3o Batista e sua rela\u00e7\u00e3o com a fogueira, a \u00e1gua, o rosto de crian\u00e7a e sua a\u00e7\u00e3o prof\u00e9tica (Lc 1,57-66)"}]},{"@type":"Person","@id":"https:\/\/franciscanos.org.br\/vidacrista\/#\/schema\/person\/a0cbb2edfc0aecf8ac498802d1cb57b5","name":"Adriana Rabelo","image":{"@type":"ImageObject","inLanguage":"pt-BR","@id":"https:\/\/franciscanos.org.br\/vidacrista\/#\/schema\/person\/image\/","url":"https:\/\/secure.gravatar.com\/avatar\/0a937b7500cd7df77540cfb8bede877d?s=96&d=mm&r=g","contentUrl":"https:\/\/secure.gravatar.com\/avatar\/0a937b7500cd7df77540cfb8bede877d?s=96&d=mm&r=g","caption":"Adriana Rabelo"},"url":"https:\/\/franciscanos.org.br\/vidacrista\/author\/adrianarabelo\/"}]}},"_links":{"self":[{"href":"https:\/\/franciscanos.org.br\/vidacrista\/wp-json\/wp\/v2\/posts\/196038"}],"collection":[{"href":"https:\/\/franciscanos.org.br\/vidacrista\/wp-json\/wp\/v2\/posts"}],"about":[{"href":"https:\/\/franciscanos.org.br\/vidacrista\/wp-json\/wp\/v2\/types\/post"}],"author":[{"embeddable":true,"href":"https:\/\/franciscanos.org.br\/vidacrista\/wp-json\/wp\/v2\/users\/10"}],"replies":[{"embeddable":true,"href":"https:\/\/franciscanos.org.br\/vidacrista\/wp-json\/wp\/v2\/comments?post=196038"}],"version-history":[{"count":2,"href":"https:\/\/franciscanos.org.br\/vidacrista\/wp-json\/wp\/v2\/posts\/196038\/revisions"}],"predecessor-version":[{"id":196043,"href":"https:\/\/franciscanos.org.br\/vidacrista\/wp-json\/wp\/v2\/posts\/196038\/revisions\/196043"}],"wp:featuredmedia":[{"embeddable":true,"href":"https:\/\/franciscanos.org.br\/vidacrista\/wp-json\/wp\/v2\/media\/196041"}],"wp:attachment":[{"href":"https:\/\/franciscanos.org.br\/vidacrista\/wp-json\/wp\/v2\/media?parent=196038"}],"wp:term":[{"taxonomy":"category","embeddable":true,"href":"https:\/\/franciscanos.org.br\/vidacrista\/wp-json\/wp\/v2\/categories?post=196038"},{"taxonomy":"post_tag","embeddable":true,"href":"https:\/\/franciscanos.org.br\/vidacrista\/wp-json\/wp\/v2\/tags?post=196038"}],"curies":[{"name":"wp","href":"https:\/\/api.w.org\/{rel}","templated":true}]}}