{"id":196011,"date":"2025-06-12T16:00:04","date_gmt":"2025-06-12T19:00:04","guid":{"rendered":"https:\/\/franciscanos.org.br\/vidacrista\/?p=196011"},"modified":"2025-06-13T09:25:17","modified_gmt":"2025-06-13T12:25:17","slug":"reliquias-que-contam-a-vida-de-santo-antonio","status":"publish","type":"post","link":"https:\/\/franciscanos.org.br\/vidacrista\/reliquias-que-contam-a-vida-de-santo-antonio\/","title":{"rendered":"Rel\u00edquias que contam a vida de Santo Ant\u00f4nio"},"content":{"rendered":"<p><img decoding=\"async\" loading=\"lazy\" class=\"aligncenter wp-image-196012 size-full\" src=\"https:\/\/franciscanos.org.br\/vidacrista\/wp-content\/uploads\/2025\/06\/materri-Frei-augusto.png\" alt=\"\" width=\"1280\" height=\"720\" srcset=\"https:\/\/franciscanos.org.br\/vidacrista\/wp-content\/uploads\/2025\/06\/materri-Frei-augusto.png 1280w, https:\/\/franciscanos.org.br\/vidacrista\/wp-content\/uploads\/2025\/06\/materri-Frei-augusto-450x253.png 450w, https:\/\/franciscanos.org.br\/vidacrista\/wp-content\/uploads\/2025\/06\/materri-Frei-augusto-1024x576.png 1024w, https:\/\/franciscanos.org.br\/vidacrista\/wp-content\/uploads\/2025\/06\/materri-Frei-augusto-768x432.png 768w, https:\/\/franciscanos.org.br\/vidacrista\/wp-content\/uploads\/2025\/06\/materri-Frei-augusto-150x84.png 150w\" sizes=\"(max-width: 1280px) 100vw, 1280px\" \/><\/p>\n<p>Santo Ant\u00f4nio de P\u00e1dua, tamb\u00e9m conhecido como Santo Ant\u00f4nio de Lisboa (1195-1231), \u00e9 celebrado n\u00e3o apenas por sua fecunda prega\u00e7\u00e3o e amor \u00e0 Eucaristia, mas tamb\u00e9m pelo mist\u00e9rio da incorruptibilidade das rel\u00edquias que permanecem vis\u00edveis at\u00e9 hoje. Dentre essas preciosidades, destaca\u2011se a rel\u00edquia de sua l\u00edngua, conservada em um relic\u00e1rio na capela \u201cdo Tesouro\u201d da Bas\u00edlica de P\u00e1dua, cujo estado preservado desafia a compreens\u00e3o cient\u00edfica e enche de f\u00e9 os peregrinos.<\/p>\n<p><strong>A l\u00edngua incorrupta de Santo Ant\u00f4nio<\/strong><\/p>\n<p>Conta a hist\u00f3ria que logo ap\u00f3s sua morte em 1231, durante o processo de canoniza\u00e7\u00e3o, come\u00e7aram a ser distribu\u00eddas v\u00e1rias rel\u00edquias de Santo Ant\u00f4nio. Em 30 de maio de 1232, o Papa Greg\u00f3rio\u00a0IX, antigo amigo pessoal de Ant\u00f4nio, inscreveu-o no cat\u00e1logo dos santos em cerim\u00f4nia na catedral de Espoleto.<\/p>\n<p>Em 8 de abril de 1263, o Ministro Geral da Ordem dos Frades Menores, S\u00e3o Boaventura da Bagnoregio, ao trasladar o corpo de Ant\u00f4nio para a Bas\u00edlica do Santo em P\u00e1dua, encontrou sua l\u00edngua incorrupta e mandou coloc\u00e1-la em relic\u00e1rio. Em 14 de junho de 1310, o t\u00famulo foi transferido para outra capela da mesma bas\u00edlica.<\/p>\n<p>E em 15 de fevereiro de 1350, o Cardeal Guy de Boulogne mandou colocar o queixo em um relic\u00e1rio, e invent\u00e1rios posteriores mencionam fragmentos de bra\u00e7o, m\u00e3o, dente, parte da t\u00fanica, cabelos, r\u00e1dio, dedo e pele da cabe\u00e7a. Parte do r\u00e1dio foi, em 1968, remetida \u00e0 Catedral de Lisboa.<\/p>\n<p>De 6 de janeiro a 15 de fevereiro de 1981, realizou-se um segundo reconhecimento dos restos mortais, confirmando que as cartilagens do aparelho fonador continuavam incorruptas.<\/p>\n<p>A rel\u00edquia mais famosa, sua l\u00edngua, permanece vis\u00edvel e intacta no relic\u00e1rio da capela \u201cdo Tesouro\u201d da Bas\u00edlica de P\u00e1dua, mist\u00e9rio que a ci\u00eancia n\u00e3o explica e milagre que a f\u00e9 celebra e refor\u00e7a a devo\u00e7\u00e3o dos peregrinos.<\/p>\n<p><strong>Da vida de Fernando ao frade Ant\u00f4nio<\/strong><\/p>\n<p>Originalmente batizado como Fernando, ingressou na Ordem dos C\u00f4negos Regulares de Santo Agostinho em Lisboa. Em 1220, diante das rel\u00edquias dos cinco primeiros m\u00e1rtires franciscanos &#8211; que partiriam para o Marrocos e ali deram a vida &#8211; Fernando sentiu o impulso de imitar seu testemunho. Pediu para deixar os agostinianos e, adotando o nome de Ant\u00f4nio, quis partir para o Norte da \u00c1frica; n\u00e3o fosse uma enfermidade que o obrigou a retornar \u00e0 It\u00e1lia, marcando\u2011lhe outro destino.<\/p>\n<p>Em 1221, participou do \u201cCap\u00edtulo das Esteiras\u201d em Assis, onde conheceu pessoalmente S\u00e3o Francisco de Assis. Reconhecendo seu talento, Francisco o convidou a ensinar teologia aos frades, miss\u00e3o que Ant\u00f4nio exerceu em Bolonha e Paris, lan\u00e7ando as bases do pensamento franciscano que inspiraria depois S\u00e3o Boaventura e Duns Scotus e sendo o primeiro professor dos frades franciscanos.<\/p>\n<p>As rel\u00edquias n\u00e3o s\u00e3o apenas vest\u00edgios materiais, mas lembretes do sacrif\u00edcio de Cristo e do chamado \u00e0 santidade. Francisco alertou Ant\u00f4nio em carta a ensinar teologia aos frades \u201csem extinguir o esp\u00edrito da santa ora\u00e7\u00e3o e devo\u00e7\u00e3o\u201d (Carta a Ant\u00f4nio), mostrando que estudo e contempla\u00e7\u00e3o caminham juntos.<\/p>\n<p>Dotado de extraordin\u00e1ria eloqu\u00eancia, Santo Ant\u00f4nio pregava com poder e compaix\u00e3o, convertendo muitos que se afastaram da Igreja. Seu zelo pastoral inclu\u00eda o atendimento a confiss\u00f5es e o aconselhamento, mesmo enfrentando problemas de sa\u00fade.<\/p>\n<p>Diz\u2011se que qualquer fragmento de sua t\u00fanica ou contato com sua pessoa era causa de grande gra\u00e7a. Um exemplo famoso envolve a irm\u00e3 Oliva: ap\u00f3s beijar-lhe as m\u00e3os, ela sofreu dores violentas at\u00e9 aplicar um peda\u00e7o da t\u00fanica, quando imediatamente foi curada, provando que qualquer rel\u00edquia sua era instrumento de gra\u00e7a. (Relato extra\u00eddo da Biografia e Serm\u00f5es de Santo Ant\u00f4nio).<\/p>\n<p>At\u00e9 hoje, peregrinos de todas as partes do mundo visitam a Bas\u00edlica de P\u00e1dua para contemplar a l\u00edngua incorrupta de Santo Ant\u00f4nio, testemunhando um milagre que une ci\u00eancia e f\u00e9. Essa rel\u00edquia n\u00e3o apenas lembra o poder do testemunho crist\u00e3o, mas tamb\u00e9m conserva viva a mem\u00f3ria de um santo cuja palavra se fez vida para tantos cora\u00e7\u00f5es.<\/p>\n<p>Santo Ant\u00f4nio, rogai por n\u00f3s!<\/p>\n<hr \/>\n<p><em>Frei Augusto Luiz Gabriel, ofm<\/em><\/p>\n","protected":false},"excerpt":{"rendered":"<p>Frei Augusto Luiz Gabriel<\/p>\n","protected":false},"author":10,"featured_media":196013,"comment_status":"open","ping_status":"open","sticky":false,"template":"","format":"standard","meta":{"footnotes":""},"categories":[26],"tags":[352],"yoast_head":"<!-- This site is optimized with the Yoast SEO plugin v19.4 - https:\/\/yoast.com\/wordpress\/plugins\/seo\/ -->\n<title>Rel\u00edquias que contam a vida de Santo Ant\u00f4nio - Vida Crist\u00e3 - Franciscanos<\/title>\n<meta name=\"robots\" content=\"index, follow, max-snippet:-1, max-image-preview:large, max-video-preview:-1\" \/>\n<link rel=\"canonical\" href=\"https:\/\/franciscanos.org.br\/vidacrista\/reliquias-que-contam-a-vida-de-santo-antonio\/\" \/>\n<meta property=\"og:locale\" content=\"pt_BR\" \/>\n<meta property=\"og:type\" content=\"article\" \/>\n<meta property=\"og:title\" content=\"Rel\u00edquias que contam a vida de Santo Ant\u00f4nio - Vida Crist\u00e3 - Franciscanos\" \/>\n<meta property=\"og:description\" content=\"Frei Augusto Luiz Gabriel\" \/>\n<meta property=\"og:url\" content=\"https:\/\/franciscanos.org.br\/vidacrista\/reliquias-que-contam-a-vida-de-santo-antonio\/\" \/>\n<meta property=\"og:site_name\" content=\"Vida Crist\u00e3 - Franciscanos\" \/>\n<meta property=\"article:published_time\" content=\"2025-06-12T19:00:04+00:00\" \/>\n<meta property=\"article:modified_time\" content=\"2025-06-13T12:25:17+00:00\" \/>\n<meta property=\"og:image\" content=\"https:\/\/franciscanos.org.br\/vidacrista\/wp-content\/uploads\/2025\/06\/frei-augusto-chamada.png\" \/>\n\t<meta property=\"og:image:width\" content=\"800\" \/>\n\t<meta property=\"og:image:height\" content=\"550\" \/>\n\t<meta property=\"og:image:type\" content=\"image\/png\" \/>\n<meta name=\"author\" content=\"Adriana Rabelo\" \/>\n<meta name=\"twitter:card\" content=\"summary_large_image\" \/>\n<meta name=\"twitter:label1\" content=\"Escrito por\" \/>\n\t<meta name=\"twitter:data1\" content=\"Adriana Rabelo\" \/>\n\t<meta name=\"twitter:label2\" content=\"Est. tempo de leitura\" \/>\n\t<meta name=\"twitter:data2\" content=\"4 minutos\" \/>\n<script type=\"application\/ld+json\" class=\"yoast-schema-graph\">{\"@context\":\"https:\/\/schema.org\",\"@graph\":[{\"@type\":\"WebSite\",\"@id\":\"https:\/\/franciscanos.org.br\/vidacrista\/#website\",\"url\":\"https:\/\/franciscanos.org.br\/vidacrista\/\",\"name\":\"Vida Crist\u00e3 - Franciscanos\",\"description\":\"Prov\u00edncia Franciscana da Imaculada Concei\u00e7\u00e3o do Brasil - Ordem dos Frades Menores\",\"potentialAction\":[{\"@type\":\"SearchAction\",\"target\":{\"@type\":\"EntryPoint\",\"urlTemplate\":\"https:\/\/franciscanos.org.br\/vidacrista\/?s={search_term_string}\"},\"query-input\":\"required name=search_term_string\"}],\"inLanguage\":\"pt-BR\"},{\"@type\":\"WebPage\",\"@id\":\"https:\/\/franciscanos.org.br\/vidacrista\/reliquias-que-contam-a-vida-de-santo-antonio\/\",\"url\":\"https:\/\/franciscanos.org.br\/vidacrista\/reliquias-que-contam-a-vida-de-santo-antonio\/\",\"name\":\"Rel\u00edquias que contam a vida de Santo Ant\u00f4nio - Vida Crist\u00e3 - Franciscanos\",\"isPartOf\":{\"@id\":\"https:\/\/franciscanos.org.br\/vidacrista\/#website\"},\"datePublished\":\"2025-06-12T19:00:04+00:00\",\"dateModified\":\"2025-06-13T12:25:17+00:00\",\"author\":{\"@id\":\"https:\/\/franciscanos.org.br\/vidacrista\/#\/schema\/person\/a0cbb2edfc0aecf8ac498802d1cb57b5\"},\"breadcrumb\":{\"@id\":\"https:\/\/franciscanos.org.br\/vidacrista\/reliquias-que-contam-a-vida-de-santo-antonio\/#breadcrumb\"},\"inLanguage\":\"pt-BR\",\"potentialAction\":[{\"@type\":\"ReadAction\",\"target\":[\"https:\/\/franciscanos.org.br\/vidacrista\/reliquias-que-contam-a-vida-de-santo-antonio\/\"]}]},{\"@type\":\"BreadcrumbList\",\"@id\":\"https:\/\/franciscanos.org.br\/vidacrista\/reliquias-que-contam-a-vida-de-santo-antonio\/#breadcrumb\",\"itemListElement\":[{\"@type\":\"ListItem\",\"position\":1,\"name\":\"Home\",\"item\":\"https:\/\/franciscanos.org.br\/vidacrista\/\"},{\"@type\":\"ListItem\",\"position\":2,\"name\":\"Rel\u00edquias que contam a vida de Santo Ant\u00f4nio\"}]},{\"@type\":\"Person\",\"@id\":\"https:\/\/franciscanos.org.br\/vidacrista\/#\/schema\/person\/a0cbb2edfc0aecf8ac498802d1cb57b5\",\"name\":\"Adriana Rabelo\",\"image\":{\"@type\":\"ImageObject\",\"inLanguage\":\"pt-BR\",\"@id\":\"https:\/\/franciscanos.org.br\/vidacrista\/#\/schema\/person\/image\/\",\"url\":\"https:\/\/secure.gravatar.com\/avatar\/0a937b7500cd7df77540cfb8bede877d?s=96&d=mm&r=g\",\"contentUrl\":\"https:\/\/secure.gravatar.com\/avatar\/0a937b7500cd7df77540cfb8bede877d?s=96&d=mm&r=g\",\"caption\":\"Adriana Rabelo\"},\"url\":\"https:\/\/franciscanos.org.br\/vidacrista\/author\/adrianarabelo\/\"}]}<\/script>\n<!-- \/ Yoast SEO plugin. -->","yoast_head_json":{"title":"Rel\u00edquias que contam a vida de Santo Ant\u00f4nio - Vida Crist\u00e3 - Franciscanos","robots":{"index":"index","follow":"follow","max-snippet":"max-snippet:-1","max-image-preview":"max-image-preview:large","max-video-preview":"max-video-preview:-1"},"canonical":"https:\/\/franciscanos.org.br\/vidacrista\/reliquias-que-contam-a-vida-de-santo-antonio\/","og_locale":"pt_BR","og_type":"article","og_title":"Rel\u00edquias que contam a vida de Santo Ant\u00f4nio - Vida Crist\u00e3 - Franciscanos","og_description":"Frei Augusto Luiz Gabriel","og_url":"https:\/\/franciscanos.org.br\/vidacrista\/reliquias-que-contam-a-vida-de-santo-antonio\/","og_site_name":"Vida Crist\u00e3 - Franciscanos","article_published_time":"2025-06-12T19:00:04+00:00","article_modified_time":"2025-06-13T12:25:17+00:00","og_image":[{"width":800,"height":550,"url":"https:\/\/franciscanos.org.br\/vidacrista\/wp-content\/uploads\/2025\/06\/frei-augusto-chamada.png","type":"image\/png"}],"author":"Adriana Rabelo","twitter_card":"summary_large_image","twitter_misc":{"Escrito por":"Adriana Rabelo","Est. tempo de leitura":"4 minutos"},"schema":{"@context":"https:\/\/schema.org","@graph":[{"@type":"WebSite","@id":"https:\/\/franciscanos.org.br\/vidacrista\/#website","url":"https:\/\/franciscanos.org.br\/vidacrista\/","name":"Vida Crist\u00e3 - Franciscanos","description":"Prov\u00edncia Franciscana da Imaculada Concei\u00e7\u00e3o do Brasil - Ordem dos Frades Menores","potentialAction":[{"@type":"SearchAction","target":{"@type":"EntryPoint","urlTemplate":"https:\/\/franciscanos.org.br\/vidacrista\/?s={search_term_string}"},"query-input":"required name=search_term_string"}],"inLanguage":"pt-BR"},{"@type":"WebPage","@id":"https:\/\/franciscanos.org.br\/vidacrista\/reliquias-que-contam-a-vida-de-santo-antonio\/","url":"https:\/\/franciscanos.org.br\/vidacrista\/reliquias-que-contam-a-vida-de-santo-antonio\/","name":"Rel\u00edquias que contam a vida de Santo Ant\u00f4nio - Vida Crist\u00e3 - Franciscanos","isPartOf":{"@id":"https:\/\/franciscanos.org.br\/vidacrista\/#website"},"datePublished":"2025-06-12T19:00:04+00:00","dateModified":"2025-06-13T12:25:17+00:00","author":{"@id":"https:\/\/franciscanos.org.br\/vidacrista\/#\/schema\/person\/a0cbb2edfc0aecf8ac498802d1cb57b5"},"breadcrumb":{"@id":"https:\/\/franciscanos.org.br\/vidacrista\/reliquias-que-contam-a-vida-de-santo-antonio\/#breadcrumb"},"inLanguage":"pt-BR","potentialAction":[{"@type":"ReadAction","target":["https:\/\/franciscanos.org.br\/vidacrista\/reliquias-que-contam-a-vida-de-santo-antonio\/"]}]},{"@type":"BreadcrumbList","@id":"https:\/\/franciscanos.org.br\/vidacrista\/reliquias-que-contam-a-vida-de-santo-antonio\/#breadcrumb","itemListElement":[{"@type":"ListItem","position":1,"name":"Home","item":"https:\/\/franciscanos.org.br\/vidacrista\/"},{"@type":"ListItem","position":2,"name":"Rel\u00edquias que contam a vida de Santo Ant\u00f4nio"}]},{"@type":"Person","@id":"https:\/\/franciscanos.org.br\/vidacrista\/#\/schema\/person\/a0cbb2edfc0aecf8ac498802d1cb57b5","name":"Adriana Rabelo","image":{"@type":"ImageObject","inLanguage":"pt-BR","@id":"https:\/\/franciscanos.org.br\/vidacrista\/#\/schema\/person\/image\/","url":"https:\/\/secure.gravatar.com\/avatar\/0a937b7500cd7df77540cfb8bede877d?s=96&d=mm&r=g","contentUrl":"https:\/\/secure.gravatar.com\/avatar\/0a937b7500cd7df77540cfb8bede877d?s=96&d=mm&r=g","caption":"Adriana Rabelo"},"url":"https:\/\/franciscanos.org.br\/vidacrista\/author\/adrianarabelo\/"}]}},"_links":{"self":[{"href":"https:\/\/franciscanos.org.br\/vidacrista\/wp-json\/wp\/v2\/posts\/196011"}],"collection":[{"href":"https:\/\/franciscanos.org.br\/vidacrista\/wp-json\/wp\/v2\/posts"}],"about":[{"href":"https:\/\/franciscanos.org.br\/vidacrista\/wp-json\/wp\/v2\/types\/post"}],"author":[{"embeddable":true,"href":"https:\/\/franciscanos.org.br\/vidacrista\/wp-json\/wp\/v2\/users\/10"}],"replies":[{"embeddable":true,"href":"https:\/\/franciscanos.org.br\/vidacrista\/wp-json\/wp\/v2\/comments?post=196011"}],"version-history":[{"count":1,"href":"https:\/\/franciscanos.org.br\/vidacrista\/wp-json\/wp\/v2\/posts\/196011\/revisions"}],"predecessor-version":[{"id":196014,"href":"https:\/\/franciscanos.org.br\/vidacrista\/wp-json\/wp\/v2\/posts\/196011\/revisions\/196014"}],"wp:featuredmedia":[{"embeddable":true,"href":"https:\/\/franciscanos.org.br\/vidacrista\/wp-json\/wp\/v2\/media\/196013"}],"wp:attachment":[{"href":"https:\/\/franciscanos.org.br\/vidacrista\/wp-json\/wp\/v2\/media?parent=196011"}],"wp:term":[{"taxonomy":"category","embeddable":true,"href":"https:\/\/franciscanos.org.br\/vidacrista\/wp-json\/wp\/v2\/categories?post=196011"},{"taxonomy":"post_tag","embeddable":true,"href":"https:\/\/franciscanos.org.br\/vidacrista\/wp-json\/wp\/v2\/tags?post=196011"}],"curies":[{"name":"wp","href":"https:\/\/api.w.org\/{rel}","templated":true}]}}