{"id":195931,"date":"2025-05-11T09:38:25","date_gmt":"2025-05-11T12:38:25","guid":{"rendered":"https:\/\/franciscanos.org.br\/vidacrista\/?p=195931"},"modified":"2025-05-11T09:42:56","modified_gmt":"2025-05-11T12:42:56","slug":"a-mae-da-besta-e-a-nossa-mae-a-multidao-os-judeus-os-pagaos-e-o-pastoreio-de-jesus-e-francisco-na-inspiracao-de-at-13-ap-7-e-jo-10","status":"publish","type":"post","link":"https:\/\/franciscanos.org.br\/vidacrista\/a-mae-da-besta-e-a-nossa-mae-a-multidao-os-judeus-os-pagaos-e-o-pastoreio-de-jesus-e-francisco-na-inspiracao-de-at-13-ap-7-e-jo-10\/","title":{"rendered":"A m\u00e3e da besta e a nossa m\u00e3e! A multid\u00e3o, os judeus, os pag\u00e3os e o pastoreio de Jesus e Francisco, na inspira\u00e7\u00e3o de At 13; Ap 7 e Jo 10"},"content":{"rendered":"<p><img decoding=\"async\" loading=\"lazy\" class=\"aligncenter wp-image-195933 size-full\" src=\"https:\/\/franciscanos.org.br\/vidacrista\/wp-content\/uploads\/2025\/05\/materia.png\" alt=\"\" width=\"1280\" height=\"720\" srcset=\"https:\/\/franciscanos.org.br\/vidacrista\/wp-content\/uploads\/2025\/05\/materia.png 1280w, https:\/\/franciscanos.org.br\/vidacrista\/wp-content\/uploads\/2025\/05\/materia-450x253.png 450w, https:\/\/franciscanos.org.br\/vidacrista\/wp-content\/uploads\/2025\/05\/materia-1024x576.png 1024w, https:\/\/franciscanos.org.br\/vidacrista\/wp-content\/uploads\/2025\/05\/materia-768x432.png 768w, https:\/\/franciscanos.org.br\/vidacrista\/wp-content\/uploads\/2025\/05\/materia-150x84.png 150w\" sizes=\"(max-width: 1280px) 100vw, 1280px\" \/><\/p>\n<p>A nossa reflex\u00e3o de hoje tem como ponto de partida os textos b\u00edblicos de At 13; Ap 7 e Jo 10, os quais se encontram em quatro pontos: multid\u00e3o, pag\u00e3os, judeus e pastoreio. Eu acrescentaria a figura da m\u00e3e, celebrada no segundo domingo de maio, no Brasil.<\/p>\n<p>Em Atos dos Ap\u00f3stolos, Paulo e Barnab\u00e9, na cidade de Antioquia da Ps\u00eddia, tentam, em v\u00e3o, converter os judeus. No entanto, uma multid\u00e3o de pag\u00e3os adere \u00e0 prega\u00e7\u00e3o deles.<\/p>\n<p>No Apocalipse, uma multid\u00e3o de ra\u00e7as e povos forma o novo povo de Deus, os escolhidos por causa da n\u00e3o ades\u00e3o deles ao projeto da Besta, o imperador romano Nero, morto em 67 E.C., e conhecido pelo apelido de 666, pois as letras hebraicas de seu nome chegam a essa contagem simb\u00f3lica para referir-se ao inomin\u00e1vel perseguidor dos crist\u00e3os, que queimava crist\u00e3os vivos para iluminar as noites romanas ao som de sua lira. Nascido L\u00facio e tendo assumido o poder aos 14 anos, Nero mandou assassinar a pr\u00f3pria m\u00e3e, Agripina Menor, em 23 de mar\u00e7o de 59 E.C. Ela era uma mulher de forte lideran\u00e7a materna e pol\u00edtica no imp\u00e9rio romano. Segundo relato do historiador romano, T\u00e1cito (56-117 E.C.), Nero, n\u00e3o suportando a influ\u00eancia de Agripina, tramou a morte dela em um navio que afundara, mas ela escapou viva. Em seguida, tentou envenen\u00e1-la e, por fim, ordenou seu assassinato.<\/p>\n<p>No evangelho de Jo\u00e3o, Jesus \u00e9 o pastor das ovelhas que o Pai lhe deu. Nero dispersa e mata, Jesus une e cuida. Os ap\u00f3stolos unem, as lideran\u00e7as judaicas desunem. As m\u00e3es unem as fam\u00edlias na manuten\u00e7\u00e3o de cord\u00f5es umbilicais. Morre a m\u00e3e, muitas fam\u00edlias desagregam.<\/p>\n<p>Os ap\u00f3stolos proclamam que a ordem que o Senhor lhes deu \u00e9 esta: \u201cEu te coloquei (judeus) como luz para as na\u00e7\u00f5es, para que leves a salva\u00e7\u00e3o at\u00e9 os confins da terra.\u201d (At 13,47). No entanto, eles n\u00e3o aceitaram a prega\u00e7\u00e3o. J\u00e1 os pag\u00e3os, por sua vez, ficaram muito contentes, quando ouviram isso, e glorificavam a palavra do Senhor. Todos os que eram destinados \u00e0 vida eterna, abra\u00e7aram a f\u00e9 (At 13,48).<\/p>\n<p>\u00c9 tempo de falar em multid\u00e3o. Uma multid\u00e3o se aglomerou em Roma para dar o \u00faltimo adeus a Francisco Berg\u00f3lio, o papa de sapatos surrados, homem que tentou unir, pela f\u00e9 em Jesus, crist\u00e3os e n\u00e3o crist\u00e3os na luta por um mundo de igualdade social e de ecologia integral. Seu nome \u00e9 Francisco, nascido na Argentina, irm\u00e3o na f\u00e9 e no sonho de outro Francisco, o de Assis, do qual herdou o nome e a esperan\u00e7a. Quando eleito papa, em mar\u00e7o de 2013, Francisco pediu aos seus compatriotas que n\u00e3o fossem a Roma na sua posse, mas que doassem o dinheiro da viagem aos pobres. \u00c0 Argentina, Francisco, por dissabores do passado com as lideran\u00e7as de seu povo, julgou por bem n\u00e3o mais voltar como papa.<\/p>\n<p>O cap\u00edtulo sete de Apocalipse fala da nova contagem do povo de Deus (7,1-8) e da vis\u00e3o da multid\u00e3o imensa dos eleitos (7,9-17). Quatro anjos s\u00e3o encarregados de fazer mal \u00e0 terra. Um deles \u00e9 escolhido para realizar o recenseamento dos escolhidos. Os eleitos, uma multid\u00e3o de todas as ra\u00e7as e na\u00e7\u00f5es, recebem a marca de Deus.<\/p>\n<p><iframe loading=\"lazy\" title=\"YouTube video player\" src=\"https:\/\/www.youtube.com\/embed\/QkQZtO20P1E?si=4B9QuVvP_PhQtKk0\" width=\"100%\" height=\"480\" frameborder=\"0\" allowfullscreen=\"allowfullscreen\"><span data-mce-type=\"bookmark\" style=\"display: inline-block; width: 0px; overflow: hidden; line-height: 0;\" class=\"mce_SELRES_start\">\ufeff<\/span><\/iframe><\/p>\n<p>No mundo b\u00edblico, aos anjos eram associados os fen\u00f4menos naturais. Eles podiam segurar os ventos, e ficavam nos quatro cantos da terra. Era Deus que os autorizava a liberar os ventos, os quais eram sinais da presen\u00e7a divina (Gn 3,8), mas tamb\u00e9m de destrui\u00e7\u00e3o (Jr 49,36).<\/p>\n<p>Os escolhidos ou protegidos s\u00e3o marcados por Deus e considerados propriedade sua, recebendo miss\u00e3o especial. Que sinal \u00e9 esse? O livro de Ez 9,1-4 fala de um sinal que \u00e9 colocado na fronte dos eleitos, a <u>l<\/u>etra tau do alfabeto hebraico, antes da destrui\u00e7\u00e3o do anjo exterminador. Dessa tradi\u00e7\u00e3o nasceu o tau franciscano. O livro do \u00caxodo tamb\u00e9m fala da marca do sangue do cordeiro para que os escolhidos se livrassem do anjo exterminador (Ex 12,7-13).<\/p>\n<p>No Apocalipse, os escolhidos, membros das comunidades perseguidas que resistiram \u00e0 Besta recebem um selo de Deus para continuarem agindo como batizados diante do mundo. Eles s\u00e3o um n\u00famero simb\u00f3lico e incont\u00e1vel, 144.000 mil. S\u00e3o o novo Israel, 12 x 12.000, as doze tribos da dispers\u00e3o (Tg 1,1; Gl 6,16; Rm 2,28-29), agora unidas na f\u00e9 e na resist\u00eancia.<\/p>\n<p>Esses eleitos resistiram e continuaram sendo protegidos por Deus, como aconteceu no deserto (Nm 1,1-46). Unida aos anjos, a multid\u00e3o, formada por na\u00e7\u00f5es, tribos, ra\u00e7as, povos e l\u00ednguas, inicia seu louvor universal. A multid\u00e3o \u00e9 sinal de ecumenismo, de di\u00e1logo a partir da f\u00e9 que resiste e liberta a dor dos marginalizados do sistema opressor romano, representados nas figuras do louco Nero e sua encarna\u00e7\u00e3o, segundo tradi\u00e7\u00e3o romana, em outro tirano, Domiciano, morto em 96, quando o livro do Apocalipse estava sendo escrito.<\/p>\n<p>A multid\u00e3o alvejou suas vestes no sangue do cordeiro. \u00a0Os crist\u00e3os resistiram e enfrentaram o drag\u00e3o, a besta e, por isso, est\u00e3o salvos com a morte de Jesus. Por isso est\u00e3o diante do trono de Deus, cultuando-o dia e noite. O desejo de sair do Egito, para cultuar Deus, concretiza-se (Ex 3,18), no Apocalipse. Por isso, \u201celes nunca mais ter\u00e3o fome, nem sede, nem os molestar\u00e1 o sol, nem algum calor ardente. Porque o Cordeiro, que est\u00e1 no meio do trono, ser\u00e1 o seu pastor e os conduzir\u00e1 \u00e0s fontes da \u00e1gua da vida. E Deus enxugar\u00e1 as l\u00e1grimas de seus olhos.\u201d (Ap 7,16-17)<\/p>\n<p>Seguindo o exemplo de Jesus, o Papa Francisco, tinha convic\u00e7\u00e3o de que: \u201cMeu Pai, que me deu estas ovelhas, \u00e9 maior que todos, e ningu\u00e9m pode arrebat\u00e1-las da m\u00e3o do Pai. Eu e o Pai somos um.\u201d (Jo 10,29-30). E assim ele procurou agregar povos no ideal evang\u00e9lico do acolhimento e do servi\u00e7o aos empobrecidos do nosso tempo e na ecologia integral.\u00a0 Que o novo papa calce o \u201csapato\u201d de Francisco e mantenha o seu legado vivo para sempre em meio a bestas e multid\u00f5es famintas da paz e do bem!<\/p>\n<hr \/>\n<p><em>Frei Jacir de Freitas Faria<\/em><\/p>\n","protected":false},"excerpt":{"rendered":"<p>Frei Jacir de Freitas Faria<\/p>\n","protected":false},"author":10,"featured_media":195932,"comment_status":"open","ping_status":"open","sticky":false,"template":"","format":"standard","meta":{"footnotes":""},"categories":[26],"tags":[43],"yoast_head":"<!-- This site is optimized with the Yoast SEO plugin v19.4 - https:\/\/yoast.com\/wordpress\/plugins\/seo\/ -->\n<title>A m\u00e3e da besta e a nossa m\u00e3e! A multid\u00e3o, os judeus, os pag\u00e3os e o pastoreio de Jesus e Francisco, na inspira\u00e7\u00e3o de At 13; Ap 7 e Jo 10 - Vida Crist\u00e3 - Franciscanos<\/title>\n<meta name=\"robots\" content=\"index, follow, max-snippet:-1, max-image-preview:large, max-video-preview:-1\" \/>\n<link rel=\"canonical\" href=\"https:\/\/franciscanos.org.br\/vidacrista\/a-mae-da-besta-e-a-nossa-mae-a-multidao-os-judeus-os-pagaos-e-o-pastoreio-de-jesus-e-francisco-na-inspiracao-de-at-13-ap-7-e-jo-10\/\" \/>\n<meta property=\"og:locale\" content=\"pt_BR\" \/>\n<meta property=\"og:type\" content=\"article\" \/>\n<meta property=\"og:title\" content=\"A m\u00e3e da besta e a nossa m\u00e3e! A multid\u00e3o, os judeus, os pag\u00e3os e o pastoreio de Jesus e Francisco, na inspira\u00e7\u00e3o de At 13; Ap 7 e Jo 10 - Vida Crist\u00e3 - Franciscanos\" \/>\n<meta property=\"og:description\" content=\"Frei Jacir de Freitas Faria\" \/>\n<meta property=\"og:url\" content=\"https:\/\/franciscanos.org.br\/vidacrista\/a-mae-da-besta-e-a-nossa-mae-a-multidao-os-judeus-os-pagaos-e-o-pastoreio-de-jesus-e-francisco-na-inspiracao-de-at-13-ap-7-e-jo-10\/\" \/>\n<meta property=\"og:site_name\" content=\"Vida Crist\u00e3 - Franciscanos\" \/>\n<meta property=\"article:published_time\" content=\"2025-05-11T12:38:25+00:00\" \/>\n<meta property=\"article:modified_time\" content=\"2025-05-11T12:42:56+00:00\" \/>\n<meta property=\"og:image\" content=\"https:\/\/franciscanos.org.br\/vidacrista\/wp-content\/uploads\/2025\/05\/chamada-1.png\" \/>\n\t<meta property=\"og:image:width\" content=\"800\" \/>\n\t<meta property=\"og:image:height\" content=\"550\" \/>\n\t<meta property=\"og:image:type\" content=\"image\/png\" \/>\n<meta name=\"author\" content=\"Adriana Rabelo\" \/>\n<meta name=\"twitter:card\" content=\"summary_large_image\" \/>\n<meta name=\"twitter:label1\" content=\"Escrito por\" \/>\n\t<meta name=\"twitter:data1\" content=\"Adriana Rabelo\" \/>\n\t<meta name=\"twitter:label2\" content=\"Est. tempo de leitura\" \/>\n\t<meta name=\"twitter:data2\" content=\"5 minutos\" \/>\n<script type=\"application\/ld+json\" class=\"yoast-schema-graph\">{\"@context\":\"https:\/\/schema.org\",\"@graph\":[{\"@type\":\"WebSite\",\"@id\":\"https:\/\/franciscanos.org.br\/vidacrista\/#website\",\"url\":\"https:\/\/franciscanos.org.br\/vidacrista\/\",\"name\":\"Vida Crist\u00e3 - Franciscanos\",\"description\":\"Prov\u00edncia Franciscana da Imaculada Concei\u00e7\u00e3o do Brasil - Ordem dos Frades Menores\",\"potentialAction\":[{\"@type\":\"SearchAction\",\"target\":{\"@type\":\"EntryPoint\",\"urlTemplate\":\"https:\/\/franciscanos.org.br\/vidacrista\/?s={search_term_string}\"},\"query-input\":\"required name=search_term_string\"}],\"inLanguage\":\"pt-BR\"},{\"@type\":\"WebPage\",\"@id\":\"https:\/\/franciscanos.org.br\/vidacrista\/a-mae-da-besta-e-a-nossa-mae-a-multidao-os-judeus-os-pagaos-e-o-pastoreio-de-jesus-e-francisco-na-inspiracao-de-at-13-ap-7-e-jo-10\/\",\"url\":\"https:\/\/franciscanos.org.br\/vidacrista\/a-mae-da-besta-e-a-nossa-mae-a-multidao-os-judeus-os-pagaos-e-o-pastoreio-de-jesus-e-francisco-na-inspiracao-de-at-13-ap-7-e-jo-10\/\",\"name\":\"A m\u00e3e da besta e a nossa m\u00e3e! A multid\u00e3o, os judeus, os pag\u00e3os e o pastoreio de Jesus e Francisco, na inspira\u00e7\u00e3o de At 13; Ap 7 e Jo 10 - Vida Crist\u00e3 - Franciscanos\",\"isPartOf\":{\"@id\":\"https:\/\/franciscanos.org.br\/vidacrista\/#website\"},\"datePublished\":\"2025-05-11T12:38:25+00:00\",\"dateModified\":\"2025-05-11T12:42:56+00:00\",\"author\":{\"@id\":\"https:\/\/franciscanos.org.br\/vidacrista\/#\/schema\/person\/a0cbb2edfc0aecf8ac498802d1cb57b5\"},\"breadcrumb\":{\"@id\":\"https:\/\/franciscanos.org.br\/vidacrista\/a-mae-da-besta-e-a-nossa-mae-a-multidao-os-judeus-os-pagaos-e-o-pastoreio-de-jesus-e-francisco-na-inspiracao-de-at-13-ap-7-e-jo-10\/#breadcrumb\"},\"inLanguage\":\"pt-BR\",\"potentialAction\":[{\"@type\":\"ReadAction\",\"target\":[\"https:\/\/franciscanos.org.br\/vidacrista\/a-mae-da-besta-e-a-nossa-mae-a-multidao-os-judeus-os-pagaos-e-o-pastoreio-de-jesus-e-francisco-na-inspiracao-de-at-13-ap-7-e-jo-10\/\"]}]},{\"@type\":\"BreadcrumbList\",\"@id\":\"https:\/\/franciscanos.org.br\/vidacrista\/a-mae-da-besta-e-a-nossa-mae-a-multidao-os-judeus-os-pagaos-e-o-pastoreio-de-jesus-e-francisco-na-inspiracao-de-at-13-ap-7-e-jo-10\/#breadcrumb\",\"itemListElement\":[{\"@type\":\"ListItem\",\"position\":1,\"name\":\"Home\",\"item\":\"https:\/\/franciscanos.org.br\/vidacrista\/\"},{\"@type\":\"ListItem\",\"position\":2,\"name\":\"A m\u00e3e da besta e a nossa m\u00e3e! A multid\u00e3o, os judeus, os pag\u00e3os e o pastoreio de Jesus e Francisco, na inspira\u00e7\u00e3o de At 13; Ap 7 e Jo 10\"}]},{\"@type\":\"Person\",\"@id\":\"https:\/\/franciscanos.org.br\/vidacrista\/#\/schema\/person\/a0cbb2edfc0aecf8ac498802d1cb57b5\",\"name\":\"Adriana Rabelo\",\"image\":{\"@type\":\"ImageObject\",\"inLanguage\":\"pt-BR\",\"@id\":\"https:\/\/franciscanos.org.br\/vidacrista\/#\/schema\/person\/image\/\",\"url\":\"https:\/\/secure.gravatar.com\/avatar\/0a937b7500cd7df77540cfb8bede877d?s=96&d=mm&r=g\",\"contentUrl\":\"https:\/\/secure.gravatar.com\/avatar\/0a937b7500cd7df77540cfb8bede877d?s=96&d=mm&r=g\",\"caption\":\"Adriana Rabelo\"},\"url\":\"https:\/\/franciscanos.org.br\/vidacrista\/author\/adrianarabelo\/\"}]}<\/script>\n<!-- \/ Yoast SEO plugin. -->","yoast_head_json":{"title":"A m\u00e3e da besta e a nossa m\u00e3e! A multid\u00e3o, os judeus, os pag\u00e3os e o pastoreio de Jesus e Francisco, na inspira\u00e7\u00e3o de At 13; Ap 7 e Jo 10 - Vida Crist\u00e3 - Franciscanos","robots":{"index":"index","follow":"follow","max-snippet":"max-snippet:-1","max-image-preview":"max-image-preview:large","max-video-preview":"max-video-preview:-1"},"canonical":"https:\/\/franciscanos.org.br\/vidacrista\/a-mae-da-besta-e-a-nossa-mae-a-multidao-os-judeus-os-pagaos-e-o-pastoreio-de-jesus-e-francisco-na-inspiracao-de-at-13-ap-7-e-jo-10\/","og_locale":"pt_BR","og_type":"article","og_title":"A m\u00e3e da besta e a nossa m\u00e3e! A multid\u00e3o, os judeus, os pag\u00e3os e o pastoreio de Jesus e Francisco, na inspira\u00e7\u00e3o de At 13; Ap 7 e Jo 10 - Vida Crist\u00e3 - Franciscanos","og_description":"Frei Jacir de Freitas Faria","og_url":"https:\/\/franciscanos.org.br\/vidacrista\/a-mae-da-besta-e-a-nossa-mae-a-multidao-os-judeus-os-pagaos-e-o-pastoreio-de-jesus-e-francisco-na-inspiracao-de-at-13-ap-7-e-jo-10\/","og_site_name":"Vida Crist\u00e3 - Franciscanos","article_published_time":"2025-05-11T12:38:25+00:00","article_modified_time":"2025-05-11T12:42:56+00:00","og_image":[{"width":800,"height":550,"url":"https:\/\/franciscanos.org.br\/vidacrista\/wp-content\/uploads\/2025\/05\/chamada-1.png","type":"image\/png"}],"author":"Adriana Rabelo","twitter_card":"summary_large_image","twitter_misc":{"Escrito por":"Adriana Rabelo","Est. tempo de leitura":"5 minutos"},"schema":{"@context":"https:\/\/schema.org","@graph":[{"@type":"WebSite","@id":"https:\/\/franciscanos.org.br\/vidacrista\/#website","url":"https:\/\/franciscanos.org.br\/vidacrista\/","name":"Vida Crist\u00e3 - Franciscanos","description":"Prov\u00edncia Franciscana da Imaculada Concei\u00e7\u00e3o do Brasil - Ordem dos Frades Menores","potentialAction":[{"@type":"SearchAction","target":{"@type":"EntryPoint","urlTemplate":"https:\/\/franciscanos.org.br\/vidacrista\/?s={search_term_string}"},"query-input":"required name=search_term_string"}],"inLanguage":"pt-BR"},{"@type":"WebPage","@id":"https:\/\/franciscanos.org.br\/vidacrista\/a-mae-da-besta-e-a-nossa-mae-a-multidao-os-judeus-os-pagaos-e-o-pastoreio-de-jesus-e-francisco-na-inspiracao-de-at-13-ap-7-e-jo-10\/","url":"https:\/\/franciscanos.org.br\/vidacrista\/a-mae-da-besta-e-a-nossa-mae-a-multidao-os-judeus-os-pagaos-e-o-pastoreio-de-jesus-e-francisco-na-inspiracao-de-at-13-ap-7-e-jo-10\/","name":"A m\u00e3e da besta e a nossa m\u00e3e! A multid\u00e3o, os judeus, os pag\u00e3os e o pastoreio de Jesus e Francisco, na inspira\u00e7\u00e3o de At 13; Ap 7 e Jo 10 - Vida Crist\u00e3 - Franciscanos","isPartOf":{"@id":"https:\/\/franciscanos.org.br\/vidacrista\/#website"},"datePublished":"2025-05-11T12:38:25+00:00","dateModified":"2025-05-11T12:42:56+00:00","author":{"@id":"https:\/\/franciscanos.org.br\/vidacrista\/#\/schema\/person\/a0cbb2edfc0aecf8ac498802d1cb57b5"},"breadcrumb":{"@id":"https:\/\/franciscanos.org.br\/vidacrista\/a-mae-da-besta-e-a-nossa-mae-a-multidao-os-judeus-os-pagaos-e-o-pastoreio-de-jesus-e-francisco-na-inspiracao-de-at-13-ap-7-e-jo-10\/#breadcrumb"},"inLanguage":"pt-BR","potentialAction":[{"@type":"ReadAction","target":["https:\/\/franciscanos.org.br\/vidacrista\/a-mae-da-besta-e-a-nossa-mae-a-multidao-os-judeus-os-pagaos-e-o-pastoreio-de-jesus-e-francisco-na-inspiracao-de-at-13-ap-7-e-jo-10\/"]}]},{"@type":"BreadcrumbList","@id":"https:\/\/franciscanos.org.br\/vidacrista\/a-mae-da-besta-e-a-nossa-mae-a-multidao-os-judeus-os-pagaos-e-o-pastoreio-de-jesus-e-francisco-na-inspiracao-de-at-13-ap-7-e-jo-10\/#breadcrumb","itemListElement":[{"@type":"ListItem","position":1,"name":"Home","item":"https:\/\/franciscanos.org.br\/vidacrista\/"},{"@type":"ListItem","position":2,"name":"A m\u00e3e da besta e a nossa m\u00e3e! A multid\u00e3o, os judeus, os pag\u00e3os e o pastoreio de Jesus e Francisco, na inspira\u00e7\u00e3o de At 13; Ap 7 e Jo 10"}]},{"@type":"Person","@id":"https:\/\/franciscanos.org.br\/vidacrista\/#\/schema\/person\/a0cbb2edfc0aecf8ac498802d1cb57b5","name":"Adriana Rabelo","image":{"@type":"ImageObject","inLanguage":"pt-BR","@id":"https:\/\/franciscanos.org.br\/vidacrista\/#\/schema\/person\/image\/","url":"https:\/\/secure.gravatar.com\/avatar\/0a937b7500cd7df77540cfb8bede877d?s=96&d=mm&r=g","contentUrl":"https:\/\/secure.gravatar.com\/avatar\/0a937b7500cd7df77540cfb8bede877d?s=96&d=mm&r=g","caption":"Adriana Rabelo"},"url":"https:\/\/franciscanos.org.br\/vidacrista\/author\/adrianarabelo\/"}]}},"_links":{"self":[{"href":"https:\/\/franciscanos.org.br\/vidacrista\/wp-json\/wp\/v2\/posts\/195931"}],"collection":[{"href":"https:\/\/franciscanos.org.br\/vidacrista\/wp-json\/wp\/v2\/posts"}],"about":[{"href":"https:\/\/franciscanos.org.br\/vidacrista\/wp-json\/wp\/v2\/types\/post"}],"author":[{"embeddable":true,"href":"https:\/\/franciscanos.org.br\/vidacrista\/wp-json\/wp\/v2\/users\/10"}],"replies":[{"embeddable":true,"href":"https:\/\/franciscanos.org.br\/vidacrista\/wp-json\/wp\/v2\/comments?post=195931"}],"version-history":[{"count":3,"href":"https:\/\/franciscanos.org.br\/vidacrista\/wp-json\/wp\/v2\/posts\/195931\/revisions"}],"predecessor-version":[{"id":195936,"href":"https:\/\/franciscanos.org.br\/vidacrista\/wp-json\/wp\/v2\/posts\/195931\/revisions\/195936"}],"wp:featuredmedia":[{"embeddable":true,"href":"https:\/\/franciscanos.org.br\/vidacrista\/wp-json\/wp\/v2\/media\/195932"}],"wp:attachment":[{"href":"https:\/\/franciscanos.org.br\/vidacrista\/wp-json\/wp\/v2\/media?parent=195931"}],"wp:term":[{"taxonomy":"category","embeddable":true,"href":"https:\/\/franciscanos.org.br\/vidacrista\/wp-json\/wp\/v2\/categories?post=195931"},{"taxonomy":"post_tag","embeddable":true,"href":"https:\/\/franciscanos.org.br\/vidacrista\/wp-json\/wp\/v2\/tags?post=195931"}],"curies":[{"name":"wp","href":"https:\/\/api.w.org\/{rel}","templated":true}]}}