{"id":195908,"date":"2025-05-06T11:32:59","date_gmt":"2025-05-06T14:32:59","guid":{"rendered":"https:\/\/franciscanos.org.br\/vidacrista\/?p=195908"},"modified":"2025-05-06T11:36:17","modified_gmt":"2025-05-06T14:36:17","slug":"o-novo-papa-calcara-os-sapatos-de-francisco","status":"publish","type":"post","link":"https:\/\/franciscanos.org.br\/vidacrista\/o-novo-papa-calcara-os-sapatos-de-francisco\/","title":{"rendered":"O novo papa cal\u00e7ar\u00e1 os sapatos de Francisco"},"content":{"rendered":"<p><img decoding=\"async\" loading=\"lazy\" class=\"aligncenter wp-image-195909 size-full\" src=\"https:\/\/franciscanos.org.br\/vidacrista\/wp-content\/uploads\/2025\/05\/materia-4.png\" alt=\"\" width=\"1280\" height=\"720\" srcset=\"https:\/\/franciscanos.org.br\/vidacrista\/wp-content\/uploads\/2025\/05\/materia-4.png 1280w, https:\/\/franciscanos.org.br\/vidacrista\/wp-content\/uploads\/2025\/05\/materia-4-450x253.png 450w, https:\/\/franciscanos.org.br\/vidacrista\/wp-content\/uploads\/2025\/05\/materia-4-1024x576.png 1024w, https:\/\/franciscanos.org.br\/vidacrista\/wp-content\/uploads\/2025\/05\/materia-4-768x432.png 768w, https:\/\/franciscanos.org.br\/vidacrista\/wp-content\/uploads\/2025\/05\/materia-4-150x84.png 150w\" sizes=\"(max-width: 1280px) 100vw, 1280px\" \/><\/p>\n<p>O atual conclave, substantivo de origem latina <em>cum clavis<\/em>, significa <em>com chave<\/em> ou <em>fechado \u00e0 chave<\/em>, \u00e9 formado por 133 cardeais oriundos de 70 pa\u00edses, dentre eles, 7 brasileiros, os quais estar\u00e3o fechados no Vaticano, a partir do dia 7 de maio, para escolher o novo papa. A pergunta que o mundo faz \u00e9: se o modo de condu\u00e7\u00e3o da Igreja ao estilo Francisco de Assis e da periferia do mundo em Roma vai continuar?<\/p>\n<p>Desses cardeais votantes, todos com menos de 80 anos, 90 foram escolhidos pelo Papa Francisco, o que n\u00e3o significa que o seu sucessor seguir\u00e1 a sua cartilha. Francisco, democr\u00e1tico que era, respeitava as diferentes tend\u00eancias dentro da Igreja, ainda que tenha tirado o poder de muitos cardeais, como o do americano Raymond Leo Burke, e diminu\u00eddo o n\u00famero de cardeais italianos, de 28 para 17, fazendo com que o poder da Igreja deixasse de ser italianoc\u00eantrica, ainda que continue euroc\u00eantrica. Atualmente 39,26% dos cardeais votantes s\u00e3o da Europa, seguido pelos americanos (27,4%) e africanos (13,34%). Francisco ampliou a for\u00e7a do voto para o mundo, segundo a proporcionalidade de cat\u00f3licos.<\/p>\n<p>Creio que esse conclave n\u00e3o vai passar de 48 horas, ainda que, na hist\u00f3ria da Igreja tenha havido um conclave, no s\u00e9culo XIII, com dura\u00e7\u00e3o de 33 semanas, culminando com a elei\u00e7\u00e3o de Greg\u00f3rio X. Na \u00e9poca, foi preciso que a comunidade impedisse a entrada de comida no local de vota\u00e7\u00e3o, de modo que a fuma\u00e7a branca pudesse aparecer nas chamin\u00e9s do Vaticano.<\/p>\n<p><iframe loading=\"lazy\" title=\"YouTube video player\" src=\"https:\/\/www.youtube.com\/embed\/LWDtdN2acFg?si=2emYDpEm1WegoPVH\" width=\"100%\" height=\"480\" frameborder=\"0\" allowfullscreen=\"allowfullscreen\"><\/iframe><\/p>\n<p>Qual ser\u00e1 a tend\u00eancia do novo papa? Conservador, moderado ou progressista? O Brasil, apesar de a CNBB ter mantido, ainda que discreto, o apoio \u00e0s reformas de Francisco, em meio \u00e0 forte tend\u00eancia de um laicato que deseja voltar \u00e0 grande disciplina da Igreja Medieval. No Brasil, n\u00e3o h\u00e1, dentre os seus cardeais votantes, algum que desponta poder\u00e1 assumir essa fun\u00e7\u00e3o. Poder\u00e1 ter surpresa com o meu confrade franciscano, cardeal de Manaus, Leonardo Ulrich Steiner? N\u00e3o se sabe! No passado recente, houve um brasileiro eleito no conclave, mas que declinou da elei\u00e7\u00e3o justificando que tinha oito pontes de safena. O ano era 1978, quando da elei\u00e7\u00e3o de Jo\u00e3o Paulo II, e o cardeal era o Aloisio Lorscheider. Detalhe, ele enterrou Jo\u00e3o Paulo II e morreu 4 anos depois.<\/p>\n<p>Os alinhados com o pensamento de Francisco s\u00e3o maioria, mas numa elei\u00e7\u00e3o papal tudo pode acontecer. Acredito que a tend\u00eancia ser\u00e1 elei\u00e7\u00e3o de um italiano, visto que isso n\u00e3o ocorre h\u00e1 47 anos. O novo papa dever\u00e1 ter idade acima de 70 anos. Eu ponho minha esperan\u00e7a no italiano Mateus Maria Zuppi, atual presidente da confer\u00eancia italiana de bispos. O filipino Tagle tamb\u00e9m tem chances, assim como o diplomata italiano Pietro Parolin, que foi secret\u00e1rio de Estado do Vaticano, no papado de Francisco.<\/p>\n<p>Na verdade, tor\u00e7o para que o pr\u00f3ximo papa seja um Francisco II, que continue discutindo o celibato do clero e o acesso das mulheres ao presbiterato, que seja cr\u00edtico do sistema capitalista, que mantenha a urg\u00eancia da discuss\u00e3o em torno da ecologia integral, que prossiga no projeto de uma Igreja em sa\u00edda da sacristia etc. Caso n\u00e3o tenha esse perfil, confiemos na for\u00e7a do Esp\u00edrito Santo para a sua convers\u00e3o. Caso isso n\u00e3o aconte\u00e7a, voltaremos \u00e0 Igreja de um passado long\u00ednquo e recente, marcada por dissabores n\u00e3o muito evang\u00e9licos.<\/p>\n<p>De Francisco, guardaremos na mem\u00f3ria as suas atitudes de simplicidade e acolhida que encantaram o mundo. No dia de sua elei\u00e7\u00e3o, em 2013, o fato de ele pedir para ser aben\u00e7oado; n\u00e3o usar a cruz de ouro pr\u00f3pria dos papas, tampouco os sapatos vermelhos; solicitar aos argentinos para n\u00e3o irem a Roma para a missa de posse, mas dar o dinheiro da viagem aos pobres; n\u00e3o aceitar usar o carro papal etc. foram sinais evidentes de sua escolha pelo nome Francisco de Assis, homenageando o santo dos pobres e do povo, para reformar a Igreja no seu modo de evangelizar, como fizera S\u00e3o Francisco no s\u00e9culo XIII. Era isso que a Igreja precisava naquele momento e hoje, ainda com mais vigor.<\/p>\n<p>Que o Esp\u00edrito Santo ilumine os cardeais reclusos na capela Sistina a manterem vivo os ideais do Papa Francisco! Que o seu \u201csapato\u201d calce o novo pastor da Igreja Cat\u00f3lica. Paz e bem!<\/p>\n<hr \/>\n<p><em>Frei Jacir de Freitas Faria, OFM &#8211; Doutor em Teologia B\u00edblica pela FAJE (BH). Mestre em Ci\u00eancias B\u00edblicas (Exegese) pelo Pontif\u00edcio Instituto B\u00edblico de Roma. Professor de Exegese B\u00edblica. Presidente da Associa\u00e7\u00e3o Brasileira de Pesquisa B\u00edblica (ABIB). Sacerdote Franciscano. Autor de treze livros e coautor de quinze. Publicou recentemente <strong>B\u00edblia Ap\u00f3crifa<\/strong>: Segundo Testamento (Vozes, 2025).\u00a0<\/em><\/p>\n","protected":false},"excerpt":{"rendered":"<p>Frei Jacir de Freitas Faria<\/p>\n","protected":false},"author":10,"featured_media":195910,"comment_status":"open","ping_status":"open","sticky":false,"template":"","format":"standard","meta":{"footnotes":""},"categories":[26],"tags":[43],"yoast_head":"<!-- This site is optimized with the Yoast SEO plugin v19.4 - https:\/\/yoast.com\/wordpress\/plugins\/seo\/ -->\n<title>O novo papa cal\u00e7ar\u00e1 os sapatos de Francisco - Vida Crist\u00e3 - Franciscanos<\/title>\n<meta name=\"robots\" content=\"index, follow, max-snippet:-1, max-image-preview:large, max-video-preview:-1\" \/>\n<link rel=\"canonical\" href=\"https:\/\/franciscanos.org.br\/vidacrista\/o-novo-papa-calcara-os-sapatos-de-francisco\/\" \/>\n<meta property=\"og:locale\" content=\"pt_BR\" \/>\n<meta property=\"og:type\" content=\"article\" \/>\n<meta property=\"og:title\" content=\"O novo papa cal\u00e7ar\u00e1 os sapatos de Francisco - Vida Crist\u00e3 - Franciscanos\" \/>\n<meta property=\"og:description\" content=\"Frei Jacir de Freitas Faria\" \/>\n<meta property=\"og:url\" content=\"https:\/\/franciscanos.org.br\/vidacrista\/o-novo-papa-calcara-os-sapatos-de-francisco\/\" \/>\n<meta property=\"og:site_name\" content=\"Vida Crist\u00e3 - Franciscanos\" \/>\n<meta property=\"article:published_time\" content=\"2025-05-06T14:32:59+00:00\" \/>\n<meta property=\"article:modified_time\" content=\"2025-05-06T14:36:17+00:00\" \/>\n<meta property=\"og:image\" content=\"https:\/\/franciscanos.org.br\/vidacrista\/wp-content\/uploads\/2025\/05\/chamada.png\" \/>\n\t<meta property=\"og:image:width\" content=\"800\" \/>\n\t<meta property=\"og:image:height\" content=\"550\" \/>\n\t<meta property=\"og:image:type\" content=\"image\/png\" \/>\n<meta name=\"author\" content=\"Adriana Rabelo\" \/>\n<meta name=\"twitter:card\" content=\"summary_large_image\" \/>\n<meta name=\"twitter:label1\" content=\"Escrito por\" \/>\n\t<meta name=\"twitter:data1\" content=\"Adriana Rabelo\" \/>\n\t<meta name=\"twitter:label2\" content=\"Est. tempo de leitura\" \/>\n\t<meta name=\"twitter:data2\" content=\"4 minutos\" \/>\n<script type=\"application\/ld+json\" class=\"yoast-schema-graph\">{\"@context\":\"https:\/\/schema.org\",\"@graph\":[{\"@type\":\"WebSite\",\"@id\":\"https:\/\/franciscanos.org.br\/vidacrista\/#website\",\"url\":\"https:\/\/franciscanos.org.br\/vidacrista\/\",\"name\":\"Vida Crist\u00e3 - Franciscanos\",\"description\":\"Prov\u00edncia Franciscana da Imaculada Concei\u00e7\u00e3o do Brasil - Ordem dos Frades Menores\",\"potentialAction\":[{\"@type\":\"SearchAction\",\"target\":{\"@type\":\"EntryPoint\",\"urlTemplate\":\"https:\/\/franciscanos.org.br\/vidacrista\/?s={search_term_string}\"},\"query-input\":\"required name=search_term_string\"}],\"inLanguage\":\"pt-BR\"},{\"@type\":\"WebPage\",\"@id\":\"https:\/\/franciscanos.org.br\/vidacrista\/o-novo-papa-calcara-os-sapatos-de-francisco\/\",\"url\":\"https:\/\/franciscanos.org.br\/vidacrista\/o-novo-papa-calcara-os-sapatos-de-francisco\/\",\"name\":\"O novo papa cal\u00e7ar\u00e1 os sapatos de Francisco - Vida Crist\u00e3 - Franciscanos\",\"isPartOf\":{\"@id\":\"https:\/\/franciscanos.org.br\/vidacrista\/#website\"},\"datePublished\":\"2025-05-06T14:32:59+00:00\",\"dateModified\":\"2025-05-06T14:36:17+00:00\",\"author\":{\"@id\":\"https:\/\/franciscanos.org.br\/vidacrista\/#\/schema\/person\/a0cbb2edfc0aecf8ac498802d1cb57b5\"},\"breadcrumb\":{\"@id\":\"https:\/\/franciscanos.org.br\/vidacrista\/o-novo-papa-calcara-os-sapatos-de-francisco\/#breadcrumb\"},\"inLanguage\":\"pt-BR\",\"potentialAction\":[{\"@type\":\"ReadAction\",\"target\":[\"https:\/\/franciscanos.org.br\/vidacrista\/o-novo-papa-calcara-os-sapatos-de-francisco\/\"]}]},{\"@type\":\"BreadcrumbList\",\"@id\":\"https:\/\/franciscanos.org.br\/vidacrista\/o-novo-papa-calcara-os-sapatos-de-francisco\/#breadcrumb\",\"itemListElement\":[{\"@type\":\"ListItem\",\"position\":1,\"name\":\"Home\",\"item\":\"https:\/\/franciscanos.org.br\/vidacrista\/\"},{\"@type\":\"ListItem\",\"position\":2,\"name\":\"O novo papa cal\u00e7ar\u00e1 os sapatos de Francisco\"}]},{\"@type\":\"Person\",\"@id\":\"https:\/\/franciscanos.org.br\/vidacrista\/#\/schema\/person\/a0cbb2edfc0aecf8ac498802d1cb57b5\",\"name\":\"Adriana Rabelo\",\"image\":{\"@type\":\"ImageObject\",\"inLanguage\":\"pt-BR\",\"@id\":\"https:\/\/franciscanos.org.br\/vidacrista\/#\/schema\/person\/image\/\",\"url\":\"https:\/\/secure.gravatar.com\/avatar\/0a937b7500cd7df77540cfb8bede877d?s=96&d=mm&r=g\",\"contentUrl\":\"https:\/\/secure.gravatar.com\/avatar\/0a937b7500cd7df77540cfb8bede877d?s=96&d=mm&r=g\",\"caption\":\"Adriana Rabelo\"},\"url\":\"https:\/\/franciscanos.org.br\/vidacrista\/author\/adrianarabelo\/\"}]}<\/script>\n<!-- \/ Yoast SEO plugin. -->","yoast_head_json":{"title":"O novo papa cal\u00e7ar\u00e1 os sapatos de Francisco - Vida Crist\u00e3 - Franciscanos","robots":{"index":"index","follow":"follow","max-snippet":"max-snippet:-1","max-image-preview":"max-image-preview:large","max-video-preview":"max-video-preview:-1"},"canonical":"https:\/\/franciscanos.org.br\/vidacrista\/o-novo-papa-calcara-os-sapatos-de-francisco\/","og_locale":"pt_BR","og_type":"article","og_title":"O novo papa cal\u00e7ar\u00e1 os sapatos de Francisco - Vida Crist\u00e3 - Franciscanos","og_description":"Frei Jacir de Freitas Faria","og_url":"https:\/\/franciscanos.org.br\/vidacrista\/o-novo-papa-calcara-os-sapatos-de-francisco\/","og_site_name":"Vida Crist\u00e3 - Franciscanos","article_published_time":"2025-05-06T14:32:59+00:00","article_modified_time":"2025-05-06T14:36:17+00:00","og_image":[{"width":800,"height":550,"url":"https:\/\/franciscanos.org.br\/vidacrista\/wp-content\/uploads\/2025\/05\/chamada.png","type":"image\/png"}],"author":"Adriana Rabelo","twitter_card":"summary_large_image","twitter_misc":{"Escrito por":"Adriana Rabelo","Est. tempo de leitura":"4 minutos"},"schema":{"@context":"https:\/\/schema.org","@graph":[{"@type":"WebSite","@id":"https:\/\/franciscanos.org.br\/vidacrista\/#website","url":"https:\/\/franciscanos.org.br\/vidacrista\/","name":"Vida Crist\u00e3 - Franciscanos","description":"Prov\u00edncia Franciscana da Imaculada Concei\u00e7\u00e3o do Brasil - Ordem dos Frades Menores","potentialAction":[{"@type":"SearchAction","target":{"@type":"EntryPoint","urlTemplate":"https:\/\/franciscanos.org.br\/vidacrista\/?s={search_term_string}"},"query-input":"required name=search_term_string"}],"inLanguage":"pt-BR"},{"@type":"WebPage","@id":"https:\/\/franciscanos.org.br\/vidacrista\/o-novo-papa-calcara-os-sapatos-de-francisco\/","url":"https:\/\/franciscanos.org.br\/vidacrista\/o-novo-papa-calcara-os-sapatos-de-francisco\/","name":"O novo papa cal\u00e7ar\u00e1 os sapatos de Francisco - Vida Crist\u00e3 - Franciscanos","isPartOf":{"@id":"https:\/\/franciscanos.org.br\/vidacrista\/#website"},"datePublished":"2025-05-06T14:32:59+00:00","dateModified":"2025-05-06T14:36:17+00:00","author":{"@id":"https:\/\/franciscanos.org.br\/vidacrista\/#\/schema\/person\/a0cbb2edfc0aecf8ac498802d1cb57b5"},"breadcrumb":{"@id":"https:\/\/franciscanos.org.br\/vidacrista\/o-novo-papa-calcara-os-sapatos-de-francisco\/#breadcrumb"},"inLanguage":"pt-BR","potentialAction":[{"@type":"ReadAction","target":["https:\/\/franciscanos.org.br\/vidacrista\/o-novo-papa-calcara-os-sapatos-de-francisco\/"]}]},{"@type":"BreadcrumbList","@id":"https:\/\/franciscanos.org.br\/vidacrista\/o-novo-papa-calcara-os-sapatos-de-francisco\/#breadcrumb","itemListElement":[{"@type":"ListItem","position":1,"name":"Home","item":"https:\/\/franciscanos.org.br\/vidacrista\/"},{"@type":"ListItem","position":2,"name":"O novo papa cal\u00e7ar\u00e1 os sapatos de Francisco"}]},{"@type":"Person","@id":"https:\/\/franciscanos.org.br\/vidacrista\/#\/schema\/person\/a0cbb2edfc0aecf8ac498802d1cb57b5","name":"Adriana Rabelo","image":{"@type":"ImageObject","inLanguage":"pt-BR","@id":"https:\/\/franciscanos.org.br\/vidacrista\/#\/schema\/person\/image\/","url":"https:\/\/secure.gravatar.com\/avatar\/0a937b7500cd7df77540cfb8bede877d?s=96&d=mm&r=g","contentUrl":"https:\/\/secure.gravatar.com\/avatar\/0a937b7500cd7df77540cfb8bede877d?s=96&d=mm&r=g","caption":"Adriana Rabelo"},"url":"https:\/\/franciscanos.org.br\/vidacrista\/author\/adrianarabelo\/"}]}},"_links":{"self":[{"href":"https:\/\/franciscanos.org.br\/vidacrista\/wp-json\/wp\/v2\/posts\/195908"}],"collection":[{"href":"https:\/\/franciscanos.org.br\/vidacrista\/wp-json\/wp\/v2\/posts"}],"about":[{"href":"https:\/\/franciscanos.org.br\/vidacrista\/wp-json\/wp\/v2\/types\/post"}],"author":[{"embeddable":true,"href":"https:\/\/franciscanos.org.br\/vidacrista\/wp-json\/wp\/v2\/users\/10"}],"replies":[{"embeddable":true,"href":"https:\/\/franciscanos.org.br\/vidacrista\/wp-json\/wp\/v2\/comments?post=195908"}],"version-history":[{"count":4,"href":"https:\/\/franciscanos.org.br\/vidacrista\/wp-json\/wp\/v2\/posts\/195908\/revisions"}],"predecessor-version":[{"id":195914,"href":"https:\/\/franciscanos.org.br\/vidacrista\/wp-json\/wp\/v2\/posts\/195908\/revisions\/195914"}],"wp:featuredmedia":[{"embeddable":true,"href":"https:\/\/franciscanos.org.br\/vidacrista\/wp-json\/wp\/v2\/media\/195910"}],"wp:attachment":[{"href":"https:\/\/franciscanos.org.br\/vidacrista\/wp-json\/wp\/v2\/media?parent=195908"}],"wp:term":[{"taxonomy":"category","embeddable":true,"href":"https:\/\/franciscanos.org.br\/vidacrista\/wp-json\/wp\/v2\/categories?post=195908"},{"taxonomy":"post_tag","embeddable":true,"href":"https:\/\/franciscanos.org.br\/vidacrista\/wp-json\/wp\/v2\/tags?post=195908"}],"curies":[{"name":"wp","href":"https:\/\/api.w.org\/{rel}","templated":true}]}}