{"id":195860,"date":"2025-04-22T16:07:48","date_gmt":"2025-04-22T19:07:48","guid":{"rendered":"https:\/\/franciscanos.org.br\/vidacrista\/?p=195860"},"modified":"2025-04-22T16:07:48","modified_gmt":"2025-04-22T19:07:48","slug":"o-papa-francisco-nao-e-um-nome-mas-um-projeto-de-igreja","status":"publish","type":"post","link":"https:\/\/franciscanos.org.br\/vidacrista\/o-papa-francisco-nao-e-um-nome-mas-um-projeto-de-igreja\/","title":{"rendered":"O Papa Francisco n\u00e3o \u00e9 um nome mas um projeto de Igreja"},"content":{"rendered":"<div id=\"attachment_195861\" style=\"width: 760px\" class=\"wp-caption alignnone\"><img aria-describedby=\"caption-attachment-195861\" decoding=\"async\" loading=\"lazy\" class=\"wp-image-195861 size-full\" src=\"https:\/\/franciscanos.org.br\/vidacrista\/wp-content\/uploads\/2025\/04\/materia-5.jpeg\" alt=\"\" width=\"750\" height=\"422\" srcset=\"https:\/\/franciscanos.org.br\/vidacrista\/wp-content\/uploads\/2025\/04\/materia-5.jpeg 750w, https:\/\/franciscanos.org.br\/vidacrista\/wp-content\/uploads\/2025\/04\/materia-5-450x253.jpeg 450w, https:\/\/franciscanos.org.br\/vidacrista\/wp-content\/uploads\/2025\/04\/materia-5-150x84.jpeg 150w\" sizes=\"(max-width: 750px) 100vw, 750px\" \/><p id=\"caption-attachment-195861\" class=\"wp-caption-text\">Vatican Media<\/p><\/div>\n<p>Todo ponto de vista \u00e9 a vista de um ponto, afirmei certa vez. O meu ponto de vista acerca do Papa Francisco \u00e9 aquele latino-americano. O pr\u00f3prio Papa Francisco se apresentou como \u201caquele que vem do fim do mundo\u201disto \u00e9, da Argentina,do extremo Sul do mundo. Este fato n\u00e3o \u00e9 sem relev\u00e2ncia, pois nos oferece uma leitura diversa de outras, de outros pontos de vista.<\/p>\n<p>A escolha do nome Francisco,sem antecedentes, n\u00e3o \u00e9 fortuita. Francisco de Assis representa um outro projeto de Igreja cuja centralidade residia no Jesus hist\u00f3rico, pobre, amigo dos despezados e humihados como os hansenianos com os quais foi morar. Pois esta \u00e9 a perspectiva assumida por Bergoglio ao ser eleito Papa. Quer uma Igreja pobre para os pobres. Consequentemente despoja-se das vestes honor\u00edficas, da tradi\u00e7\u00e3o dos imperadores romanos, bem representadas pela <em>mozzeta\u00a0<\/em>aquela capinha branca ornada de joias, s\u00edmbolo do poder absoluto dos imperadores e incorporada \u00e0s vestimentas papais. Recusou-a e a deu ao secret\u00e1rio com recorda\u00e7\u00e3o. Veste um simples manto branco com a cruz de ferro que sempre usou. Viveu na maior simplicidade (o Papa n\u00e3o veste prada) e, sem cerim\u00f4nia, quebrou ritos para poder estar perto dos f\u00e9is. Isso seguramente escandalizou a muitos da velha cristandade europeia,acostumada \u00e0 pompa e \u00e0 gl\u00f3ria das vestimentas papais e em geral dos prelados da Igreja. Cabe recordar que tais tradi\u00e7\u00f5es remontam aos imperadores romanos,mas que n\u00e3o t\u00eam nada a ver com o pobre artes\u00e3o e campon\u00eas mediterr\u00e2neo de Nazar\u00e9.<\/p>\n<p>Surpreendentemente apresenta-se, primeiro com bispo local, de Roma. Depois com Papa para animar a Igreja universal\u00a0 e, \u00a0como enfatizou, n\u00e3o com o direito can\u00f4nico mas com o amor.<\/p>\n<p>Escolheu o nome Francisco porque S\u00e3o Francisco de Assis \u00e9 o \u201cexemplo por excel\u00eancia do cuidado e por uma ecologia integral vivida com alegria e autenticidade(\u00a0<em>Laudato S\u00ec,<\/em>n.10) e que chamava a todos os seres com o doce nome de irm\u00e3o e de irm\u00e3.<\/p>\n<p>N\u00e3o quis morar num pal\u00e1cio pontif\u00edcio, mas numa casa de h\u00f3spedes, Santa Marta. Comia na fila como todos os demais e, com humor comentava: assim \u00e9 mais dif\u00edcil que me envenenem.<\/p>\n<p>A centralidade de sua miss\u00e3o foi colocada na prefer\u00eancia e cuidado dos pobres especialmente dos migrantes. Disse com honradez: \u201cvoc\u00eas europeus estiveram primeiro l\u00e1,ocuparam suas terras e riquezas e foram bem recebidos. Agora eles est\u00e3o aqui e n\u00e3o est\u00e3o dispostos a receb\u00ea-los\u201d. Com tristeza constata globaliza\u00e7\u00e3o da indiferen\u00e7a.<\/p>\n<p>Pela primeira vez na hist\u00f3ria do papado, o Papa Francisco recebeu, por v\u00e1rias vezes, os movimentos sociais mundiais. Via neles a esperan\u00e7a de um futuro para a Terra, porque a tratam com cuidado, cultivam a agro-ecologia, vivem uma democracia popular e participativa. Repetiu-lhes muitas vezes o direito que lhes \u00e9 negado,os famosos tr\u00eas Ts: Terra, Teto e Trabalho. Devem come\u00e7ar de l\u00e1 onde est\u00e3o: na regi\u00e3o, pois a\u00ed se pode construir uma comunidade sustent\u00e1vel. Com isso legitimou todo um movimento mundial, o bioregionalismo, como forma de supera\u00e7\u00e3o da explora\u00e7\u00e3o e da acumula\u00e7\u00e3o de poucos e com mais participa\u00e7\u00e3o e justi\u00e7a social para muitos.<\/p>\n<p>Foi neste contexto que escreveu duas extraordin\u00e1rias enc\u00edclicas: \u201c<em>Laudato s\u00ec: sobre o cuidado da casa comum<\/em>\u201d(2020), de uma ecologia integral que implica o meio-ambiente,a pol\u00edtica, a economia, a cultura, a vida cotidiana e a espiritualidade ecol\u00f3gica. Na outra, na\u00a0<em>Fratelli tutt i<\/em>(2025, face \u00e0 degrada\u00e7\u00e3o generalizada dos ecossistemas, faz a severa advert\u00eancia:\u201destamos no mesmo barco: ou nos salvamos todos ou ningu\u00e9m se salva\u201d(n.34). Com estes textos, o Papa se coloca na ponta da discuss\u00e3o ecol\u00f3gica mundial que vai al\u00e9m da simples ecologia verde e de outras formas de produ\u00e7\u00e3o sem nunca questionar o sistema capitalista que,por sua l\u00f3gica,cria acumula\u00e7\u00e3o de um lado \u00e0s custas da explora\u00e7\u00e3o do outro, das grandes maiorias.<\/p>\n<p>O Papa Francisco vem da teologia da liberta\u00e7\u00e3o de vertente argentina que enfatiza a opress\u00e3o do povo e o silenciamento da cultura popular. Foi disc\u00edpulo do te\u00f3logo da liberta\u00e7\u00e3o Juan Carlos Scannone que chegou a citar num rodap\u00e9 da\u00a0<em>Laudato Si.<\/em> J\u00e1 como estudante e inspirado neste teologia fez para si uma promessa: de toda semana fazer, sozinho, uma visita \u00e0s favelas (\u201cvilas miseria\u201d). Entrava nas casas, informava-se dos problemas dos pobres e suscitava esperan\u00e7a em todos. Durante anos levou uma pol\u00eamica com governo que fazia assistencialismo e paternalismo como pol\u00edticas do estado. Reclamava dizendo: assim jamais se tirar\u00e1 os pobres da depend\u00eancia. O que precisamos \u00e9 de justi\u00e7a social, raiz da real\u00a0 liberta\u00e7\u00e3o dos pobres. Em solidariedade para com os pobres, vivia num pequeno apartamento, cozinhava sua comida, buscava seu jornal. Recusou viver no pal\u00e1cio e usar o carro especial.<\/p>\n<p>Esta inspira\u00e7\u00e3o libertadora iluminou o modelo de Igreja que se disp\u00f4s a construir. N\u00e3o um Igreja fechada qual castelo, imaginando-a cercada de inimigos por todos os lados, vindos da modernidade com suas conquistas e liberdades. A esta Igreja <em>fechada\u00a0<\/em>\u00a0op\u00f4s uma\u00a0<em>Igreja em sa\u00edda\u00a0<\/em>rumo \u00e0s car\u00eancias existenciais, uma Igreja qual hospital de campanha que acolhe a todos os feridos, sem perguntar-lhes a tend\u00eancia sexual, a religi\u00e3o ou ideologia: basta serem humanos necessitados.<\/p>\n<p>Papa Francisco n\u00e3o se apresenta como um doutor da f\u00e9 mas como um pastor que acompanha os fi\u00e9is. Pede aos pastores que tenham cheiro de ovelhas, tal a sua proximidade e compromisso com os fi\u00e9is, exercendo a pastoral da ternura e da amorosidade.<\/p>\n<p>Talvez nenhum papa na hist\u00f3ria da Igreja mostrou tanta coragem quanto ele ao criticar o sistema vigente que mata e que produz duas ferozes injusti\u00e7as: \u00a0a injusti\u00e7a ecol\u00f3gica,devastando os ecossistemas e a injusti\u00e7a social explorando at\u00e9 o sangue a humanidade. Nunca na hist\u00f3ria houve tanta acumula\u00e7\u00e3o de riqueza em poucas m\u00e3os. Oito pessoas individualmente possuem mais riqueza que 4,7 bilh\u00f5es de pessoas.\u00a0 \u00c9 um crime que brada ao c\u00e9u, ofende o Criador e sacrifica seus filhos e filhas.<\/p>\n<p>Como pastor mais do que como doutor, sua mensagem \u00e9 fundada especialmente no Jesus hist\u00f3rico, amigo dos pobres, dos doentes, dos marginalizados e dos oprimidos.Foi assassinado na cruz por um duplo processo,um religioso (ofensas \u00e0 religi\u00e3o da \u00e9poca e sua afirma\u00e7\u00e3o de sentir-se de Filho de Deus) e outro pol\u00edtico, pelas for\u00e7as de ocupa\u00e7\u00e3o romana.<\/p>\n<p>N\u00e3o colocava muito o acento nas doutrinas, nos dogmas e nos ritos que sempre respeitou, pois reconhecia que com tais coisas n\u00e3o se chega ao cora\u00e7\u00e3o humano. Para isso precisa-se de amor, de ternura e miseric\u00f3rdia. Disse, certa feita, uma das frases mais importantes de seu magist\u00e9rio: Cristo veio nos ensinar a viver: o amor incondicional, a solidariedade,a compaix\u00e3o e o perd\u00e3o, valores que comp\u00f5e o projeto do Pai que \u00e9 o cerne do an\u00fancio\u00a0 de Jesus : o Reino de Deus. Prefere um ateu sens\u00edvel \u00e0 justi\u00e7a social que um fiel que frequenta a igreja mas n\u00e3o tem um olhar para o semelhante sofredor.<\/p>\n<p>Tema recorrente em suas prega\u00e7\u00f5es \u00e9 o da miseric\u00f3rdia. Para o Papa Francisco a miseric\u00f3rdia \u00e9 essencial. A condena\u00e7\u00e3o \u00e9 s\u00f3 para este mundo. Deus n\u00e3o pode perder nenhum filho ou filha que criou no amor. A miseric\u00f3rdia vence a justi\u00e7a e ningu\u00e9m pode impor algum limite \u00e0 miseric\u00f3rdia divina. Alertava os pregadores o que se fez durante s\u00e9culos:pregar o medo e infundir pavor do inferno. Todos,por piores que tenham sido, est\u00e3o sob o arco-iris da gra\u00e7a e da miseric\u00f3rdia divina.<\/p>\n<p>Logicamente nem tudo vale nesse mundo. Mas os que viveram uma vida sacrificando outras vidas e pouco se importando ou at\u00e9 negando Deus passar\u00e3o pela cl\u00ednica curadora da gra\u00e7a, na qual reconhecer\u00e3o suas maldades e aprender\u00e3o o que \u00e9 o amor, o perd\u00e3o \u00a0e a\u00a0 miseric\u00f3rdia. S\u00f3 ent\u00e3o a cl\u00ednica de Deus que n\u00e3o \u00e9 a ante sala do inferno mas a ante sala do c\u00e9u se abrir\u00e1 para que participem tamb\u00e9m eles das promessas divinas.<\/p>\n<p>Com sua conclama\u00e7\u00e3o em favor do empobrecidos, com sua cr\u00edtica corajosa ao sistema vigente que produz morte e amea\u00e7a as bases ecol\u00f3gicas que sustentam a vida, por seu apaixonado amor e cuidado da natureza e da Casa Comum, pelos incans\u00e1veis esfor\u00e7os para mediar guerras em fun\u00e7\u00e3o da paz, emergiu com um grande profeta que anunciou e denunciou, mas sempre suscitando a esperan\u00e7a de que podemos construir um mundo diferente e melhor. Com isso compareceu como um l\u00edder religioso e pol\u00edtico respeitado e admirado por todos.<\/p>\n<p>Inesquec\u00edvel \u00e9 a imagem de um papa caminhando solit\u00e1rio sob chuva fina, na pra\u00e7a de S\u00e3o Pedro em dire\u00e7\u00e3o da capela de ora\u00e7\u00f5es para que Deus poupasse a humanidade do coronav\u00edrus e tivesse miseric\u00f3rdia dos mais vulner\u00e1veis.<\/p>\n<p>O Papa Francisco honra a humanidade e ficar\u00e1 na mem\u00f3ria como uma pessoa santa, am\u00e1vel,carinhosa e extremamente humana. \u00c9 por causa de figuras assim que Deus ainda se tem apiedado de nossas maldades e loucuras e nos mant\u00e9m vivos sobre sobre esse pequeno e belo planeta.<\/p>\n<hr \/>\n<p><em>Leonardo Boff\u00a0<\/em><\/p>\n","protected":false},"excerpt":{"rendered":"<p>Leonardo Boff\u00a0<\/p>\n","protected":false},"author":10,"featured_media":195862,"comment_status":"open","ping_status":"open","sticky":false,"template":"","format":"standard","meta":{"footnotes":""},"categories":[26],"tags":[59],"yoast_head":"<!-- This site is optimized with the Yoast SEO plugin v19.4 - https:\/\/yoast.com\/wordpress\/plugins\/seo\/ -->\n<title>O Papa Francisco n\u00e3o \u00e9 um nome mas um projeto de Igreja - Vida Crist\u00e3 - Franciscanos<\/title>\n<meta name=\"robots\" content=\"index, follow, max-snippet:-1, max-image-preview:large, max-video-preview:-1\" \/>\n<link rel=\"canonical\" href=\"https:\/\/franciscanos.org.br\/vidacrista\/o-papa-francisco-nao-e-um-nome-mas-um-projeto-de-igreja\/\" \/>\n<meta property=\"og:locale\" content=\"pt_BR\" \/>\n<meta property=\"og:type\" content=\"article\" \/>\n<meta property=\"og:title\" content=\"O Papa Francisco n\u00e3o \u00e9 um nome mas um projeto de Igreja - Vida Crist\u00e3 - Franciscanos\" \/>\n<meta property=\"og:description\" content=\"Leonardo Boff\u00a0\" \/>\n<meta property=\"og:url\" content=\"https:\/\/franciscanos.org.br\/vidacrista\/o-papa-francisco-nao-e-um-nome-mas-um-projeto-de-igreja\/\" \/>\n<meta property=\"og:site_name\" content=\"Vida Crist\u00e3 - Franciscanos\" \/>\n<meta property=\"article:published_time\" content=\"2025-04-22T19:07:48+00:00\" \/>\n<meta property=\"og:image\" content=\"https:\/\/franciscanos.org.br\/vidacrista\/wp-content\/uploads\/2025\/04\/chamada-1.png\" \/>\n\t<meta property=\"og:image:width\" content=\"800\" \/>\n\t<meta property=\"og:image:height\" content=\"550\" \/>\n\t<meta property=\"og:image:type\" content=\"image\/png\" \/>\n<meta name=\"author\" content=\"Adriana Rabelo\" \/>\n<meta name=\"twitter:card\" content=\"summary_large_image\" \/>\n<meta name=\"twitter:label1\" content=\"Escrito por\" \/>\n\t<meta name=\"twitter:data1\" content=\"Adriana Rabelo\" \/>\n\t<meta name=\"twitter:label2\" content=\"Est. tempo de leitura\" \/>\n\t<meta name=\"twitter:data2\" content=\"8 minutos\" \/>\n<script type=\"application\/ld+json\" class=\"yoast-schema-graph\">{\"@context\":\"https:\/\/schema.org\",\"@graph\":[{\"@type\":\"WebSite\",\"@id\":\"https:\/\/franciscanos.org.br\/vidacrista\/#website\",\"url\":\"https:\/\/franciscanos.org.br\/vidacrista\/\",\"name\":\"Vida Crist\u00e3 - Franciscanos\",\"description\":\"Prov\u00edncia Franciscana da Imaculada Concei\u00e7\u00e3o do Brasil - Ordem dos Frades Menores\",\"potentialAction\":[{\"@type\":\"SearchAction\",\"target\":{\"@type\":\"EntryPoint\",\"urlTemplate\":\"https:\/\/franciscanos.org.br\/vidacrista\/?s={search_term_string}\"},\"query-input\":\"required name=search_term_string\"}],\"inLanguage\":\"pt-BR\"},{\"@type\":\"WebPage\",\"@id\":\"https:\/\/franciscanos.org.br\/vidacrista\/o-papa-francisco-nao-e-um-nome-mas-um-projeto-de-igreja\/\",\"url\":\"https:\/\/franciscanos.org.br\/vidacrista\/o-papa-francisco-nao-e-um-nome-mas-um-projeto-de-igreja\/\",\"name\":\"O Papa Francisco n\u00e3o \u00e9 um nome mas um projeto de Igreja - Vida Crist\u00e3 - Franciscanos\",\"isPartOf\":{\"@id\":\"https:\/\/franciscanos.org.br\/vidacrista\/#website\"},\"datePublished\":\"2025-04-22T19:07:48+00:00\",\"dateModified\":\"2025-04-22T19:07:48+00:00\",\"author\":{\"@id\":\"https:\/\/franciscanos.org.br\/vidacrista\/#\/schema\/person\/a0cbb2edfc0aecf8ac498802d1cb57b5\"},\"breadcrumb\":{\"@id\":\"https:\/\/franciscanos.org.br\/vidacrista\/o-papa-francisco-nao-e-um-nome-mas-um-projeto-de-igreja\/#breadcrumb\"},\"inLanguage\":\"pt-BR\",\"potentialAction\":[{\"@type\":\"ReadAction\",\"target\":[\"https:\/\/franciscanos.org.br\/vidacrista\/o-papa-francisco-nao-e-um-nome-mas-um-projeto-de-igreja\/\"]}]},{\"@type\":\"BreadcrumbList\",\"@id\":\"https:\/\/franciscanos.org.br\/vidacrista\/o-papa-francisco-nao-e-um-nome-mas-um-projeto-de-igreja\/#breadcrumb\",\"itemListElement\":[{\"@type\":\"ListItem\",\"position\":1,\"name\":\"Home\",\"item\":\"https:\/\/franciscanos.org.br\/vidacrista\/\"},{\"@type\":\"ListItem\",\"position\":2,\"name\":\"O Papa Francisco n\u00e3o \u00e9 um nome mas um projeto de Igreja\"}]},{\"@type\":\"Person\",\"@id\":\"https:\/\/franciscanos.org.br\/vidacrista\/#\/schema\/person\/a0cbb2edfc0aecf8ac498802d1cb57b5\",\"name\":\"Adriana Rabelo\",\"image\":{\"@type\":\"ImageObject\",\"inLanguage\":\"pt-BR\",\"@id\":\"https:\/\/franciscanos.org.br\/vidacrista\/#\/schema\/person\/image\/\",\"url\":\"https:\/\/secure.gravatar.com\/avatar\/0a937b7500cd7df77540cfb8bede877d?s=96&d=mm&r=g\",\"contentUrl\":\"https:\/\/secure.gravatar.com\/avatar\/0a937b7500cd7df77540cfb8bede877d?s=96&d=mm&r=g\",\"caption\":\"Adriana Rabelo\"},\"url\":\"https:\/\/franciscanos.org.br\/vidacrista\/author\/adrianarabelo\/\"}]}<\/script>\n<!-- \/ Yoast SEO plugin. -->","yoast_head_json":{"title":"O Papa Francisco n\u00e3o \u00e9 um nome mas um projeto de Igreja - Vida Crist\u00e3 - Franciscanos","robots":{"index":"index","follow":"follow","max-snippet":"max-snippet:-1","max-image-preview":"max-image-preview:large","max-video-preview":"max-video-preview:-1"},"canonical":"https:\/\/franciscanos.org.br\/vidacrista\/o-papa-francisco-nao-e-um-nome-mas-um-projeto-de-igreja\/","og_locale":"pt_BR","og_type":"article","og_title":"O Papa Francisco n\u00e3o \u00e9 um nome mas um projeto de Igreja - Vida Crist\u00e3 - Franciscanos","og_description":"Leonardo Boff\u00a0","og_url":"https:\/\/franciscanos.org.br\/vidacrista\/o-papa-francisco-nao-e-um-nome-mas-um-projeto-de-igreja\/","og_site_name":"Vida Crist\u00e3 - Franciscanos","article_published_time":"2025-04-22T19:07:48+00:00","og_image":[{"width":800,"height":550,"url":"https:\/\/franciscanos.org.br\/vidacrista\/wp-content\/uploads\/2025\/04\/chamada-1.png","type":"image\/png"}],"author":"Adriana Rabelo","twitter_card":"summary_large_image","twitter_misc":{"Escrito por":"Adriana Rabelo","Est. tempo de leitura":"8 minutos"},"schema":{"@context":"https:\/\/schema.org","@graph":[{"@type":"WebSite","@id":"https:\/\/franciscanos.org.br\/vidacrista\/#website","url":"https:\/\/franciscanos.org.br\/vidacrista\/","name":"Vida Crist\u00e3 - Franciscanos","description":"Prov\u00edncia Franciscana da Imaculada Concei\u00e7\u00e3o do Brasil - Ordem dos Frades Menores","potentialAction":[{"@type":"SearchAction","target":{"@type":"EntryPoint","urlTemplate":"https:\/\/franciscanos.org.br\/vidacrista\/?s={search_term_string}"},"query-input":"required name=search_term_string"}],"inLanguage":"pt-BR"},{"@type":"WebPage","@id":"https:\/\/franciscanos.org.br\/vidacrista\/o-papa-francisco-nao-e-um-nome-mas-um-projeto-de-igreja\/","url":"https:\/\/franciscanos.org.br\/vidacrista\/o-papa-francisco-nao-e-um-nome-mas-um-projeto-de-igreja\/","name":"O Papa Francisco n\u00e3o \u00e9 um nome mas um projeto de Igreja - Vida Crist\u00e3 - Franciscanos","isPartOf":{"@id":"https:\/\/franciscanos.org.br\/vidacrista\/#website"},"datePublished":"2025-04-22T19:07:48+00:00","dateModified":"2025-04-22T19:07:48+00:00","author":{"@id":"https:\/\/franciscanos.org.br\/vidacrista\/#\/schema\/person\/a0cbb2edfc0aecf8ac498802d1cb57b5"},"breadcrumb":{"@id":"https:\/\/franciscanos.org.br\/vidacrista\/o-papa-francisco-nao-e-um-nome-mas-um-projeto-de-igreja\/#breadcrumb"},"inLanguage":"pt-BR","potentialAction":[{"@type":"ReadAction","target":["https:\/\/franciscanos.org.br\/vidacrista\/o-papa-francisco-nao-e-um-nome-mas-um-projeto-de-igreja\/"]}]},{"@type":"BreadcrumbList","@id":"https:\/\/franciscanos.org.br\/vidacrista\/o-papa-francisco-nao-e-um-nome-mas-um-projeto-de-igreja\/#breadcrumb","itemListElement":[{"@type":"ListItem","position":1,"name":"Home","item":"https:\/\/franciscanos.org.br\/vidacrista\/"},{"@type":"ListItem","position":2,"name":"O Papa Francisco n\u00e3o \u00e9 um nome mas um projeto de Igreja"}]},{"@type":"Person","@id":"https:\/\/franciscanos.org.br\/vidacrista\/#\/schema\/person\/a0cbb2edfc0aecf8ac498802d1cb57b5","name":"Adriana Rabelo","image":{"@type":"ImageObject","inLanguage":"pt-BR","@id":"https:\/\/franciscanos.org.br\/vidacrista\/#\/schema\/person\/image\/","url":"https:\/\/secure.gravatar.com\/avatar\/0a937b7500cd7df77540cfb8bede877d?s=96&d=mm&r=g","contentUrl":"https:\/\/secure.gravatar.com\/avatar\/0a937b7500cd7df77540cfb8bede877d?s=96&d=mm&r=g","caption":"Adriana Rabelo"},"url":"https:\/\/franciscanos.org.br\/vidacrista\/author\/adrianarabelo\/"}]}},"_links":{"self":[{"href":"https:\/\/franciscanos.org.br\/vidacrista\/wp-json\/wp\/v2\/posts\/195860"}],"collection":[{"href":"https:\/\/franciscanos.org.br\/vidacrista\/wp-json\/wp\/v2\/posts"}],"about":[{"href":"https:\/\/franciscanos.org.br\/vidacrista\/wp-json\/wp\/v2\/types\/post"}],"author":[{"embeddable":true,"href":"https:\/\/franciscanos.org.br\/vidacrista\/wp-json\/wp\/v2\/users\/10"}],"replies":[{"embeddable":true,"href":"https:\/\/franciscanos.org.br\/vidacrista\/wp-json\/wp\/v2\/comments?post=195860"}],"version-history":[{"count":2,"href":"https:\/\/franciscanos.org.br\/vidacrista\/wp-json\/wp\/v2\/posts\/195860\/revisions"}],"predecessor-version":[{"id":195864,"href":"https:\/\/franciscanos.org.br\/vidacrista\/wp-json\/wp\/v2\/posts\/195860\/revisions\/195864"}],"wp:featuredmedia":[{"embeddable":true,"href":"https:\/\/franciscanos.org.br\/vidacrista\/wp-json\/wp\/v2\/media\/195862"}],"wp:attachment":[{"href":"https:\/\/franciscanos.org.br\/vidacrista\/wp-json\/wp\/v2\/media?parent=195860"}],"wp:term":[{"taxonomy":"category","embeddable":true,"href":"https:\/\/franciscanos.org.br\/vidacrista\/wp-json\/wp\/v2\/categories?post=195860"},{"taxonomy":"post_tag","embeddable":true,"href":"https:\/\/franciscanos.org.br\/vidacrista\/wp-json\/wp\/v2\/tags?post=195860"}],"curies":[{"name":"wp","href":"https:\/\/api.w.org\/{rel}","templated":true}]}}