{"id":195809,"date":"2025-04-13T04:46:36","date_gmt":"2025-04-13T07:46:36","guid":{"rendered":"https:\/\/franciscanos.org.br\/vidacrista\/?p=195809"},"modified":"2025-04-13T04:55:45","modified_gmt":"2025-04-13T07:55:45","slug":"ramos-de-esperanca-paixao-e-ecologia-na-semana-santa-lc-1928-40","status":"publish","type":"post","link":"https:\/\/franciscanos.org.br\/vidacrista\/ramos-de-esperanca-paixao-e-ecologia-na-semana-santa-lc-1928-40\/","title":{"rendered":"Ramos de Esperan\u00e7a! Paix\u00e3o e Ecologia na Semana Santa! (Lc 19,28-40)"},"content":{"rendered":"<p><img decoding=\"async\" loading=\"lazy\" class=\"aligncenter wp-image-195811 size-full\" src=\"https:\/\/franciscanos.org.br\/vidacrista\/wp-content\/uploads\/2025\/04\/mataria-ramos.png\" alt=\"\" width=\"1280\" height=\"720\" srcset=\"https:\/\/franciscanos.org.br\/vidacrista\/wp-content\/uploads\/2025\/04\/mataria-ramos.png 1280w, https:\/\/franciscanos.org.br\/vidacrista\/wp-content\/uploads\/2025\/04\/mataria-ramos-450x253.png 450w, https:\/\/franciscanos.org.br\/vidacrista\/wp-content\/uploads\/2025\/04\/mataria-ramos-1024x576.png 1024w, https:\/\/franciscanos.org.br\/vidacrista\/wp-content\/uploads\/2025\/04\/mataria-ramos-768x432.png 768w, https:\/\/franciscanos.org.br\/vidacrista\/wp-content\/uploads\/2025\/04\/mataria-ramos-150x84.png 150w\" sizes=\"(max-width: 1280px) 100vw, 1280px\" \/>Com o Domingos de Ramos, a Igreja inicia a Semana Santa. Trata-se de simb\u00f3licos sete dias na vida de Jesus, que v\u00e3o da gl\u00f3ria \u00e0 paix\u00e3o. Na casa comum de nossas vidas, a ecologia, vivemos num processo de paix\u00e3o, numa agonia sem fim de um mundo criado por Deus, em que no in\u00edcio era tudo perfeito (Gn 1,31), mas que grita por socorro.<\/p>\n<p>Esperan\u00e7a, paix\u00e3o e ecologia na Semana Santa na vida de Jesus e na Ecologia s\u00e3o temas que se entrela\u00e7am em nossos dias. Qual \u00e9 o significado do Domingo de Ramos na vida de Jesus? Por que ele quis entrar em Jerusal\u00e9m? Como est\u00e1 a nossa rela\u00e7\u00e3o com a ecologia? Estamos vivendo de modo integral com ela?<\/p>\n<p>A comunidade de Lucas, no cap\u00edtulo dezenove, vers\u00edculos de vinte oito a quarenta, relata a entrada triunfal de Jesus em Jerusal\u00e9m, ainda que a sua carruagem de rei era um jumentinho. Assim como o povo que saudara o rei Davi, mil anos antes por ter conquistado Si\u00e3o dos jebuseus (2Sm 5,6-16), os judeus do tempo de Jesus o sa\u00fadam \u00e0 sua passagem, gritando \u201cBendito o rei que vem em nome do Senhor!\u201d Panos e ramos de palmeiras (Mt 21,8) foram jogados para ele passar. \u00c9 a trajet\u00f3ria de gl\u00f3ria de Jesus. Gl\u00f3ria que simboliza a morte redentora que viria dias depois. A comunidade crist\u00e3 conservou esse dia na celebra\u00e7\u00e3o eucar\u00edstica, quando canta a m\u00fasica \u201cO Senhor \u00e9 Santo\u201d, antes da consagra\u00e7\u00e3o.<\/p>\n<p>Os judeus que saudavam Jesus acreditavam no seu poder libertador como Messias enviado por Deus. A palmeira era o s\u00edmbolo da Lei, a Tor\u00e1. Jesus est\u00e1 em conformidade com os ensinamentos dos nossos mestres da Lei, pensava o povo. Tudo ia t\u00e3o bem, mas n\u00e3o foi bem assim na vida de Jesus, considerando os fatos que antecederam esse momento.<\/p>\n<p>A entrada de Jesus num jumentinho demonstra que ele \u00e9 o Messias, conforme a profecia de Zacarias 9,9. Por isso, o texto diz que o Senhor precisa dele, do jumentinho. Isso demonstra que h\u00e1 uma rela\u00e7\u00e3o pol\u00edtica na a\u00e7\u00e3o de Jesus. Os fariseus insistem com Jesus para impedir o povo de agir daquele modo, pois eles tinham medo de Roma. Jesus responde que se impedir a a\u00e7\u00e3o do povo, as pedras clamar\u00e3o. N\u00e3o h\u00e1 como impedir a a\u00e7\u00e3o de Deus at\u00e9 mesmo na natureza. Interessante, at\u00e9 a natureza clama. Se o povo n\u00e3o pode falar, as pedras falar\u00e3o por ele. Por isso, n\u00e3o se pode dizer, como muitos t\u00eam dito, que ecologia integral n\u00e3o tem nada a ver com o evangelho. Deus faz a natureza falar. Se a Igreja parou de ser a voz na den\u00fancia das injusti\u00e7as, o Esp\u00edrito Santo leva a natureza a falar por Ele.<\/p>\n<p>Na trajet\u00f3ria de Jesus, h\u00e1 encontros e desencontros, gloria e paix\u00e3o. Uma mulher derrama perfume caro no seu corpo. Ele se encontra \u00e0 mesa com um traidor que se passava por ap\u00f3stolo, Judas Iscariotes. Na sua trajet\u00f3ria rumo \u00e0 paix\u00e3o, h\u00e1 um ap\u00f3stolo, de nome Sim\u00e3o Pedro, que o trai antes do canto do galo, e um campon\u00eas, de nome Sim\u00e3o Cirineu, que o ajuda a carregar a pesada cruz. Com os seus ap\u00f3stolos, Jesus celebrar uma ceia festiva que se contrap\u00f5e \u00e0 dor pressentida da morte, no Gets\u00eamani. O cruel Pilatos o interroga e o envia para ser crucificado ao som da turba judaica que pede a sua condena\u00e7\u00e3o. No calv\u00e1rio do G\u00f3lgota, Jesus encontra-se na sua hora derradeira com as mulheres de sua vida, sua m\u00e3e Maria, sua tia Maria, esposa de Cl\u00e9ofas, sua amada Maria Madalena, sua amiga Salom\u00e9. Por fim, com o corpo j\u00e1 desfalecido, Jesus de Nazar\u00e9 encontra-se com o seu amigo Jos\u00e9 de Arimateia, quem lhe oferece, com o seu dinheiro, um enterro digno de rei.<\/p>\n<p><iframe loading=\"lazy\" title=\"YouTube video player\" src=\"https:\/\/www.youtube.com\/embed\/_tn_Bl7bUMs?si=u_JxJcfNseA0aLOf\" width=\"100%\" height=\"480\" frameborder=\"0\" allowfullscreen=\"allowfullscreen\"><\/iframe><\/p>\n<p>Na trajet\u00f3ria de nossa vida humana, animal e vegetal, estamos vivendo momentos de degrada\u00e7\u00e3o, de paix\u00e3o, de padecimento da Casa Comum, a Ecologia. Estamos assistindo \u00e0 degrada\u00e7\u00e3o das florestas, dos rios. Os polos, outrora gelados, degelam e amea\u00e7am invadir os mares e cidades. A destrui\u00e7\u00e3o da camada de oz\u00f4nio, que tem a fun\u00e7\u00e3o de nos proteger dos raios ultravioletas vindo do sol, est\u00e1 sendo destru\u00edda pela polui\u00e7\u00e3o causada por n\u00f3s. Cat\u00e1strofes, como a recente no Rio Grande do Sul e a Covid 19, assustam e matam sem piedade. Assistimos a uma constante diminui\u00e7\u00e3o de \u00e1reas \u00famidas e f\u00e9rteis com consequente desertifica\u00e7\u00e3o. Alimentando toda essa trajet\u00f3ria humana, a economia insiste num crescimento permanente para o consumo, ter e ter para ter. Somos mais de oito bilh\u00f5es de seres humanos \u00e1vidos por consumir.<\/p>\n<p>Caso n\u00e3o mudemos os rumos de nossa trajet\u00f3ria, a paix\u00e3o ecol\u00f3gica vai se intensificar ainda mais. A nossa morte de cruz chegar\u00e1 mais depressa que imaginamos. O futuro do ser humano poder\u00e1 ser o da extin\u00e7\u00e3o, fruto de um suic\u00eddio coletivo que degrada as condi\u00e7\u00f5es prop\u00edcias para a vida em todas as suas formas. O planeta terra, dom de Deus, tem mostrado sinais evidentes de esgotamento. H\u00e1 um grito da terra por cuidados que poucos ouvem!<\/p>\n<p>Nesse contexto, a esperan\u00e7a h\u00e1 de ressurgir! A nossa miss\u00e3o \u00e9 cuidar da terra, da natureza, dos animais e de todo ser criado por Deus. Cuidado \u00e9 o princ\u00edpio fundamental para iniciarmos o processo de mudan\u00e7a, abandonando a ambi\u00e7\u00e3o pelo lucro e o consumo sem limites. Cuidar \u00e9 divino, \u00e9 sagrado, \u00e9 ordem do Criador.\u00a0 \u00c9 preciso impor limites ao ser humano! Crime contra a natureza \u00e9 crime contra n\u00f3s mesmos. \u00c9 preciso uma mudan\u00e7a de mentalidade e de pr\u00e1ticas. Isso \u00e9 P\u00e1scoa antecipada! Isso \u00e9 ressurrei\u00e7\u00e3o!<\/p>\n<p>A quaresma leva muitos a fazerem penit\u00eancia. Que tal uma penit\u00eancia ecol\u00f3gica constante? \u00a0Ela est\u00e1 no uso consciente da \u00e1gua, fechando a torneira ao escovar os dentes, reutilizando a \u00e1gua sempre que poss\u00edvel. Ter uma efici\u00eancia energ\u00e9tica, optando por l\u00e2mpadas LED, desligando aparelhos da tomada quando n\u00e3o estiverem em uso e aproveitando ao m\u00e1ximo a luz natural. Cada pequena a\u00e7\u00e3o faz a diferen\u00e7a. A soma dos esfor\u00e7os individuais pode transformar o futuro do planeta! Sejamos um penitente ecol\u00f3gico!<\/p>\n<p>Que a esperan\u00e7a advinda dos ramos de Domingo nos reoriente na reconstru\u00e7\u00e3o da vida integral, na Ecologia criada por Deus! Am\u00e9m! Am\u00e9m! Am\u00e9m!<\/p>\n<hr \/>\n<p><em>Frei Jacir de Freitas Faria<\/em><\/p>\n","protected":false},"excerpt":{"rendered":"<p>Frei Jacir de Freitas Faria<\/p>\n","protected":false},"author":10,"featured_media":195810,"comment_status":"open","ping_status":"open","sticky":false,"template":"","format":"standard","meta":{"footnotes":""},"categories":[26],"tags":[43],"yoast_head":"<!-- This site is optimized with the Yoast SEO plugin v19.4 - https:\/\/yoast.com\/wordpress\/plugins\/seo\/ -->\n<title>Ramos de Esperan\u00e7a! Paix\u00e3o e Ecologia na Semana Santa! (Lc 19,28-40) - Vida Crist\u00e3 - Franciscanos<\/title>\n<meta name=\"robots\" content=\"index, follow, max-snippet:-1, max-image-preview:large, max-video-preview:-1\" \/>\n<link rel=\"canonical\" href=\"https:\/\/franciscanos.org.br\/vidacrista\/ramos-de-esperanca-paixao-e-ecologia-na-semana-santa-lc-1928-40\/\" \/>\n<meta property=\"og:locale\" content=\"pt_BR\" \/>\n<meta property=\"og:type\" content=\"article\" \/>\n<meta property=\"og:title\" content=\"Ramos de Esperan\u00e7a! Paix\u00e3o e Ecologia na Semana Santa! (Lc 19,28-40) - Vida Crist\u00e3 - Franciscanos\" \/>\n<meta property=\"og:description\" content=\"Frei Jacir de Freitas Faria\" \/>\n<meta property=\"og:url\" content=\"https:\/\/franciscanos.org.br\/vidacrista\/ramos-de-esperanca-paixao-e-ecologia-na-semana-santa-lc-1928-40\/\" \/>\n<meta property=\"og:site_name\" content=\"Vida Crist\u00e3 - Franciscanos\" \/>\n<meta property=\"article:published_time\" content=\"2025-04-13T07:46:36+00:00\" \/>\n<meta property=\"article:modified_time\" content=\"2025-04-13T07:55:45+00:00\" \/>\n<meta property=\"og:image\" content=\"https:\/\/franciscanos.org.br\/vidacrista\/wp-content\/uploads\/2025\/04\/chamada-ramos.png\" \/>\n\t<meta property=\"og:image:width\" content=\"800\" \/>\n\t<meta property=\"og:image:height\" content=\"550\" \/>\n\t<meta property=\"og:image:type\" content=\"image\/png\" \/>\n<meta name=\"author\" content=\"Adriana Rabelo\" \/>\n<meta name=\"twitter:card\" content=\"summary_large_image\" \/>\n<meta name=\"twitter:label1\" content=\"Escrito por\" \/>\n\t<meta name=\"twitter:data1\" content=\"Adriana Rabelo\" \/>\n\t<meta name=\"twitter:label2\" content=\"Est. tempo de leitura\" \/>\n\t<meta name=\"twitter:data2\" content=\"6 minutos\" \/>\n<script type=\"application\/ld+json\" class=\"yoast-schema-graph\">{\"@context\":\"https:\/\/schema.org\",\"@graph\":[{\"@type\":\"WebSite\",\"@id\":\"https:\/\/franciscanos.org.br\/vidacrista\/#website\",\"url\":\"https:\/\/franciscanos.org.br\/vidacrista\/\",\"name\":\"Vida Crist\u00e3 - Franciscanos\",\"description\":\"Prov\u00edncia Franciscana da Imaculada Concei\u00e7\u00e3o do Brasil - Ordem dos Frades Menores\",\"potentialAction\":[{\"@type\":\"SearchAction\",\"target\":{\"@type\":\"EntryPoint\",\"urlTemplate\":\"https:\/\/franciscanos.org.br\/vidacrista\/?s={search_term_string}\"},\"query-input\":\"required name=search_term_string\"}],\"inLanguage\":\"pt-BR\"},{\"@type\":\"WebPage\",\"@id\":\"https:\/\/franciscanos.org.br\/vidacrista\/ramos-de-esperanca-paixao-e-ecologia-na-semana-santa-lc-1928-40\/\",\"url\":\"https:\/\/franciscanos.org.br\/vidacrista\/ramos-de-esperanca-paixao-e-ecologia-na-semana-santa-lc-1928-40\/\",\"name\":\"Ramos de Esperan\u00e7a! Paix\u00e3o e Ecologia na Semana Santa! (Lc 19,28-40) - Vida Crist\u00e3 - Franciscanos\",\"isPartOf\":{\"@id\":\"https:\/\/franciscanos.org.br\/vidacrista\/#website\"},\"datePublished\":\"2025-04-13T07:46:36+00:00\",\"dateModified\":\"2025-04-13T07:55:45+00:00\",\"author\":{\"@id\":\"https:\/\/franciscanos.org.br\/vidacrista\/#\/schema\/person\/a0cbb2edfc0aecf8ac498802d1cb57b5\"},\"breadcrumb\":{\"@id\":\"https:\/\/franciscanos.org.br\/vidacrista\/ramos-de-esperanca-paixao-e-ecologia-na-semana-santa-lc-1928-40\/#breadcrumb\"},\"inLanguage\":\"pt-BR\",\"potentialAction\":[{\"@type\":\"ReadAction\",\"target\":[\"https:\/\/franciscanos.org.br\/vidacrista\/ramos-de-esperanca-paixao-e-ecologia-na-semana-santa-lc-1928-40\/\"]}]},{\"@type\":\"BreadcrumbList\",\"@id\":\"https:\/\/franciscanos.org.br\/vidacrista\/ramos-de-esperanca-paixao-e-ecologia-na-semana-santa-lc-1928-40\/#breadcrumb\",\"itemListElement\":[{\"@type\":\"ListItem\",\"position\":1,\"name\":\"Home\",\"item\":\"https:\/\/franciscanos.org.br\/vidacrista\/\"},{\"@type\":\"ListItem\",\"position\":2,\"name\":\"Ramos de Esperan\u00e7a! Paix\u00e3o e Ecologia na Semana Santa! (Lc 19,28-40)\"}]},{\"@type\":\"Person\",\"@id\":\"https:\/\/franciscanos.org.br\/vidacrista\/#\/schema\/person\/a0cbb2edfc0aecf8ac498802d1cb57b5\",\"name\":\"Adriana Rabelo\",\"image\":{\"@type\":\"ImageObject\",\"inLanguage\":\"pt-BR\",\"@id\":\"https:\/\/franciscanos.org.br\/vidacrista\/#\/schema\/person\/image\/\",\"url\":\"https:\/\/secure.gravatar.com\/avatar\/0a937b7500cd7df77540cfb8bede877d?s=96&d=mm&r=g\",\"contentUrl\":\"https:\/\/secure.gravatar.com\/avatar\/0a937b7500cd7df77540cfb8bede877d?s=96&d=mm&r=g\",\"caption\":\"Adriana Rabelo\"},\"url\":\"https:\/\/franciscanos.org.br\/vidacrista\/author\/adrianarabelo\/\"}]}<\/script>\n<!-- \/ Yoast SEO plugin. -->","yoast_head_json":{"title":"Ramos de Esperan\u00e7a! Paix\u00e3o e Ecologia na Semana Santa! (Lc 19,28-40) - Vida Crist\u00e3 - Franciscanos","robots":{"index":"index","follow":"follow","max-snippet":"max-snippet:-1","max-image-preview":"max-image-preview:large","max-video-preview":"max-video-preview:-1"},"canonical":"https:\/\/franciscanos.org.br\/vidacrista\/ramos-de-esperanca-paixao-e-ecologia-na-semana-santa-lc-1928-40\/","og_locale":"pt_BR","og_type":"article","og_title":"Ramos de Esperan\u00e7a! Paix\u00e3o e Ecologia na Semana Santa! (Lc 19,28-40) - Vida Crist\u00e3 - Franciscanos","og_description":"Frei Jacir de Freitas Faria","og_url":"https:\/\/franciscanos.org.br\/vidacrista\/ramos-de-esperanca-paixao-e-ecologia-na-semana-santa-lc-1928-40\/","og_site_name":"Vida Crist\u00e3 - Franciscanos","article_published_time":"2025-04-13T07:46:36+00:00","article_modified_time":"2025-04-13T07:55:45+00:00","og_image":[{"width":800,"height":550,"url":"https:\/\/franciscanos.org.br\/vidacrista\/wp-content\/uploads\/2025\/04\/chamada-ramos.png","type":"image\/png"}],"author":"Adriana Rabelo","twitter_card":"summary_large_image","twitter_misc":{"Escrito por":"Adriana Rabelo","Est. tempo de leitura":"6 minutos"},"schema":{"@context":"https:\/\/schema.org","@graph":[{"@type":"WebSite","@id":"https:\/\/franciscanos.org.br\/vidacrista\/#website","url":"https:\/\/franciscanos.org.br\/vidacrista\/","name":"Vida Crist\u00e3 - Franciscanos","description":"Prov\u00edncia Franciscana da Imaculada Concei\u00e7\u00e3o do Brasil - Ordem dos Frades Menores","potentialAction":[{"@type":"SearchAction","target":{"@type":"EntryPoint","urlTemplate":"https:\/\/franciscanos.org.br\/vidacrista\/?s={search_term_string}"},"query-input":"required name=search_term_string"}],"inLanguage":"pt-BR"},{"@type":"WebPage","@id":"https:\/\/franciscanos.org.br\/vidacrista\/ramos-de-esperanca-paixao-e-ecologia-na-semana-santa-lc-1928-40\/","url":"https:\/\/franciscanos.org.br\/vidacrista\/ramos-de-esperanca-paixao-e-ecologia-na-semana-santa-lc-1928-40\/","name":"Ramos de Esperan\u00e7a! Paix\u00e3o e Ecologia na Semana Santa! (Lc 19,28-40) - Vida Crist\u00e3 - Franciscanos","isPartOf":{"@id":"https:\/\/franciscanos.org.br\/vidacrista\/#website"},"datePublished":"2025-04-13T07:46:36+00:00","dateModified":"2025-04-13T07:55:45+00:00","author":{"@id":"https:\/\/franciscanos.org.br\/vidacrista\/#\/schema\/person\/a0cbb2edfc0aecf8ac498802d1cb57b5"},"breadcrumb":{"@id":"https:\/\/franciscanos.org.br\/vidacrista\/ramos-de-esperanca-paixao-e-ecologia-na-semana-santa-lc-1928-40\/#breadcrumb"},"inLanguage":"pt-BR","potentialAction":[{"@type":"ReadAction","target":["https:\/\/franciscanos.org.br\/vidacrista\/ramos-de-esperanca-paixao-e-ecologia-na-semana-santa-lc-1928-40\/"]}]},{"@type":"BreadcrumbList","@id":"https:\/\/franciscanos.org.br\/vidacrista\/ramos-de-esperanca-paixao-e-ecologia-na-semana-santa-lc-1928-40\/#breadcrumb","itemListElement":[{"@type":"ListItem","position":1,"name":"Home","item":"https:\/\/franciscanos.org.br\/vidacrista\/"},{"@type":"ListItem","position":2,"name":"Ramos de Esperan\u00e7a! Paix\u00e3o e Ecologia na Semana Santa! (Lc 19,28-40)"}]},{"@type":"Person","@id":"https:\/\/franciscanos.org.br\/vidacrista\/#\/schema\/person\/a0cbb2edfc0aecf8ac498802d1cb57b5","name":"Adriana Rabelo","image":{"@type":"ImageObject","inLanguage":"pt-BR","@id":"https:\/\/franciscanos.org.br\/vidacrista\/#\/schema\/person\/image\/","url":"https:\/\/secure.gravatar.com\/avatar\/0a937b7500cd7df77540cfb8bede877d?s=96&d=mm&r=g","contentUrl":"https:\/\/secure.gravatar.com\/avatar\/0a937b7500cd7df77540cfb8bede877d?s=96&d=mm&r=g","caption":"Adriana Rabelo"},"url":"https:\/\/franciscanos.org.br\/vidacrista\/author\/adrianarabelo\/"}]}},"_links":{"self":[{"href":"https:\/\/franciscanos.org.br\/vidacrista\/wp-json\/wp\/v2\/posts\/195809"}],"collection":[{"href":"https:\/\/franciscanos.org.br\/vidacrista\/wp-json\/wp\/v2\/posts"}],"about":[{"href":"https:\/\/franciscanos.org.br\/vidacrista\/wp-json\/wp\/v2\/types\/post"}],"author":[{"embeddable":true,"href":"https:\/\/franciscanos.org.br\/vidacrista\/wp-json\/wp\/v2\/users\/10"}],"replies":[{"embeddable":true,"href":"https:\/\/franciscanos.org.br\/vidacrista\/wp-json\/wp\/v2\/comments?post=195809"}],"version-history":[{"count":4,"href":"https:\/\/franciscanos.org.br\/vidacrista\/wp-json\/wp\/v2\/posts\/195809\/revisions"}],"predecessor-version":[{"id":195816,"href":"https:\/\/franciscanos.org.br\/vidacrista\/wp-json\/wp\/v2\/posts\/195809\/revisions\/195816"}],"wp:featuredmedia":[{"embeddable":true,"href":"https:\/\/franciscanos.org.br\/vidacrista\/wp-json\/wp\/v2\/media\/195810"}],"wp:attachment":[{"href":"https:\/\/franciscanos.org.br\/vidacrista\/wp-json\/wp\/v2\/media?parent=195809"}],"wp:term":[{"taxonomy":"category","embeddable":true,"href":"https:\/\/franciscanos.org.br\/vidacrista\/wp-json\/wp\/v2\/categories?post=195809"},{"taxonomy":"post_tag","embeddable":true,"href":"https:\/\/franciscanos.org.br\/vidacrista\/wp-json\/wp\/v2\/tags?post=195809"}],"curies":[{"name":"wp","href":"https:\/\/api.w.org\/{rel}","templated":true}]}}