{"id":195722,"date":"2025-03-31T14:10:42","date_gmt":"2025-03-31T17:10:42","guid":{"rendered":"https:\/\/franciscanos.org.br\/vidacrista\/?p=195722"},"modified":"2025-03-31T14:10:42","modified_gmt":"2025-03-31T17:10:42","slug":"o-filho-esbanjador-e-o-porco-a-misericordia-e-a-justica-nas-historias-lucanas-de-perdidos-e-achados-lc-1511-32","status":"publish","type":"post","link":"https:\/\/franciscanos.org.br\/vidacrista\/o-filho-esbanjador-e-o-porco-a-misericordia-e-a-justica-nas-historias-lucanas-de-perdidos-e-achados-lc-1511-32\/","title":{"rendered":"O filho esbanjador e o porco, a miseric\u00f3rdia e a justi\u00e7a, nas hist\u00f3rias lucanas de perdidos e achados (Lc 15,11-32)"},"content":{"rendered":"<p><img decoding=\"async\" loading=\"lazy\" class=\"aligncenter wp-image-195723 size-full\" src=\"https:\/\/franciscanos.org.br\/vidacrista\/wp-content\/uploads\/2025\/03\/JACIR-MATERIA.jpg\" alt=\"\" width=\"1280\" height=\"720\" srcset=\"https:\/\/franciscanos.org.br\/vidacrista\/wp-content\/uploads\/2025\/03\/JACIR-MATERIA.jpg 1280w, https:\/\/franciscanos.org.br\/vidacrista\/wp-content\/uploads\/2025\/03\/JACIR-MATERIA-450x253.jpg 450w, https:\/\/franciscanos.org.br\/vidacrista\/wp-content\/uploads\/2025\/03\/JACIR-MATERIA-1024x576.jpg 1024w, https:\/\/franciscanos.org.br\/vidacrista\/wp-content\/uploads\/2025\/03\/JACIR-MATERIA-768x432.jpg 768w, https:\/\/franciscanos.org.br\/vidacrista\/wp-content\/uploads\/2025\/03\/JACIR-MATERIA-150x84.jpg 150w\" sizes=\"(max-width: 1280px) 100vw, 1280px\" \/><\/p>\n<p>Miseric\u00f3rdia! Miseric\u00f3rdia! Justi\u00e7a! Um pai e dois filhos! Dois filhos e um pai! S\u00e3o tr\u00eas personagens utilizados para falar da miseric\u00f3rdia. Qual o significado da miseric\u00f3rdia na par\u00e1bola do Filho Pr\u00f3digo, de Lc 15,11-32? Pr\u00f3digo significa esbanjador.<\/p>\n<p>No imagin\u00e1rio da narrativa aparecem um anel, uma sand\u00e1lia, uma roupa e um novilho, os quais contrastam com um porco e um filho raivoso. Qual o sentido de tudo isso para Lucas, o evangelizador da miseric\u00f3rdia divina? Qual \u00e9 a rela\u00e7\u00e3o entre justi\u00e7a e miseric\u00f3rdia?<\/p>\n<p>A par\u00e1bola do filho esbanjador faz parte do cap\u00edtulo quinze de Lucas, e \u00e9 precedida pelas par\u00e1bolas da ovelha e da moeda perdidas (Lc 15, 1-10). A mulher que perdeu a dracma e a recuperou. A ovelha que estava perdida e foi encontrada. A ovelha sabe que est\u00e1 perdida, a moeda, n\u00e3o. Os dois filhos da par\u00e1bola tamb\u00e9m est\u00e3o perdidos.<\/p>\n<p>Lucas reuniu, de modo unit\u00e1rio essas narrativas, chamadas \u201cpar\u00e1bolas da miseric\u00f3rdia\u201d. Elas podem ser consideradas uma s\u00f3 par\u00e1bola (Lc 15,3) em tr\u00eas atos. Cada uma possui a mesma introdu\u00e7\u00e3o: escribas e fariseus murmuram contra Jesus, porque ele acolhe os pecadores; o mesmo esquema: perdido\/encontrado; a mesma mensagem: alegria por um s\u00f3 pecador que se converte; o mesmo protagonista: Deus na figura do pastor, da mulher, do pai. As primeiras semelhan\u00e7as correspondem aos dois quadros da terceira narra\u00e7\u00e3o: a ovelha perdida no deserto corresponde ao filho ca\u00e7ula perdido, porque sa\u00edra de casa; a dracma perdida dentro de casa corresponde ao filho mais velho, o qual, embora tenha permanecido na casa paterna, recusa-se a entrar<a href=\"#_ftn1\" name=\"_ftnref1\"><sup>[1]<\/sup><\/a>.<\/p>\n<p>Ainda que sejam filhos de um mesmo pai, eles s\u00e3o diferentes. Sabedor dos seus direitos de herdeiro, o mais novo pede a sua heran\u00e7a, pois o pai \u00e9 rico. Na verdade, ele n\u00e3o queria bens, mas se libertar do pai. Ele queria conhecer novos valores, em terras distantes. O mais velho segue o curso da vida sob a prote\u00e7\u00e3o paterna, isto \u00e9, da institui\u00e7\u00e3o familiar e da religi\u00e3o judaica. O fim da hist\u00f3ria revela um misto de miseric\u00f3rdia e raiva do filho mais velho.<\/p>\n<p><iframe loading=\"lazy\" title=\"Reflex\u00e3o B\u00edblica - 4\u00ba Domingo da Quaresma (30\/03\/25)\" width=\"500\" height=\"281\" src=\"https:\/\/www.youtube.com\/embed\/CQ1M9HFCcl4?feature=oembed\" frameborder=\"0\" allow=\"accelerometer; autoplay; clipboard-write; encrypted-media; gyroscope; picture-in-picture; web-share\" referrerpolicy=\"strict-origin-when-cross-origin\" allowfullscreen><\/iframe><\/p>\n<p>O que \u00e9 a miseric\u00f3rdia? Na B\u00edblia encontramos tr\u00eas substantivos para falar de miseric\u00f3rdia. Dois no Primeiro Testamento e um, no Segundo. O primeiro deles \u00e9 <em>hesed<\/em>, que significa favor imerecido, benevol\u00eancia, gra\u00e7a que age no tempo. O segundo termo hebraico \u00e9 <em>rahamim<\/em>, que significa miseric\u00f3rdia e compaix\u00e3o. <em>Rahamim<\/em> prov\u00e9m de <em>rehem<\/em>, isto \u00e9, o seio materno da mulher-m\u00e3e com a sua disposi\u00e7\u00e3o de amar sem exig\u00eancia, sem favores e trocas. A m\u00e3e ama porque ama, com bondade, ternura e compreens\u00e3o. Desse modo, <em>hesed<\/em> \u00e9 o lado masculino da miseric\u00f3rdia (fidelidade para consigo mesmo) e <em>rahamim<\/em>, o lado feminino (amor doa\u00e7\u00e3o).<\/p>\n<p>No Segundo Testamento, o substantivo grego <em>\u00e9leos<\/em>, tradu\u00e7\u00e3o do hebraico <em>hesed<\/em>, expressa a emo\u00e7\u00e3o que temos diante do sofrimento do outro, isto \u00e9, a compaix\u00e3o e a miseric\u00f3rdia. Da\u00ed que esmola, em grego eleemos\u00fane, \u00e9 o ato de sentir, de ter compaix\u00e3o em rela\u00e7\u00e3o ao outro, de fazer justi\u00e7a.<\/p>\n<p>Ainda que esses termos se refiram ao ser humano, a miseric\u00f3rdia tem rela\u00e7\u00e3o direta com Deus. Dentre as 296 cita\u00e7\u00f5es de miseric\u00f3rdia, na B\u00edblia, 236 referem-se \u00e0 miseric\u00f3rdia de Deus e somente 60, ao ser humano. Disso resulta que o agir misericordioso \u00e9 caracter\u00edstica de Deus. Para o ser humano, fica sempre o desafio de ser misericordioso como Deus.<\/p>\n<p>Quando a B\u00edblia foi traduzida, do hebraico para o latim, <em>hesed<\/em> virou miseric\u00f3rdia, o qual \u00e9 composto de <em>miser<\/em> e <em>cor<\/em>. <em>Miser<\/em> \u00e9 a condi\u00e7\u00e3o extremada de sofrimento e ang\u00fastia de algu\u00e9m, de mis\u00e9ria que suplica ao <em>cor<\/em>, isto \u00e9, ao cora\u00e7\u00e3o, por miseric\u00f3rdia. Diante de uma trag\u00e9dia, n\u00e3o h\u00e1 como n\u00e3o sentir compaix\u00e3o, miseric\u00f3rdia por quem sofre a dor. Nessa hora, n\u00e3o h\u00e1 quem n\u00e3o grite a Deus por miseric\u00f3rdia. No findar de nossas vidas, s\u00f3 Deus pode ter miseric\u00f3rdia. Quando algu\u00e9m perde a capacidade de sentir miseric\u00f3rdia, a sua humanidade n\u00e3o existe mais, pois a ess\u00eancia de Deus, que \u00e9 miseric\u00f3rdia, morreu dentre dele.<\/p>\n<p>Interessante notar que no texto de Lc 15,11-31 n\u00e3o aparece a palavra \u201cmiseric\u00f3rdia\u201d, mas todo o conte\u00fado da compara\u00e7\u00e3o a evidencia claramente. No centro da par\u00e1bola est\u00e1, indiscutivelmente, a figura do pai. Ele \u00e9 que d\u00e1 unidade a toda a narra\u00e7\u00e3o. Sobressai seu cora\u00e7\u00e3o paterno, suas entranhas comovidas, que expressam uma incontida ternura humana. \u00c9 verdade: o pai se mostra mais pr\u00f3digo no amor do que o filho no esbanjamento! Vendo, de longe, o filho que retorna \u00e0 casa paterna, o pai corre ao seu encontro, lan\u00e7ando-se ao seu pesco\u00e7o e cobrindo-o de beijos: o amor ultrapassa toda l\u00f3gica! O verbo usado neste ponto da par\u00e1bola traduz a palavra hebraica <em>rahamim<\/em> e sublinha a compaix\u00e3o visceral: o pai n\u00e3o pode ficar \u00e0 espera de o filho chegar \u00e0 casa, mas precipita-se ao encontro dele, levado por uma for\u00e7a interior incompar\u00e1vel<a href=\"#_ftn2\" name=\"_ftnref2\"><sup>[2]<\/sup><\/a>. O pai da par\u00e1bola n\u00e3o s\u00f3 acolhe misericordiosamente seu filho perdido, num gesto de perd\u00e3o e reconcilia\u00e7\u00e3o, mas devolve-lhe toda a sua dignidade humana, reerguendo-o como filho com pleno direito. Essa atitude paterna contrasta com a imagem do porco que aparece na par\u00e1bola. Judeu n\u00e3o come carne de porco, pois esta \u00e9 considerada imunda. O que chama a aten\u00e7\u00e3o \u00e9 que o porco tem comida, o filho esbanjador, n\u00e3o. Falar de porco para judeus que ouviam Jesus era uma ofensa muito grande.<\/p>\n<p>O que mais impressiona, contudo, \u00e9 a paternidade excepcional do pai: \u2018Filho, voc\u00ea est\u00e1 sempre comigo, e tudo o que \u00e9 meu \u00e9 seu tamb\u00e9m\u2019 (v. 31). O pai, Deus, corrige com a miseric\u00f3rdia e na ternura sem medida. Os filhos s\u00e3o iguais para ele. O filho mais novo \u00e9 igual a todos os adolescentes e jovens que querem se libertar da figura paterna e de todos aqueles que exercem autoridade sobre eles. Faz parte da vida! Na juventude, n\u00f3s somos assim, queremos tirar o poder de quem o tem. O tempo nos amadurece para a vida. Outra constata\u00e7\u00e3o na vida \u00e9 a de que maioria das pessoas que passam pelas nossas vidas n\u00e3o gostam de n\u00f3s, mas do que temos para oferecer. Quando voc\u00ea n\u00e3o tem mais nada para oferecer, as pessoas fogem de voc\u00ea. Isso aconteceu com o jovem, depois que ele perdeu tudo.<\/p>\n<p>A seguran\u00e7a do filho mais velho estava no conforto da casa e na certeza da salva\u00e7\u00e3o prometida pela religi\u00e3o judaica. Jesus ensina que sem miseric\u00f3rdia religi\u00e3o nenhuma salva. Sem miseric\u00f3rdia a vida n\u00e3o acontece. Tenhamos miseric\u00f3rdia de voc\u00ea mesmo, do outro, de modo que Deus possa agir com miseric\u00f3rdia em sua vida. O amor de Deus s\u00f3 permanece naqueles que exercem a miseric\u00f3rdia (1Jo 3,17) e a justi\u00e7a, dois elementos essenciais do cristianismo. No exerc\u00edcio da miseric\u00f3rdia na vida, festa, an\u00e9is e novilho gordo se encontram. Caso contr\u00e1rio, tudo n\u00e3o passa de uma vida porca, arraigada em costumes que nos atrelam ao poder do ter. Miseric\u00f3rdia, miseric\u00f3rdia, justi\u00e7a sempre! Paz e bem!<\/p>\n<p><strong>Refer\u00eancias<\/strong><\/p>\n<p><a href=\"#_ftnref1\" name=\"_ftn1\">[1]<\/a> LIB\u00c2NIO, Jo\u00e3o Batista. In.: DE AGUIAR, M.M. (Org.), <em>Um outro olhar<\/em> \u2013 Colet\u00e2neas de homilias de J.B. Lib\u00e2nio, vol. 2. Belo Horizonte: Big Editora Gr\u00e1fica, p. 71.<\/p>\n<p><a href=\"#_ftnref2\" name=\"_ftn2\">[2]<\/a> CPPNE. <em>A confiss\u00e3o: sacramento da miseric\u00f3rdia<\/em>. S\u00e3o Paulo: Paulinas\/Paulus, 2015, p. 51.<\/p>\n<hr \/>\n<p><em>Frei Jacir de Freitas Faria<\/em><\/p>\n","protected":false},"excerpt":{"rendered":"<p>Frei Jacir de Freitas Faria<\/p>\n","protected":false},"author":10,"featured_media":195725,"comment_status":"open","ping_status":"open","sticky":false,"template":"","format":"standard","meta":{"footnotes":""},"categories":[26],"tags":[43],"yoast_head":"<!-- This site is optimized with the Yoast SEO plugin v19.4 - https:\/\/yoast.com\/wordpress\/plugins\/seo\/ -->\n<title>O filho esbanjador e o porco, a miseric\u00f3rdia e a justi\u00e7a, nas hist\u00f3rias lucanas de perdidos e achados (Lc 15,11-32) - Vida Crist\u00e3 - Franciscanos<\/title>\n<meta name=\"robots\" content=\"index, follow, max-snippet:-1, max-image-preview:large, max-video-preview:-1\" \/>\n<link rel=\"canonical\" href=\"https:\/\/franciscanos.org.br\/vidacrista\/o-filho-esbanjador-e-o-porco-a-misericordia-e-a-justica-nas-historias-lucanas-de-perdidos-e-achados-lc-1511-32\/\" \/>\n<meta property=\"og:locale\" content=\"pt_BR\" \/>\n<meta property=\"og:type\" content=\"article\" \/>\n<meta property=\"og:title\" content=\"O filho esbanjador e o porco, a miseric\u00f3rdia e a justi\u00e7a, nas hist\u00f3rias lucanas de perdidos e achados (Lc 15,11-32) - Vida Crist\u00e3 - Franciscanos\" \/>\n<meta property=\"og:description\" content=\"Frei Jacir de Freitas Faria\" \/>\n<meta property=\"og:url\" content=\"https:\/\/franciscanos.org.br\/vidacrista\/o-filho-esbanjador-e-o-porco-a-misericordia-e-a-justica-nas-historias-lucanas-de-perdidos-e-achados-lc-1511-32\/\" \/>\n<meta property=\"og:site_name\" content=\"Vida Crist\u00e3 - Franciscanos\" \/>\n<meta property=\"article:published_time\" content=\"2025-03-31T17:10:42+00:00\" \/>\n<meta property=\"og:image\" content=\"https:\/\/franciscanos.org.br\/vidacrista\/wp-content\/uploads\/2025\/03\/JACIR-CHAMADA.jpg\" \/>\n\t<meta property=\"og:image:width\" content=\"800\" \/>\n\t<meta property=\"og:image:height\" content=\"550\" \/>\n\t<meta property=\"og:image:type\" content=\"image\/jpeg\" \/>\n<meta name=\"author\" content=\"Adriana Rabelo\" \/>\n<meta name=\"twitter:card\" content=\"summary_large_image\" \/>\n<meta name=\"twitter:label1\" content=\"Escrito por\" \/>\n\t<meta name=\"twitter:data1\" content=\"Adriana Rabelo\" \/>\n\t<meta name=\"twitter:label2\" content=\"Est. tempo de leitura\" \/>\n\t<meta name=\"twitter:data2\" content=\"7 minutos\" \/>\n<script type=\"application\/ld+json\" class=\"yoast-schema-graph\">{\"@context\":\"https:\/\/schema.org\",\"@graph\":[{\"@type\":\"WebSite\",\"@id\":\"https:\/\/franciscanos.org.br\/vidacrista\/#website\",\"url\":\"https:\/\/franciscanos.org.br\/vidacrista\/\",\"name\":\"Vida Crist\u00e3 - Franciscanos\",\"description\":\"Prov\u00edncia Franciscana da Imaculada Concei\u00e7\u00e3o do Brasil - Ordem dos Frades Menores\",\"potentialAction\":[{\"@type\":\"SearchAction\",\"target\":{\"@type\":\"EntryPoint\",\"urlTemplate\":\"https:\/\/franciscanos.org.br\/vidacrista\/?s={search_term_string}\"},\"query-input\":\"required name=search_term_string\"}],\"inLanguage\":\"pt-BR\"},{\"@type\":\"WebPage\",\"@id\":\"https:\/\/franciscanos.org.br\/vidacrista\/o-filho-esbanjador-e-o-porco-a-misericordia-e-a-justica-nas-historias-lucanas-de-perdidos-e-achados-lc-1511-32\/\",\"url\":\"https:\/\/franciscanos.org.br\/vidacrista\/o-filho-esbanjador-e-o-porco-a-misericordia-e-a-justica-nas-historias-lucanas-de-perdidos-e-achados-lc-1511-32\/\",\"name\":\"O filho esbanjador e o porco, a miseric\u00f3rdia e a justi\u00e7a, nas hist\u00f3rias lucanas de perdidos e achados (Lc 15,11-32) - Vida Crist\u00e3 - Franciscanos\",\"isPartOf\":{\"@id\":\"https:\/\/franciscanos.org.br\/vidacrista\/#website\"},\"datePublished\":\"2025-03-31T17:10:42+00:00\",\"dateModified\":\"2025-03-31T17:10:42+00:00\",\"author\":{\"@id\":\"https:\/\/franciscanos.org.br\/vidacrista\/#\/schema\/person\/a0cbb2edfc0aecf8ac498802d1cb57b5\"},\"breadcrumb\":{\"@id\":\"https:\/\/franciscanos.org.br\/vidacrista\/o-filho-esbanjador-e-o-porco-a-misericordia-e-a-justica-nas-historias-lucanas-de-perdidos-e-achados-lc-1511-32\/#breadcrumb\"},\"inLanguage\":\"pt-BR\",\"potentialAction\":[{\"@type\":\"ReadAction\",\"target\":[\"https:\/\/franciscanos.org.br\/vidacrista\/o-filho-esbanjador-e-o-porco-a-misericordia-e-a-justica-nas-historias-lucanas-de-perdidos-e-achados-lc-1511-32\/\"]}]},{\"@type\":\"BreadcrumbList\",\"@id\":\"https:\/\/franciscanos.org.br\/vidacrista\/o-filho-esbanjador-e-o-porco-a-misericordia-e-a-justica-nas-historias-lucanas-de-perdidos-e-achados-lc-1511-32\/#breadcrumb\",\"itemListElement\":[{\"@type\":\"ListItem\",\"position\":1,\"name\":\"Home\",\"item\":\"https:\/\/franciscanos.org.br\/vidacrista\/\"},{\"@type\":\"ListItem\",\"position\":2,\"name\":\"O filho esbanjador e o porco, a miseric\u00f3rdia e a justi\u00e7a, nas hist\u00f3rias lucanas de perdidos e achados (Lc 15,11-32)\"}]},{\"@type\":\"Person\",\"@id\":\"https:\/\/franciscanos.org.br\/vidacrista\/#\/schema\/person\/a0cbb2edfc0aecf8ac498802d1cb57b5\",\"name\":\"Adriana Rabelo\",\"image\":{\"@type\":\"ImageObject\",\"inLanguage\":\"pt-BR\",\"@id\":\"https:\/\/franciscanos.org.br\/vidacrista\/#\/schema\/person\/image\/\",\"url\":\"https:\/\/secure.gravatar.com\/avatar\/0a937b7500cd7df77540cfb8bede877d?s=96&d=mm&r=g\",\"contentUrl\":\"https:\/\/secure.gravatar.com\/avatar\/0a937b7500cd7df77540cfb8bede877d?s=96&d=mm&r=g\",\"caption\":\"Adriana Rabelo\"},\"url\":\"https:\/\/franciscanos.org.br\/vidacrista\/author\/adrianarabelo\/\"}]}<\/script>\n<!-- \/ Yoast SEO plugin. -->","yoast_head_json":{"title":"O filho esbanjador e o porco, a miseric\u00f3rdia e a justi\u00e7a, nas hist\u00f3rias lucanas de perdidos e achados (Lc 15,11-32) - Vida Crist\u00e3 - Franciscanos","robots":{"index":"index","follow":"follow","max-snippet":"max-snippet:-1","max-image-preview":"max-image-preview:large","max-video-preview":"max-video-preview:-1"},"canonical":"https:\/\/franciscanos.org.br\/vidacrista\/o-filho-esbanjador-e-o-porco-a-misericordia-e-a-justica-nas-historias-lucanas-de-perdidos-e-achados-lc-1511-32\/","og_locale":"pt_BR","og_type":"article","og_title":"O filho esbanjador e o porco, a miseric\u00f3rdia e a justi\u00e7a, nas hist\u00f3rias lucanas de perdidos e achados (Lc 15,11-32) - Vida Crist\u00e3 - Franciscanos","og_description":"Frei Jacir de Freitas Faria","og_url":"https:\/\/franciscanos.org.br\/vidacrista\/o-filho-esbanjador-e-o-porco-a-misericordia-e-a-justica-nas-historias-lucanas-de-perdidos-e-achados-lc-1511-32\/","og_site_name":"Vida Crist\u00e3 - Franciscanos","article_published_time":"2025-03-31T17:10:42+00:00","og_image":[{"width":800,"height":550,"url":"https:\/\/franciscanos.org.br\/vidacrista\/wp-content\/uploads\/2025\/03\/JACIR-CHAMADA.jpg","type":"image\/jpeg"}],"author":"Adriana Rabelo","twitter_card":"summary_large_image","twitter_misc":{"Escrito por":"Adriana Rabelo","Est. tempo de leitura":"7 minutos"},"schema":{"@context":"https:\/\/schema.org","@graph":[{"@type":"WebSite","@id":"https:\/\/franciscanos.org.br\/vidacrista\/#website","url":"https:\/\/franciscanos.org.br\/vidacrista\/","name":"Vida Crist\u00e3 - Franciscanos","description":"Prov\u00edncia Franciscana da Imaculada Concei\u00e7\u00e3o do Brasil - Ordem dos Frades Menores","potentialAction":[{"@type":"SearchAction","target":{"@type":"EntryPoint","urlTemplate":"https:\/\/franciscanos.org.br\/vidacrista\/?s={search_term_string}"},"query-input":"required name=search_term_string"}],"inLanguage":"pt-BR"},{"@type":"WebPage","@id":"https:\/\/franciscanos.org.br\/vidacrista\/o-filho-esbanjador-e-o-porco-a-misericordia-e-a-justica-nas-historias-lucanas-de-perdidos-e-achados-lc-1511-32\/","url":"https:\/\/franciscanos.org.br\/vidacrista\/o-filho-esbanjador-e-o-porco-a-misericordia-e-a-justica-nas-historias-lucanas-de-perdidos-e-achados-lc-1511-32\/","name":"O filho esbanjador e o porco, a miseric\u00f3rdia e a justi\u00e7a, nas hist\u00f3rias lucanas de perdidos e achados (Lc 15,11-32) - Vida Crist\u00e3 - Franciscanos","isPartOf":{"@id":"https:\/\/franciscanos.org.br\/vidacrista\/#website"},"datePublished":"2025-03-31T17:10:42+00:00","dateModified":"2025-03-31T17:10:42+00:00","author":{"@id":"https:\/\/franciscanos.org.br\/vidacrista\/#\/schema\/person\/a0cbb2edfc0aecf8ac498802d1cb57b5"},"breadcrumb":{"@id":"https:\/\/franciscanos.org.br\/vidacrista\/o-filho-esbanjador-e-o-porco-a-misericordia-e-a-justica-nas-historias-lucanas-de-perdidos-e-achados-lc-1511-32\/#breadcrumb"},"inLanguage":"pt-BR","potentialAction":[{"@type":"ReadAction","target":["https:\/\/franciscanos.org.br\/vidacrista\/o-filho-esbanjador-e-o-porco-a-misericordia-e-a-justica-nas-historias-lucanas-de-perdidos-e-achados-lc-1511-32\/"]}]},{"@type":"BreadcrumbList","@id":"https:\/\/franciscanos.org.br\/vidacrista\/o-filho-esbanjador-e-o-porco-a-misericordia-e-a-justica-nas-historias-lucanas-de-perdidos-e-achados-lc-1511-32\/#breadcrumb","itemListElement":[{"@type":"ListItem","position":1,"name":"Home","item":"https:\/\/franciscanos.org.br\/vidacrista\/"},{"@type":"ListItem","position":2,"name":"O filho esbanjador e o porco, a miseric\u00f3rdia e a justi\u00e7a, nas hist\u00f3rias lucanas de perdidos e achados (Lc 15,11-32)"}]},{"@type":"Person","@id":"https:\/\/franciscanos.org.br\/vidacrista\/#\/schema\/person\/a0cbb2edfc0aecf8ac498802d1cb57b5","name":"Adriana Rabelo","image":{"@type":"ImageObject","inLanguage":"pt-BR","@id":"https:\/\/franciscanos.org.br\/vidacrista\/#\/schema\/person\/image\/","url":"https:\/\/secure.gravatar.com\/avatar\/0a937b7500cd7df77540cfb8bede877d?s=96&d=mm&r=g","contentUrl":"https:\/\/secure.gravatar.com\/avatar\/0a937b7500cd7df77540cfb8bede877d?s=96&d=mm&r=g","caption":"Adriana Rabelo"},"url":"https:\/\/franciscanos.org.br\/vidacrista\/author\/adrianarabelo\/"}]}},"_links":{"self":[{"href":"https:\/\/franciscanos.org.br\/vidacrista\/wp-json\/wp\/v2\/posts\/195722"}],"collection":[{"href":"https:\/\/franciscanos.org.br\/vidacrista\/wp-json\/wp\/v2\/posts"}],"about":[{"href":"https:\/\/franciscanos.org.br\/vidacrista\/wp-json\/wp\/v2\/types\/post"}],"author":[{"embeddable":true,"href":"https:\/\/franciscanos.org.br\/vidacrista\/wp-json\/wp\/v2\/users\/10"}],"replies":[{"embeddable":true,"href":"https:\/\/franciscanos.org.br\/vidacrista\/wp-json\/wp\/v2\/comments?post=195722"}],"version-history":[{"count":2,"href":"https:\/\/franciscanos.org.br\/vidacrista\/wp-json\/wp\/v2\/posts\/195722\/revisions"}],"predecessor-version":[{"id":195726,"href":"https:\/\/franciscanos.org.br\/vidacrista\/wp-json\/wp\/v2\/posts\/195722\/revisions\/195726"}],"wp:featuredmedia":[{"embeddable":true,"href":"https:\/\/franciscanos.org.br\/vidacrista\/wp-json\/wp\/v2\/media\/195725"}],"wp:attachment":[{"href":"https:\/\/franciscanos.org.br\/vidacrista\/wp-json\/wp\/v2\/media?parent=195722"}],"wp:term":[{"taxonomy":"category","embeddable":true,"href":"https:\/\/franciscanos.org.br\/vidacrista\/wp-json\/wp\/v2\/categories?post=195722"},{"taxonomy":"post_tag","embeddable":true,"href":"https:\/\/franciscanos.org.br\/vidacrista\/wp-json\/wp\/v2\/tags?post=195722"}],"curies":[{"name":"wp","href":"https:\/\/api.w.org\/{rel}","templated":true}]}}