{"id":195715,"date":"2025-03-25T14:32:51","date_gmt":"2025-03-25T17:32:51","guid":{"rendered":"https:\/\/franciscanos.org.br\/vidacrista\/?p=195715"},"modified":"2025-03-25T14:42:49","modified_gmt":"2025-03-25T17:42:49","slug":"195715-2","status":"publish","type":"post","link":"https:\/\/franciscanos.org.br\/vidacrista\/195715-2\/","title":{"rendered":"Caminho de cruz, caminho de vida: Os frutos da Via-Sacra"},"content":{"rendered":"<p><img decoding=\"async\" loading=\"lazy\" class=\"aligncenter wp-image-195716 size-full\" src=\"https:\/\/franciscanos.org.br\/vidacrista\/wp-content\/uploads\/2025\/03\/ARTIGO-FREI-AUGUSTO-MATERIA.png\" alt=\"\" width=\"1280\" height=\"720\" srcset=\"https:\/\/franciscanos.org.br\/vidacrista\/wp-content\/uploads\/2025\/03\/ARTIGO-FREI-AUGUSTO-MATERIA.png 1280w, https:\/\/franciscanos.org.br\/vidacrista\/wp-content\/uploads\/2025\/03\/ARTIGO-FREI-AUGUSTO-MATERIA-450x253.png 450w, https:\/\/franciscanos.org.br\/vidacrista\/wp-content\/uploads\/2025\/03\/ARTIGO-FREI-AUGUSTO-MATERIA-1024x576.png 1024w, https:\/\/franciscanos.org.br\/vidacrista\/wp-content\/uploads\/2025\/03\/ARTIGO-FREI-AUGUSTO-MATERIA-768x432.png 768w, https:\/\/franciscanos.org.br\/vidacrista\/wp-content\/uploads\/2025\/03\/ARTIGO-FREI-AUGUSTO-MATERIA-150x84.png 150w\" sizes=\"(max-width: 1280px) 100vw, 1280px\" \/><\/p>\n<p>O tempo quaresmal nos convida a trilhar um caminho de convers\u00e3o, em que a pr\u00e1tica da medita\u00e7\u00e3o da Via Sacra se destaca como um caminho de profunda introspec\u00e7\u00e3o e f\u00e9. Este costume devocional, t\u00e3o enraizado na tradi\u00e7\u00e3o da Igreja, ressoa com a espiritualidade franciscana, que preza pela humildade, simplicidade, fraternidade e amor incondicional ao pr\u00f3ximo.<\/p>\n<p>Ao percorrermos os passos da Via Sacra, somos convidados a reviver a paix\u00e3o e o sofrimento de Cristo, transformando cada esta\u00e7\u00e3o em um espelho de nossas pr\u00f3prias lutas e esperan\u00e7as. Essa medita\u00e7\u00e3o permite-nos compreender que a cruz, longe de ser um mero s\u00edmbolo de dor, \u00e9 tamb\u00e9m um caminho de reden\u00e7\u00e3o, renova\u00e7\u00e3o e ressurrei\u00e7\u00e3o. Inspirados pelos ensinamentos de S\u00e3o Francisco de Assis, que encontrou na pobreza e na solidariedade a express\u00e3o m\u00e1xima do amor divino, aprendemos a ver na entrega e no sacrif\u00edcio um convite para a transforma\u00e7\u00e3o interior.<\/p>\n<p>O mist\u00e9rio da cruz, vivido intensamente por Francisco, tornou-se a for\u00e7a da prega\u00e7\u00e3o de seus filhos e fonte de renova\u00e7\u00e3o para a Igreja. Desde o primeiro encontro de Francisco com o Crucificado, na pequena Igreja de S\u00e3o Dami\u00e3o, a cruz estar\u00e1 sempre presente, no seguimento de Jesus Cristo, at\u00e9 a sua morte. Antes de receber os estigmas, ele rezou: \u201c\u00d3 Senhor meu Jesus Cristo, duas gra\u00e7as te pe\u00e7o que me fa\u00e7as antes que eu morra: a primeira \u00e9 que em vida eu sinta na alma e no corpo, quanto for poss\u00edvel, aquelas dores que tu, doce Jesus, suportaste na hora da tua cruel paix\u00e3o; a segunda \u00e9 que eu sinta no meu cora\u00e7\u00e3o, quanto for poss\u00edvel, aquele excessivo amor do qual tu, Filho de Deus, estavas inflamado para voluntariamente suportar uma tal paix\u00e3o por n\u00f3s pecadores\u201d.<\/p>\n<p>Entre os benef\u00edcios que colhemos ao meditar a Via Sacra, destaca-se o fortalecimento da vida de ora\u00e7\u00e3o e o aprofundamento do relacionamento com Deus. Cada passo neste itiner\u00e1rio nos leva a refletir sobre o mist\u00e9rio da salva\u00e7\u00e3o, encorajando-nos a cultivar a compaix\u00e3o e a caridade. Assim, a pr\u00e1tica se torna uma ferramenta para enfrentar as vicissitudes da vida com serenidade e esperan\u00e7a, renovando nosso compromisso com a justi\u00e7a e a fraternidade.<\/p>\n<p>Para vivenciar essa devo\u00e7\u00e3o com autenticidade, recomenda-se a cria\u00e7\u00e3o de um ambiente prop\u00edcio \u00e0 ora\u00e7\u00e3o: um espa\u00e7o silencioso, onde a alma possa encontrar ref\u00fagio e paz. A leitura dos textos lit\u00fargicos e dos escritos dos mestres franciscanos \u2014 como S\u00e3o Francisco de Assis e S\u00e3o Boaventura \u2014 pode enriquecer a medita\u00e7\u00e3o, oferecendo uma vis\u00e3o mais profunda dos mist\u00e9rios pascais. A repeti\u00e7\u00e3o das ora\u00e7\u00f5es e a contempla\u00e7\u00e3o em cada esta\u00e7\u00e3o ajudam a interiorizar a mensagem de amor e sacrif\u00edcio de Cristo, transformando a Quaresma em um per\u00edodo de verdadeiro renascimento espiritual. N\u00e3o se apresse; permita-se viver cada momento com plena presen\u00e7a e abertura, reconhecendo a cruz como um caminho de transforma\u00e7\u00e3o e esperan\u00e7a. Dessa forma, a medita\u00e7\u00e3o da Via Sacra se torna n\u00e3o apenas uma pr\u00e1tica devocional, mas um percurso de renova\u00e7\u00e3o espiritual e de profunda comunh\u00e3o com o Cristo Salvador.<\/p>\n<p>Em suma, a medita\u00e7\u00e3o da Via Sacra durante a Quaresma \u00e9 um convite \u00e0 transforma\u00e7\u00e3o pessoal. Ao unir a tradi\u00e7\u00e3o milenar da devo\u00e7\u00e3o com os ensinamentos franciscanos, somos conduzidos por um caminho que nos aproxima de Cristo e nos inspira a viver com mais generosidade, compaix\u00e3o e f\u00e9. \u00a0Desejo um bom tempo quaresmal a todos. Paz e Bem!<\/p>\n<hr \/>\n<p><em>Frei Augusto Luiz Gabriel<\/em><\/p>\n<p><em>Este artigo foi publicado originalmente na \u201cRevista Ave-Maria\u201d <strong><a href=\"https:\/\/franciscanos.org.br\/banca\/wp-content\/uploads\/2025\/03\/avemaria-marco2025-12-1.pdf\">(ACESSE)<\/a><\/strong><\/em><\/p>\n<p>&nbsp;<\/p>\n","protected":false},"excerpt":{"rendered":"<p>Frei Augusto Luiz Gabriel<\/p>\n","protected":false},"author":10,"featured_media":0,"comment_status":"open","ping_status":"open","sticky":false,"template":"","format":"standard","meta":{"footnotes":""},"categories":[26],"tags":[352,401],"yoast_head":"<!-- This site is optimized with the Yoast SEO plugin v19.4 - https:\/\/yoast.com\/wordpress\/plugins\/seo\/ -->\n<title>Caminho de cruz, caminho de vida: Os frutos da Via-Sacra - Vida Crist\u00e3 - Franciscanos<\/title>\n<meta name=\"robots\" content=\"index, follow, max-snippet:-1, max-image-preview:large, max-video-preview:-1\" \/>\n<link rel=\"canonical\" href=\"https:\/\/franciscanos.org.br\/vidacrista\/195715-2\/\" \/>\n<meta property=\"og:locale\" content=\"pt_BR\" \/>\n<meta property=\"og:type\" content=\"article\" \/>\n<meta property=\"og:title\" content=\"Caminho de cruz, caminho de vida: Os frutos da Via-Sacra - Vida Crist\u00e3 - Franciscanos\" \/>\n<meta property=\"og:description\" content=\"Frei Augusto Luiz Gabriel\" \/>\n<meta property=\"og:url\" content=\"https:\/\/franciscanos.org.br\/vidacrista\/195715-2\/\" \/>\n<meta property=\"og:site_name\" content=\"Vida Crist\u00e3 - Franciscanos\" \/>\n<meta property=\"article:published_time\" content=\"2025-03-25T17:32:51+00:00\" \/>\n<meta property=\"article:modified_time\" content=\"2025-03-25T17:42:49+00:00\" \/>\n<meta property=\"og:image\" content=\"https:\/\/franciscanos.org.br\/vidacrista\/wp-content\/uploads\/2025\/03\/ARTIGO-FREI-AUGUSTO-MATERIA.png\" \/>\n<meta name=\"author\" content=\"Adriana Rabelo\" \/>\n<meta name=\"twitter:card\" content=\"summary_large_image\" \/>\n<meta name=\"twitter:label1\" content=\"Escrito por\" \/>\n\t<meta name=\"twitter:data1\" content=\"Adriana Rabelo\" \/>\n\t<meta name=\"twitter:label2\" content=\"Est. tempo de leitura\" \/>\n\t<meta name=\"twitter:data2\" content=\"3 minutos\" \/>\n<script type=\"application\/ld+json\" class=\"yoast-schema-graph\">{\"@context\":\"https:\/\/schema.org\",\"@graph\":[{\"@type\":\"WebSite\",\"@id\":\"https:\/\/franciscanos.org.br\/vidacrista\/#website\",\"url\":\"https:\/\/franciscanos.org.br\/vidacrista\/\",\"name\":\"Vida Crist\u00e3 - Franciscanos\",\"description\":\"Prov\u00edncia Franciscana da Imaculada Concei\u00e7\u00e3o do Brasil - Ordem dos Frades Menores\",\"potentialAction\":[{\"@type\":\"SearchAction\",\"target\":{\"@type\":\"EntryPoint\",\"urlTemplate\":\"https:\/\/franciscanos.org.br\/vidacrista\/?s={search_term_string}\"},\"query-input\":\"required name=search_term_string\"}],\"inLanguage\":\"pt-BR\"},{\"@type\":\"WebPage\",\"@id\":\"https:\/\/franciscanos.org.br\/vidacrista\/195715-2\/\",\"url\":\"https:\/\/franciscanos.org.br\/vidacrista\/195715-2\/\",\"name\":\"Caminho de cruz, caminho de vida: Os frutos da Via-Sacra - Vida Crist\u00e3 - Franciscanos\",\"isPartOf\":{\"@id\":\"https:\/\/franciscanos.org.br\/vidacrista\/#website\"},\"datePublished\":\"2025-03-25T17:32:51+00:00\",\"dateModified\":\"2025-03-25T17:42:49+00:00\",\"author\":{\"@id\":\"https:\/\/franciscanos.org.br\/vidacrista\/#\/schema\/person\/a0cbb2edfc0aecf8ac498802d1cb57b5\"},\"breadcrumb\":{\"@id\":\"https:\/\/franciscanos.org.br\/vidacrista\/195715-2\/#breadcrumb\"},\"inLanguage\":\"pt-BR\",\"potentialAction\":[{\"@type\":\"ReadAction\",\"target\":[\"https:\/\/franciscanos.org.br\/vidacrista\/195715-2\/\"]}]},{\"@type\":\"BreadcrumbList\",\"@id\":\"https:\/\/franciscanos.org.br\/vidacrista\/195715-2\/#breadcrumb\",\"itemListElement\":[{\"@type\":\"ListItem\",\"position\":1,\"name\":\"Home\",\"item\":\"https:\/\/franciscanos.org.br\/vidacrista\/\"},{\"@type\":\"ListItem\",\"position\":2,\"name\":\"Caminho de cruz, caminho de vida: Os frutos da Via-Sacra\"}]},{\"@type\":\"Person\",\"@id\":\"https:\/\/franciscanos.org.br\/vidacrista\/#\/schema\/person\/a0cbb2edfc0aecf8ac498802d1cb57b5\",\"name\":\"Adriana Rabelo\",\"image\":{\"@type\":\"ImageObject\",\"inLanguage\":\"pt-BR\",\"@id\":\"https:\/\/franciscanos.org.br\/vidacrista\/#\/schema\/person\/image\/\",\"url\":\"https:\/\/secure.gravatar.com\/avatar\/0a937b7500cd7df77540cfb8bede877d?s=96&d=mm&r=g\",\"contentUrl\":\"https:\/\/secure.gravatar.com\/avatar\/0a937b7500cd7df77540cfb8bede877d?s=96&d=mm&r=g\",\"caption\":\"Adriana Rabelo\"},\"url\":\"https:\/\/franciscanos.org.br\/vidacrista\/author\/adrianarabelo\/\"}]}<\/script>\n<!-- \/ Yoast SEO plugin. -->","yoast_head_json":{"title":"Caminho de cruz, caminho de vida: Os frutos da Via-Sacra - Vida Crist\u00e3 - Franciscanos","robots":{"index":"index","follow":"follow","max-snippet":"max-snippet:-1","max-image-preview":"max-image-preview:large","max-video-preview":"max-video-preview:-1"},"canonical":"https:\/\/franciscanos.org.br\/vidacrista\/195715-2\/","og_locale":"pt_BR","og_type":"article","og_title":"Caminho de cruz, caminho de vida: Os frutos da Via-Sacra - Vida Crist\u00e3 - Franciscanos","og_description":"Frei Augusto Luiz Gabriel","og_url":"https:\/\/franciscanos.org.br\/vidacrista\/195715-2\/","og_site_name":"Vida Crist\u00e3 - Franciscanos","article_published_time":"2025-03-25T17:32:51+00:00","article_modified_time":"2025-03-25T17:42:49+00:00","og_image":[{"url":"https:\/\/franciscanos.org.br\/vidacrista\/wp-content\/uploads\/2025\/03\/ARTIGO-FREI-AUGUSTO-MATERIA.png"}],"author":"Adriana Rabelo","twitter_card":"summary_large_image","twitter_misc":{"Escrito por":"Adriana Rabelo","Est. tempo de leitura":"3 minutos"},"schema":{"@context":"https:\/\/schema.org","@graph":[{"@type":"WebSite","@id":"https:\/\/franciscanos.org.br\/vidacrista\/#website","url":"https:\/\/franciscanos.org.br\/vidacrista\/","name":"Vida Crist\u00e3 - Franciscanos","description":"Prov\u00edncia Franciscana da Imaculada Concei\u00e7\u00e3o do Brasil - Ordem dos Frades Menores","potentialAction":[{"@type":"SearchAction","target":{"@type":"EntryPoint","urlTemplate":"https:\/\/franciscanos.org.br\/vidacrista\/?s={search_term_string}"},"query-input":"required name=search_term_string"}],"inLanguage":"pt-BR"},{"@type":"WebPage","@id":"https:\/\/franciscanos.org.br\/vidacrista\/195715-2\/","url":"https:\/\/franciscanos.org.br\/vidacrista\/195715-2\/","name":"Caminho de cruz, caminho de vida: Os frutos da Via-Sacra - Vida Crist\u00e3 - Franciscanos","isPartOf":{"@id":"https:\/\/franciscanos.org.br\/vidacrista\/#website"},"datePublished":"2025-03-25T17:32:51+00:00","dateModified":"2025-03-25T17:42:49+00:00","author":{"@id":"https:\/\/franciscanos.org.br\/vidacrista\/#\/schema\/person\/a0cbb2edfc0aecf8ac498802d1cb57b5"},"breadcrumb":{"@id":"https:\/\/franciscanos.org.br\/vidacrista\/195715-2\/#breadcrumb"},"inLanguage":"pt-BR","potentialAction":[{"@type":"ReadAction","target":["https:\/\/franciscanos.org.br\/vidacrista\/195715-2\/"]}]},{"@type":"BreadcrumbList","@id":"https:\/\/franciscanos.org.br\/vidacrista\/195715-2\/#breadcrumb","itemListElement":[{"@type":"ListItem","position":1,"name":"Home","item":"https:\/\/franciscanos.org.br\/vidacrista\/"},{"@type":"ListItem","position":2,"name":"Caminho de cruz, caminho de vida: Os frutos da Via-Sacra"}]},{"@type":"Person","@id":"https:\/\/franciscanos.org.br\/vidacrista\/#\/schema\/person\/a0cbb2edfc0aecf8ac498802d1cb57b5","name":"Adriana Rabelo","image":{"@type":"ImageObject","inLanguage":"pt-BR","@id":"https:\/\/franciscanos.org.br\/vidacrista\/#\/schema\/person\/image\/","url":"https:\/\/secure.gravatar.com\/avatar\/0a937b7500cd7df77540cfb8bede877d?s=96&d=mm&r=g","contentUrl":"https:\/\/secure.gravatar.com\/avatar\/0a937b7500cd7df77540cfb8bede877d?s=96&d=mm&r=g","caption":"Adriana Rabelo"},"url":"https:\/\/franciscanos.org.br\/vidacrista\/author\/adrianarabelo\/"}]}},"_links":{"self":[{"href":"https:\/\/franciscanos.org.br\/vidacrista\/wp-json\/wp\/v2\/posts\/195715"}],"collection":[{"href":"https:\/\/franciscanos.org.br\/vidacrista\/wp-json\/wp\/v2\/posts"}],"about":[{"href":"https:\/\/franciscanos.org.br\/vidacrista\/wp-json\/wp\/v2\/types\/post"}],"author":[{"embeddable":true,"href":"https:\/\/franciscanos.org.br\/vidacrista\/wp-json\/wp\/v2\/users\/10"}],"replies":[{"embeddable":true,"href":"https:\/\/franciscanos.org.br\/vidacrista\/wp-json\/wp\/v2\/comments?post=195715"}],"version-history":[{"count":5,"href":"https:\/\/franciscanos.org.br\/vidacrista\/wp-json\/wp\/v2\/posts\/195715\/revisions"}],"predecessor-version":[{"id":195721,"href":"https:\/\/franciscanos.org.br\/vidacrista\/wp-json\/wp\/v2\/posts\/195715\/revisions\/195721"}],"wp:attachment":[{"href":"https:\/\/franciscanos.org.br\/vidacrista\/wp-json\/wp\/v2\/media?parent=195715"}],"wp:term":[{"taxonomy":"category","embeddable":true,"href":"https:\/\/franciscanos.org.br\/vidacrista\/wp-json\/wp\/v2\/categories?post=195715"},{"taxonomy":"post_tag","embeddable":true,"href":"https:\/\/franciscanos.org.br\/vidacrista\/wp-json\/wp\/v2\/tags?post=195715"}],"curies":[{"name":"wp","href":"https:\/\/api.w.org\/{rel}","templated":true}]}}