{"id":195707,"date":"2025-03-24T08:25:38","date_gmt":"2025-03-24T11:25:38","guid":{"rendered":"https:\/\/franciscanos.org.br\/vidacrista\/?p=195707"},"modified":"2025-03-24T08:31:16","modified_gmt":"2025-03-24T11:31:16","slug":"biblia-apocrifa-segundo-testamento","status":"publish","type":"post","link":"https:\/\/franciscanos.org.br\/vidacrista\/biblia-apocrifa-segundo-testamento\/","title":{"rendered":"B\u00edblia Ap\u00f3crifa- Segundo Testamento"},"content":{"rendered":"<p><img decoding=\"async\" loading=\"lazy\" class=\"aligncenter wp-image-195708 size-full\" src=\"https:\/\/franciscanos.org.br\/vidacrista\/wp-content\/uploads\/2025\/03\/Sem-Titulo-1.png\" alt=\"\" width=\"1280\" height=\"720\" srcset=\"https:\/\/franciscanos.org.br\/vidacrista\/wp-content\/uploads\/2025\/03\/Sem-Titulo-1.png 1280w, https:\/\/franciscanos.org.br\/vidacrista\/wp-content\/uploads\/2025\/03\/Sem-Titulo-1-450x253.png 450w, https:\/\/franciscanos.org.br\/vidacrista\/wp-content\/uploads\/2025\/03\/Sem-Titulo-1-1024x576.png 1024w, https:\/\/franciscanos.org.br\/vidacrista\/wp-content\/uploads\/2025\/03\/Sem-Titulo-1-768x432.png 768w, https:\/\/franciscanos.org.br\/vidacrista\/wp-content\/uploads\/2025\/03\/Sem-Titulo-1-150x84.png 150w\" sizes=\"(max-width: 1280px) 100vw, 1280px\" \/><\/p>\n<p>Os crist\u00e3os e judeus consideram a B\u00edblia como livro sagrado. Os cat\u00f3licos consideram como inspirados 73 livros, e os evang\u00e9licos, 66. Voc\u00ea sabia que h\u00e1 mais de 180 livros que ficaram fora da lista oficial que a Igreja reconheceu como inspirados? Entre eles, 140 s\u00e3o do Novo Testamento, os quais foram escritos no final do s\u00e9culo I e, sobretudo, no s\u00e9culo II, com o objetivo de acrescentar, esclarecer ou contrapor ensinamentos sobre Jesus e seus seguidores. Os ap\u00f3crifos do Novo Testamento podem ser classificados, em rela\u00e7\u00e3o aos can\u00f4nicos, como aberrantes (exagerados), complementares e alternativos.<\/p>\n<p>Com o objetivo de poder ajudar a compreender esses textos e dialogar ecumenicamente com essa literatura de origem, publiquei <em>B\u00edblia Ap\u00f3crifa: Segundo Testamento <\/em>(ed. Vozes)<sup>1<\/sup>. \u00a0Ela \u00e9 o resultado de mais duas d\u00e9cadas de pesquisa, per\u00edodo na qual publiquei alguns livros sobre os ap\u00f3crifos. S\u00e3o 784 p\u00e1ginas de f\u00e9, presente numa literatura pouco conhecida do grande p\u00fablico. A tradu\u00e7\u00e3o apresentada baseia-se em textos origin\u00e1rios em suas diversas tradu\u00e7\u00f5es para as l\u00ednguas modernas.<\/p>\n<p>Essa obra \u00e9 uma B\u00edblia, pois ela \u00e9 tamb\u00e9m uma cole\u00e7\u00e3o de 67 livros, traduzidos e comentados de forma acess\u00edvel ao estudo e ao contato com a f\u00e9 de origem. Ela apresenta tamb\u00e9m informa\u00e7\u00f5es sobre 38 outros textos e fragmentos ap\u00f3crifos. Os livros foram chamados de Segundo, e n\u00e3o de Novo Testamento, por uma quest\u00e3o de di\u00e1logo e respeito como os nossos irm\u00e3os judeus.<\/p>\n<p>Ap\u00f3crifo \u00e9 a tradu\u00e7\u00e3o do termo grego \u201c<em>apokryphos<\/em>\u201d e significa escondido, oculto, isto \u00e9, no caso, livro utilizado, lido de forma escondida. Seria a <em>B\u00edblia Ap\u00f3crifa<\/em> outra B\u00edblia? Sim e n\u00e3o! Como apresenta\u00e7\u00e3o de um pensamento diferenciado, \u00e9, sim, outra B\u00edblia, mas, em rela\u00e7\u00e3o a seu objetivo, que \u00e9 o de dialogar com os v\u00e1rios cristianismos de origem, n\u00e3o. Ela \u00e9 um convite ao di\u00e1logo e amadurecimento na f\u00e9, bem como o de levar o leitor (a) a compreender a revela\u00e7\u00e3o do Esp\u00edrito Santo na oralidade da f\u00e9, na catequese que chegou at\u00e9 os nossos dias.<\/p>\n<p>Para que isso fique bem claro, a obra inicia com grande introdu\u00e7\u00e3o \u00e0 B\u00edblia Can\u00f4nica e \u00e0 B\u00edblia Ap\u00f3crifa. Na sequ\u00eancia, a tradu\u00e7\u00e3o dos ap\u00f3crifos do Segundo Testamento est\u00e1 distribu\u00edda da seguinte forma:<\/p>\n<ul>\n<li>Cinco Evangelhos do nascimento e inf\u00e2ncia de Jesus (Segundo Pseudo-Tom\u00e9, Inf\u00e2ncia do Salvador&#8230;).<\/li>\n<li>Seis Evangelhos sobre Maria (livro do Descanso, Protoevangelho de Tiago&#8230;).<\/li>\n<li>Um Evangelho sobre S\u00e3o Jos\u00e9 (Hist\u00f3ria de Jos\u00e9, o Carpinteiro).<\/li>\n<li>Cinco Evangelhos da Paix\u00e3o, morte e ressurrei\u00e7\u00e3o de Jesus (Senten\u00e7a de Pilatos, Descida de Cristo aos infernos, Evangelhos Segundo Pedro&#8230;).<\/li>\n<li>6 Evangelhos gn\u00f3sticos (Evangelho de Maria Madalena, Evangelho de Tom\u00e9, Evangelho de Judas Iscariotes&#8230;).<\/li>\n<li>Oito Hist\u00f3ria de Pilatos (Relat\u00f3rio de Pilatos a C\u00e9sar, Vingan\u00e7a do Salvador, Morte de Pilatos&#8230;).<\/li>\n<li>Catorze Atos dos Ap\u00f3stolos (Atos de Andr\u00e9, Atos de S\u00e3o Judas Tadeu, A filha de Pedro&#8230;).<\/li>\n<li>Dezoito Cartas (Carta dos Cor\u00edntios a Paulo, Carta de Paulo aos Laodicences, Cartas entre Paulo e S\u00eaneca&#8230;).<\/li>\n<li>Quatro Apocalipses (Apocalipse de Paulo, Apocalipse de Tom\u00e9&#8230;).<\/li>\n<\/ul>\n<p><iframe loading=\"lazy\" title=\"B\u00edblia Ap\u00f3crifa: Segundo Testamento\" width=\"500\" height=\"281\" src=\"https:\/\/www.youtube.com\/embed\/tbDXBM6ulmI?start=9&#038;feature=oembed\" frameborder=\"0\" allow=\"accelerometer; autoplay; clipboard-write; encrypted-media; gyroscope; picture-in-picture; web-share\" referrerpolicy=\"strict-origin-when-cross-origin\" allowfullscreen><\/iframe><\/p>\n<p>No in\u00edcio de cada livro ap\u00f3crifo, h\u00e1 um coment\u00e1rio com as principais informa\u00e7\u00f5es sobre seus contextos hist\u00f3rico e liter\u00e1rio. \u00c9 importante ressaltar, dentre outros pontos, que os ap\u00f3crifos do Segundo Testamento:<\/p>\n<ul>\n<li>Resgatam a face dos cristianismos perdidos ou exclu\u00eddos, possibilitando-nos o conhecimento dessas correntes de pensamento condenadas ao ostracismo, nas quais poderiam estar tra\u00e7os do pensamento de Jesus que foram afastados pelo cristianismo que se tornou hegem\u00f4nico.<\/li>\n<li>Eles tamb\u00e9m revelam a luta desenfreada pelo poder, nos prim\u00f3rdios do cristianismo, entre suas lideran\u00e7as. Nesse sentido, os ap\u00f3crifos, sobretudo os gn\u00f3sticos, evidenciam o papel, a lideran\u00e7a da mulher na era apost\u00f3lica. Maria Madalena \u00e9 o melhor exemplo.<\/li>\n<li>Oferecem elementos da catequese n\u00e3o propriamente her\u00e9tica dos primeiros crist\u00e3os, ainda hoje presentes no imagin\u00e1rio popular, espelho de uma f\u00e9 simples, piedosa e devocional em rela\u00e7\u00e3o a Maria, por exemplo, os quais serviram de base para dogmas de f\u00e9 na Igreja.<\/li>\n<li>Influenciaram a arte e a literatura crist\u00e3 na Idade M\u00e9dia e Moderna como a <em>Legenda \u00e1urea<\/em>, de Jacopo de Varezze, e a <em>Divina Com\u00e9dia<\/em>, de Dante, as pinturas nas igrejas romanas, com imagens inspiradas nos ap\u00f3crifos, e tantas outras obras, evidenciando o encontro inevit\u00e1vel entre o evangelho e a cultura, mesmo na sua condi\u00e7\u00e3o de escrito n\u00e3o can\u00f4nico.<\/li>\n<li>Verdade ou n\u00e3o, os ap\u00f3crifos do Segundo Testamento respondem quest\u00f5es que os can\u00f4nicos n\u00e3o conseguiram.<\/li>\n<\/ul>\n<p><em>B\u00edblia Ap\u00f3crifa \u2013 Segundo Testamento<\/em>, por mais pol\u00eamica que seja, abre um canal de di\u00e1logo com os valores crist\u00e3os de ontem e de hoje.<\/p>\n<hr \/>\n<p><em>Frei Jacir de Freitas Faria <\/em><\/p>\n","protected":false},"excerpt":{"rendered":"<p>Frei Jacir de Freitas Faria<\/p>\n","protected":false},"author":10,"featured_media":195709,"comment_status":"open","ping_status":"open","sticky":false,"template":"","format":"standard","meta":{"footnotes":""},"categories":[26],"tags":[43],"yoast_head":"<!-- This site is optimized with the Yoast SEO plugin v19.4 - https:\/\/yoast.com\/wordpress\/plugins\/seo\/ -->\n<title>B\u00edblia Ap\u00f3crifa- Segundo Testamento - Vida Crist\u00e3 - Franciscanos<\/title>\n<meta name=\"robots\" content=\"index, follow, max-snippet:-1, max-image-preview:large, max-video-preview:-1\" \/>\n<link rel=\"canonical\" href=\"https:\/\/franciscanos.org.br\/vidacrista\/biblia-apocrifa-segundo-testamento\/\" \/>\n<meta property=\"og:locale\" content=\"pt_BR\" \/>\n<meta property=\"og:type\" content=\"article\" \/>\n<meta property=\"og:title\" content=\"B\u00edblia Ap\u00f3crifa- Segundo Testamento - Vida Crist\u00e3 - Franciscanos\" \/>\n<meta property=\"og:description\" content=\"Frei Jacir de Freitas Faria\" \/>\n<meta property=\"og:url\" content=\"https:\/\/franciscanos.org.br\/vidacrista\/biblia-apocrifa-segundo-testamento\/\" \/>\n<meta property=\"og:site_name\" content=\"Vida Crist\u00e3 - Franciscanos\" \/>\n<meta property=\"article:published_time\" content=\"2025-03-24T11:25:38+00:00\" \/>\n<meta property=\"article:modified_time\" content=\"2025-03-24T11:31:16+00:00\" \/>\n<meta property=\"og:image\" content=\"https:\/\/franciscanos.org.br\/vidacrista\/wp-content\/uploads\/2025\/03\/frei-jacir-Chamada.png\" \/>\n\t<meta property=\"og:image:width\" content=\"800\" \/>\n\t<meta property=\"og:image:height\" content=\"550\" \/>\n\t<meta property=\"og:image:type\" content=\"image\/png\" \/>\n<meta name=\"author\" content=\"Adriana Rabelo\" \/>\n<meta name=\"twitter:card\" content=\"summary_large_image\" \/>\n<meta name=\"twitter:label1\" content=\"Escrito por\" \/>\n\t<meta name=\"twitter:data1\" content=\"Adriana Rabelo\" \/>\n\t<meta name=\"twitter:label2\" content=\"Est. tempo de leitura\" \/>\n\t<meta name=\"twitter:data2\" content=\"4 minutos\" \/>\n<script type=\"application\/ld+json\" class=\"yoast-schema-graph\">{\"@context\":\"https:\/\/schema.org\",\"@graph\":[{\"@type\":\"WebSite\",\"@id\":\"https:\/\/franciscanos.org.br\/vidacrista\/#website\",\"url\":\"https:\/\/franciscanos.org.br\/vidacrista\/\",\"name\":\"Vida Crist\u00e3 - Franciscanos\",\"description\":\"Prov\u00edncia Franciscana da Imaculada Concei\u00e7\u00e3o do Brasil - Ordem dos Frades Menores\",\"potentialAction\":[{\"@type\":\"SearchAction\",\"target\":{\"@type\":\"EntryPoint\",\"urlTemplate\":\"https:\/\/franciscanos.org.br\/vidacrista\/?s={search_term_string}\"},\"query-input\":\"required name=search_term_string\"}],\"inLanguage\":\"pt-BR\"},{\"@type\":\"WebPage\",\"@id\":\"https:\/\/franciscanos.org.br\/vidacrista\/biblia-apocrifa-segundo-testamento\/\",\"url\":\"https:\/\/franciscanos.org.br\/vidacrista\/biblia-apocrifa-segundo-testamento\/\",\"name\":\"B\u00edblia Ap\u00f3crifa- Segundo Testamento - Vida Crist\u00e3 - Franciscanos\",\"isPartOf\":{\"@id\":\"https:\/\/franciscanos.org.br\/vidacrista\/#website\"},\"datePublished\":\"2025-03-24T11:25:38+00:00\",\"dateModified\":\"2025-03-24T11:31:16+00:00\",\"author\":{\"@id\":\"https:\/\/franciscanos.org.br\/vidacrista\/#\/schema\/person\/a0cbb2edfc0aecf8ac498802d1cb57b5\"},\"breadcrumb\":{\"@id\":\"https:\/\/franciscanos.org.br\/vidacrista\/biblia-apocrifa-segundo-testamento\/#breadcrumb\"},\"inLanguage\":\"pt-BR\",\"potentialAction\":[{\"@type\":\"ReadAction\",\"target\":[\"https:\/\/franciscanos.org.br\/vidacrista\/biblia-apocrifa-segundo-testamento\/\"]}]},{\"@type\":\"BreadcrumbList\",\"@id\":\"https:\/\/franciscanos.org.br\/vidacrista\/biblia-apocrifa-segundo-testamento\/#breadcrumb\",\"itemListElement\":[{\"@type\":\"ListItem\",\"position\":1,\"name\":\"Home\",\"item\":\"https:\/\/franciscanos.org.br\/vidacrista\/\"},{\"@type\":\"ListItem\",\"position\":2,\"name\":\"B\u00edblia Ap\u00f3crifa- Segundo Testamento\"}]},{\"@type\":\"Person\",\"@id\":\"https:\/\/franciscanos.org.br\/vidacrista\/#\/schema\/person\/a0cbb2edfc0aecf8ac498802d1cb57b5\",\"name\":\"Adriana Rabelo\",\"image\":{\"@type\":\"ImageObject\",\"inLanguage\":\"pt-BR\",\"@id\":\"https:\/\/franciscanos.org.br\/vidacrista\/#\/schema\/person\/image\/\",\"url\":\"https:\/\/secure.gravatar.com\/avatar\/0a937b7500cd7df77540cfb8bede877d?s=96&d=mm&r=g\",\"contentUrl\":\"https:\/\/secure.gravatar.com\/avatar\/0a937b7500cd7df77540cfb8bede877d?s=96&d=mm&r=g\",\"caption\":\"Adriana Rabelo\"},\"url\":\"https:\/\/franciscanos.org.br\/vidacrista\/author\/adrianarabelo\/\"}]}<\/script>\n<!-- \/ Yoast SEO plugin. -->","yoast_head_json":{"title":"B\u00edblia Ap\u00f3crifa- Segundo Testamento - Vida Crist\u00e3 - Franciscanos","robots":{"index":"index","follow":"follow","max-snippet":"max-snippet:-1","max-image-preview":"max-image-preview:large","max-video-preview":"max-video-preview:-1"},"canonical":"https:\/\/franciscanos.org.br\/vidacrista\/biblia-apocrifa-segundo-testamento\/","og_locale":"pt_BR","og_type":"article","og_title":"B\u00edblia Ap\u00f3crifa- Segundo Testamento - Vida Crist\u00e3 - Franciscanos","og_description":"Frei Jacir de Freitas Faria","og_url":"https:\/\/franciscanos.org.br\/vidacrista\/biblia-apocrifa-segundo-testamento\/","og_site_name":"Vida Crist\u00e3 - Franciscanos","article_published_time":"2025-03-24T11:25:38+00:00","article_modified_time":"2025-03-24T11:31:16+00:00","og_image":[{"width":800,"height":550,"url":"https:\/\/franciscanos.org.br\/vidacrista\/wp-content\/uploads\/2025\/03\/frei-jacir-Chamada.png","type":"image\/png"}],"author":"Adriana Rabelo","twitter_card":"summary_large_image","twitter_misc":{"Escrito por":"Adriana Rabelo","Est. tempo de leitura":"4 minutos"},"schema":{"@context":"https:\/\/schema.org","@graph":[{"@type":"WebSite","@id":"https:\/\/franciscanos.org.br\/vidacrista\/#website","url":"https:\/\/franciscanos.org.br\/vidacrista\/","name":"Vida Crist\u00e3 - Franciscanos","description":"Prov\u00edncia Franciscana da Imaculada Concei\u00e7\u00e3o do Brasil - Ordem dos Frades Menores","potentialAction":[{"@type":"SearchAction","target":{"@type":"EntryPoint","urlTemplate":"https:\/\/franciscanos.org.br\/vidacrista\/?s={search_term_string}"},"query-input":"required name=search_term_string"}],"inLanguage":"pt-BR"},{"@type":"WebPage","@id":"https:\/\/franciscanos.org.br\/vidacrista\/biblia-apocrifa-segundo-testamento\/","url":"https:\/\/franciscanos.org.br\/vidacrista\/biblia-apocrifa-segundo-testamento\/","name":"B\u00edblia Ap\u00f3crifa- Segundo Testamento - Vida Crist\u00e3 - Franciscanos","isPartOf":{"@id":"https:\/\/franciscanos.org.br\/vidacrista\/#website"},"datePublished":"2025-03-24T11:25:38+00:00","dateModified":"2025-03-24T11:31:16+00:00","author":{"@id":"https:\/\/franciscanos.org.br\/vidacrista\/#\/schema\/person\/a0cbb2edfc0aecf8ac498802d1cb57b5"},"breadcrumb":{"@id":"https:\/\/franciscanos.org.br\/vidacrista\/biblia-apocrifa-segundo-testamento\/#breadcrumb"},"inLanguage":"pt-BR","potentialAction":[{"@type":"ReadAction","target":["https:\/\/franciscanos.org.br\/vidacrista\/biblia-apocrifa-segundo-testamento\/"]}]},{"@type":"BreadcrumbList","@id":"https:\/\/franciscanos.org.br\/vidacrista\/biblia-apocrifa-segundo-testamento\/#breadcrumb","itemListElement":[{"@type":"ListItem","position":1,"name":"Home","item":"https:\/\/franciscanos.org.br\/vidacrista\/"},{"@type":"ListItem","position":2,"name":"B\u00edblia Ap\u00f3crifa- Segundo Testamento"}]},{"@type":"Person","@id":"https:\/\/franciscanos.org.br\/vidacrista\/#\/schema\/person\/a0cbb2edfc0aecf8ac498802d1cb57b5","name":"Adriana Rabelo","image":{"@type":"ImageObject","inLanguage":"pt-BR","@id":"https:\/\/franciscanos.org.br\/vidacrista\/#\/schema\/person\/image\/","url":"https:\/\/secure.gravatar.com\/avatar\/0a937b7500cd7df77540cfb8bede877d?s=96&d=mm&r=g","contentUrl":"https:\/\/secure.gravatar.com\/avatar\/0a937b7500cd7df77540cfb8bede877d?s=96&d=mm&r=g","caption":"Adriana Rabelo"},"url":"https:\/\/franciscanos.org.br\/vidacrista\/author\/adrianarabelo\/"}]}},"_links":{"self":[{"href":"https:\/\/franciscanos.org.br\/vidacrista\/wp-json\/wp\/v2\/posts\/195707"}],"collection":[{"href":"https:\/\/franciscanos.org.br\/vidacrista\/wp-json\/wp\/v2\/posts"}],"about":[{"href":"https:\/\/franciscanos.org.br\/vidacrista\/wp-json\/wp\/v2\/types\/post"}],"author":[{"embeddable":true,"href":"https:\/\/franciscanos.org.br\/vidacrista\/wp-json\/wp\/v2\/users\/10"}],"replies":[{"embeddable":true,"href":"https:\/\/franciscanos.org.br\/vidacrista\/wp-json\/wp\/v2\/comments?post=195707"}],"version-history":[{"count":4,"href":"https:\/\/franciscanos.org.br\/vidacrista\/wp-json\/wp\/v2\/posts\/195707\/revisions"}],"predecessor-version":[{"id":195714,"href":"https:\/\/franciscanos.org.br\/vidacrista\/wp-json\/wp\/v2\/posts\/195707\/revisions\/195714"}],"wp:featuredmedia":[{"embeddable":true,"href":"https:\/\/franciscanos.org.br\/vidacrista\/wp-json\/wp\/v2\/media\/195709"}],"wp:attachment":[{"href":"https:\/\/franciscanos.org.br\/vidacrista\/wp-json\/wp\/v2\/media?parent=195707"}],"wp:term":[{"taxonomy":"category","embeddable":true,"href":"https:\/\/franciscanos.org.br\/vidacrista\/wp-json\/wp\/v2\/categories?post=195707"},{"taxonomy":"post_tag","embeddable":true,"href":"https:\/\/franciscanos.org.br\/vidacrista\/wp-json\/wp\/v2\/tags?post=195707"}],"curies":[{"name":"wp","href":"https:\/\/api.w.org\/{rel}","templated":true}]}}