{"id":195674,"date":"2025-03-14T16:45:16","date_gmt":"2025-03-14T19:45:16","guid":{"rendered":"https:\/\/franciscanos.org.br\/vidacrista\/?p=195674"},"modified":"2025-03-14T17:15:01","modified_gmt":"2025-03-14T20:15:01","slug":"quaresma-e-campanha-da-fraternidade-um-peregrinar-de-esperanca-para-um-novo-ceu-e-nova-terra","status":"publish","type":"post","link":"https:\/\/franciscanos.org.br\/vidacrista\/quaresma-e-campanha-da-fraternidade-um-peregrinar-de-esperanca-para-um-novo-ceu-e-nova-terra\/","title":{"rendered":"Quaresma e Campanha da Fraternidade: Um peregrinar de Esperan\u00e7a para um novo c\u00e9u e nova terra"},"content":{"rendered":"<p><img decoding=\"async\" loading=\"lazy\" class=\"aligncenter wp-image-195675 size-full\" src=\"https:\/\/franciscanos.org.br\/vidacrista\/wp-content\/uploads\/2025\/03\/materia-fidencio.jpg\" alt=\"\" width=\"1280\" height=\"720\" srcset=\"https:\/\/franciscanos.org.br\/vidacrista\/wp-content\/uploads\/2025\/03\/materia-fidencio.jpg 1280w, https:\/\/franciscanos.org.br\/vidacrista\/wp-content\/uploads\/2025\/03\/materia-fidencio-450x253.jpg 450w, https:\/\/franciscanos.org.br\/vidacrista\/wp-content\/uploads\/2025\/03\/materia-fidencio-1024x576.jpg 1024w, https:\/\/franciscanos.org.br\/vidacrista\/wp-content\/uploads\/2025\/03\/materia-fidencio-768x432.jpg 768w, https:\/\/franciscanos.org.br\/vidacrista\/wp-content\/uploads\/2025\/03\/materia-fidencio-150x84.jpg 150w\" sizes=\"(max-width: 1280px) 100vw, 1280px\" \/><\/p>\n<p>A Quaresma \u00e9 um tempo forte da vida de toda a Igreja no qual todos somos convidados a empreender um caminho penitencial de 46 dias, assinalado pelo esp\u00edrito da ora\u00e7\u00e3o, do jejum e da esmola (caridade fraterna). \u00c9 um tempo \u201cfavor\u00e1vel\u201d para todos, como se anuncia na Quarta-Feira de Cinzas, pois est\u00e1 em jogo a hist\u00f3ria salv\u00edfica de toda a humanidade e, por conseguinte, da inteira cria\u00e7\u00e3o. Neste caminho quaresmal necessitamos estar atentos \u00e0 Palavra de Deus que nos remete para a hist\u00f3ria da salva\u00e7\u00e3o narrada no Antigo Testamento, como ressalta a pessoa de Nosso Senhor Jesus Cristo no seu caminho pascal (Paix\u00e3o, Morte e Ressurei\u00e7\u00e3o). Logo, \u00e9 a Palavra de Deus meditada e contemplada na\u00a0<em>ora\u00e7\u00e3o\u00a0<\/em>que nos transforma mediante sadias atitudes penitenciais, simbolizados no\u00a0<em>jejum<\/em>\u00a0e, consequentemente, nos inspira e motiva a obras concretas de miseric\u00f3rdia, compaix\u00e3o e caridade simbolizados na\u00a0<em>esmola<\/em>.<\/p>\n<p>Neste itiner\u00e1rio quaresmal, em comunh\u00e3o com toda a Igreja no\u00a0<em>Caminho de Esperan\u00e7a<\/em>, o Conselho Episcopal Pastoral da CNBB escolheu uma bel\u00edssima tem\u00e1tica para a Campanha de Fraternidade deste ano de 2025:\u00a0<strong><em>Fraternidade e Ecologia Integral<\/em><\/strong>\u00a0com seu lema:\u00a0<em>\u201c<strong>Deus viu que tudo era muito bom<\/strong>\u201d\u00a0<\/em>(Gn1,31). Qual a motiva\u00e7\u00e3o deste tema?<\/p>\n<p>A primeira motiva\u00e7\u00e3o vem da pr\u00f3pria Igreja que, neste ano, celebra o Jubileu Ordin\u00e1rio de 2025. Mediante a Bula\u00a0<em>Spes non confundit<\/em>\u00a0(A esperan\u00e7a n\u00e3o decepciona), o Papa Francisco nos alerta \u00e0 necessidade de estarmos atentos ao risco do imediatismo imposto pelo mundo digital (\u2018<em>aqui e agora\u2019<\/em>) para novamente abrir o cora\u00e7\u00e3o \u00e0 admira\u00e7\u00e3o da vida, da altern\u00e2ncia das esta\u00e7\u00f5es, das flores e frutos no seu respectivo tempo, como os olhos da alma de S\u00e3o Francisco de Assis ao compor, h\u00e1 exatamente 800 anos, o C\u00e2ntico das Criaturas (cf. Bula n. 4). Que os sinais de esperan\u00e7a, a come\u00e7ar pela paz, passem pela transmiss\u00e3o dos valores da vida, concretizem os sonhos dos jovens, se voltem \u00e0s pessoas privadas de liberdade, aliviem o sofrimento das enfermas e seus cuidadores, fortale\u00e7a a esperan\u00e7a da p\u00e1tria aos migrantes, refugiados e exilados, alivie a solid\u00e3o dos idosos e, que cessem as ondas do empobrecimento para que a M\u00e3e Terra possa acolher a todos com o mesmo respeito e dignidade, pois ela \u00e9 a verdadeira \u201cm\u00e3e que nos sustenta e governa\u201d (cf. Bula n.\u00a0 7-15).<\/p>\n<p>A esta motiva\u00e7\u00e3o do Ano Santo, tamb\u00e9m fazemos mem\u00f3ria dos 10 anos de publica\u00e7\u00e3o da Carta Enc\u00edclica\u00a0Laudato\u00a0Si\u2019 e, mais recentemente, da Exorta\u00e7\u00e3o Apost\u00f3lica\u00a0Laudate\u00a0Deum<em>.\u00a0<\/em>Se Quaresma \u00e9 tempo de convers\u00e3o e penit\u00eancia, a provoca\u00e7\u00e3o do tema da Campanha da Fraternidade de 2025 deseja ajudar-nos a sair de um poss\u00edvel intimismo espiritual e narcisista para conduzir-nos pela Palavra de Deus a uma verdadeira\u00a0<strong>convers\u00e3o ecol\u00f3gica integral<\/strong>, onde todos somos convocados a dar nossa contribui\u00e7\u00e3o \u00e0 crise social e ecol\u00f3gica e, vivificados no Esp\u00edrito do Criador, renovar a face da terra, a nossa Casa Comum, onde tudo est\u00e1 interligado. Os fen\u00f4menos e desastres clim\u00e1ticos, o risco da sustentabilidade da pr\u00f3pria Cria\u00e7\u00e3o, a morte da biodiversidade, a alta produ\u00e7\u00e3o de dejetos poluidores que criminosamente s\u00e3o lan\u00e7ados na \u00e1gua, na terra e no ar, devem alertar-nos a um exame de consci\u00eancia e fazer de cora\u00e7\u00e3o sincero nosso \u201c<em>mea-culpa<\/em>\u201d.<\/p>\n<p>Se n\u00f3s, criaturas humanas, fomos colocados pelo Criador a um estado de excel\u00eancia no mundo criado, nem sempre nos posicionamos como filhos e filhas, principalmente quando nos \u201cdeleitamos nos v\u00edcios e pecados\u201d. Francisco de Assis, o cantador impar do Deus-Criador que se revela em todas as criaturas, nos convida a estarmos mais atentos, isto \u00e9, a prestar aten\u00e7\u00e3o \u00e0 nossa grandeza, mas tamb\u00e9m \u00e0s nossas fragilidades. Por isso, com a sua sabedoria e grandeza de alma, nos admoesta: \u201cTodas as criaturas que h\u00e1 sob o c\u00e9u, \u00e0 sua maneira, servem, reconhecem e obedecem ao seu Criador melhor do que tu\u201d (cf. Admoesta\u00e7\u00f5es V,2). A maior gl\u00f3ria da criatura humana n\u00e3o est\u00e1 no ensimesmamento, na autorreferencialidade, mas quando somos capazes de \u201cgloriar-nos em nossas fraquezas e em carregar cada dia a santa\u00a0<em>cruz<\/em>\u00a0de Nosso Senhor Jesus Cristo\u201d (Adm V,8).<\/p>\n<p>As biografias de S\u00e3o Francisco de Assis, especialmente a Compila\u00e7\u00e3o de Assis, narram que o Pobre de Deus, depois de ter carregado a cruz de Nosso Senhor Jesus Cristo e ter chagado com ela ao \u00e1pice da perfei\u00e7\u00e3o do Evangelho, retorna a Assis. Na sua terra natal ele \u00e9 recolhido numa choupana ao lado da Igreja de S\u00e3o Dami\u00e3o, onde se encontrava Clara de Assis e suas Irm\u00e3s. Ali, em meio \u00e0 mis\u00e9ria e pobreza da choupana, sofre no corpo a dor suplicada no Monte Alverne, associada \u00e0 dor que aflige a sua alma. Em uma noite, em meio \u00e0s dores e desconfortos, da quase cegueira e ferimentos das chagas, faz a experi\u00eancia do perd\u00e3o e da reconcilia\u00e7\u00e3o. Nasce ali, neste ch\u00e3o da convers\u00e3o inicial (\u201c<em>Vai, Francisco, e restaura a minha Igreja\u201d<\/em>), o\u00a0<strong><em>C\u00e2ntico das Criaturas<\/em><\/strong>, fruto de um cora\u00e7\u00e3o amadurecido no amor, na dor e no vigor do Evangelho.<\/p>\n<p>E o bi\u00f3grafo da Compila\u00e7\u00e3o de Assis deixou-nos a heran\u00e7a de uma preciosa p\u00e9rola quaresmal para a nossa medita\u00e7\u00e3o, ora\u00e7\u00e3o e convers\u00e3o espiritual e ecol\u00f3gica. Relata que Francisco, em meio \u00e0 dor do corpo e da alegria na alma por sentir-se confortado pelo Senhor, comp\u00f5e o novo\u00a0<strong>\u201c<em>Louvor do Senhor pelas suas criaturas de que nos servimos a cada dia, sem as quais n\u00e3o podemos viver e nas quais o g\u00eanero humano muito ofende o Criador e doador de todos os bens<\/em>\u201d (CA 83,21-22)<\/strong>.<\/p>\n<p>Convers\u00e3o \u00e9 colocar-nos como irm\u00e3o\/irm\u00e3 ao lado de todas as criaturas para com eles\u00a0<em>servir, reconhecer e obedecer ao seu Criador<\/em>\u00a0e, com Francisco, convidar toda a cria\u00e7\u00e3o para o hino da Ressurrei\u00e7\u00e3o de um novo c\u00e9u e de uma nova terra:\u00a0<em>\u201cNa\u00e7\u00f5es todas, batei palmas, aclamai a Deus com gritos de exulta\u00e7\u00e3o\u2026 Alegram-se os c\u00e9us, e exulte a terra, comovam-se os mares e tudo o que eles encerram, regozijar-se-\u00e3o os campos e tudo o que neles existe. Cantai-lhe um c\u00e2ntico novo, canta ao Senhor a terra inteira\u201d\u00a0<\/em>(Of\u00edcio da Paix\u00e3o, VII). Sim,\u00a0<strong>\u201c<em>louvado sejas, meu Senhor, com todas as tuas criaturas<\/em>\u201d<\/strong>.<\/p>\n<hr \/>\n<p><em>Frei Fid\u00eancio Vanboemmel<\/em><\/p>\n<h3><strong>Este texto tamb\u00e9m est\u00e1 dispon\u00edvel no Especial para a Quaresma. <a href=\"https:\/\/franciscanos.org.br\/vidacrista\/especiais\/quaresma-tempo-de-conversao-2\/#gsc.tab=0\">Acesse<\/a><\/strong><\/h3>\n","protected":false},"excerpt":{"rendered":"<p>Frei Fid\u00eancio Vanboemmel<\/p>\n","protected":false},"author":10,"featured_media":195676,"comment_status":"open","ping_status":"open","sticky":false,"template":"","format":"standard","meta":{"footnotes":""},"categories":[26],"tags":[255],"yoast_head":"<!-- This site is optimized with the Yoast SEO plugin v19.4 - https:\/\/yoast.com\/wordpress\/plugins\/seo\/ -->\n<title>Quaresma e Campanha da Fraternidade: Um peregrinar de Esperan\u00e7a para um novo c\u00e9u e nova terra - Vida Crist\u00e3 - Franciscanos<\/title>\n<meta name=\"robots\" content=\"index, follow, max-snippet:-1, max-image-preview:large, max-video-preview:-1\" \/>\n<link rel=\"canonical\" href=\"https:\/\/franciscanos.org.br\/vidacrista\/quaresma-e-campanha-da-fraternidade-um-peregrinar-de-esperanca-para-um-novo-ceu-e-nova-terra\/\" \/>\n<meta property=\"og:locale\" content=\"pt_BR\" \/>\n<meta property=\"og:type\" content=\"article\" \/>\n<meta property=\"og:title\" content=\"Quaresma e Campanha da Fraternidade: Um peregrinar de Esperan\u00e7a para um novo c\u00e9u e nova terra - Vida Crist\u00e3 - Franciscanos\" \/>\n<meta property=\"og:description\" content=\"Frei Fid\u00eancio Vanboemmel\" \/>\n<meta property=\"og:url\" content=\"https:\/\/franciscanos.org.br\/vidacrista\/quaresma-e-campanha-da-fraternidade-um-peregrinar-de-esperanca-para-um-novo-ceu-e-nova-terra\/\" \/>\n<meta property=\"og:site_name\" content=\"Vida Crist\u00e3 - Franciscanos\" \/>\n<meta property=\"article:published_time\" content=\"2025-03-14T19:45:16+00:00\" \/>\n<meta property=\"article:modified_time\" content=\"2025-03-14T20:15:01+00:00\" \/>\n<meta property=\"og:image\" content=\"https:\/\/franciscanos.org.br\/vidacrista\/wp-content\/uploads\/2025\/03\/chamada-fidencio.jpg\" \/>\n\t<meta property=\"og:image:width\" content=\"800\" \/>\n\t<meta property=\"og:image:height\" content=\"550\" \/>\n\t<meta property=\"og:image:type\" content=\"image\/jpeg\" \/>\n<meta name=\"author\" content=\"Adriana Rabelo\" \/>\n<meta name=\"twitter:card\" content=\"summary_large_image\" \/>\n<meta name=\"twitter:label1\" content=\"Escrito por\" \/>\n\t<meta name=\"twitter:data1\" content=\"Adriana Rabelo\" \/>\n\t<meta name=\"twitter:label2\" content=\"Est. tempo de leitura\" \/>\n\t<meta name=\"twitter:data2\" content=\"6 minutos\" \/>\n<script type=\"application\/ld+json\" class=\"yoast-schema-graph\">{\"@context\":\"https:\/\/schema.org\",\"@graph\":[{\"@type\":\"WebSite\",\"@id\":\"https:\/\/franciscanos.org.br\/vidacrista\/#website\",\"url\":\"https:\/\/franciscanos.org.br\/vidacrista\/\",\"name\":\"Vida Crist\u00e3 - Franciscanos\",\"description\":\"Prov\u00edncia Franciscana da Imaculada Concei\u00e7\u00e3o do Brasil - Ordem dos Frades Menores\",\"potentialAction\":[{\"@type\":\"SearchAction\",\"target\":{\"@type\":\"EntryPoint\",\"urlTemplate\":\"https:\/\/franciscanos.org.br\/vidacrista\/?s={search_term_string}\"},\"query-input\":\"required name=search_term_string\"}],\"inLanguage\":\"pt-BR\"},{\"@type\":\"WebPage\",\"@id\":\"https:\/\/franciscanos.org.br\/vidacrista\/quaresma-e-campanha-da-fraternidade-um-peregrinar-de-esperanca-para-um-novo-ceu-e-nova-terra\/\",\"url\":\"https:\/\/franciscanos.org.br\/vidacrista\/quaresma-e-campanha-da-fraternidade-um-peregrinar-de-esperanca-para-um-novo-ceu-e-nova-terra\/\",\"name\":\"Quaresma e Campanha da Fraternidade: Um peregrinar de Esperan\u00e7a para um novo c\u00e9u e nova terra - Vida Crist\u00e3 - Franciscanos\",\"isPartOf\":{\"@id\":\"https:\/\/franciscanos.org.br\/vidacrista\/#website\"},\"datePublished\":\"2025-03-14T19:45:16+00:00\",\"dateModified\":\"2025-03-14T20:15:01+00:00\",\"author\":{\"@id\":\"https:\/\/franciscanos.org.br\/vidacrista\/#\/schema\/person\/a0cbb2edfc0aecf8ac498802d1cb57b5\"},\"breadcrumb\":{\"@id\":\"https:\/\/franciscanos.org.br\/vidacrista\/quaresma-e-campanha-da-fraternidade-um-peregrinar-de-esperanca-para-um-novo-ceu-e-nova-terra\/#breadcrumb\"},\"inLanguage\":\"pt-BR\",\"potentialAction\":[{\"@type\":\"ReadAction\",\"target\":[\"https:\/\/franciscanos.org.br\/vidacrista\/quaresma-e-campanha-da-fraternidade-um-peregrinar-de-esperanca-para-um-novo-ceu-e-nova-terra\/\"]}]},{\"@type\":\"BreadcrumbList\",\"@id\":\"https:\/\/franciscanos.org.br\/vidacrista\/quaresma-e-campanha-da-fraternidade-um-peregrinar-de-esperanca-para-um-novo-ceu-e-nova-terra\/#breadcrumb\",\"itemListElement\":[{\"@type\":\"ListItem\",\"position\":1,\"name\":\"Home\",\"item\":\"https:\/\/franciscanos.org.br\/vidacrista\/\"},{\"@type\":\"ListItem\",\"position\":2,\"name\":\"Quaresma e Campanha da Fraternidade: Um peregrinar de Esperan\u00e7a para um novo c\u00e9u e nova terra\"}]},{\"@type\":\"Person\",\"@id\":\"https:\/\/franciscanos.org.br\/vidacrista\/#\/schema\/person\/a0cbb2edfc0aecf8ac498802d1cb57b5\",\"name\":\"Adriana Rabelo\",\"image\":{\"@type\":\"ImageObject\",\"inLanguage\":\"pt-BR\",\"@id\":\"https:\/\/franciscanos.org.br\/vidacrista\/#\/schema\/person\/image\/\",\"url\":\"https:\/\/secure.gravatar.com\/avatar\/0a937b7500cd7df77540cfb8bede877d?s=96&d=mm&r=g\",\"contentUrl\":\"https:\/\/secure.gravatar.com\/avatar\/0a937b7500cd7df77540cfb8bede877d?s=96&d=mm&r=g\",\"caption\":\"Adriana Rabelo\"},\"url\":\"https:\/\/franciscanos.org.br\/vidacrista\/author\/adrianarabelo\/\"}]}<\/script>\n<!-- \/ Yoast SEO plugin. -->","yoast_head_json":{"title":"Quaresma e Campanha da Fraternidade: Um peregrinar de Esperan\u00e7a para um novo c\u00e9u e nova terra - Vida Crist\u00e3 - Franciscanos","robots":{"index":"index","follow":"follow","max-snippet":"max-snippet:-1","max-image-preview":"max-image-preview:large","max-video-preview":"max-video-preview:-1"},"canonical":"https:\/\/franciscanos.org.br\/vidacrista\/quaresma-e-campanha-da-fraternidade-um-peregrinar-de-esperanca-para-um-novo-ceu-e-nova-terra\/","og_locale":"pt_BR","og_type":"article","og_title":"Quaresma e Campanha da Fraternidade: Um peregrinar de Esperan\u00e7a para um novo c\u00e9u e nova terra - Vida Crist\u00e3 - Franciscanos","og_description":"Frei Fid\u00eancio Vanboemmel","og_url":"https:\/\/franciscanos.org.br\/vidacrista\/quaresma-e-campanha-da-fraternidade-um-peregrinar-de-esperanca-para-um-novo-ceu-e-nova-terra\/","og_site_name":"Vida Crist\u00e3 - Franciscanos","article_published_time":"2025-03-14T19:45:16+00:00","article_modified_time":"2025-03-14T20:15:01+00:00","og_image":[{"width":800,"height":550,"url":"https:\/\/franciscanos.org.br\/vidacrista\/wp-content\/uploads\/2025\/03\/chamada-fidencio.jpg","type":"image\/jpeg"}],"author":"Adriana Rabelo","twitter_card":"summary_large_image","twitter_misc":{"Escrito por":"Adriana Rabelo","Est. tempo de leitura":"6 minutos"},"schema":{"@context":"https:\/\/schema.org","@graph":[{"@type":"WebSite","@id":"https:\/\/franciscanos.org.br\/vidacrista\/#website","url":"https:\/\/franciscanos.org.br\/vidacrista\/","name":"Vida Crist\u00e3 - Franciscanos","description":"Prov\u00edncia Franciscana da Imaculada Concei\u00e7\u00e3o do Brasil - Ordem dos Frades Menores","potentialAction":[{"@type":"SearchAction","target":{"@type":"EntryPoint","urlTemplate":"https:\/\/franciscanos.org.br\/vidacrista\/?s={search_term_string}"},"query-input":"required name=search_term_string"}],"inLanguage":"pt-BR"},{"@type":"WebPage","@id":"https:\/\/franciscanos.org.br\/vidacrista\/quaresma-e-campanha-da-fraternidade-um-peregrinar-de-esperanca-para-um-novo-ceu-e-nova-terra\/","url":"https:\/\/franciscanos.org.br\/vidacrista\/quaresma-e-campanha-da-fraternidade-um-peregrinar-de-esperanca-para-um-novo-ceu-e-nova-terra\/","name":"Quaresma e Campanha da Fraternidade: Um peregrinar de Esperan\u00e7a para um novo c\u00e9u e nova terra - Vida Crist\u00e3 - Franciscanos","isPartOf":{"@id":"https:\/\/franciscanos.org.br\/vidacrista\/#website"},"datePublished":"2025-03-14T19:45:16+00:00","dateModified":"2025-03-14T20:15:01+00:00","author":{"@id":"https:\/\/franciscanos.org.br\/vidacrista\/#\/schema\/person\/a0cbb2edfc0aecf8ac498802d1cb57b5"},"breadcrumb":{"@id":"https:\/\/franciscanos.org.br\/vidacrista\/quaresma-e-campanha-da-fraternidade-um-peregrinar-de-esperanca-para-um-novo-ceu-e-nova-terra\/#breadcrumb"},"inLanguage":"pt-BR","potentialAction":[{"@type":"ReadAction","target":["https:\/\/franciscanos.org.br\/vidacrista\/quaresma-e-campanha-da-fraternidade-um-peregrinar-de-esperanca-para-um-novo-ceu-e-nova-terra\/"]}]},{"@type":"BreadcrumbList","@id":"https:\/\/franciscanos.org.br\/vidacrista\/quaresma-e-campanha-da-fraternidade-um-peregrinar-de-esperanca-para-um-novo-ceu-e-nova-terra\/#breadcrumb","itemListElement":[{"@type":"ListItem","position":1,"name":"Home","item":"https:\/\/franciscanos.org.br\/vidacrista\/"},{"@type":"ListItem","position":2,"name":"Quaresma e Campanha da Fraternidade: Um peregrinar de Esperan\u00e7a para um novo c\u00e9u e nova terra"}]},{"@type":"Person","@id":"https:\/\/franciscanos.org.br\/vidacrista\/#\/schema\/person\/a0cbb2edfc0aecf8ac498802d1cb57b5","name":"Adriana Rabelo","image":{"@type":"ImageObject","inLanguage":"pt-BR","@id":"https:\/\/franciscanos.org.br\/vidacrista\/#\/schema\/person\/image\/","url":"https:\/\/secure.gravatar.com\/avatar\/0a937b7500cd7df77540cfb8bede877d?s=96&d=mm&r=g","contentUrl":"https:\/\/secure.gravatar.com\/avatar\/0a937b7500cd7df77540cfb8bede877d?s=96&d=mm&r=g","caption":"Adriana Rabelo"},"url":"https:\/\/franciscanos.org.br\/vidacrista\/author\/adrianarabelo\/"}]}},"_links":{"self":[{"href":"https:\/\/franciscanos.org.br\/vidacrista\/wp-json\/wp\/v2\/posts\/195674"}],"collection":[{"href":"https:\/\/franciscanos.org.br\/vidacrista\/wp-json\/wp\/v2\/posts"}],"about":[{"href":"https:\/\/franciscanos.org.br\/vidacrista\/wp-json\/wp\/v2\/types\/post"}],"author":[{"embeddable":true,"href":"https:\/\/franciscanos.org.br\/vidacrista\/wp-json\/wp\/v2\/users\/10"}],"replies":[{"embeddable":true,"href":"https:\/\/franciscanos.org.br\/vidacrista\/wp-json\/wp\/v2\/comments?post=195674"}],"version-history":[{"count":3,"href":"https:\/\/franciscanos.org.br\/vidacrista\/wp-json\/wp\/v2\/posts\/195674\/revisions"}],"predecessor-version":[{"id":195679,"href":"https:\/\/franciscanos.org.br\/vidacrista\/wp-json\/wp\/v2\/posts\/195674\/revisions\/195679"}],"wp:featuredmedia":[{"embeddable":true,"href":"https:\/\/franciscanos.org.br\/vidacrista\/wp-json\/wp\/v2\/media\/195676"}],"wp:attachment":[{"href":"https:\/\/franciscanos.org.br\/vidacrista\/wp-json\/wp\/v2\/media?parent=195674"}],"wp:term":[{"taxonomy":"category","embeddable":true,"href":"https:\/\/franciscanos.org.br\/vidacrista\/wp-json\/wp\/v2\/categories?post=195674"},{"taxonomy":"post_tag","embeddable":true,"href":"https:\/\/franciscanos.org.br\/vidacrista\/wp-json\/wp\/v2\/tags?post=195674"}],"curies":[{"name":"wp","href":"https:\/\/api.w.org\/{rel}","templated":true}]}}