{"id":195616,"date":"2025-02-28T15:31:02","date_gmt":"2025-02-28T18:31:02","guid":{"rendered":"https:\/\/franciscanos.org.br\/vidacrista\/?p=195616"},"modified":"2025-03-20T14:31:08","modified_gmt":"2025-03-20T17:31:08","slug":"por-uma-ecologia-integral-social-humana-e-o-poder-de-cuidar-e-matar","status":"publish","type":"post","link":"https:\/\/franciscanos.org.br\/vidacrista\/por-uma-ecologia-integral-social-humana-e-o-poder-de-cuidar-e-matar\/","title":{"rendered":"Por uma ecologia integral, social, humana e o poder de cuidar e matar!"},"content":{"rendered":"<p><img decoding=\"async\" loading=\"lazy\" class=\"aligncenter wp-image-195618 size-full\" src=\"https:\/\/franciscanos.org.br\/vidacrista\/wp-content\/uploads\/2025\/02\/Sem-Titulo-1.jpg\" alt=\"\" width=\"1280\" height=\"720\" srcset=\"https:\/\/franciscanos.org.br\/vidacrista\/wp-content\/uploads\/2025\/02\/Sem-Titulo-1.jpg 1280w, https:\/\/franciscanos.org.br\/vidacrista\/wp-content\/uploads\/2025\/02\/Sem-Titulo-1-450x253.jpg 450w, https:\/\/franciscanos.org.br\/vidacrista\/wp-content\/uploads\/2025\/02\/Sem-Titulo-1-1024x576.jpg 1024w, https:\/\/franciscanos.org.br\/vidacrista\/wp-content\/uploads\/2025\/02\/Sem-Titulo-1-768x432.jpg 768w, https:\/\/franciscanos.org.br\/vidacrista\/wp-content\/uploads\/2025\/02\/Sem-Titulo-1-150x84.jpg 150w\" sizes=\"(max-width: 1280px) 100vw, 1280px\" \/><\/p>\n<p><em>\u201cE Deus viu que tudo era bom\u201d <\/em>(Gn1,31). \u201cO fruto mostra o cultivo da \u00e1rvore\u201d (Eclo 27,6).<\/p>\n<p><em>\u00a0<\/em>A quaresma, tempo de convers\u00e3o pessoal e social, est\u00e1 pr\u00f3xima. Para a convers\u00e3o social, a Igreja prop\u00f5e a Campanha da Fraternidade. Neste ano, o tema \u00e9 Fraternidade e a Ecologia integral. E o lema \u201cDeus viu que tudo era muito bom\u201d (Gn 1,31). \u00a0O objetivo geral da Campanha da Fraternidade \u00e9 levar-nos a refletir sobre a crise socioambiental, num processo de convers\u00e3o integral, ouvindo o grito dos pobres e da terra e buscando alternativas para a superar essa grave crise social. Somos convocados a voltar \u00e0 origem da cria\u00e7\u00e3o e assumir a nossa fun\u00e7\u00e3o de guardi\u00e3o do planeta, nossa casa comum. Por que a escolha dessa tem\u00e1tica? H\u00e1 algo de errado na natureza ou no ser humano? Deus n\u00e3o fez tudo e viu que tudo era bom?<\/p>\n<p>Tomemos como ponto de partida os textos b\u00edblicos de Eclo 27,6 que afirma: \u201cO fruto mostra o cultivo da \u00e1rvore\u201d, e de Lc 6, 43-45 que diz: \u201cN\u00e3o h\u00e1 \u00e1rvore boa que d\u00ea fruto mau, e nem \u00e1rvore m\u00e1 que d\u00ea fruto bom. N\u00e3o se colhem figos de espinheiros, nem se vindimam uvas de sar\u00e7as. Do cora\u00e7\u00e3o do ser humano bom tira o que \u00e9 bom, mas do mau tira o que \u00e9 mau\u201d. Permita-me acrescentar ainda o texto de Eclo 17,1-6: \u201cDa terra Deus criou o ser humano, e o formou \u00e0 sua imagem. E \u00e0 terra o faz voltar novamente, embora o tenha revestido de poder, semelhante ao seu. Concedeu-lhe dias contados e tempo determinado, deu-lhe autoridade sobre tudo o que est\u00e1 sobre a terra. Em todo ser vivo infundiu a rever\u00eancia ao ser humano, dando-lhe o poder de reger as feras e os p\u00e1ssaros. Deu aos seres humanos discernimento, l\u00edngua, olhos, ouvidos, e um cora\u00e7\u00e3o para pensar; encheu-os de intelig\u00eancia e de sabedoria. Deu-lhes ainda a ci\u00eancia do esp\u00edrito, encheu o seu cora\u00e7\u00e3o de bom senso e mostrou-lhes o bem e o mal\u201d.<\/p>\n<p>Da an\u00e1lise dessas passagens b\u00edblicas resulta que o ser humano tem poder sobre tudo o que est\u00e1 sobre a terra. \u00c1rvore boa, frutos bons! Ser humano bom, cuidado! Ser humano mau, destrui\u00e7\u00e3o da natureza! E ainda tem a quest\u00e3o do poder do ser humano. Para que ele serve? Para dominar ou reger a cria\u00e7\u00e3o. Sem d\u00favida, reger como um bom maestro rege a sua orquestra.<\/p>\n<p>O Papa Francisco, na enc\u00edclica <em>Fratelli Tutti<\/em> (<em>Todos somos irm\u00e3os<\/em>), chama a aten\u00e7\u00e3o para a urg\u00eancia de repensar a quest\u00e3o do poder do ser humano, o qual n\u00e3o s\u00f3 pode provocar uma grande extin\u00e7\u00e3o em massa de diversas formas de vida, como tamb\u00e9m de destruir o pr\u00f3prio planeta, a casa comum da humanidade e de todas as formas de vida.\u00a0A raiz da crise ecol\u00f3gica est\u00e1 no ser humano. Para o Papa Francisco, precisamos cuidar da vida, pois tudo est\u00e1 interligado numa irmandade, assim como pensavam o medieval S\u00e3o Francisco de Assis e os povos origin\u00e1rios, os quais tinham uma vis\u00e3o m\u00edstica e humanista na rela\u00e7\u00e3o com a natureza.<\/p>\n<p>Ainda sobre o poder, h\u00e1 de se considerar que a rela\u00e7\u00e3o de poder foi diferente nas culturas. Os eg\u00edpcios queriam o poder da imortalidade; os gregos, o da democracia; os romanos, o da lei; os crist\u00e3os da Idade M\u00e9dia, o de ser santo; a sociedade mercantilista, o poder da ci\u00eancia e do ter para consumir. Esse \u00faltimo est\u00e1gio trouxe graves consequ\u00eancias para a humanidade. Hoje, somos mais de 8 bilh\u00f5es de pessoas querendo ter. O padr\u00e3o consumo est\u00e1 universal. N\u00e3o h\u00e1 limites para ter! Por isso, o tema da ecologia integral \u00e9 t\u00e3o pertinente. Mudemos o rumo de nossa hist\u00f3ria ecol\u00f3gica ou afundaremos num lama\u00e7al sem sa\u00edda.<\/p>\n<p><iframe loading=\"lazy\" title=\"Reflex\u00e3o b\u00edblica - 8\u00b0 domingo do tempo comum (02\/03\/2025)\" width=\"500\" height=\"281\" src=\"https:\/\/www.youtube.com\/embed\/Ti-sqHSQZCo?feature=oembed\" frameborder=\"0\" allow=\"accelerometer; autoplay; clipboard-write; encrypted-media; gyroscope; picture-in-picture; web-share\" referrerpolicy=\"strict-origin-when-cross-origin\" allowfullscreen><\/iframe><\/p>\n<p>As an\u00e1lises e previs\u00f5es t\u00e9cnicas para o planeta apontam caminhos n\u00e3o muito positivos para as pr\u00f3ximas gera\u00e7\u00f5es. N\u00e3o h\u00e1 esperan\u00e7a, pois o aquecimento global e as mudan\u00e7as clim\u00e1ticas s\u00e3o mais graves do que as previs\u00f5es feitas anos atr\u00e1s. Cidades podem ser varridas do mapa geogr\u00e1fico por causa do assustador e incontrol\u00e1vel degelo, resultado do avan\u00e7o dos mares. A degrada\u00e7\u00e3o do planeta segue veloz. Cat\u00e1strofes, como a recente no Rio Grande do Sul e a Covid 19, assustam e matam. Constante diminui\u00e7\u00e3o de \u00e1reas \u00famidas e f\u00e9rteis com consequente desertifica\u00e7\u00e3o. Da mesma forma, os desmatamentos continuam e, principalmente, o consumo de combust\u00edveis f\u00f3sseis. A economia insiste num crescimento permanente para o consumo. A causa de tudo isso est\u00e1, como afirma o Texto-Base da Campanha da Fraternidade, \u201cno modelo de desenvolvimento capitalista\u201d.<\/p>\n<p>Caso n\u00e3o mudem os rumos da humanidade para uma ecologia integral, o futuro do ser humano poder\u00e1 ser o da extin\u00e7\u00e3o, fruto de um suic\u00eddio coletivo que degrada as condi\u00e7\u00f5es prop\u00edcias para a vida em todas as suas formas. O planeta terra, dom de Deus, tem mostrado sinais evidentes de esgotamento. H\u00e1 um grito da terra por cuidados que poucos ouvem!<\/p>\n<p>Como ensina o mito da cria\u00e7\u00e3o, refor\u00e7ado pela sabedoria do autor do livro do Eclesi\u00e1stico, a nossa miss\u00e3o \u00e9 cuidar da terra, da natureza, dos animais, de todo ser criado por Deus. Cuidado \u00e9 o princ\u00edpio fundamental para iniciarmos o processo de mudan\u00e7a, abandonando a ambi\u00e7\u00e3o pelo lucro e o consumo sem limites. Cuidar \u00e9 divino, \u00e9 sagrado, \u00e9 ordem do Criador.\u00a0 \u00c9 preciso impor limites ao ser humano! Crime contra a natureza \u00e9 crime contra n\u00f3s mesmos. \u00c9 preciso uma mudan\u00e7a de mentalidade e de pr\u00e1ticas. Faltam pol\u00edticas p\u00fablicas que favore\u00e7am os empobrecidos e que n\u00e3o fa\u00e7am da nossa casa comum e seus bens um neg\u00f3cio de compra e venda. Essa quebra do projeto de Deus, que consiste na rela\u00e7\u00e3o de interc\u00e2mbio entre o ser humano e a natureza, \u00e9 um atentado contra a cria\u00e7\u00e3o de Deus.<\/p>\n<p>Por fim, o tempo da quaresma deve despertar em n\u00f3s atitudes de ecologia integral, na qual o meio ambiente, a cultura e cotidiano das pessoas estejam integrados. O que isso significa? Que nas cidades sejam desenvolvidos planejamentos urbanos que absorvam a \u00e1gua. Que saibamos cuidar dos animais, das aves e dos vegetais. Que valorizemos a cultura de nossos povos. Que lutemos contra a pobreza que impede o acesso ao alimento de milh\u00f5es de seres humanos. Que plantemos mais \u00e1rvores para evitar o calor extremo e o aquecimento global. Que superemos o desejo de consumismo. Que tomemos consci\u00eancia do desperd\u00edcio de \u00e1gua. Que apoiemos a agricultura familiar. Que possamos dizer n\u00e3o aos projetos pol\u00edticos que destroem o planeta com minera\u00e7\u00e3o, agrot\u00f3xicos etc.<\/p>\n<p>Conheceremos o fruto da \u00e1rvore pela a\u00e7\u00e3o do seu cuidador. \u00c9 tempo de cuidar das pessoas, do planeta e de nossa vida espiritual. Boa quaresma! Boa revis\u00e3o de vida! Boas pr\u00e1ticas ecol\u00f3gicas!<\/p>\n<hr \/>\n<p><em>Frei Jacir de Freitas Faria<\/em><\/p>\n","protected":false},"excerpt":{"rendered":"<p>Frei Jacir de Freitas Faria <\/p>\n","protected":false},"author":10,"featured_media":195620,"comment_status":"open","ping_status":"open","sticky":false,"template":"","format":"standard","meta":{"footnotes":""},"categories":[26],"tags":[43],"yoast_head":"<!-- This site is optimized with the Yoast SEO plugin v19.4 - https:\/\/yoast.com\/wordpress\/plugins\/seo\/ -->\n<title>Por uma ecologia integral, social, humana e o poder de cuidar e matar! - Vida Crist\u00e3 - Franciscanos<\/title>\n<meta name=\"robots\" content=\"index, follow, max-snippet:-1, max-image-preview:large, max-video-preview:-1\" \/>\n<link rel=\"canonical\" href=\"https:\/\/franciscanos.org.br\/vidacrista\/por-uma-ecologia-integral-social-humana-e-o-poder-de-cuidar-e-matar\/\" \/>\n<meta property=\"og:locale\" content=\"pt_BR\" \/>\n<meta property=\"og:type\" content=\"article\" \/>\n<meta property=\"og:title\" content=\"Por uma ecologia integral, social, humana e o poder de cuidar e matar! - Vida Crist\u00e3 - Franciscanos\" \/>\n<meta property=\"og:description\" content=\"Frei Jacir de Freitas Faria\" \/>\n<meta property=\"og:url\" content=\"https:\/\/franciscanos.org.br\/vidacrista\/por-uma-ecologia-integral-social-humana-e-o-poder-de-cuidar-e-matar\/\" \/>\n<meta property=\"og:site_name\" content=\"Vida Crist\u00e3 - Franciscanos\" \/>\n<meta property=\"article:published_time\" content=\"2025-02-28T18:31:02+00:00\" \/>\n<meta property=\"article:modified_time\" content=\"2025-03-20T17:31:08+00:00\" \/>\n<meta property=\"og:image\" content=\"https:\/\/franciscanos.org.br\/vidacrista\/wp-content\/uploads\/2025\/02\/chamada-frei-Jacir.jpg\" \/>\n\t<meta property=\"og:image:width\" content=\"800\" \/>\n\t<meta property=\"og:image:height\" content=\"550\" \/>\n\t<meta property=\"og:image:type\" content=\"image\/jpeg\" \/>\n<meta name=\"author\" content=\"Adriana Rabelo\" \/>\n<meta name=\"twitter:card\" content=\"summary_large_image\" \/>\n<meta name=\"twitter:label1\" content=\"Escrito por\" \/>\n\t<meta name=\"twitter:data1\" content=\"Adriana Rabelo\" \/>\n\t<meta name=\"twitter:label2\" content=\"Est. tempo de leitura\" \/>\n\t<meta name=\"twitter:data2\" content=\"6 minutos\" \/>\n<script type=\"application\/ld+json\" class=\"yoast-schema-graph\">{\"@context\":\"https:\/\/schema.org\",\"@graph\":[{\"@type\":\"WebSite\",\"@id\":\"https:\/\/franciscanos.org.br\/vidacrista\/#website\",\"url\":\"https:\/\/franciscanos.org.br\/vidacrista\/\",\"name\":\"Vida Crist\u00e3 - Franciscanos\",\"description\":\"Prov\u00edncia Franciscana da Imaculada Concei\u00e7\u00e3o do Brasil - Ordem dos Frades Menores\",\"potentialAction\":[{\"@type\":\"SearchAction\",\"target\":{\"@type\":\"EntryPoint\",\"urlTemplate\":\"https:\/\/franciscanos.org.br\/vidacrista\/?s={search_term_string}\"},\"query-input\":\"required name=search_term_string\"}],\"inLanguage\":\"pt-BR\"},{\"@type\":\"WebPage\",\"@id\":\"https:\/\/franciscanos.org.br\/vidacrista\/por-uma-ecologia-integral-social-humana-e-o-poder-de-cuidar-e-matar\/\",\"url\":\"https:\/\/franciscanos.org.br\/vidacrista\/por-uma-ecologia-integral-social-humana-e-o-poder-de-cuidar-e-matar\/\",\"name\":\"Por uma ecologia integral, social, humana e o poder de cuidar e matar! - Vida Crist\u00e3 - Franciscanos\",\"isPartOf\":{\"@id\":\"https:\/\/franciscanos.org.br\/vidacrista\/#website\"},\"datePublished\":\"2025-02-28T18:31:02+00:00\",\"dateModified\":\"2025-03-20T17:31:08+00:00\",\"author\":{\"@id\":\"https:\/\/franciscanos.org.br\/vidacrista\/#\/schema\/person\/a0cbb2edfc0aecf8ac498802d1cb57b5\"},\"breadcrumb\":{\"@id\":\"https:\/\/franciscanos.org.br\/vidacrista\/por-uma-ecologia-integral-social-humana-e-o-poder-de-cuidar-e-matar\/#breadcrumb\"},\"inLanguage\":\"pt-BR\",\"potentialAction\":[{\"@type\":\"ReadAction\",\"target\":[\"https:\/\/franciscanos.org.br\/vidacrista\/por-uma-ecologia-integral-social-humana-e-o-poder-de-cuidar-e-matar\/\"]}]},{\"@type\":\"BreadcrumbList\",\"@id\":\"https:\/\/franciscanos.org.br\/vidacrista\/por-uma-ecologia-integral-social-humana-e-o-poder-de-cuidar-e-matar\/#breadcrumb\",\"itemListElement\":[{\"@type\":\"ListItem\",\"position\":1,\"name\":\"Home\",\"item\":\"https:\/\/franciscanos.org.br\/vidacrista\/\"},{\"@type\":\"ListItem\",\"position\":2,\"name\":\"Por uma ecologia integral, social, humana e o poder de cuidar e matar!\"}]},{\"@type\":\"Person\",\"@id\":\"https:\/\/franciscanos.org.br\/vidacrista\/#\/schema\/person\/a0cbb2edfc0aecf8ac498802d1cb57b5\",\"name\":\"Adriana Rabelo\",\"image\":{\"@type\":\"ImageObject\",\"inLanguage\":\"pt-BR\",\"@id\":\"https:\/\/franciscanos.org.br\/vidacrista\/#\/schema\/person\/image\/\",\"url\":\"https:\/\/secure.gravatar.com\/avatar\/0a937b7500cd7df77540cfb8bede877d?s=96&d=mm&r=g\",\"contentUrl\":\"https:\/\/secure.gravatar.com\/avatar\/0a937b7500cd7df77540cfb8bede877d?s=96&d=mm&r=g\",\"caption\":\"Adriana Rabelo\"},\"url\":\"https:\/\/franciscanos.org.br\/vidacrista\/author\/adrianarabelo\/\"}]}<\/script>\n<!-- \/ Yoast SEO plugin. -->","yoast_head_json":{"title":"Por uma ecologia integral, social, humana e o poder de cuidar e matar! - Vida Crist\u00e3 - Franciscanos","robots":{"index":"index","follow":"follow","max-snippet":"max-snippet:-1","max-image-preview":"max-image-preview:large","max-video-preview":"max-video-preview:-1"},"canonical":"https:\/\/franciscanos.org.br\/vidacrista\/por-uma-ecologia-integral-social-humana-e-o-poder-de-cuidar-e-matar\/","og_locale":"pt_BR","og_type":"article","og_title":"Por uma ecologia integral, social, humana e o poder de cuidar e matar! - Vida Crist\u00e3 - Franciscanos","og_description":"Frei Jacir de Freitas Faria","og_url":"https:\/\/franciscanos.org.br\/vidacrista\/por-uma-ecologia-integral-social-humana-e-o-poder-de-cuidar-e-matar\/","og_site_name":"Vida Crist\u00e3 - Franciscanos","article_published_time":"2025-02-28T18:31:02+00:00","article_modified_time":"2025-03-20T17:31:08+00:00","og_image":[{"width":800,"height":550,"url":"https:\/\/franciscanos.org.br\/vidacrista\/wp-content\/uploads\/2025\/02\/chamada-frei-Jacir.jpg","type":"image\/jpeg"}],"author":"Adriana Rabelo","twitter_card":"summary_large_image","twitter_misc":{"Escrito por":"Adriana Rabelo","Est. tempo de leitura":"6 minutos"},"schema":{"@context":"https:\/\/schema.org","@graph":[{"@type":"WebSite","@id":"https:\/\/franciscanos.org.br\/vidacrista\/#website","url":"https:\/\/franciscanos.org.br\/vidacrista\/","name":"Vida Crist\u00e3 - Franciscanos","description":"Prov\u00edncia Franciscana da Imaculada Concei\u00e7\u00e3o do Brasil - Ordem dos Frades Menores","potentialAction":[{"@type":"SearchAction","target":{"@type":"EntryPoint","urlTemplate":"https:\/\/franciscanos.org.br\/vidacrista\/?s={search_term_string}"},"query-input":"required name=search_term_string"}],"inLanguage":"pt-BR"},{"@type":"WebPage","@id":"https:\/\/franciscanos.org.br\/vidacrista\/por-uma-ecologia-integral-social-humana-e-o-poder-de-cuidar-e-matar\/","url":"https:\/\/franciscanos.org.br\/vidacrista\/por-uma-ecologia-integral-social-humana-e-o-poder-de-cuidar-e-matar\/","name":"Por uma ecologia integral, social, humana e o poder de cuidar e matar! - Vida Crist\u00e3 - Franciscanos","isPartOf":{"@id":"https:\/\/franciscanos.org.br\/vidacrista\/#website"},"datePublished":"2025-02-28T18:31:02+00:00","dateModified":"2025-03-20T17:31:08+00:00","author":{"@id":"https:\/\/franciscanos.org.br\/vidacrista\/#\/schema\/person\/a0cbb2edfc0aecf8ac498802d1cb57b5"},"breadcrumb":{"@id":"https:\/\/franciscanos.org.br\/vidacrista\/por-uma-ecologia-integral-social-humana-e-o-poder-de-cuidar-e-matar\/#breadcrumb"},"inLanguage":"pt-BR","potentialAction":[{"@type":"ReadAction","target":["https:\/\/franciscanos.org.br\/vidacrista\/por-uma-ecologia-integral-social-humana-e-o-poder-de-cuidar-e-matar\/"]}]},{"@type":"BreadcrumbList","@id":"https:\/\/franciscanos.org.br\/vidacrista\/por-uma-ecologia-integral-social-humana-e-o-poder-de-cuidar-e-matar\/#breadcrumb","itemListElement":[{"@type":"ListItem","position":1,"name":"Home","item":"https:\/\/franciscanos.org.br\/vidacrista\/"},{"@type":"ListItem","position":2,"name":"Por uma ecologia integral, social, humana e o poder de cuidar e matar!"}]},{"@type":"Person","@id":"https:\/\/franciscanos.org.br\/vidacrista\/#\/schema\/person\/a0cbb2edfc0aecf8ac498802d1cb57b5","name":"Adriana Rabelo","image":{"@type":"ImageObject","inLanguage":"pt-BR","@id":"https:\/\/franciscanos.org.br\/vidacrista\/#\/schema\/person\/image\/","url":"https:\/\/secure.gravatar.com\/avatar\/0a937b7500cd7df77540cfb8bede877d?s=96&d=mm&r=g","contentUrl":"https:\/\/secure.gravatar.com\/avatar\/0a937b7500cd7df77540cfb8bede877d?s=96&d=mm&r=g","caption":"Adriana Rabelo"},"url":"https:\/\/franciscanos.org.br\/vidacrista\/author\/adrianarabelo\/"}]}},"_links":{"self":[{"href":"https:\/\/franciscanos.org.br\/vidacrista\/wp-json\/wp\/v2\/posts\/195616"}],"collection":[{"href":"https:\/\/franciscanos.org.br\/vidacrista\/wp-json\/wp\/v2\/posts"}],"about":[{"href":"https:\/\/franciscanos.org.br\/vidacrista\/wp-json\/wp\/v2\/types\/post"}],"author":[{"embeddable":true,"href":"https:\/\/franciscanos.org.br\/vidacrista\/wp-json\/wp\/v2\/users\/10"}],"replies":[{"embeddable":true,"href":"https:\/\/franciscanos.org.br\/vidacrista\/wp-json\/wp\/v2\/comments?post=195616"}],"version-history":[{"count":4,"href":"https:\/\/franciscanos.org.br\/vidacrista\/wp-json\/wp\/v2\/posts\/195616\/revisions"}],"predecessor-version":[{"id":195681,"href":"https:\/\/franciscanos.org.br\/vidacrista\/wp-json\/wp\/v2\/posts\/195616\/revisions\/195681"}],"wp:featuredmedia":[{"embeddable":true,"href":"https:\/\/franciscanos.org.br\/vidacrista\/wp-json\/wp\/v2\/media\/195620"}],"wp:attachment":[{"href":"https:\/\/franciscanos.org.br\/vidacrista\/wp-json\/wp\/v2\/media?parent=195616"}],"wp:term":[{"taxonomy":"category","embeddable":true,"href":"https:\/\/franciscanos.org.br\/vidacrista\/wp-json\/wp\/v2\/categories?post=195616"},{"taxonomy":"post_tag","embeddable":true,"href":"https:\/\/franciscanos.org.br\/vidacrista\/wp-json\/wp\/v2\/tags?post=195616"}],"curies":[{"name":"wp","href":"https:\/\/api.w.org\/{rel}","templated":true}]}}