{"id":195585,"date":"2025-02-25T13:17:28","date_gmt":"2025-02-25T16:17:28","guid":{"rendered":"https:\/\/franciscanos.org.br\/vidacrista\/?p=195585"},"modified":"2025-02-25T14:12:53","modified_gmt":"2025-02-25T17:12:53","slug":"mensagem-do-papa-francisco-para-a-quaresma-2025-caminhemos-juntos-na-esperanca","status":"publish","type":"post","link":"https:\/\/franciscanos.org.br\/vidacrista\/mensagem-do-papa-francisco-para-a-quaresma-2025-caminhemos-juntos-na-esperanca\/","title":{"rendered":"Mensagem do Papa Francisco para a Quaresma 2025: Caminhemos juntos na esperan\u00e7a"},"content":{"rendered":"<p><img decoding=\"async\" loading=\"lazy\" class=\"aligncenter wp-image-195586 size-full\" src=\"https:\/\/franciscanos.org.br\/vidacrista\/wp-content\/uploads\/2025\/02\/marteria-quaresma.jpg\" alt=\"\" width=\"1280\" height=\"720\" srcset=\"https:\/\/franciscanos.org.br\/vidacrista\/wp-content\/uploads\/2025\/02\/marteria-quaresma.jpg 1280w, https:\/\/franciscanos.org.br\/vidacrista\/wp-content\/uploads\/2025\/02\/marteria-quaresma-450x253.jpg 450w, https:\/\/franciscanos.org.br\/vidacrista\/wp-content\/uploads\/2025\/02\/marteria-quaresma-1024x576.jpg 1024w, https:\/\/franciscanos.org.br\/vidacrista\/wp-content\/uploads\/2025\/02\/marteria-quaresma-768x432.jpg 768w, https:\/\/franciscanos.org.br\/vidacrista\/wp-content\/uploads\/2025\/02\/marteria-quaresma-150x84.jpg 150w\" sizes=\"(max-width: 1280px) 100vw, 1280px\" \/><\/p>\n<p class=\"article__subTitle\">Na mensagem divulgada nesta ter\u00e7a-feira (25\/02), para a Quaresma2025 intitulada\u00a0<strong>\u201cCaminhemos juntos na esperan\u00e7a\u201d<\/strong>, Francisco recorda que \u201ccaminhar juntos, ser sinodal, \u00e9 esta a voca\u00e7\u00e3o da Igreja. Os crist\u00e3os s\u00e3o chamados a percorrer o caminho em conjunto, jamais como viajantes solit\u00e1rios. O Esp\u00edrito Santo impele-nos a sair de n\u00f3s mesmos para ir ao encontro de Deus e dos nossos irm\u00e3os, e nunca a fechar-nos em n\u00f3s mesmos\u201d.<br \/>\n\u2014\u2014\u2014\u2014\u2014\u2014\u2014\u2014\u2014\u2014\u2014\u2014<\/p>\n<div class=\"article__text\">\n<p>\u201cCom o sinal penitencial das cinzas sobre as nossas cabe\u00e7as, iniciamos na f\u00e9 e na esperan\u00e7a a peregrina\u00e7\u00e3o anual da Santa Quaresma\u201d, escreve Francisco, reiterando o convite da Igreja, m\u00e3e e mestra, para \u201cpreparar os nossos cora\u00e7\u00f5es e a abrir-nos \u00e0 gra\u00e7a de Deus para podermos celebrar com grande alegria o triunfo pascal de Cristo, o Senhor, sobre o pecado e a morte\u201d. \u201cJesus Cristo, morto e ressuscitado, \u00e9 o centro da nossa f\u00e9 e a garantia da nossa esperan\u00e7a na grande promessa do Pai, j\u00e1 realizada n\u2019Ele, Seu Filho amado: a vida eterna\u201d.<\/p>\n<p>\u201cNesta Quaresma, enriquecida pela gra\u00e7a do Ano Jubilar\u201d, o Papa oferece algumas reflex\u00f5es sobre \u201co que significa\u00a0<i>caminhar juntos na esperan\u00e7a<\/i>\u201c<i>\u00a0<\/i>e evidencia \u201cos apelos \u00e0 convers\u00e3o que a miseric\u00f3rdia de Deus dirige a todos n\u00f3s, enquanto indiv\u00edduos e comunidades\u201d.<\/p>\n<p>Primeiro lugar,\u00a0<i>caminhar<\/i>. \u201cO lema do Jubileu \u2013 \u201cPeregrinos de Esperan\u00e7a\u201d \u2013 traz \u00e0 mente a longa travessia do povo de Israel em dire\u00e7\u00e3o \u00e0 Terra Prometida, narrada no livro do \u00caxodo: a dif\u00edcil passagem da escravid\u00e3o para a liberdade, desejada e guiada pelo Senhor, que ama o seu povo e sempre lhe \u00e9 fiel. N\u00e3o podemos recordar o \u00eaxodo b\u00edblico sem pensar em tantos irm\u00e3os e irm\u00e3s que, hoje, fogem de situa\u00e7\u00f5es de mis\u00e9ria e viol\u00eancia e v\u00e3o \u00e0 procura de uma vida melhor para si e para seus entes queridos\u201d.<\/p>\n<p>De acordo com Francisco, \u201caqui, surge um primeiro apelo \u00e0 convers\u00e3o, porque todos n\u00f3s somos peregrinos na vida, mas cada um pode perguntar-se: como me deixo interpelar por esta condi\u00e7\u00e3o? Estou realmente a caminho ou estou paralisado, est\u00e1tico, com medo e sem esperan\u00e7a, acomodado na minha zona de conforto? Busco caminhos de liberta\u00e7\u00e3o das situa\u00e7\u00f5es de pecado e falta de dignidade? Seria um bom exerc\u00edcio quaresmal confrontar-nos com a realidade concreta de algum migrante ou peregrino e deixar que ela nos interpele, a fim de descobrir o que Deus pede de n\u00f3s para sermos melhores viajantes rumo \u00e0 casa do Pai. Esse \u00e9 um bom \u201cexame\u201d para o viandante\u201d.<\/p>\n<p>\u201cEm segundo lugar, fa\u00e7amos esta viagem\u00a0<i>juntos<\/i>. Caminhar juntos, ser sinodal, \u00e9 esta a voca\u00e7\u00e3o da Igreja. Os crist\u00e3os s\u00e3o chamados a percorrer o caminho em conjunto, jamais como viajantes solit\u00e1rios. O Esp\u00edrito Santo impele-nos a sair de n\u00f3s mesmos para ir ao encontro de Deus e dos nossos irm\u00e3os, e nunca a fechar-nos em n\u00f3s mesmos\u201d, ressalta o Pont\u00edfice. \u201cCaminhar juntos significa ser tecel\u00f5es de unidade, partindo da nossa dignidade comum de filhos de Deus; significa caminhar lado a lado, sem pisar ou subjugar o outro, sem alimentar invejas ou hipocrisias, sem deixar que ningu\u00e9m fique para tr\u00e1s ou se sinta exclu\u00eddo. Sigamos na mesma dire\u00e7\u00e3o, rumo a uma \u00fanica meta, ouvindo-nos uns aos outros com amor e paci\u00eancia\u201d, escreve o Papa no texto.<\/p>\n<p>De acordo com Francisco, \u201cnesta Quaresma, Deus nos pede que verifiquemos se nas nossas vidas e fam\u00edlias, nos locais onde trabalhamos, nas comunidades paroquiais ou religiosas, somos capazes de caminhar com os outros, de ouvir, de vencer a tenta\u00e7\u00e3o de nos entrincheirarmos na nossa autorreferencialidade e de olharmos apenas para as nossas pr\u00f3prias necessidades\u201d.<\/p>\n<p>O Papa nos convida a perguntar \u201cdiante do Senhor se somos capazes de trabalhar juntos a servi\u00e7o do Reino de Deus, como bispos, sacerdotes, pessoas consagradas e leigos; se, com gestos concretos, temos uma atitude acolhedora em rela\u00e7\u00e3o \u00e0queles que se aproximam de n\u00f3s e a quantos se encontram distantes; se fazemos com que as pessoas se sintam parte da comunidade ou se as mantemos \u00e0 margem. Este \u00e9 o segundo apelo: a convers\u00e3o \u00e0 sinodalidade\u201d.<\/p>\n<p>Em terceiro lugar, Francisco nos convida a fazer \u201ceste caminho juntos\u00a0<i>na esperan\u00e7a<\/i>\u00a0de uma promessa. A\u00a0<i>esperan\u00e7a que n\u00e3o engana<\/i>, mensagem central do Jubileu, seja para n\u00f3s o horizonte do caminho quaresmal rumo \u00e0 vit\u00f3ria pascal. Como o Papa Bento XVI nos ensinou na Enc\u00edclica\u00a0<i>Spe salvi<\/i>, \u00abo ser humano necessita do amor incondicionado. Precisa daquela certeza que o faz exclamar: \u201cNem a morte, nem a vida, nem os anjos, nem os principados, nem o presente, nem o futuro, nem as potestades, nem a altura, nem a profundidade, nem qualquer outra criatura poder\u00e1 separar-nos do amor de Deus, que est\u00e1 em Cristo Jesus, nosso Senhor\u201d\u00bb. Jesus, nosso amor e nossa esperan\u00e7a, ressuscitou e, vivo, reina glorioso. A morte foi transformada em vit\u00f3ria e aqui reside a f\u00e9 e a grande esperan\u00e7a dos crist\u00e3os: na ressurrei\u00e7\u00e3o de Cristo!\u201d<\/p>\n<p>\u201cEis o terceiro apelo \u00e0 convers\u00e3o: o da esperan\u00e7a, da confian\u00e7a em Deus e na sua grande promessa, a vida eterna\u201d, escreve o Papa, convidando a nos perguntar: \u201cEstou convicto de que Deus me perdoa os pecados? Ou comporto-me como se me pudesse salvar sozinho? Aspiro \u00e0 salva\u00e7\u00e3o e pe\u00e7o a ajuda de Deus para a receber? Vivo concretamente a esperan\u00e7a que me ajuda a ler os acontecimentos da hist\u00f3ria e me impele a um compromisso com a justi\u00e7a, a fraternidade, o cuidado da casa comum, garantindo que ningu\u00e9m seja deixado para tr\u00e1s?\u201d<\/p>\n<p>Francisco conclui a mensagem, afirmando que \u201cgra\u00e7as ao amor de Deus em Jesus Cristo, somos conservados na esperan\u00e7a que n\u00e3o engana. A esperan\u00e7a \u00e9 \u201ca \u00e2ncora da alma\u201d, inabal\u00e1vel e segura. Nela, a Igreja reza para que \u00abtodos os homens sejam salvos\u00bb e anseia estar na gl\u00f3ria do c\u00e9u, unida a Cristo, seu esposo. Que a Virgem Maria, M\u00e3e da Esperan\u00e7a, interceda por n\u00f3s e nos acompanhe no caminho quaresmal\u201d.<\/p>\n<p><strong>Abaixo a mensagem do Papa Francisco na \u00edntegria<\/strong><\/p>\n<p><a href=\"https:\/\/franciscanos.org.br\/banca\/wp-content\/uploads\/2025\/02\/20250206-messaggio-quaresima2025.pdf\"><span style=\"color: #000080;\"><strong>Acesse o documento oficial<\/strong><\/span><\/a><br \/>\n\u2014\u2014\u2014\u2014\u2014\u2014\u2014\u2014\u2014\u2014\u2014\u2014\u2014\u2014\u2014\u2014\u2014\u2014\u2014\u2014<\/p>\n<p><strong>MENSAGEM DO SANTO PADRE FRANCISCO PARA A QUERESMA 2025<\/strong><\/p>\n<p><strong>Caminhemos juntos na esperan\u00e7a<\/strong><\/p>\n<p>Queridos irm\u00e3os e irm\u00e3s!<\/p>\n<p>Com o sinal penitencial das cinzas sobre as nossas cabe\u00e7as, iniciamos na f\u00e9 e na esperan\u00e7a a peregrina\u00e7\u00e3o anual da Santa Quaresma. A Igreja, m\u00e3e e mestra, convida-nos a preparar os nossos cora\u00e7\u00f5es e a abrir-nos \u00e0 gra\u00e7a de Deus para podermos celebrar com grande alegria o triunfo pascal de Cristo, o Senhor, sobre o pecado e a morte, como exclamava S\u00e3o Paulo: \u00abA morte foi tragada pela vit\u00f3ria. Onde est\u00e1, \u00f3 morte, a tua vit\u00f3ria? Onde est\u00e1, \u00f3 morte, o teu aguilh\u00e3o?\u00bb (1Cor 15, 54-55). Realmente, Jesus Cristo, morto e ressuscitado, \u00e9 o centro da nossa f\u00e9 e a garantia da nossa esperan\u00e7a na grande promessa do Pai, j\u00e1 realizada n\u2019Ele, Seu Filho amado: a vida eterna (cf. Jo 10, 28; 17, 3) .<\/p>\n<p>Nesta Quaresma, enriquecida pela gra\u00e7a do Ano Jubilar, gostaria de oferecer algumas reflex\u00f5es sobre o que significa caminhar juntos na esperan\u00e7a e evidenciar os apelos \u00e0 convers\u00e3o que a miseric\u00f3rdia de Deus dirige a todos n\u00f3s, enquanto indiv\u00edduos e comunidades.<\/p>\n<p>Antes de tudo, caminhar. O lema do Jubileu \u2013 \u201cPeregrinos de Esperan\u00e7a\u201d \u2013 traz \u00e0 mente a longa travessia do povo de Israel em dire\u00e7\u00e3o \u00e0 Terra Prometida, narrada no livro do \u00caxodo: a dif\u00edcil passagem da escravid\u00e3o para a liberdade, desejada e guiada pelo Senhor, que ama o seu povo e sempre lhe \u00e9 fiel. E n\u00e3o podemos recordar o \u00eaxodo b\u00edblico sem pensar em tantos irm\u00e3os e irm\u00e3s que, hoje, fogem de situa\u00e7\u00f5es de mis\u00e9ria e viol\u00eancia e v\u00e3o \u00e0 procura de uma vida melhor para si e para seus entes queridos. Aqui, surge um primeiro apelo \u00e0 convers\u00e3o, porque todos n\u00f3s somos peregrinos na vida, mas cada um pode perguntar-se: como me deixo interpelar por esta condi\u00e7\u00e3o? Estou realmente a caminho ou estou paralisado, est\u00e1tico, com medo e sem esperan\u00e7a, acomodado na minha zona de conforto? Busco caminhos de liberta\u00e7\u00e3o das situa\u00e7\u00f5es de pecado e falta de dignidade? Seria um bom exerc\u00edcio quaresmal confrontar-nos com a realidade concreta de algum migrante ou peregrino e deixar que ela nos interpele, a fim de descobrir o que Deus pede de n\u00f3s para sermos melhores viajantes rumo \u00e0 casa do Pai. Esse \u00e9 um bom \u201cexame\u201d para o viandante.<\/p>\n<p>Em segundo lugar, fa\u00e7amos esta viagem juntos. Caminhar juntos, ser sinodal, \u00e9 esta a voca\u00e7\u00e3o da Igreja . Os crist\u00e3os s\u00e3o chamados a percorrer o caminho em conjunto, jamais como viajantes solit\u00e1rios. O Esp\u00edrito Santo impele-nos a sair de n\u00f3s mesmos para ir ao encontro de Deus e dos nossos irm\u00e3os, e nunca a fechar-nos em n\u00f3s mesmos . Caminhar juntos significa ser tecel\u00f5es de unidade, partindo da nossa dignidade comum de filhos de Deus (cf. Gl 3, 26-28); significa caminhar lado a lado, sem pisar ou subjugar o outro, sem alimentar invejas ou hipocrisias, sem deixar que ningu\u00e9m fique para tr\u00e1s ou se sinta exclu\u00eddo. Sigamos na mesma dire\u00e7\u00e3o, rumo a uma \u00fanica meta, ouvindo-nos uns aos outros com amor e paci\u00eancia.<\/p>\n<p>Nesta Quaresma, Deus pede-nos que verifiquemos se nas nossas vidas e fam\u00edlias, nos locais onde trabalhamos, nas comunidades paroquiais ou religiosas, somos capazes de caminhar com os outros, de ouvir, de vencer a tenta\u00e7\u00e3o de nos entrincheirarmos na nossa autorreferencialidade e de olharmos apenas para as nossas pr\u00f3prias necessidades. Perguntemo-nos diante do Senhor se somos capazes de trabalhar juntos ao servi\u00e7o do Reino de Deus, como bispos, sacerdotes, pessoas consagradas e leigos; se, com gestos concretos, temos uma atitude acolhedora em rela\u00e7\u00e3o \u00e0queles que se aproximam de n\u00f3s e a quantos se encontram distantes; se fazemos com que as pessoas se sintam parte da comunidade ou se as mantemos \u00e0 margem . Este \u00e9 o segundo apelo: a convers\u00e3o \u00e0 sinodalidade.<\/p>\n<p>Em terceiro lugar, fa\u00e7amos este caminho juntos na esperan\u00e7a de uma promessa. A esperan\u00e7a que n\u00e3o engana (cf. Rm 5, 5), mensagem central do Jubileu , seja para n\u00f3s o horizonte do caminho quaresmal rumo \u00e0 vit\u00f3ria pascal. Como o Papa Bento XVI nos ensinou na Enc\u00edclica Spe salvi, \u00abo ser humano necessita do amor incondicionado. Precisa daquela certeza que o faz exclamar: \u201cNem a morte, nem a vida, nem os anjos, nem os principados, nem o presente, nem o futuro, nem as potestades, nem a altura, nem a profundidade, nem qualquer outra criatura poder\u00e1 separar-nos do amor de Deus, que est\u00e1 em Cristo Jesus, nosso Senhor\u201d (Rm 8, 38-39)\u00bb . Jesus, nosso amor e nossa esperan\u00e7a, ressuscitou\u00a0 e, vivo, reina glorioso. A morte foi transformada em vit\u00f3ria e aqui reside a f\u00e9 e a grande esperan\u00e7a dos crist\u00e3os: na ressurrei\u00e7\u00e3o de Cristo!<\/p>\n<p>Eis o terceiro apelo \u00e0 convers\u00e3o: o da esperan\u00e7a, da confian\u00e7a em Deus e na sua grande promessa, a vida eterna. Devemos perguntar-nos: estou convicto de que Deus me perdoa os pecados? Ou comporto-me como se me pudesse salvar sozinho? Aspiro \u00e0 salva\u00e7\u00e3o e pe\u00e7o a ajuda de Deus para a receber? Vivo concretamente a esperan\u00e7a que me ajuda a ler os acontecimentos da hist\u00f3ria e me impele a um compromisso com a justi\u00e7a, a fraternidade, o cuidado da casa comum, garantindo que ningu\u00e9m seja deixado para tr\u00e1s?<\/p>\n<p>Irm\u00e3s e irm\u00e3os, gra\u00e7as ao amor de Deus em Jesus Cristo, somos conservados na esperan\u00e7a que n\u00e3o engana (cf. Rm 5, 5). A esperan\u00e7a \u00e9 \u201ca \u00e2ncora da alma\u201d, inabal\u00e1vel e segura . Nela, a Igreja reza para que \u00abtodos os homens sejam salvos\u00bb (1Tm 2, 4) e ela pr\u00f3pria anseia estar na gl\u00f3ria do c\u00e9u, unida a Cristo, seu esposo. Santa Teresa de Jesus expressou isso da seguinte forma: \u00abEspera, espera, que n\u00e3o sabes quando vir\u00e1 o dia nem a hora. Vela com cuidado, que tudo passa com brevidade, embora o teu desejo fa\u00e7a o certo duvidoso e longo o tempo breve\u00bb (Exclama\u00e7\u00f5es, XV, 3) .<\/p>\n<p>Que a Virgem Maria, M\u00e3e da Esperan\u00e7a, interceda por n\u00f3s e nos acompanhe no caminho quaresmal.<\/p>\n<p>Roma, S\u00e3o Jo\u00e3o de Latr\u00e3o, na Mem\u00f3ria dos Santos m\u00e1rtires Paulo Miki e companheiros, 6 de fevereiro de 2025.<\/p>\n<p>FRANCISCO<\/p>\n<hr \/>\n<p><em>Vatican News<\/em><\/p>\n<p>https:\/\/www.vaticannews.va\/pt\/papa\/news\/2025-02\/papa-francisco-mensagem-quaresma-2025-esperanca-jubileu-jesus.html<\/p>\n<\/div>\n","protected":false},"excerpt":{"rendered":"<p>Quaresma 2025<\/p>\n","protected":false},"author":10,"featured_media":195587,"comment_status":"open","ping_status":"open","sticky":false,"template":"","format":"standard","meta":{"footnotes":""},"categories":[22],"tags":[362,401],"yoast_head":"<!-- This site is optimized with the Yoast SEO plugin v19.4 - https:\/\/yoast.com\/wordpress\/plugins\/seo\/ -->\n<title>Mensagem do Papa Francisco para a Quaresma 2025: Caminhemos juntos na esperan\u00e7a - Vida Crist\u00e3 - Franciscanos<\/title>\n<meta name=\"robots\" content=\"index, follow, max-snippet:-1, max-image-preview:large, max-video-preview:-1\" \/>\n<link rel=\"canonical\" href=\"https:\/\/franciscanos.org.br\/vidacrista\/mensagem-do-papa-francisco-para-a-quaresma-2025-caminhemos-juntos-na-esperanca\/\" \/>\n<meta property=\"og:locale\" content=\"pt_BR\" \/>\n<meta property=\"og:type\" content=\"article\" \/>\n<meta property=\"og:title\" content=\"Mensagem do Papa Francisco para a Quaresma 2025: Caminhemos juntos na esperan\u00e7a - Vida Crist\u00e3 - Franciscanos\" \/>\n<meta property=\"og:description\" content=\"Quaresma 2025\" \/>\n<meta property=\"og:url\" content=\"https:\/\/franciscanos.org.br\/vidacrista\/mensagem-do-papa-francisco-para-a-quaresma-2025-caminhemos-juntos-na-esperanca\/\" \/>\n<meta property=\"og:site_name\" content=\"Vida Crist\u00e3 - Franciscanos\" \/>\n<meta property=\"article:published_time\" content=\"2025-02-25T16:17:28+00:00\" \/>\n<meta property=\"article:modified_time\" content=\"2025-02-25T17:12:53+00:00\" \/>\n<meta property=\"og:image\" content=\"https:\/\/franciscanos.org.br\/vidacrista\/wp-content\/uploads\/2025\/02\/CHAMADA-QUARESMA-2025.jpg\" \/>\n\t<meta property=\"og:image:width\" content=\"800\" \/>\n\t<meta property=\"og:image:height\" content=\"550\" \/>\n\t<meta property=\"og:image:type\" content=\"image\/jpeg\" \/>\n<meta name=\"author\" content=\"Adriana Rabelo\" \/>\n<meta name=\"twitter:card\" content=\"summary_large_image\" \/>\n<meta name=\"twitter:label1\" content=\"Escrito por\" \/>\n\t<meta name=\"twitter:data1\" content=\"Adriana Rabelo\" \/>\n\t<meta name=\"twitter:label2\" content=\"Est. tempo de leitura\" \/>\n\t<meta name=\"twitter:data2\" content=\"11 minutos\" \/>\n<script type=\"application\/ld+json\" class=\"yoast-schema-graph\">{\"@context\":\"https:\/\/schema.org\",\"@graph\":[{\"@type\":\"WebSite\",\"@id\":\"https:\/\/franciscanos.org.br\/vidacrista\/#website\",\"url\":\"https:\/\/franciscanos.org.br\/vidacrista\/\",\"name\":\"Vida Crist\u00e3 - Franciscanos\",\"description\":\"Prov\u00edncia Franciscana da Imaculada Concei\u00e7\u00e3o do Brasil - Ordem dos Frades Menores\",\"potentialAction\":[{\"@type\":\"SearchAction\",\"target\":{\"@type\":\"EntryPoint\",\"urlTemplate\":\"https:\/\/franciscanos.org.br\/vidacrista\/?s={search_term_string}\"},\"query-input\":\"required name=search_term_string\"}],\"inLanguage\":\"pt-BR\"},{\"@type\":\"WebPage\",\"@id\":\"https:\/\/franciscanos.org.br\/vidacrista\/mensagem-do-papa-francisco-para-a-quaresma-2025-caminhemos-juntos-na-esperanca\/\",\"url\":\"https:\/\/franciscanos.org.br\/vidacrista\/mensagem-do-papa-francisco-para-a-quaresma-2025-caminhemos-juntos-na-esperanca\/\",\"name\":\"Mensagem do Papa Francisco para a Quaresma 2025: Caminhemos juntos na esperan\u00e7a - Vida Crist\u00e3 - Franciscanos\",\"isPartOf\":{\"@id\":\"https:\/\/franciscanos.org.br\/vidacrista\/#website\"},\"datePublished\":\"2025-02-25T16:17:28+00:00\",\"dateModified\":\"2025-02-25T17:12:53+00:00\",\"author\":{\"@id\":\"https:\/\/franciscanos.org.br\/vidacrista\/#\/schema\/person\/a0cbb2edfc0aecf8ac498802d1cb57b5\"},\"breadcrumb\":{\"@id\":\"https:\/\/franciscanos.org.br\/vidacrista\/mensagem-do-papa-francisco-para-a-quaresma-2025-caminhemos-juntos-na-esperanca\/#breadcrumb\"},\"inLanguage\":\"pt-BR\",\"potentialAction\":[{\"@type\":\"ReadAction\",\"target\":[\"https:\/\/franciscanos.org.br\/vidacrista\/mensagem-do-papa-francisco-para-a-quaresma-2025-caminhemos-juntos-na-esperanca\/\"]}]},{\"@type\":\"BreadcrumbList\",\"@id\":\"https:\/\/franciscanos.org.br\/vidacrista\/mensagem-do-papa-francisco-para-a-quaresma-2025-caminhemos-juntos-na-esperanca\/#breadcrumb\",\"itemListElement\":[{\"@type\":\"ListItem\",\"position\":1,\"name\":\"Home\",\"item\":\"https:\/\/franciscanos.org.br\/vidacrista\/\"},{\"@type\":\"ListItem\",\"position\":2,\"name\":\"Mensagem do Papa Francisco para a Quaresma 2025: Caminhemos juntos na esperan\u00e7a\"}]},{\"@type\":\"Person\",\"@id\":\"https:\/\/franciscanos.org.br\/vidacrista\/#\/schema\/person\/a0cbb2edfc0aecf8ac498802d1cb57b5\",\"name\":\"Adriana Rabelo\",\"image\":{\"@type\":\"ImageObject\",\"inLanguage\":\"pt-BR\",\"@id\":\"https:\/\/franciscanos.org.br\/vidacrista\/#\/schema\/person\/image\/\",\"url\":\"https:\/\/secure.gravatar.com\/avatar\/0a937b7500cd7df77540cfb8bede877d?s=96&d=mm&r=g\",\"contentUrl\":\"https:\/\/secure.gravatar.com\/avatar\/0a937b7500cd7df77540cfb8bede877d?s=96&d=mm&r=g\",\"caption\":\"Adriana Rabelo\"},\"url\":\"https:\/\/franciscanos.org.br\/vidacrista\/author\/adrianarabelo\/\"}]}<\/script>\n<!-- \/ Yoast SEO plugin. -->","yoast_head_json":{"title":"Mensagem do Papa Francisco para a Quaresma 2025: Caminhemos juntos na esperan\u00e7a - Vida Crist\u00e3 - Franciscanos","robots":{"index":"index","follow":"follow","max-snippet":"max-snippet:-1","max-image-preview":"max-image-preview:large","max-video-preview":"max-video-preview:-1"},"canonical":"https:\/\/franciscanos.org.br\/vidacrista\/mensagem-do-papa-francisco-para-a-quaresma-2025-caminhemos-juntos-na-esperanca\/","og_locale":"pt_BR","og_type":"article","og_title":"Mensagem do Papa Francisco para a Quaresma 2025: Caminhemos juntos na esperan\u00e7a - Vida Crist\u00e3 - Franciscanos","og_description":"Quaresma 2025","og_url":"https:\/\/franciscanos.org.br\/vidacrista\/mensagem-do-papa-francisco-para-a-quaresma-2025-caminhemos-juntos-na-esperanca\/","og_site_name":"Vida Crist\u00e3 - Franciscanos","article_published_time":"2025-02-25T16:17:28+00:00","article_modified_time":"2025-02-25T17:12:53+00:00","og_image":[{"width":800,"height":550,"url":"https:\/\/franciscanos.org.br\/vidacrista\/wp-content\/uploads\/2025\/02\/CHAMADA-QUARESMA-2025.jpg","type":"image\/jpeg"}],"author":"Adriana Rabelo","twitter_card":"summary_large_image","twitter_misc":{"Escrito por":"Adriana Rabelo","Est. tempo de leitura":"11 minutos"},"schema":{"@context":"https:\/\/schema.org","@graph":[{"@type":"WebSite","@id":"https:\/\/franciscanos.org.br\/vidacrista\/#website","url":"https:\/\/franciscanos.org.br\/vidacrista\/","name":"Vida Crist\u00e3 - Franciscanos","description":"Prov\u00edncia Franciscana da Imaculada Concei\u00e7\u00e3o do Brasil - Ordem dos Frades Menores","potentialAction":[{"@type":"SearchAction","target":{"@type":"EntryPoint","urlTemplate":"https:\/\/franciscanos.org.br\/vidacrista\/?s={search_term_string}"},"query-input":"required name=search_term_string"}],"inLanguage":"pt-BR"},{"@type":"WebPage","@id":"https:\/\/franciscanos.org.br\/vidacrista\/mensagem-do-papa-francisco-para-a-quaresma-2025-caminhemos-juntos-na-esperanca\/","url":"https:\/\/franciscanos.org.br\/vidacrista\/mensagem-do-papa-francisco-para-a-quaresma-2025-caminhemos-juntos-na-esperanca\/","name":"Mensagem do Papa Francisco para a Quaresma 2025: Caminhemos juntos na esperan\u00e7a - Vida Crist\u00e3 - Franciscanos","isPartOf":{"@id":"https:\/\/franciscanos.org.br\/vidacrista\/#website"},"datePublished":"2025-02-25T16:17:28+00:00","dateModified":"2025-02-25T17:12:53+00:00","author":{"@id":"https:\/\/franciscanos.org.br\/vidacrista\/#\/schema\/person\/a0cbb2edfc0aecf8ac498802d1cb57b5"},"breadcrumb":{"@id":"https:\/\/franciscanos.org.br\/vidacrista\/mensagem-do-papa-francisco-para-a-quaresma-2025-caminhemos-juntos-na-esperanca\/#breadcrumb"},"inLanguage":"pt-BR","potentialAction":[{"@type":"ReadAction","target":["https:\/\/franciscanos.org.br\/vidacrista\/mensagem-do-papa-francisco-para-a-quaresma-2025-caminhemos-juntos-na-esperanca\/"]}]},{"@type":"BreadcrumbList","@id":"https:\/\/franciscanos.org.br\/vidacrista\/mensagem-do-papa-francisco-para-a-quaresma-2025-caminhemos-juntos-na-esperanca\/#breadcrumb","itemListElement":[{"@type":"ListItem","position":1,"name":"Home","item":"https:\/\/franciscanos.org.br\/vidacrista\/"},{"@type":"ListItem","position":2,"name":"Mensagem do Papa Francisco para a Quaresma 2025: Caminhemos juntos na esperan\u00e7a"}]},{"@type":"Person","@id":"https:\/\/franciscanos.org.br\/vidacrista\/#\/schema\/person\/a0cbb2edfc0aecf8ac498802d1cb57b5","name":"Adriana Rabelo","image":{"@type":"ImageObject","inLanguage":"pt-BR","@id":"https:\/\/franciscanos.org.br\/vidacrista\/#\/schema\/person\/image\/","url":"https:\/\/secure.gravatar.com\/avatar\/0a937b7500cd7df77540cfb8bede877d?s=96&d=mm&r=g","contentUrl":"https:\/\/secure.gravatar.com\/avatar\/0a937b7500cd7df77540cfb8bede877d?s=96&d=mm&r=g","caption":"Adriana Rabelo"},"url":"https:\/\/franciscanos.org.br\/vidacrista\/author\/adrianarabelo\/"}]}},"_links":{"self":[{"href":"https:\/\/franciscanos.org.br\/vidacrista\/wp-json\/wp\/v2\/posts\/195585"}],"collection":[{"href":"https:\/\/franciscanos.org.br\/vidacrista\/wp-json\/wp\/v2\/posts"}],"about":[{"href":"https:\/\/franciscanos.org.br\/vidacrista\/wp-json\/wp\/v2\/types\/post"}],"author":[{"embeddable":true,"href":"https:\/\/franciscanos.org.br\/vidacrista\/wp-json\/wp\/v2\/users\/10"}],"replies":[{"embeddable":true,"href":"https:\/\/franciscanos.org.br\/vidacrista\/wp-json\/wp\/v2\/comments?post=195585"}],"version-history":[{"count":4,"href":"https:\/\/franciscanos.org.br\/vidacrista\/wp-json\/wp\/v2\/posts\/195585\/revisions"}],"predecessor-version":[{"id":195591,"href":"https:\/\/franciscanos.org.br\/vidacrista\/wp-json\/wp\/v2\/posts\/195585\/revisions\/195591"}],"wp:featuredmedia":[{"embeddable":true,"href":"https:\/\/franciscanos.org.br\/vidacrista\/wp-json\/wp\/v2\/media\/195587"}],"wp:attachment":[{"href":"https:\/\/franciscanos.org.br\/vidacrista\/wp-json\/wp\/v2\/media?parent=195585"}],"wp:term":[{"taxonomy":"category","embeddable":true,"href":"https:\/\/franciscanos.org.br\/vidacrista\/wp-json\/wp\/v2\/categories?post=195585"},{"taxonomy":"post_tag","embeddable":true,"href":"https:\/\/franciscanos.org.br\/vidacrista\/wp-json\/wp\/v2\/tags?post=195585"}],"curies":[{"name":"wp","href":"https:\/\/api.w.org\/{rel}","templated":true}]}}