{"id":195532,"date":"2025-02-11T09:30:07","date_gmt":"2025-02-11T12:30:07","guid":{"rendered":"https:\/\/franciscanos.org.br\/vidacrista\/?p=195532"},"modified":"2026-04-27T17:24:51","modified_gmt":"2026-04-27T20:24:51","slug":"a-arte-de-aprender-a-esperanca","status":"publish","type":"post","link":"https:\/\/franciscanos.org.br\/vidacrista\/a-arte-de-aprender-a-esperanca\/","title":{"rendered":"A arte de aprender a esperan\u00e7a"},"content":{"rendered":"<p><img decoding=\"async\" loading=\"lazy\" class=\"aligncenter wp-image-195533 size-full\" src=\"https:\/\/franciscanos.org.br\/vidacrista\/wp-content\/uploads\/2025\/02\/dom-walmor-esperanca.jpg\" alt=\"\" width=\"1280\" height=\"720\" srcset=\"https:\/\/franciscanos.org.br\/vidacrista\/wp-content\/uploads\/2025\/02\/dom-walmor-esperanca.jpg 1280w, https:\/\/franciscanos.org.br\/vidacrista\/wp-content\/uploads\/2025\/02\/dom-walmor-esperanca-450x253.jpg 450w, https:\/\/franciscanos.org.br\/vidacrista\/wp-content\/uploads\/2025\/02\/dom-walmor-esperanca-1024x576.jpg 1024w, https:\/\/franciscanos.org.br\/vidacrista\/wp-content\/uploads\/2025\/02\/dom-walmor-esperanca-768x432.jpg 768w, https:\/\/franciscanos.org.br\/vidacrista\/wp-content\/uploads\/2025\/02\/dom-walmor-esperanca-150x84.jpg 150w\" sizes=\"(max-width: 1280px) 100vw, 1280px\" \/><\/p>\n<p><span data-contrast=\"auto\">Aprender a cultivar esperan\u00e7a \u00e9 nobre prop\u00f3sito do Ano Jubilar 2025, promovido pela Igreja Cat\u00f3lica no mundo inteiro. Meta existencial muito importante quando se considera que \u00e9 essencial reconhecer o sentido da vida, para viv\u00ea-la como d\u00e1diva de Deus. Uma d\u00e1diva a ser desdobrada em dom para o semelhante, alicerce de uma cidadania qualificada com for\u00e7a para oferecer contribui\u00e7\u00f5es civilizat\u00f3rias e, assim, ajudar a mudar o mundo, superando a viol\u00eancia e a exclus\u00e3o social. Investir no aprendizado da esperan\u00e7a \u00e9 meta que n\u00e3o pode ser simplesmente emoldurada pela procura por \u00eaxitos, pois corre-se o risco de se encontrar frustra\u00e7\u00f5es. \u00c9 preciso cultivar a necess\u00e1ria resili\u00eancia espiritual, para vencer qualquer sentimento de desencanto e se fortalecer na batalha pelo bem. Aprender a cultivar a esperan\u00e7a \u00e9, pois, din\u00e2mica de humaniza\u00e7\u00e3o, indispens\u00e1vel para n\u00e3o se correr o risco de reduzir as pr\u00f3prias motiva\u00e7\u00f5es aos n\u00fameros que traduzem lucros. A arte de esperar tem um alcance muito al\u00e9m da busca por posses ou bens que, sozinhos, n\u00e3o garantem sentido ou raz\u00e3o ao viver.\u00a0 Vive-se por meio de pequenas e grandes esperan\u00e7as, que alimentam cada peregrino em sua caminhada.\u00a0<\/span><span data-ccp-props=\"{&quot;201341983&quot;:0,&quot;335551550&quot;:6,&quot;335551620&quot;:6,&quot;335559739&quot;:0,&quot;335559740&quot;:240}\">\u00a0<\/span><\/p>\n<p><span data-contrast=\"auto\">Importa alimentar-se da grande esperan\u00e7a, que supera as demais e as alimenta, aquela que n\u00e3o deixa o ser humano cair. Trata-se de for\u00e7a que conduz a uma nobreza que dignifica o viver. A grande esperan\u00e7a \u00e9 Deus, o \u00fanico que pode dar ao ser humano a vida plena, aquela que n\u00e3o passa. Sem a esperan\u00e7a maior, todas as outras se reduzem \u00e0 fugacidade do tempo, que passa velozmente, revelando que cargos, t\u00edtulos ou conquistas t\u00eam import\u00e2ncia relativa. Requer-se a compet\u00eancia humana e espiritual para compreender que a vida \u00e9 dom de Deus, precedendo tudo que se pode conquistar em termos de bens, patrim\u00f4nios ou oportunidades. E o Deus que d\u00e1 a vida como dom n\u00e3o \u00e9 um Deus qualquer, tem rosto humano. A esperan\u00e7a maior, que vem do amor de Deus, tem em Cristo Jesus a sua fonte mais vis\u00edvel. Onde Jesus \u00e9 amado alimenta-se a esperan\u00e7a. Trata-se do lugar onde se aprende a cultivar a esperan\u00e7a que n\u00e3o decepciona, qualificando o viver humano para libert\u00e1-lo da mesquinhez e dos estreitamentos que aprisionam a generosidade solid\u00e1ria.\u00a0<\/span><\/p>\n<p><span data-contrast=\"auto\">No caminho para aprender a cultivar esperan\u00e7a, vale acolher as preciosas indica\u00e7\u00f5es do Papa Bento XVI, na sua Carta Enc\u00edclica sobre a esperan\u00e7a que salva. Bento XVI aponta a ora\u00e7\u00e3o como privilegiado exerc\u00edcio para fortalecer a esperan\u00e7a, experi\u00eancia incontest\u00e1vel para reconhecer que Deus escuta os clamores dos orantes \u2013 aqueles que jamais est\u00e3o sozinhos. A Carta Enc\u00edclica lembra o testemunho do cardeal vietnamita Van Thuan, nos seus 13 anos de pris\u00e3o, dos quais nove vividos em uma min\u00fascula solit\u00e1ria. O Cardeal alimentou uma fonte crescente de esperan\u00e7a pela ora\u00e7\u00e3o. Quando libertado, se tornou testemunha da esperan\u00e7a. A ora\u00e7\u00e3o alarga o cora\u00e7\u00e3o para viver de modo coerente com a grandiosidade relativa \u00e0 cria\u00e7\u00e3o do ser humano. O di\u00e1logo com Deus, pela ora\u00e7\u00e3o, acende a luz da esperan\u00e7a, sem ilus\u00f5es ou fantasias, elevando a alma orante a uma condi\u00e7\u00e3o que, humanamente, \u00e9 imposs\u00edvel alcan\u00e7ar. Assim, a ora\u00e7\u00e3o faz brotar a esperan\u00e7a que n\u00e3o ilude, purificando o ser humano de fantasias e ego\u00edsmos mesquinhos, a partir do di\u00e1logo com Deus.\u00a0<\/span><span data-ccp-props=\"{&quot;201341983&quot;:0,&quot;335551550&quot;:6,&quot;335551620&quot;:6,&quot;335559739&quot;:0,&quot;335559740&quot;:240}\">\u00a0<\/span><\/p>\n<p><span data-contrast=\"auto\">A esperan\u00e7a fidedigna que nasce da ora\u00e7\u00e3o, pessoal e comunit\u00e1ria, alimenta cora\u00e7\u00f5es e confere habilidades essenciais aos peregrinos de esperan\u00e7a. As preces ajudam, inclusive, a fortalecer a esperan\u00e7a nas situa\u00e7\u00f5es marcadas por sofrimento, ajudando a enfrentar a desilus\u00e3o do cansa\u00e7o ou os arroubos dos fanatismos. A esperan\u00e7a conquistada a partir do di\u00e1logo com Deus oferece equil\u00edbrio \u00e0 travessia de diferentes momentos hist\u00f3ricos, possibilita reconfigurar a pol\u00edtica, qualificando o exerc\u00edcio da cidadania, a partir do poder indestrut\u00edvel do amor. Mesmo quando as circunst\u00e2ncias s\u00e3o desfavor\u00e1veis, ainda que sejam enfrentados fracassos ou contradi\u00e7\u00f5es comuns \u00e0 vida, a esperan\u00e7a maior n\u00e3o deixa o ser humano desistir, possibilitando-o encontrar sentido no sofrimento e, assim, venc\u00ea-lo, tornando-o for\u00e7a redentora.\u00a0<\/span><span data-ccp-props=\"{&quot;201341983&quot;:0,&quot;335551550&quot;:6,&quot;335551620&quot;:6,&quot;335559739&quot;:0,&quot;335559740&quot;:240}\">\u00a0<\/span><\/p>\n<p><span data-contrast=\"auto\">O sofrimento natural da finitude humana converte-se em for\u00e7a de reden\u00e7\u00e3o quando vivido no horizonte da esperan\u00e7a maior, alicer\u00e7ando o compromisso de se buscar superar os sofrimentos dos inocentes e vulner\u00e1veis. A esperan\u00e7a fortalece aqueles que tem f\u00e9 tornando-os instrumento na constru\u00e7\u00e3o de novos caminhos, que levam ao bem, a partir da sabedoria que vem de uma fonte inigual\u00e1vel: Deus. Assim, o peregrino de esperan\u00e7a conquista uma for\u00e7a que \u00e9 poeticamente apresentada por Thiago de Mello, na sua poesia Mem\u00f3ria da Esperan\u00e7a: \u201cNa fogueira do que fa\u00e7o por amor me queimo inteiro. Mas simult\u00e2neo renas\u00e7o para ser barro do sonho e artes\u00e3o do que serei. Do tempo que me devora me nasce a fome de ser. Minha for\u00e7a vem da fr\u00e1gil flor ferida que se entreabre resgatada pelo orvalho da vida que j\u00e1 vivi\u201d. For\u00e7a interior daqueles que buscam aprender a esperan\u00e7a.\u00a0\u00a0\u00a0\u00a0<\/span><span data-ccp-props=\"{&quot;201341983&quot;:0,&quot;335551550&quot;:6,&quot;335551620&quot;:6,&quot;335559739&quot;:0,&quot;335559740&quot;:240}\">\u00a0<\/span><\/p>\n<hr \/>\n<p><em>Dom Walmor Oliveira de Azevedo<\/em><\/p>\n","protected":false},"excerpt":{"rendered":"<p>Dom Walmor Oliveira de Azevedo<\/p>\n","protected":false},"author":10,"featured_media":195534,"comment_status":"open","ping_status":"open","sticky":false,"template":"","format":"standard","meta":{"footnotes":""},"categories":[26],"tags":[271],"yoast_head":"<!-- This site is optimized with the Yoast SEO plugin v19.4 - https:\/\/yoast.com\/wordpress\/plugins\/seo\/ -->\n<title>A arte de aprender a esperan\u00e7a - Vida Crist\u00e3 - Franciscanos<\/title>\n<meta name=\"robots\" content=\"index, follow, max-snippet:-1, max-image-preview:large, max-video-preview:-1\" \/>\n<link rel=\"canonical\" href=\"https:\/\/franciscanos.org.br\/vidacrista\/a-arte-de-aprender-a-esperanca\/\" \/>\n<meta property=\"og:locale\" content=\"pt_BR\" \/>\n<meta property=\"og:type\" content=\"article\" \/>\n<meta property=\"og:title\" content=\"A arte de aprender a esperan\u00e7a - Vida Crist\u00e3 - Franciscanos\" \/>\n<meta property=\"og:description\" content=\"Dom Walmor Oliveira de Azevedo\" \/>\n<meta property=\"og:url\" content=\"https:\/\/franciscanos.org.br\/vidacrista\/a-arte-de-aprender-a-esperanca\/\" \/>\n<meta property=\"og:site_name\" content=\"Vida Crist\u00e3 - Franciscanos\" \/>\n<meta property=\"article:published_time\" content=\"2025-02-11T12:30:07+00:00\" \/>\n<meta property=\"article:modified_time\" content=\"2026-04-27T20:24:51+00:00\" \/>\n<meta property=\"og:image\" content=\"https:\/\/franciscanos.org.br\/vidacrista\/wp-content\/uploads\/2025\/02\/chamada-dom-walmor.jpg\" \/>\n\t<meta property=\"og:image:width\" content=\"800\" \/>\n\t<meta property=\"og:image:height\" content=\"550\" \/>\n\t<meta property=\"og:image:type\" content=\"image\/jpeg\" \/>\n<meta name=\"author\" content=\"Adriana Rabelo\" \/>\n<meta name=\"twitter:card\" content=\"summary_large_image\" \/>\n<meta name=\"twitter:label1\" content=\"Escrito por\" \/>\n\t<meta name=\"twitter:data1\" content=\"Adriana Rabelo\" \/>\n\t<meta name=\"twitter:label2\" content=\"Est. tempo de leitura\" \/>\n\t<meta name=\"twitter:data2\" content=\"4 minutos\" \/>\n<script type=\"application\/ld+json\" class=\"yoast-schema-graph\">{\"@context\":\"https:\/\/schema.org\",\"@graph\":[{\"@type\":\"WebSite\",\"@id\":\"https:\/\/franciscanos.org.br\/vidacrista\/#website\",\"url\":\"https:\/\/franciscanos.org.br\/vidacrista\/\",\"name\":\"Vida Crist\u00e3 - Franciscanos\",\"description\":\"Prov\u00edncia Franciscana da Imaculada Concei\u00e7\u00e3o do Brasil - Ordem dos Frades Menores\",\"potentialAction\":[{\"@type\":\"SearchAction\",\"target\":{\"@type\":\"EntryPoint\",\"urlTemplate\":\"https:\/\/franciscanos.org.br\/vidacrista\/?s={search_term_string}\"},\"query-input\":\"required name=search_term_string\"}],\"inLanguage\":\"pt-BR\"},{\"@type\":\"WebPage\",\"@id\":\"https:\/\/franciscanos.org.br\/vidacrista\/a-arte-de-aprender-a-esperanca\/\",\"url\":\"https:\/\/franciscanos.org.br\/vidacrista\/a-arte-de-aprender-a-esperanca\/\",\"name\":\"A arte de aprender a esperan\u00e7a - Vida Crist\u00e3 - Franciscanos\",\"isPartOf\":{\"@id\":\"https:\/\/franciscanos.org.br\/vidacrista\/#website\"},\"datePublished\":\"2025-02-11T12:30:07+00:00\",\"dateModified\":\"2026-04-27T20:24:51+00:00\",\"author\":{\"@id\":\"https:\/\/franciscanos.org.br\/vidacrista\/#\/schema\/person\/a0cbb2edfc0aecf8ac498802d1cb57b5\"},\"breadcrumb\":{\"@id\":\"https:\/\/franciscanos.org.br\/vidacrista\/a-arte-de-aprender-a-esperanca\/#breadcrumb\"},\"inLanguage\":\"pt-BR\",\"potentialAction\":[{\"@type\":\"ReadAction\",\"target\":[\"https:\/\/franciscanos.org.br\/vidacrista\/a-arte-de-aprender-a-esperanca\/\"]}]},{\"@type\":\"BreadcrumbList\",\"@id\":\"https:\/\/franciscanos.org.br\/vidacrista\/a-arte-de-aprender-a-esperanca\/#breadcrumb\",\"itemListElement\":[{\"@type\":\"ListItem\",\"position\":1,\"name\":\"Home\",\"item\":\"https:\/\/franciscanos.org.br\/vidacrista\/\"},{\"@type\":\"ListItem\",\"position\":2,\"name\":\"A arte de aprender a esperan\u00e7a\"}]},{\"@type\":\"Person\",\"@id\":\"https:\/\/franciscanos.org.br\/vidacrista\/#\/schema\/person\/a0cbb2edfc0aecf8ac498802d1cb57b5\",\"name\":\"Adriana Rabelo\",\"image\":{\"@type\":\"ImageObject\",\"inLanguage\":\"pt-BR\",\"@id\":\"https:\/\/franciscanos.org.br\/vidacrista\/#\/schema\/person\/image\/\",\"url\":\"https:\/\/secure.gravatar.com\/avatar\/0a937b7500cd7df77540cfb8bede877d?s=96&d=mm&r=g\",\"contentUrl\":\"https:\/\/secure.gravatar.com\/avatar\/0a937b7500cd7df77540cfb8bede877d?s=96&d=mm&r=g\",\"caption\":\"Adriana Rabelo\"},\"url\":\"https:\/\/franciscanos.org.br\/vidacrista\/author\/adrianarabelo\/\"}]}<\/script>\n<!-- \/ Yoast SEO plugin. -->","yoast_head_json":{"title":"A arte de aprender a esperan\u00e7a - Vida Crist\u00e3 - Franciscanos","robots":{"index":"index","follow":"follow","max-snippet":"max-snippet:-1","max-image-preview":"max-image-preview:large","max-video-preview":"max-video-preview:-1"},"canonical":"https:\/\/franciscanos.org.br\/vidacrista\/a-arte-de-aprender-a-esperanca\/","og_locale":"pt_BR","og_type":"article","og_title":"A arte de aprender a esperan\u00e7a - Vida Crist\u00e3 - Franciscanos","og_description":"Dom Walmor Oliveira de Azevedo","og_url":"https:\/\/franciscanos.org.br\/vidacrista\/a-arte-de-aprender-a-esperanca\/","og_site_name":"Vida Crist\u00e3 - Franciscanos","article_published_time":"2025-02-11T12:30:07+00:00","article_modified_time":"2026-04-27T20:24:51+00:00","og_image":[{"width":800,"height":550,"url":"https:\/\/franciscanos.org.br\/vidacrista\/wp-content\/uploads\/2025\/02\/chamada-dom-walmor.jpg","type":"image\/jpeg"}],"author":"Adriana Rabelo","twitter_card":"summary_large_image","twitter_misc":{"Escrito por":"Adriana Rabelo","Est. tempo de leitura":"4 minutos"},"schema":{"@context":"https:\/\/schema.org","@graph":[{"@type":"WebSite","@id":"https:\/\/franciscanos.org.br\/vidacrista\/#website","url":"https:\/\/franciscanos.org.br\/vidacrista\/","name":"Vida Crist\u00e3 - Franciscanos","description":"Prov\u00edncia Franciscana da Imaculada Concei\u00e7\u00e3o do Brasil - Ordem dos Frades Menores","potentialAction":[{"@type":"SearchAction","target":{"@type":"EntryPoint","urlTemplate":"https:\/\/franciscanos.org.br\/vidacrista\/?s={search_term_string}"},"query-input":"required name=search_term_string"}],"inLanguage":"pt-BR"},{"@type":"WebPage","@id":"https:\/\/franciscanos.org.br\/vidacrista\/a-arte-de-aprender-a-esperanca\/","url":"https:\/\/franciscanos.org.br\/vidacrista\/a-arte-de-aprender-a-esperanca\/","name":"A arte de aprender a esperan\u00e7a - Vida Crist\u00e3 - Franciscanos","isPartOf":{"@id":"https:\/\/franciscanos.org.br\/vidacrista\/#website"},"datePublished":"2025-02-11T12:30:07+00:00","dateModified":"2026-04-27T20:24:51+00:00","author":{"@id":"https:\/\/franciscanos.org.br\/vidacrista\/#\/schema\/person\/a0cbb2edfc0aecf8ac498802d1cb57b5"},"breadcrumb":{"@id":"https:\/\/franciscanos.org.br\/vidacrista\/a-arte-de-aprender-a-esperanca\/#breadcrumb"},"inLanguage":"pt-BR","potentialAction":[{"@type":"ReadAction","target":["https:\/\/franciscanos.org.br\/vidacrista\/a-arte-de-aprender-a-esperanca\/"]}]},{"@type":"BreadcrumbList","@id":"https:\/\/franciscanos.org.br\/vidacrista\/a-arte-de-aprender-a-esperanca\/#breadcrumb","itemListElement":[{"@type":"ListItem","position":1,"name":"Home","item":"https:\/\/franciscanos.org.br\/vidacrista\/"},{"@type":"ListItem","position":2,"name":"A arte de aprender a esperan\u00e7a"}]},{"@type":"Person","@id":"https:\/\/franciscanos.org.br\/vidacrista\/#\/schema\/person\/a0cbb2edfc0aecf8ac498802d1cb57b5","name":"Adriana Rabelo","image":{"@type":"ImageObject","inLanguage":"pt-BR","@id":"https:\/\/franciscanos.org.br\/vidacrista\/#\/schema\/person\/image\/","url":"https:\/\/secure.gravatar.com\/avatar\/0a937b7500cd7df77540cfb8bede877d?s=96&d=mm&r=g","contentUrl":"https:\/\/secure.gravatar.com\/avatar\/0a937b7500cd7df77540cfb8bede877d?s=96&d=mm&r=g","caption":"Adriana Rabelo"},"url":"https:\/\/franciscanos.org.br\/vidacrista\/author\/adrianarabelo\/"}]}},"_links":{"self":[{"href":"https:\/\/franciscanos.org.br\/vidacrista\/wp-json\/wp\/v2\/posts\/195532"}],"collection":[{"href":"https:\/\/franciscanos.org.br\/vidacrista\/wp-json\/wp\/v2\/posts"}],"about":[{"href":"https:\/\/franciscanos.org.br\/vidacrista\/wp-json\/wp\/v2\/types\/post"}],"author":[{"embeddable":true,"href":"https:\/\/franciscanos.org.br\/vidacrista\/wp-json\/wp\/v2\/users\/10"}],"replies":[{"embeddable":true,"href":"https:\/\/franciscanos.org.br\/vidacrista\/wp-json\/wp\/v2\/comments?post=195532"}],"version-history":[{"count":2,"href":"https:\/\/franciscanos.org.br\/vidacrista\/wp-json\/wp\/v2\/posts\/195532\/revisions"}],"predecessor-version":[{"id":195536,"href":"https:\/\/franciscanos.org.br\/vidacrista\/wp-json\/wp\/v2\/posts\/195532\/revisions\/195536"}],"wp:featuredmedia":[{"embeddable":true,"href":"https:\/\/franciscanos.org.br\/vidacrista\/wp-json\/wp\/v2\/media\/195534"}],"wp:attachment":[{"href":"https:\/\/franciscanos.org.br\/vidacrista\/wp-json\/wp\/v2\/media?parent=195532"}],"wp:term":[{"taxonomy":"category","embeddable":true,"href":"https:\/\/franciscanos.org.br\/vidacrista\/wp-json\/wp\/v2\/categories?post=195532"},{"taxonomy":"post_tag","embeddable":true,"href":"https:\/\/franciscanos.org.br\/vidacrista\/wp-json\/wp\/v2\/tags?post=195532"}],"curies":[{"name":"wp","href":"https:\/\/api.w.org\/{rel}","templated":true}]}}