{"id":195478,"date":"2025-01-20T11:54:33","date_gmt":"2025-01-20T14:54:33","guid":{"rendered":"https:\/\/franciscanos.org.br\/vidacrista\/?p=195478"},"modified":"2025-01-20T11:54:33","modified_gmt":"2025-01-20T14:54:33","slug":"para-uma-ecoteologia-da-mae-terra","status":"publish","type":"post","link":"https:\/\/franciscanos.org.br\/vidacrista\/para-uma-ecoteologia-da-mae-terra\/","title":{"rendered":"Para uma ecoteologia da M\u00e3e Terra"},"content":{"rendered":"<p><img decoding=\"async\" loading=\"lazy\" class=\"aligncenter wp-image-195479 size-full\" src=\"https:\/\/franciscanos.org.br\/vidacrista\/wp-content\/uploads\/2025\/01\/ARTIGO-BOFF-1-MATERIA.jpg\" alt=\"\" width=\"1280\" height=\"720\" srcset=\"https:\/\/franciscanos.org.br\/vidacrista\/wp-content\/uploads\/2025\/01\/ARTIGO-BOFF-1-MATERIA.jpg 1280w, https:\/\/franciscanos.org.br\/vidacrista\/wp-content\/uploads\/2025\/01\/ARTIGO-BOFF-1-MATERIA-450x253.jpg 450w, https:\/\/franciscanos.org.br\/vidacrista\/wp-content\/uploads\/2025\/01\/ARTIGO-BOFF-1-MATERIA-1024x576.jpg 1024w, https:\/\/franciscanos.org.br\/vidacrista\/wp-content\/uploads\/2025\/01\/ARTIGO-BOFF-1-MATERIA-768x432.jpg 768w, https:\/\/franciscanos.org.br\/vidacrista\/wp-content\/uploads\/2025\/01\/ARTIGO-BOFF-1-MATERIA-150x84.jpg 150w\" sizes=\"(max-width: 1280px) 100vw, 1280px\" \/><\/p>\n<p>N\u00e3o s\u00e3o apenas os pobres que gritam. A Terra tamb\u00e9m grita, convertida na Grande Pobre, despojada de seus bens e servi\u00e7os naturais limitados. O Papa Francisco falou recentemente sobre o grito da Terra e dos pobres. A maior agress\u00e3o que se faz \u00e0 Terra \u00e9 n\u00e3o reconhec\u00ea-la como a Grande M\u00e3e, Casa Comum e Gaia, um superorganismo vivo que se autorregula e combina todos os elementos necess\u00e1rios para se autogerar continuamente e produzir vidas, especialmente a vida humana, a maior flor do processo evolutivo. A duras penas, ela ainda consegue dissolver os desequil\u00edbrios e manter a capacidade de nos alimentar, assim como toda a comunidade de vida.<\/p>\n<p>Hoje, no entanto, ela est\u00e1 mostrando sinais de enfraquecimento. Trata-se da Sobrecarga da Terra (Earth Overshoot). Ela tem sido explorada excessivamente devido \u00e0 voracidade de alguns cujo projeto \u00e9 acumular bens materiais de forma ilimitada, sem qualquer sentido de partilha justa com o restante da humanidade. O pior est\u00e1 acontecendo recentemente: h\u00e1 um retrocesso na redu\u00e7\u00e3o da emiss\u00e3o de gases de efeito estufa, agravando o aquecimento global e suas consequ\u00eancias j\u00e1 conhecidas.<\/p>\n<p>N\u00e3o se reconhecem os direitos da natureza e da Terra, reduzida a um ba\u00fa de recursos para sustentar o projeto ilus\u00f3rio de um crescimento ilimitado, mesmo sabendo dos limites intranspon\u00edveis do planeta.<\/p>\n<p>Cresce a consci\u00eancia a partir do <em>Overview Effect<\/em> dos astronautas, que observaram a Terra de suas naves espaciais e testemunharam que a Terra e a humanidade formam uma entidade \u00fanica e complexa. Os seres humanos expressam esse ponto de complexidade no qual a Terra come\u00e7ou a andar, pensar, cantar, se emocionar e, principalmente, amar.<\/p>\n<p>Diante da urg\u00eancia ecol\u00f3gica, a alternativa que se imp\u00f5e \u00e9 esta: ou cuidamos de nossa M\u00e3e Terra ou n\u00e3o haver\u00e1 uma arca de No\u00e9 que possa nos salvar. Como bem disse o Papa Francisco na enc\u00edclica <em>Fratelli tutti<\/em> (Todos irm\u00e3os e irm\u00e3s), de 2020: &#8220;Estamos no mesmo barco, ou nos salvamos todos, ou ningu\u00e9m se salva&#8221;.<\/p>\n<p>Por isso, na op\u00e7\u00e3o pelos pobres contra a pobreza, deve-se incluir a Terra como a Grande Pobre. \u00c9 nossa miss\u00e3o tir\u00e1-la da cruz e ressuscit\u00e1-la para que mantenha sua vitalidade.<\/p>\n<p>Uma teologia da liberta\u00e7\u00e3o integral deve ser uma ecoteologia da liberta\u00e7\u00e3o, como defendo desde os anos 1980 e que foi finalmente oficializada pelo Papa Francisco em sua enc\u00edclica <em>Laudato Si\u2019: Sobre o cuidado da Casa Comum<\/em> (2015).<\/p>\n<p>A \u00e9tica ecol\u00f3gica fundamental, que sustenta qualquer outro imperativo, exige o seguinte: o que fa\u00e7o para salvaguardar a vida na Terra e permitir que todos os seres continuem existindo e vivendo nela? O segundo imperativo \u00e9tico \u00e9 este: o que fa\u00e7o para conservar as condi\u00e7\u00f5es para que o ser humano possa subsistir e continuar evoluindo como tem feito h\u00e1 mil\u00eanios?<\/p>\n<p>A Terra fundamenta um princ\u00edpio estruturador de tudo: a nova centralidade do pensamento e da a\u00e7\u00e3o. A quest\u00e3o n\u00e3o \u00e9 qual futuro o cristianismo ou nossa civiliza\u00e7\u00e3o t\u00eam, mas qual futuro a Terra viva tem e em que medida o cristianismo e outros caminhos espirituais, junto com as ci\u00eancias, colaboram para que o futuro da vida na Terra seja poss\u00edvel.<\/p>\n<p>O alarme ecol\u00f3gico nos exige redobrar o cuidado. S\u00f3 em 2023 lan\u00e7amos na atmosfera 40 bilh\u00f5es de toneladas de di\u00f3xido de carbono (CO\u2082). Metade \u00e9 absorvida pelas plantas no processo de fotoss\u00edntese e pelos oceanos. Mas a outra metade vai para a atmosfera e l\u00e1 permanece por cerca de cem anos, criando um efeito estufa que agrava o aquecimento global, com efeitos desastrosos como os imensos inc\u00eandios na Amaz\u00f4nia, no Pantanal, atualmente na Calif\u00f3rnia e at\u00e9 na fria e \u00famida Sib\u00e9ria. Fala-se de uma nova fase da Terra, ap\u00f3s o antropoceno, a mais perigosa de todas: o piroceno, ou seja, a irrup\u00e7\u00e3o do fogo (<em>pyros<\/em> em grego), que pode incendiar e incinerar tudo. Isso representaria uma amea\u00e7a extrema para a sobreviv\u00eancia humana e do sistema-vida.<\/p>\n<p>A ci\u00eancia nos ajuda a prevenir a chegada de eventos extremos e a mitigar seus danos. Mas ela sozinha n\u00e3o \u00e9 suficiente. Precisamos de uma nova \u00e9tica e de outra espiritualidade da Terra, que nos inspirem a encontrar uma forma mais benevolente e cuidadosa de estar aqui. Assim, a Terra ainda poder\u00e1 nos querer sobre seu solo. Caso contr\u00e1rio, a humanidade, ou uma grande parte dela, pode desaparecer.<\/p>\n<p>Certamente isso n\u00e3o representa a vontade do Criador nem o prop\u00f3sito da humanidade. Estamos no limite do perigo extremo e \u00e9 urgente mudar. Inauguraremos outro rumo e, assim, salvaremos a vida na M\u00e3e Terra e nos salvaremos todos com ela.<\/p>\n<p>N\u00e3o temos muito tempo. \u00c9 urgente come\u00e7ar agora, cada um fazendo sua revolu\u00e7\u00e3o molecular onde vive ou trabalha. Somando todas as for\u00e7as, daremos o salto necess\u00e1rio para merecer continuar sobre este belo e riqu\u00edssimo planeta, nossa \u00fanica Casa Comum.<\/p>\n<hr \/>\n<p><em>Leonardo Boff escreveu: &#8220;Ecologia: Grito da Terra &#8211; Grito dos Pobres&#8221;, Vozes, muitas edi\u00e7\u00f5es, 2024; &#8220;Cuidar da Casa Comum: Pistas para Adiar o Fim do Mundo&#8221;, Vozes, 2024.<\/em><\/p>\n","protected":false},"excerpt":{"rendered":"<p>Leonardo Boff<\/p>\n","protected":false},"author":10,"featured_media":195481,"comment_status":"open","ping_status":"open","sticky":false,"template":"","format":"standard","meta":{"footnotes":""},"categories":[26],"tags":[59],"yoast_head":"<!-- This site is optimized with the Yoast SEO plugin v19.4 - https:\/\/yoast.com\/wordpress\/plugins\/seo\/ -->\n<title>Para uma ecoteologia da M\u00e3e Terra - Vida Crist\u00e3 - Franciscanos<\/title>\n<meta name=\"robots\" content=\"index, follow, max-snippet:-1, max-image-preview:large, max-video-preview:-1\" \/>\n<link rel=\"canonical\" href=\"https:\/\/franciscanos.org.br\/vidacrista\/para-uma-ecoteologia-da-mae-terra\/\" \/>\n<meta property=\"og:locale\" content=\"pt_BR\" \/>\n<meta property=\"og:type\" content=\"article\" \/>\n<meta property=\"og:title\" content=\"Para uma ecoteologia da M\u00e3e Terra - Vida Crist\u00e3 - Franciscanos\" \/>\n<meta property=\"og:description\" content=\"Leonardo Boff\" \/>\n<meta property=\"og:url\" content=\"https:\/\/franciscanos.org.br\/vidacrista\/para-uma-ecoteologia-da-mae-terra\/\" \/>\n<meta property=\"og:site_name\" content=\"Vida Crist\u00e3 - Franciscanos\" \/>\n<meta property=\"article:published_time\" content=\"2025-01-20T14:54:33+00:00\" \/>\n<meta property=\"og:image\" content=\"https:\/\/franciscanos.org.br\/vidacrista\/wp-content\/uploads\/2025\/01\/CHAMADA-BOFF1.jpg\" \/>\n\t<meta property=\"og:image:width\" content=\"800\" \/>\n\t<meta property=\"og:image:height\" content=\"550\" \/>\n\t<meta property=\"og:image:type\" content=\"image\/jpeg\" \/>\n<meta name=\"author\" content=\"Adriana Rabelo\" \/>\n<meta name=\"twitter:card\" content=\"summary_large_image\" \/>\n<meta name=\"twitter:label1\" content=\"Escrito por\" \/>\n\t<meta name=\"twitter:data1\" content=\"Adriana Rabelo\" \/>\n\t<meta name=\"twitter:label2\" content=\"Est. tempo de leitura\" \/>\n\t<meta name=\"twitter:data2\" content=\"4 minutos\" \/>\n<script type=\"application\/ld+json\" class=\"yoast-schema-graph\">{\"@context\":\"https:\/\/schema.org\",\"@graph\":[{\"@type\":\"WebSite\",\"@id\":\"https:\/\/franciscanos.org.br\/vidacrista\/#website\",\"url\":\"https:\/\/franciscanos.org.br\/vidacrista\/\",\"name\":\"Vida Crist\u00e3 - Franciscanos\",\"description\":\"Prov\u00edncia Franciscana da Imaculada Concei\u00e7\u00e3o do Brasil - Ordem dos Frades Menores\",\"potentialAction\":[{\"@type\":\"SearchAction\",\"target\":{\"@type\":\"EntryPoint\",\"urlTemplate\":\"https:\/\/franciscanos.org.br\/vidacrista\/?s={search_term_string}\"},\"query-input\":\"required name=search_term_string\"}],\"inLanguage\":\"pt-BR\"},{\"@type\":\"WebPage\",\"@id\":\"https:\/\/franciscanos.org.br\/vidacrista\/para-uma-ecoteologia-da-mae-terra\/\",\"url\":\"https:\/\/franciscanos.org.br\/vidacrista\/para-uma-ecoteologia-da-mae-terra\/\",\"name\":\"Para uma ecoteologia da M\u00e3e Terra - Vida Crist\u00e3 - Franciscanos\",\"isPartOf\":{\"@id\":\"https:\/\/franciscanos.org.br\/vidacrista\/#website\"},\"datePublished\":\"2025-01-20T14:54:33+00:00\",\"dateModified\":\"2025-01-20T14:54:33+00:00\",\"author\":{\"@id\":\"https:\/\/franciscanos.org.br\/vidacrista\/#\/schema\/person\/a0cbb2edfc0aecf8ac498802d1cb57b5\"},\"breadcrumb\":{\"@id\":\"https:\/\/franciscanos.org.br\/vidacrista\/para-uma-ecoteologia-da-mae-terra\/#breadcrumb\"},\"inLanguage\":\"pt-BR\",\"potentialAction\":[{\"@type\":\"ReadAction\",\"target\":[\"https:\/\/franciscanos.org.br\/vidacrista\/para-uma-ecoteologia-da-mae-terra\/\"]}]},{\"@type\":\"BreadcrumbList\",\"@id\":\"https:\/\/franciscanos.org.br\/vidacrista\/para-uma-ecoteologia-da-mae-terra\/#breadcrumb\",\"itemListElement\":[{\"@type\":\"ListItem\",\"position\":1,\"name\":\"Home\",\"item\":\"https:\/\/franciscanos.org.br\/vidacrista\/\"},{\"@type\":\"ListItem\",\"position\":2,\"name\":\"Para uma ecoteologia da M\u00e3e Terra\"}]},{\"@type\":\"Person\",\"@id\":\"https:\/\/franciscanos.org.br\/vidacrista\/#\/schema\/person\/a0cbb2edfc0aecf8ac498802d1cb57b5\",\"name\":\"Adriana Rabelo\",\"image\":{\"@type\":\"ImageObject\",\"inLanguage\":\"pt-BR\",\"@id\":\"https:\/\/franciscanos.org.br\/vidacrista\/#\/schema\/person\/image\/\",\"url\":\"https:\/\/secure.gravatar.com\/avatar\/0a937b7500cd7df77540cfb8bede877d?s=96&d=mm&r=g\",\"contentUrl\":\"https:\/\/secure.gravatar.com\/avatar\/0a937b7500cd7df77540cfb8bede877d?s=96&d=mm&r=g\",\"caption\":\"Adriana Rabelo\"},\"url\":\"https:\/\/franciscanos.org.br\/vidacrista\/author\/adrianarabelo\/\"}]}<\/script>\n<!-- \/ Yoast SEO plugin. -->","yoast_head_json":{"title":"Para uma ecoteologia da M\u00e3e Terra - Vida Crist\u00e3 - Franciscanos","robots":{"index":"index","follow":"follow","max-snippet":"max-snippet:-1","max-image-preview":"max-image-preview:large","max-video-preview":"max-video-preview:-1"},"canonical":"https:\/\/franciscanos.org.br\/vidacrista\/para-uma-ecoteologia-da-mae-terra\/","og_locale":"pt_BR","og_type":"article","og_title":"Para uma ecoteologia da M\u00e3e Terra - Vida Crist\u00e3 - Franciscanos","og_description":"Leonardo Boff","og_url":"https:\/\/franciscanos.org.br\/vidacrista\/para-uma-ecoteologia-da-mae-terra\/","og_site_name":"Vida Crist\u00e3 - Franciscanos","article_published_time":"2025-01-20T14:54:33+00:00","og_image":[{"width":800,"height":550,"url":"https:\/\/franciscanos.org.br\/vidacrista\/wp-content\/uploads\/2025\/01\/CHAMADA-BOFF1.jpg","type":"image\/jpeg"}],"author":"Adriana Rabelo","twitter_card":"summary_large_image","twitter_misc":{"Escrito por":"Adriana Rabelo","Est. tempo de leitura":"4 minutos"},"schema":{"@context":"https:\/\/schema.org","@graph":[{"@type":"WebSite","@id":"https:\/\/franciscanos.org.br\/vidacrista\/#website","url":"https:\/\/franciscanos.org.br\/vidacrista\/","name":"Vida Crist\u00e3 - Franciscanos","description":"Prov\u00edncia Franciscana da Imaculada Concei\u00e7\u00e3o do Brasil - Ordem dos Frades Menores","potentialAction":[{"@type":"SearchAction","target":{"@type":"EntryPoint","urlTemplate":"https:\/\/franciscanos.org.br\/vidacrista\/?s={search_term_string}"},"query-input":"required name=search_term_string"}],"inLanguage":"pt-BR"},{"@type":"WebPage","@id":"https:\/\/franciscanos.org.br\/vidacrista\/para-uma-ecoteologia-da-mae-terra\/","url":"https:\/\/franciscanos.org.br\/vidacrista\/para-uma-ecoteologia-da-mae-terra\/","name":"Para uma ecoteologia da M\u00e3e Terra - Vida Crist\u00e3 - Franciscanos","isPartOf":{"@id":"https:\/\/franciscanos.org.br\/vidacrista\/#website"},"datePublished":"2025-01-20T14:54:33+00:00","dateModified":"2025-01-20T14:54:33+00:00","author":{"@id":"https:\/\/franciscanos.org.br\/vidacrista\/#\/schema\/person\/a0cbb2edfc0aecf8ac498802d1cb57b5"},"breadcrumb":{"@id":"https:\/\/franciscanos.org.br\/vidacrista\/para-uma-ecoteologia-da-mae-terra\/#breadcrumb"},"inLanguage":"pt-BR","potentialAction":[{"@type":"ReadAction","target":["https:\/\/franciscanos.org.br\/vidacrista\/para-uma-ecoteologia-da-mae-terra\/"]}]},{"@type":"BreadcrumbList","@id":"https:\/\/franciscanos.org.br\/vidacrista\/para-uma-ecoteologia-da-mae-terra\/#breadcrumb","itemListElement":[{"@type":"ListItem","position":1,"name":"Home","item":"https:\/\/franciscanos.org.br\/vidacrista\/"},{"@type":"ListItem","position":2,"name":"Para uma ecoteologia da M\u00e3e Terra"}]},{"@type":"Person","@id":"https:\/\/franciscanos.org.br\/vidacrista\/#\/schema\/person\/a0cbb2edfc0aecf8ac498802d1cb57b5","name":"Adriana Rabelo","image":{"@type":"ImageObject","inLanguage":"pt-BR","@id":"https:\/\/franciscanos.org.br\/vidacrista\/#\/schema\/person\/image\/","url":"https:\/\/secure.gravatar.com\/avatar\/0a937b7500cd7df77540cfb8bede877d?s=96&d=mm&r=g","contentUrl":"https:\/\/secure.gravatar.com\/avatar\/0a937b7500cd7df77540cfb8bede877d?s=96&d=mm&r=g","caption":"Adriana Rabelo"},"url":"https:\/\/franciscanos.org.br\/vidacrista\/author\/adrianarabelo\/"}]}},"_links":{"self":[{"href":"https:\/\/franciscanos.org.br\/vidacrista\/wp-json\/wp\/v2\/posts\/195478"}],"collection":[{"href":"https:\/\/franciscanos.org.br\/vidacrista\/wp-json\/wp\/v2\/posts"}],"about":[{"href":"https:\/\/franciscanos.org.br\/vidacrista\/wp-json\/wp\/v2\/types\/post"}],"author":[{"embeddable":true,"href":"https:\/\/franciscanos.org.br\/vidacrista\/wp-json\/wp\/v2\/users\/10"}],"replies":[{"embeddable":true,"href":"https:\/\/franciscanos.org.br\/vidacrista\/wp-json\/wp\/v2\/comments?post=195478"}],"version-history":[{"count":1,"href":"https:\/\/franciscanos.org.br\/vidacrista\/wp-json\/wp\/v2\/posts\/195478\/revisions"}],"predecessor-version":[{"id":195482,"href":"https:\/\/franciscanos.org.br\/vidacrista\/wp-json\/wp\/v2\/posts\/195478\/revisions\/195482"}],"wp:featuredmedia":[{"embeddable":true,"href":"https:\/\/franciscanos.org.br\/vidacrista\/wp-json\/wp\/v2\/media\/195481"}],"wp:attachment":[{"href":"https:\/\/franciscanos.org.br\/vidacrista\/wp-json\/wp\/v2\/media?parent=195478"}],"wp:term":[{"taxonomy":"category","embeddable":true,"href":"https:\/\/franciscanos.org.br\/vidacrista\/wp-json\/wp\/v2\/categories?post=195478"},{"taxonomy":"post_tag","embeddable":true,"href":"https:\/\/franciscanos.org.br\/vidacrista\/wp-json\/wp\/v2\/tags?post=195478"}],"curies":[{"name":"wp","href":"https:\/\/api.w.org\/{rel}","templated":true}]}}