{"id":195369,"date":"2024-12-06T11:37:11","date_gmt":"2024-12-06T14:37:11","guid":{"rendered":"https:\/\/franciscanos.org.br\/vidacrista\/?p=195369"},"modified":"2024-12-06T11:38:57","modified_gmt":"2024-12-06T14:38:57","slug":"coroa-do-advento-tempo-luz-e-cor-na-roda-da-vida","status":"publish","type":"post","link":"https:\/\/franciscanos.org.br\/vidacrista\/coroa-do-advento-tempo-luz-e-cor-na-roda-da-vida\/","title":{"rendered":"Coroa do Advento: tempo, luz e cor na roda da vida!"},"content":{"rendered":"<p><img decoding=\"async\" loading=\"lazy\" class=\"aligncenter wp-image-195370 size-full\" src=\"https:\/\/franciscanos.org.br\/vidacrista\/wp-content\/uploads\/2024\/12\/MATERIA-advento.jpg\" alt=\"\" width=\"1280\" height=\"720\" srcset=\"https:\/\/franciscanos.org.br\/vidacrista\/wp-content\/uploads\/2024\/12\/MATERIA-advento.jpg 1280w, https:\/\/franciscanos.org.br\/vidacrista\/wp-content\/uploads\/2024\/12\/MATERIA-advento-450x253.jpg 450w, https:\/\/franciscanos.org.br\/vidacrista\/wp-content\/uploads\/2024\/12\/MATERIA-advento-1024x576.jpg 1024w, https:\/\/franciscanos.org.br\/vidacrista\/wp-content\/uploads\/2024\/12\/MATERIA-advento-768x432.jpg 768w, https:\/\/franciscanos.org.br\/vidacrista\/wp-content\/uploads\/2024\/12\/MATERIA-advento-150x84.jpg 150w\" sizes=\"(max-width: 1280px) 100vw, 1280px\" \/><\/p>\n<p>Advento \u00e9 um substantivo latino, Adventus, que significa \u201cchegada\u201d. No imp\u00e9rio romano era a chegada, a visita, de pessoas ilustres, reis e imperadores \u00e0s cidades. Elas eram recepcionadas nas portas das cidades com honrarias. O povo esperava com alegria a vinda dessas pessoas, pois elas poderiam lhes conceder benef\u00edcios. Havia o costume de enfeitar carro\u00e7as para conduzir esses not\u00e1veis.<\/p>\n<p>A partir do s\u00e9culo IV, quando o cristianismo passou a ser a religi\u00e3o do imp\u00e9rio romano, os crist\u00e3os passaram a utilizar o termo advento para celebrar o Natal, visto que j\u00e1 estava bem conhecido o uso do termo grego, Parusia, para falar da segunda vinda de Cristo. A primeira vez que o Advento em rela\u00e7\u00e3o a Jesus foi celebrado ocorreu em 380 E.C., no S\u00ednodo de Sarago\u00e7a, Espanha.<\/p>\n<p>Mais tarde, os crist\u00e3os criaram a coroa do Advento, confeccionada de cipreste e velas. O tempo, a luz e a cor est\u00e3o representadas na coroa. Constru\u00edda de forma circular, a coroa representa o tempo de Deus, em grego, <em>Kair\u00f3s<\/em>, um tempo que n\u00e3o tem come\u00e7o e nem fim. Ele \u00e9 circular, eterno. O verde das folhas de pinheiro que a envolve nos remete tamb\u00e9m ao Eterno, ao infinito, pois ela aponta para o c\u00e9u e continua eternamente viva, no verde de suas folhas.<\/p>\n<p>As quatro velas da coroa do Advento nos remetem ao terreno, aos quatro elementos da natureza nas quatro semanas que antecedem o Natal. A vela acesa nos acompanha durante nossas vidas. Quando celebramos o anivers\u00e1rio, apagamos uma vela para simbolizar que o tempo passou e uma nova luz \u00e9 acessa para iluminar o tempo futuro. Quando morremos, no vel\u00f3rio, isto \u00e9, a jun\u00e7\u00e3o de muitas velas, a luz de nossa vida terrena \u00e9 apagada pela \u00faltima vez. Partimos ao encontro de Deus que \u00e9 a Luz que brilha sempre. Nele nos tornamos luz eterna!<\/p>\n<p>N\u00e3o por menos, em s\u00e2nscrito, a antiga l\u00edngua da \u00cdndia e Nepal e considerada indo-europeia, fazendo parte do tronco lingu\u00edstico de muitas l\u00ednguas europeias, Deus se diz <em>d\u00eava <\/em>ou <em>dywe<\/em>, que vem de <em>div<\/em> e significa brilhar, e <em>dew<\/em>, luz, brilho. Brilhar, luz. Dia vem de Deus. Bom dia, <em>b\u00f4di\u00e8<\/em>, \u00e9 o mesmo que Boa luz e Bom Deus. Em outras palavras, que Deus seja luz em seu caminho. Jesus \u00e9 Deus! Deus \u00e9 Luz! Jesus \u00e9 a luz que ilumina a nossa vida no Natal que vai chegar!<\/p>\n<p>Os romanos reverenciavam o sol como divindade. Ele era chamado de Sol Invicto, que nunca se apaga, e celebrado no dia 25 de dezembro, culto iniciado em 274 E.C. pelo imperador Aureliano. O imperador era considerado um iluminado. O cristianismo fez a releitura desse culto com Jesus, na celebra\u00e7\u00e3o do Natal. Jesus \u00e9 a luz que nunca se apaga.<\/p>\n<p>A luz do sol tem rela\u00e7\u00e3o direta com as cores a partir de fen\u00f4meno chamado de refra\u00e7\u00e3o, o qual ocorre quando a luz se decomp\u00f5e quando ao ser confrontada com uma superf\u00edcie branca, como a \u00e1gua e o ar. A refra\u00e7\u00e3o ocorre possibilitando a forma\u00e7\u00e3o de cores. \u00c9 desse modo que o sol produz as cores do arco-\u00edris. Deus sendo a Luz, Ele se revela nas cores da roda da vida. Compreender Deus \u00e9 decodificar o sentido das cores, sua manifesta\u00e7\u00e3o no meio de n\u00f3s, em Jesus Cristo.<\/p>\n<p>Na coroa do Advento temos quatro cores: verde, vermelho, rosa e branco. H\u00e1 coroas que tamb\u00e9m trazem tr\u00eas velas roxas e um branca. Cada uma delas representa algo. O verde, a esperan\u00e7a; o vermelho, o amor; o rosa, a alegria e o branco, a paz. A cor rosa \u00e9 a alegria da vinda de Jesus no Natal, por isso, ela \u00e9 acesa no terceiro domingo do advento.<\/p>\n<p>Uma crian\u00e7a nasce, a vida renasce nos pais, na humanidade. Celebrar o Natal \u00e9 celebrar Jesus que faz a vida recome\u00e7ar na roda da vida. \u00a0O dia 25 de dezembro simboliza o recome\u00e7o do sol de nossas vidas que n\u00e3o pode parar de brilhar com a esperan\u00e7a, o amor, a alegria e a paz. Ainda que cheguem os dias desesperan\u00e7a, desamor, tristeza e guerra, deixa a luz de Deus brilhar no giro da vida. F\u00e9 sempre! O Natal \u00e9 logo ali! Paz e bem!<\/p>\n<hr \/>\n<p><em>Frei Jacir de Freitas Faria<\/em><\/p>\n","protected":false},"excerpt":{"rendered":"<p>Frei Jacir de Freitas Faria<\/p>\n","protected":false},"author":10,"featured_media":195371,"comment_status":"open","ping_status":"open","sticky":false,"template":"","format":"standard","meta":{"footnotes":""},"categories":[26],"tags":[43],"yoast_head":"<!-- This site is optimized with the Yoast SEO plugin v19.4 - https:\/\/yoast.com\/wordpress\/plugins\/seo\/ -->\n<title>Coroa do Advento: tempo, luz e cor na roda da vida! - Vida Crist\u00e3 - Franciscanos<\/title>\n<meta name=\"robots\" content=\"index, follow, max-snippet:-1, max-image-preview:large, max-video-preview:-1\" \/>\n<link rel=\"canonical\" href=\"https:\/\/franciscanos.org.br\/vidacrista\/coroa-do-advento-tempo-luz-e-cor-na-roda-da-vida\/\" \/>\n<meta property=\"og:locale\" content=\"pt_BR\" \/>\n<meta property=\"og:type\" content=\"article\" \/>\n<meta property=\"og:title\" content=\"Coroa do Advento: tempo, luz e cor na roda da vida! - Vida Crist\u00e3 - Franciscanos\" \/>\n<meta property=\"og:description\" content=\"Frei Jacir de Freitas Faria\" \/>\n<meta property=\"og:url\" content=\"https:\/\/franciscanos.org.br\/vidacrista\/coroa-do-advento-tempo-luz-e-cor-na-roda-da-vida\/\" \/>\n<meta property=\"og:site_name\" content=\"Vida Crist\u00e3 - Franciscanos\" \/>\n<meta property=\"article:published_time\" content=\"2024-12-06T14:37:11+00:00\" \/>\n<meta property=\"article:modified_time\" content=\"2024-12-06T14:38:57+00:00\" \/>\n<meta property=\"og:image\" content=\"https:\/\/franciscanos.org.br\/vidacrista\/wp-content\/uploads\/2024\/12\/chamada-advento.jpg\" \/>\n\t<meta property=\"og:image:width\" content=\"800\" \/>\n\t<meta property=\"og:image:height\" content=\"550\" \/>\n\t<meta property=\"og:image:type\" content=\"image\/jpeg\" \/>\n<meta name=\"author\" content=\"Adriana Rabelo\" \/>\n<meta name=\"twitter:card\" content=\"summary_large_image\" \/>\n<meta name=\"twitter:label1\" content=\"Escrito por\" \/>\n\t<meta name=\"twitter:data1\" content=\"Adriana Rabelo\" \/>\n\t<meta name=\"twitter:label2\" content=\"Est. tempo de leitura\" \/>\n\t<meta name=\"twitter:data2\" content=\"4 minutos\" \/>\n<script type=\"application\/ld+json\" class=\"yoast-schema-graph\">{\"@context\":\"https:\/\/schema.org\",\"@graph\":[{\"@type\":\"WebSite\",\"@id\":\"https:\/\/franciscanos.org.br\/vidacrista\/#website\",\"url\":\"https:\/\/franciscanos.org.br\/vidacrista\/\",\"name\":\"Vida Crist\u00e3 - Franciscanos\",\"description\":\"Prov\u00edncia Franciscana da Imaculada Concei\u00e7\u00e3o do Brasil - Ordem dos Frades Menores\",\"potentialAction\":[{\"@type\":\"SearchAction\",\"target\":{\"@type\":\"EntryPoint\",\"urlTemplate\":\"https:\/\/franciscanos.org.br\/vidacrista\/?s={search_term_string}\"},\"query-input\":\"required name=search_term_string\"}],\"inLanguage\":\"pt-BR\"},{\"@type\":\"WebPage\",\"@id\":\"https:\/\/franciscanos.org.br\/vidacrista\/coroa-do-advento-tempo-luz-e-cor-na-roda-da-vida\/\",\"url\":\"https:\/\/franciscanos.org.br\/vidacrista\/coroa-do-advento-tempo-luz-e-cor-na-roda-da-vida\/\",\"name\":\"Coroa do Advento: tempo, luz e cor na roda da vida! - Vida Crist\u00e3 - Franciscanos\",\"isPartOf\":{\"@id\":\"https:\/\/franciscanos.org.br\/vidacrista\/#website\"},\"datePublished\":\"2024-12-06T14:37:11+00:00\",\"dateModified\":\"2024-12-06T14:38:57+00:00\",\"author\":{\"@id\":\"https:\/\/franciscanos.org.br\/vidacrista\/#\/schema\/person\/a0cbb2edfc0aecf8ac498802d1cb57b5\"},\"breadcrumb\":{\"@id\":\"https:\/\/franciscanos.org.br\/vidacrista\/coroa-do-advento-tempo-luz-e-cor-na-roda-da-vida\/#breadcrumb\"},\"inLanguage\":\"pt-BR\",\"potentialAction\":[{\"@type\":\"ReadAction\",\"target\":[\"https:\/\/franciscanos.org.br\/vidacrista\/coroa-do-advento-tempo-luz-e-cor-na-roda-da-vida\/\"]}]},{\"@type\":\"BreadcrumbList\",\"@id\":\"https:\/\/franciscanos.org.br\/vidacrista\/coroa-do-advento-tempo-luz-e-cor-na-roda-da-vida\/#breadcrumb\",\"itemListElement\":[{\"@type\":\"ListItem\",\"position\":1,\"name\":\"Home\",\"item\":\"https:\/\/franciscanos.org.br\/vidacrista\/\"},{\"@type\":\"ListItem\",\"position\":2,\"name\":\"Coroa do Advento: tempo, luz e cor na roda da vida!\"}]},{\"@type\":\"Person\",\"@id\":\"https:\/\/franciscanos.org.br\/vidacrista\/#\/schema\/person\/a0cbb2edfc0aecf8ac498802d1cb57b5\",\"name\":\"Adriana Rabelo\",\"image\":{\"@type\":\"ImageObject\",\"inLanguage\":\"pt-BR\",\"@id\":\"https:\/\/franciscanos.org.br\/vidacrista\/#\/schema\/person\/image\/\",\"url\":\"https:\/\/secure.gravatar.com\/avatar\/0a937b7500cd7df77540cfb8bede877d?s=96&d=mm&r=g\",\"contentUrl\":\"https:\/\/secure.gravatar.com\/avatar\/0a937b7500cd7df77540cfb8bede877d?s=96&d=mm&r=g\",\"caption\":\"Adriana Rabelo\"},\"url\":\"https:\/\/franciscanos.org.br\/vidacrista\/author\/adrianarabelo\/\"}]}<\/script>\n<!-- \/ Yoast SEO plugin. -->","yoast_head_json":{"title":"Coroa do Advento: tempo, luz e cor na roda da vida! - Vida Crist\u00e3 - Franciscanos","robots":{"index":"index","follow":"follow","max-snippet":"max-snippet:-1","max-image-preview":"max-image-preview:large","max-video-preview":"max-video-preview:-1"},"canonical":"https:\/\/franciscanos.org.br\/vidacrista\/coroa-do-advento-tempo-luz-e-cor-na-roda-da-vida\/","og_locale":"pt_BR","og_type":"article","og_title":"Coroa do Advento: tempo, luz e cor na roda da vida! - Vida Crist\u00e3 - Franciscanos","og_description":"Frei Jacir de Freitas Faria","og_url":"https:\/\/franciscanos.org.br\/vidacrista\/coroa-do-advento-tempo-luz-e-cor-na-roda-da-vida\/","og_site_name":"Vida Crist\u00e3 - Franciscanos","article_published_time":"2024-12-06T14:37:11+00:00","article_modified_time":"2024-12-06T14:38:57+00:00","og_image":[{"width":800,"height":550,"url":"https:\/\/franciscanos.org.br\/vidacrista\/wp-content\/uploads\/2024\/12\/chamada-advento.jpg","type":"image\/jpeg"}],"author":"Adriana Rabelo","twitter_card":"summary_large_image","twitter_misc":{"Escrito por":"Adriana Rabelo","Est. tempo de leitura":"4 minutos"},"schema":{"@context":"https:\/\/schema.org","@graph":[{"@type":"WebSite","@id":"https:\/\/franciscanos.org.br\/vidacrista\/#website","url":"https:\/\/franciscanos.org.br\/vidacrista\/","name":"Vida Crist\u00e3 - Franciscanos","description":"Prov\u00edncia Franciscana da Imaculada Concei\u00e7\u00e3o do Brasil - Ordem dos Frades Menores","potentialAction":[{"@type":"SearchAction","target":{"@type":"EntryPoint","urlTemplate":"https:\/\/franciscanos.org.br\/vidacrista\/?s={search_term_string}"},"query-input":"required name=search_term_string"}],"inLanguage":"pt-BR"},{"@type":"WebPage","@id":"https:\/\/franciscanos.org.br\/vidacrista\/coroa-do-advento-tempo-luz-e-cor-na-roda-da-vida\/","url":"https:\/\/franciscanos.org.br\/vidacrista\/coroa-do-advento-tempo-luz-e-cor-na-roda-da-vida\/","name":"Coroa do Advento: tempo, luz e cor na roda da vida! - Vida Crist\u00e3 - Franciscanos","isPartOf":{"@id":"https:\/\/franciscanos.org.br\/vidacrista\/#website"},"datePublished":"2024-12-06T14:37:11+00:00","dateModified":"2024-12-06T14:38:57+00:00","author":{"@id":"https:\/\/franciscanos.org.br\/vidacrista\/#\/schema\/person\/a0cbb2edfc0aecf8ac498802d1cb57b5"},"breadcrumb":{"@id":"https:\/\/franciscanos.org.br\/vidacrista\/coroa-do-advento-tempo-luz-e-cor-na-roda-da-vida\/#breadcrumb"},"inLanguage":"pt-BR","potentialAction":[{"@type":"ReadAction","target":["https:\/\/franciscanos.org.br\/vidacrista\/coroa-do-advento-tempo-luz-e-cor-na-roda-da-vida\/"]}]},{"@type":"BreadcrumbList","@id":"https:\/\/franciscanos.org.br\/vidacrista\/coroa-do-advento-tempo-luz-e-cor-na-roda-da-vida\/#breadcrumb","itemListElement":[{"@type":"ListItem","position":1,"name":"Home","item":"https:\/\/franciscanos.org.br\/vidacrista\/"},{"@type":"ListItem","position":2,"name":"Coroa do Advento: tempo, luz e cor na roda da vida!"}]},{"@type":"Person","@id":"https:\/\/franciscanos.org.br\/vidacrista\/#\/schema\/person\/a0cbb2edfc0aecf8ac498802d1cb57b5","name":"Adriana Rabelo","image":{"@type":"ImageObject","inLanguage":"pt-BR","@id":"https:\/\/franciscanos.org.br\/vidacrista\/#\/schema\/person\/image\/","url":"https:\/\/secure.gravatar.com\/avatar\/0a937b7500cd7df77540cfb8bede877d?s=96&d=mm&r=g","contentUrl":"https:\/\/secure.gravatar.com\/avatar\/0a937b7500cd7df77540cfb8bede877d?s=96&d=mm&r=g","caption":"Adriana Rabelo"},"url":"https:\/\/franciscanos.org.br\/vidacrista\/author\/adrianarabelo\/"}]}},"_links":{"self":[{"href":"https:\/\/franciscanos.org.br\/vidacrista\/wp-json\/wp\/v2\/posts\/195369"}],"collection":[{"href":"https:\/\/franciscanos.org.br\/vidacrista\/wp-json\/wp\/v2\/posts"}],"about":[{"href":"https:\/\/franciscanos.org.br\/vidacrista\/wp-json\/wp\/v2\/types\/post"}],"author":[{"embeddable":true,"href":"https:\/\/franciscanos.org.br\/vidacrista\/wp-json\/wp\/v2\/users\/10"}],"replies":[{"embeddable":true,"href":"https:\/\/franciscanos.org.br\/vidacrista\/wp-json\/wp\/v2\/comments?post=195369"}],"version-history":[{"count":2,"href":"https:\/\/franciscanos.org.br\/vidacrista\/wp-json\/wp\/v2\/posts\/195369\/revisions"}],"predecessor-version":[{"id":195373,"href":"https:\/\/franciscanos.org.br\/vidacrista\/wp-json\/wp\/v2\/posts\/195369\/revisions\/195373"}],"wp:featuredmedia":[{"embeddable":true,"href":"https:\/\/franciscanos.org.br\/vidacrista\/wp-json\/wp\/v2\/media\/195371"}],"wp:attachment":[{"href":"https:\/\/franciscanos.org.br\/vidacrista\/wp-json\/wp\/v2\/media?parent=195369"}],"wp:term":[{"taxonomy":"category","embeddable":true,"href":"https:\/\/franciscanos.org.br\/vidacrista\/wp-json\/wp\/v2\/categories?post=195369"},{"taxonomy":"post_tag","embeddable":true,"href":"https:\/\/franciscanos.org.br\/vidacrista\/wp-json\/wp\/v2\/tags?post=195369"}],"curies":[{"name":"wp","href":"https:\/\/api.w.org\/{rel}","templated":true}]}}