{"id":195346,"date":"2024-12-01T07:28:32","date_gmt":"2024-12-01T10:28:32","guid":{"rendered":"https:\/\/franciscanos.org.br\/vidacrista\/?p=195346"},"modified":"2024-12-01T07:56:00","modified_gmt":"2024-12-01T10:56:00","slug":"o-advento-do-terror-do-medo-do-fim-do-mundo-das-mudancas-de-estruturas-e-da-esperanca","status":"publish","type":"post","link":"https:\/\/franciscanos.org.br\/vidacrista\/o-advento-do-terror-do-medo-do-fim-do-mundo-das-mudancas-de-estruturas-e-da-esperanca\/","title":{"rendered":"O Advento do terror, do medo do fim do mundo, das mudan\u00e7as de estruturas e da esperan\u00e7a"},"content":{"rendered":"<p><img decoding=\"async\" loading=\"lazy\" class=\" wp-image-195349 aligncenter\" src=\"https:\/\/franciscanos.org.br\/vidacrista\/wp-content\/uploads\/2024\/12\/apocalipse-lucas-1.jpg\" alt=\"\" width=\"376\" height=\"312\" srcset=\"https:\/\/franciscanos.org.br\/vidacrista\/wp-content\/uploads\/2024\/12\/apocalipse-lucas-1.jpg 330w, https:\/\/franciscanos.org.br\/vidacrista\/wp-content\/uploads\/2024\/12\/apocalipse-lucas-1-150x125.jpg 150w\" sizes=\"(max-width: 376px) 100vw, 376px\" \/><\/p>\n<p>O texto sobre o qual vamos refletir hoje \u00e9 Lc 21,25-28.34-36. A Igreja prop\u00f5e a leitura de textos apocal\u00edpticos e escatol\u00f3gicos (fim dos tempos) no tempo lit\u00fargico do Advento, tempo de espera para celebrar o Natal, bem como de catequese espiritual. Por que refletir sobre cat\u00e1strofes, fim do mundo como prepara\u00e7\u00e3o para celebrar a mem\u00f3ria do nascimento de Jesus e a promessa de sua nova vinda, chamada de Parusia? Trata-se de medo ou de modo de apresentar o triunfo de Deus sobre a hist\u00f3ria humana?<\/p>\n<p>Primeiro, uma breve explica\u00e7\u00e3o do advento, palavra latina que significa \u201cuma vinda, aproxima\u00e7\u00e3o ou chegada\u201d. Nas religi\u00f5es do imp\u00e9rio romano, advento simbolizava a visita de uma divindade ao seu templo, bem como de pessoas ilustres e imperadores \u00e0s cidades e prov\u00edncias do imp\u00e9rio. Foi a partir do s\u00e9culo IV que o cristianismo passou a utilizar o termo advento para celebrar o Natal, visto que j\u00e1 estava bem conhecido o uso do termo tamb\u00e9m grego, Parusia, para falar da segunda vinda de Cristo.<\/p>\n<p>Alguns s\u00edmbolos acompanham a liturgia nos quatro domingos que antecedem o Natal. Uma coroa, constru\u00edda de forma circular para significar o amor de Deus que n\u00e3o tem fim. O verde das folhas simboliza a vida e a esperan\u00e7a em Deus com a vinda de Jesus para nos salvar. J\u00e1 as quatro velas, tr\u00eas roxas e uma rosa, significam a luz de Cristo que vem para nos iluminar. Roxo \u00e9 prepara\u00e7\u00e3o, purifica\u00e7\u00e3o. A cor rosa \u00e9 a alegria, por isso, ela \u00e9 acessa no terceiro domingo do advento. Esperan\u00e7a, paz, alegria e o amor \u00e9 o que representa cada vela.<\/p>\n<p><iframe loading=\"lazy\" title=\"Reflex\u00e3o b\u00edblica: 1\u00b0 Domingo do Advento \u2013 01\/12\/24\" width=\"500\" height=\"281\" src=\"https:\/\/www.youtube.com\/embed\/FpmfbkqSpiA?start=69&#038;feature=oembed\" frameborder=\"0\" allow=\"accelerometer; autoplay; clipboard-write; encrypted-media; gyroscope; picture-in-picture; web-share\" referrerpolicy=\"strict-origin-when-cross-origin\" allowfullscreen><\/iframe><\/p>\n<p>Dito isso, procuremos entender o que a comunidade lucana quer nos dizer, sua rela\u00e7\u00e3o com a linguagem apocal\u00edptica. Jesus havia dito para os seus disc\u00edpulos que chegaria um dia em que o imponente e luxuosos templo de Templo de Jerusal\u00e9m seria destru\u00eddo, n\u00e3o ficaria pedra sobre pedra (Lc 21,5-7). Eles, ent\u00e3o, lhe perguntaram quando aconteceria isso, e qual sinal apareceria para indicar que essas coisas estariam para acontecer (Lc 21,5-7).<\/p>\n<p>A resposta de Jesus est\u00e1 em Lc 21,25-28.34-36, passagem que anuncia o terror, o desastre ecol\u00f3gico que espalharia medo por toda parte. Na verdade, ningu\u00e9m e nem Jesus sabia o dia do fim, isto \u00e9, da liberta\u00e7\u00e3o desse mundo com suas estruturas injustas. Ele disse que estaria pr\u00f3ximo, mas quando? Voc\u00ea acredita no fim do mundo? Tem medo do fim do mundo?<\/p>\n<p>Na verdade, estamos diante de uma linguagem apocal\u00edptica. Trata-se de um modo de pensar judaico que entrou no cristianismo. No modo de pensar apocal\u00edptico h\u00e1 dois mundos, o de cima e o de baixo. No c\u00e9u est\u00e1 tudo perfeito, mas no mundo c\u00e1 de baixo, n\u00e3o. Por isso, ele vai ser destru\u00eddo. Muitos acreditavam no modo como a sociedade romana estava organizada, com suas hierarquias.<\/p>\n<p>N\u00f3s conhecemos o Apocalipse, o \u00faltimo livro da B\u00edblia. Na verdade, existem dezenove outros livros apocal\u00edpticos ap\u00f3crifos do Primeiro Testamento, os quais n\u00e3o foram considerados inspirados pelos judeus e crist\u00e3os.<a href=\"#_ftn1\" name=\"_ftnref1\">[1]<\/a> Esses apocalipses narram vis\u00f5es, revela\u00e7\u00f5es de viagens de personagens aos c\u00e9us ou aos infernos, onde se encontram com anjos, com Deus, com as almas dos mortos e at\u00e9 com o Anticristo. O objetivo dessas revela\u00e7\u00f5es e vis\u00f5es \u00e9 mostrar que a justi\u00e7a de Deus vai salvar a hist\u00f3ria humana que est\u00e1 em crise. A partir de um fim catastr\u00f3fico do mundo, determinado por Deus, um novo tempo de salva\u00e7\u00e3o paradis\u00edaca h\u00e1 de chegar para os israelitas justos sobreviventes e pela ressurrei\u00e7\u00e3o para os demais. Deus inaugurar\u00e1 uma hist\u00f3ria \u00fanica, a terrestre e a celeste, sem as estruturas sociais e pol\u00edticas. H\u00e1 tamb\u00e9m nove apocalipses ap\u00f3crifos do Segundo Testamento. S\u00e3o revela\u00e7\u00f5es, de cunho gn\u00f3stico, aos ap\u00f3stolos. Eles tamb\u00e9m defendem a lideran\u00e7a apost\u00f3lica e gn\u00f3stica de Pedro. Tamb\u00e9m a Tiago. irm\u00e3o do Senhor, o Senhor faz revela\u00e7\u00f5es de cunho gn\u00f3stico e judaico-crist\u00e3o. Tiago sofrer\u00e1 no retorno de sua alma para o Pleroma, Deus. Ele tem medo, mas Jesus o conforta.<\/p>\n<p>No s\u00e9culo V, temos o testemunho de um texto ap\u00f3crifo intitulado de Apocalipse de Tom\u00e9. Escrito em latim, ele d\u00e1 continuidade ao pensamento judaico apocal\u00edptico. Na Alta Idade M\u00e9dia (s\u00e9c. V-X), Apocalipse de Tom\u00e9 foi bem difundido na Europa. Trata-se de coisas reveladas a Tom\u00e9 que acontecer\u00e3o nos \u00faltimos sete dias: fome, guerra, terremotos em diversos lugares, neve, gelo, secas, muitas doen\u00e7as nos povos, sacerdotes sem paz entre si e mundanos. Grandes sinais no c\u00e9u aparecer\u00e3o, e os seus poderes ser\u00e3o abalados. Portanto, esse modo de ver o mundo de cima e o de baixo nunca deixou de acompanhar o nosso modo de pensar. Ainda pensamos apocalipticamente. Poucos s\u00e3o os que n\u00e3o t\u00eam medo do fim do mundo.<\/p>\n<p>Jesus afirma que os poderes ser\u00e3o abalados na ordem geral, no cosmo. Ele fala em ficar de joelhos e de p\u00e9. A preocupa\u00e7\u00e3o em manter a situa\u00e7\u00e3o como est\u00e1 nos impede de transformar a realidade. Quem estava ao lado da ordem estabelecida ficava de joelho diante dos sistemas pol\u00edticos, religiosos, econ\u00f4micos e sociais. Jesus nos pede para ficar de p\u00e9 diante do Filho do Homem, isto \u00e9, de Deus encarnado, de ter orgulho de ser Filho de Deus, de mudar o que precisa ser mudado. Estar de cabe\u00e7a erguida diante do sistema que mataA sabedoria de Jesus consiste em entender que na roda da vida tudo gira, tudo muda, nada \u00e9 eterno. S\u00f3 Deus \u00e9 Eterno! Essas palavras de Jesus desconcertam o nosso modo de viver. Jesus apresenta as mudan\u00e7as que vir\u00e3o.<\/p>\n<p>Nossas normas e regras ser\u00e3o derrocadas. Em nossos dias, seria como insistir em manter a submiss\u00e3o da mulher ao homem, porque sempre foi assim. N\u00e3o podemos mudar o modo de nos relacionarmos afetivamente, pois isso n\u00e3o faz parte da estrutura homem e mulher. O Papa Francisco chama a aten\u00e7\u00e3o para a quest\u00e3o do amor acima de tudo em todas as estruturas. Aceitar o diferente! Jesus nos desafia a n\u00e3o nos conformarmos com os esquemas preestabelecidos que temos em nossas mentes e nas estruturas sociais e religiosas.<\/p>\n<p>Para al\u00e9m de ficar esperando o fim do mundo, mudemos nossas estruturas sociais, nosso modo de ser, pensar e de se relacionar. A indiferen\u00e7a em rela\u00e7\u00e3o ao outro e as injusti\u00e7as retardam a vinda de Jesus. O Apocalipse \u00e9 logo ali! O Natal est\u00e1 perto! Entremos no clima natalino, n\u00e3o o do consumo, mas o da Esperan\u00e7a, da paz, da alegria e do amor. Am\u00e9m!<\/p>\n<hr \/>\n<p><em>Frei Jacir de Freitas\u00a0Faria<\/em><\/p>\n","protected":false},"excerpt":{"rendered":"<p>Frei Jacir de Freitas\u00a0Faria<\/p>\n","protected":false},"author":10,"featured_media":195348,"comment_status":"open","ping_status":"open","sticky":false,"template":"","format":"standard","meta":{"footnotes":""},"categories":[26],"tags":[398,43],"yoast_head":"<!-- This site is optimized with the Yoast SEO plugin v19.4 - https:\/\/yoast.com\/wordpress\/plugins\/seo\/ -->\n<title>O Advento do terror, do medo do fim do mundo, das mudan\u00e7as de estruturas e da esperan\u00e7a - Vida Crist\u00e3 - Franciscanos<\/title>\n<meta name=\"robots\" content=\"index, follow, max-snippet:-1, max-image-preview:large, max-video-preview:-1\" \/>\n<link rel=\"canonical\" href=\"https:\/\/franciscanos.org.br\/vidacrista\/o-advento-do-terror-do-medo-do-fim-do-mundo-das-mudancas-de-estruturas-e-da-esperanca\/\" \/>\n<meta property=\"og:locale\" content=\"pt_BR\" \/>\n<meta property=\"og:type\" content=\"article\" \/>\n<meta property=\"og:title\" content=\"O Advento do terror, do medo do fim do mundo, das mudan\u00e7as de estruturas e da esperan\u00e7a - Vida Crist\u00e3 - Franciscanos\" \/>\n<meta property=\"og:description\" content=\"Frei Jacir de Freitas\u00a0Faria\" \/>\n<meta property=\"og:url\" content=\"https:\/\/franciscanos.org.br\/vidacrista\/o-advento-do-terror-do-medo-do-fim-do-mundo-das-mudancas-de-estruturas-e-da-esperanca\/\" \/>\n<meta property=\"og:site_name\" content=\"Vida Crist\u00e3 - Franciscanos\" \/>\n<meta property=\"article:published_time\" content=\"2024-12-01T10:28:32+00:00\" \/>\n<meta property=\"article:modified_time\" content=\"2024-12-01T10:56:00+00:00\" \/>\n<meta property=\"og:image\" content=\"https:\/\/franciscanos.org.br\/vidacrista\/wp-content\/uploads\/2024\/12\/apocalipse-lucas.jpg\" \/>\n\t<meta property=\"og:image:width\" content=\"330\" \/>\n\t<meta property=\"og:image:height\" content=\"274\" \/>\n\t<meta property=\"og:image:type\" content=\"image\/jpeg\" \/>\n<meta name=\"author\" content=\"Adriana Rabelo\" \/>\n<meta name=\"twitter:card\" content=\"summary_large_image\" \/>\n<meta name=\"twitter:label1\" content=\"Escrito por\" \/>\n\t<meta name=\"twitter:data1\" content=\"Adriana Rabelo\" \/>\n\t<meta name=\"twitter:label2\" content=\"Est. tempo de leitura\" \/>\n\t<meta name=\"twitter:data2\" content=\"6 minutos\" \/>\n<script type=\"application\/ld+json\" class=\"yoast-schema-graph\">{\"@context\":\"https:\/\/schema.org\",\"@graph\":[{\"@type\":\"WebSite\",\"@id\":\"https:\/\/franciscanos.org.br\/vidacrista\/#website\",\"url\":\"https:\/\/franciscanos.org.br\/vidacrista\/\",\"name\":\"Vida Crist\u00e3 - Franciscanos\",\"description\":\"Prov\u00edncia Franciscana da Imaculada Concei\u00e7\u00e3o do Brasil - Ordem dos Frades Menores\",\"potentialAction\":[{\"@type\":\"SearchAction\",\"target\":{\"@type\":\"EntryPoint\",\"urlTemplate\":\"https:\/\/franciscanos.org.br\/vidacrista\/?s={search_term_string}\"},\"query-input\":\"required name=search_term_string\"}],\"inLanguage\":\"pt-BR\"},{\"@type\":\"WebPage\",\"@id\":\"https:\/\/franciscanos.org.br\/vidacrista\/o-advento-do-terror-do-medo-do-fim-do-mundo-das-mudancas-de-estruturas-e-da-esperanca\/\",\"url\":\"https:\/\/franciscanos.org.br\/vidacrista\/o-advento-do-terror-do-medo-do-fim-do-mundo-das-mudancas-de-estruturas-e-da-esperanca\/\",\"name\":\"O Advento do terror, do medo do fim do mundo, das mudan\u00e7as de estruturas e da esperan\u00e7a - Vida Crist\u00e3 - Franciscanos\",\"isPartOf\":{\"@id\":\"https:\/\/franciscanos.org.br\/vidacrista\/#website\"},\"datePublished\":\"2024-12-01T10:28:32+00:00\",\"dateModified\":\"2024-12-01T10:56:00+00:00\",\"author\":{\"@id\":\"https:\/\/franciscanos.org.br\/vidacrista\/#\/schema\/person\/a0cbb2edfc0aecf8ac498802d1cb57b5\"},\"breadcrumb\":{\"@id\":\"https:\/\/franciscanos.org.br\/vidacrista\/o-advento-do-terror-do-medo-do-fim-do-mundo-das-mudancas-de-estruturas-e-da-esperanca\/#breadcrumb\"},\"inLanguage\":\"pt-BR\",\"potentialAction\":[{\"@type\":\"ReadAction\",\"target\":[\"https:\/\/franciscanos.org.br\/vidacrista\/o-advento-do-terror-do-medo-do-fim-do-mundo-das-mudancas-de-estruturas-e-da-esperanca\/\"]}]},{\"@type\":\"BreadcrumbList\",\"@id\":\"https:\/\/franciscanos.org.br\/vidacrista\/o-advento-do-terror-do-medo-do-fim-do-mundo-das-mudancas-de-estruturas-e-da-esperanca\/#breadcrumb\",\"itemListElement\":[{\"@type\":\"ListItem\",\"position\":1,\"name\":\"Home\",\"item\":\"https:\/\/franciscanos.org.br\/vidacrista\/\"},{\"@type\":\"ListItem\",\"position\":2,\"name\":\"O Advento do terror, do medo do fim do mundo, das mudan\u00e7as de estruturas e da esperan\u00e7a\"}]},{\"@type\":\"Person\",\"@id\":\"https:\/\/franciscanos.org.br\/vidacrista\/#\/schema\/person\/a0cbb2edfc0aecf8ac498802d1cb57b5\",\"name\":\"Adriana Rabelo\",\"image\":{\"@type\":\"ImageObject\",\"inLanguage\":\"pt-BR\",\"@id\":\"https:\/\/franciscanos.org.br\/vidacrista\/#\/schema\/person\/image\/\",\"url\":\"https:\/\/secure.gravatar.com\/avatar\/0a937b7500cd7df77540cfb8bede877d?s=96&d=mm&r=g\",\"contentUrl\":\"https:\/\/secure.gravatar.com\/avatar\/0a937b7500cd7df77540cfb8bede877d?s=96&d=mm&r=g\",\"caption\":\"Adriana Rabelo\"},\"url\":\"https:\/\/franciscanos.org.br\/vidacrista\/author\/adrianarabelo\/\"}]}<\/script>\n<!-- \/ Yoast SEO plugin. -->","yoast_head_json":{"title":"O Advento do terror, do medo do fim do mundo, das mudan\u00e7as de estruturas e da esperan\u00e7a - Vida Crist\u00e3 - Franciscanos","robots":{"index":"index","follow":"follow","max-snippet":"max-snippet:-1","max-image-preview":"max-image-preview:large","max-video-preview":"max-video-preview:-1"},"canonical":"https:\/\/franciscanos.org.br\/vidacrista\/o-advento-do-terror-do-medo-do-fim-do-mundo-das-mudancas-de-estruturas-e-da-esperanca\/","og_locale":"pt_BR","og_type":"article","og_title":"O Advento do terror, do medo do fim do mundo, das mudan\u00e7as de estruturas e da esperan\u00e7a - Vida Crist\u00e3 - Franciscanos","og_description":"Frei Jacir de Freitas\u00a0Faria","og_url":"https:\/\/franciscanos.org.br\/vidacrista\/o-advento-do-terror-do-medo-do-fim-do-mundo-das-mudancas-de-estruturas-e-da-esperanca\/","og_site_name":"Vida Crist\u00e3 - Franciscanos","article_published_time":"2024-12-01T10:28:32+00:00","article_modified_time":"2024-12-01T10:56:00+00:00","og_image":[{"width":330,"height":274,"url":"https:\/\/franciscanos.org.br\/vidacrista\/wp-content\/uploads\/2024\/12\/apocalipse-lucas.jpg","type":"image\/jpeg"}],"author":"Adriana Rabelo","twitter_card":"summary_large_image","twitter_misc":{"Escrito por":"Adriana Rabelo","Est. tempo de leitura":"6 minutos"},"schema":{"@context":"https:\/\/schema.org","@graph":[{"@type":"WebSite","@id":"https:\/\/franciscanos.org.br\/vidacrista\/#website","url":"https:\/\/franciscanos.org.br\/vidacrista\/","name":"Vida Crist\u00e3 - Franciscanos","description":"Prov\u00edncia Franciscana da Imaculada Concei\u00e7\u00e3o do Brasil - Ordem dos Frades Menores","potentialAction":[{"@type":"SearchAction","target":{"@type":"EntryPoint","urlTemplate":"https:\/\/franciscanos.org.br\/vidacrista\/?s={search_term_string}"},"query-input":"required name=search_term_string"}],"inLanguage":"pt-BR"},{"@type":"WebPage","@id":"https:\/\/franciscanos.org.br\/vidacrista\/o-advento-do-terror-do-medo-do-fim-do-mundo-das-mudancas-de-estruturas-e-da-esperanca\/","url":"https:\/\/franciscanos.org.br\/vidacrista\/o-advento-do-terror-do-medo-do-fim-do-mundo-das-mudancas-de-estruturas-e-da-esperanca\/","name":"O Advento do terror, do medo do fim do mundo, das mudan\u00e7as de estruturas e da esperan\u00e7a - Vida Crist\u00e3 - Franciscanos","isPartOf":{"@id":"https:\/\/franciscanos.org.br\/vidacrista\/#website"},"datePublished":"2024-12-01T10:28:32+00:00","dateModified":"2024-12-01T10:56:00+00:00","author":{"@id":"https:\/\/franciscanos.org.br\/vidacrista\/#\/schema\/person\/a0cbb2edfc0aecf8ac498802d1cb57b5"},"breadcrumb":{"@id":"https:\/\/franciscanos.org.br\/vidacrista\/o-advento-do-terror-do-medo-do-fim-do-mundo-das-mudancas-de-estruturas-e-da-esperanca\/#breadcrumb"},"inLanguage":"pt-BR","potentialAction":[{"@type":"ReadAction","target":["https:\/\/franciscanos.org.br\/vidacrista\/o-advento-do-terror-do-medo-do-fim-do-mundo-das-mudancas-de-estruturas-e-da-esperanca\/"]}]},{"@type":"BreadcrumbList","@id":"https:\/\/franciscanos.org.br\/vidacrista\/o-advento-do-terror-do-medo-do-fim-do-mundo-das-mudancas-de-estruturas-e-da-esperanca\/#breadcrumb","itemListElement":[{"@type":"ListItem","position":1,"name":"Home","item":"https:\/\/franciscanos.org.br\/vidacrista\/"},{"@type":"ListItem","position":2,"name":"O Advento do terror, do medo do fim do mundo, das mudan\u00e7as de estruturas e da esperan\u00e7a"}]},{"@type":"Person","@id":"https:\/\/franciscanos.org.br\/vidacrista\/#\/schema\/person\/a0cbb2edfc0aecf8ac498802d1cb57b5","name":"Adriana Rabelo","image":{"@type":"ImageObject","inLanguage":"pt-BR","@id":"https:\/\/franciscanos.org.br\/vidacrista\/#\/schema\/person\/image\/","url":"https:\/\/secure.gravatar.com\/avatar\/0a937b7500cd7df77540cfb8bede877d?s=96&d=mm&r=g","contentUrl":"https:\/\/secure.gravatar.com\/avatar\/0a937b7500cd7df77540cfb8bede877d?s=96&d=mm&r=g","caption":"Adriana Rabelo"},"url":"https:\/\/franciscanos.org.br\/vidacrista\/author\/adrianarabelo\/"}]}},"_links":{"self":[{"href":"https:\/\/franciscanos.org.br\/vidacrista\/wp-json\/wp\/v2\/posts\/195346"}],"collection":[{"href":"https:\/\/franciscanos.org.br\/vidacrista\/wp-json\/wp\/v2\/posts"}],"about":[{"href":"https:\/\/franciscanos.org.br\/vidacrista\/wp-json\/wp\/v2\/types\/post"}],"author":[{"embeddable":true,"href":"https:\/\/franciscanos.org.br\/vidacrista\/wp-json\/wp\/v2\/users\/10"}],"replies":[{"embeddable":true,"href":"https:\/\/franciscanos.org.br\/vidacrista\/wp-json\/wp\/v2\/comments?post=195346"}],"version-history":[{"count":3,"href":"https:\/\/franciscanos.org.br\/vidacrista\/wp-json\/wp\/v2\/posts\/195346\/revisions"}],"predecessor-version":[{"id":195352,"href":"https:\/\/franciscanos.org.br\/vidacrista\/wp-json\/wp\/v2\/posts\/195346\/revisions\/195352"}],"wp:featuredmedia":[{"embeddable":true,"href":"https:\/\/franciscanos.org.br\/vidacrista\/wp-json\/wp\/v2\/media\/195348"}],"wp:attachment":[{"href":"https:\/\/franciscanos.org.br\/vidacrista\/wp-json\/wp\/v2\/media?parent=195346"}],"wp:term":[{"taxonomy":"category","embeddable":true,"href":"https:\/\/franciscanos.org.br\/vidacrista\/wp-json\/wp\/v2\/categories?post=195346"},{"taxonomy":"post_tag","embeddable":true,"href":"https:\/\/franciscanos.org.br\/vidacrista\/wp-json\/wp\/v2\/tags?post=195346"}],"curies":[{"name":"wp","href":"https:\/\/api.w.org\/{rel}","templated":true}]}}