{"id":195330,"date":"2024-11-25T11:45:20","date_gmt":"2024-11-25T14:45:20","guid":{"rendered":"https:\/\/franciscanos.org.br\/vidacrista\/?p=195330"},"modified":"2024-11-25T11:47:35","modified_gmt":"2024-11-25T14:47:35","slug":"construir-com-o-coracao","status":"publish","type":"post","link":"https:\/\/franciscanos.org.br\/vidacrista\/construir-com-o-coracao\/","title":{"rendered":"Construir com o cora\u00e7\u00e3o"},"content":{"rendered":"<p><img decoding=\"async\" loading=\"lazy\" class=\"aligncenter wp-image-195332 size-full\" src=\"https:\/\/franciscanos.org.br\/vidacrista\/wp-content\/uploads\/2024\/11\/ARTIGO-DOM-WALMOR.jpg\" alt=\"\" width=\"1280\" height=\"720\" srcset=\"https:\/\/franciscanos.org.br\/vidacrista\/wp-content\/uploads\/2024\/11\/ARTIGO-DOM-WALMOR.jpg 1280w, https:\/\/franciscanos.org.br\/vidacrista\/wp-content\/uploads\/2024\/11\/ARTIGO-DOM-WALMOR-450x253.jpg 450w, https:\/\/franciscanos.org.br\/vidacrista\/wp-content\/uploads\/2024\/11\/ARTIGO-DOM-WALMOR-1024x576.jpg 1024w, https:\/\/franciscanos.org.br\/vidacrista\/wp-content\/uploads\/2024\/11\/ARTIGO-DOM-WALMOR-768x432.jpg 768w, https:\/\/franciscanos.org.br\/vidacrista\/wp-content\/uploads\/2024\/11\/ARTIGO-DOM-WALMOR-150x84.jpg 150w\" sizes=\"(max-width: 1280px) 100vw, 1280px\" \/><\/p>\n<p><span data-contrast=\"auto\">A sociedade contempor\u00e2nea, que supervaloriza os meios tecnol\u00f3gicos, neste tempo onde muito se fala sobre \u201cintelig\u00eancia artificial\u201d, corre o risco de desconsiderar que seus rumos s\u00e3o decisivamente determinados por valores que habitam no cora\u00e7\u00e3o humano. A Carta Enc\u00edclica do Papa Francisco sobre o amor humano e divino do cora\u00e7\u00e3o de Jesus sublinha a import\u00e2ncia do cora\u00e7\u00e3o em todos os processos sociais. Por isso, h\u00e1 de se aprender sempre mais sobre o cora\u00e7\u00e3o \u2013 sua for\u00e7a singular na configura\u00e7\u00e3o de v\u00ednculos essenciais ao impulsionamento do humanismo integral que pode salvar o planeta, dar novos rumos \u00e0 civiliza\u00e7\u00e3o e revestir de sentido o cotidiano de cada pessoa. Sem a for\u00e7a que vem do cora\u00e7\u00e3o n\u00e3o \u00e9 poss\u00edvel superar os riscos do individualismo, que leva \u00e0 grave fragmenta\u00e7\u00e3o social, destruindo v\u00ednculos altru\u00edstas e construtivos, enquanto agrava o caos na civiliza\u00e7\u00e3o, acentuando disputas motivadas pela mesquinhez humana.\u00a0<\/span><span data-ccp-props=\"{&quot;201341983&quot;:0,&quot;335551550&quot;:6,&quot;335551620&quot;:6,&quot;335559739&quot;:0,&quot;335559740&quot;:240}\">\u00a0<\/span><\/p>\n<p><span data-contrast=\"auto\">Sintoma do individualismo, o narcisismo crescente na contemporaneidade cria um autoisolamento a partir da desconsidera\u00e7\u00e3o pelo semelhante. Incapacita, pois, o ser humano para as rela\u00e7\u00f5es saud\u00e1veis, tornando a sociedade \u201cum campo de batalha\u201d. Prejudica uma essencial experi\u00eancia: o aproximar-se de Deus. Sem essa experi\u00eancia fundamental para cada pessoa, s\u00e3o multiplicadas realidades confusas. A dificuldade para acolher Deus sinaliza que o ser humano n\u00e3o est\u00e1 conseguindo fazer, do seu pr\u00f3prio cora\u00e7\u00e3o, uma \u201ccasa de h\u00f3spedes\u201d, ensina o Papa Francisco, citando o fil\u00f3sofo Heidegger. O cora\u00e7\u00e3o \u00e9 n\u00facleo essencial para cada pessoa se autovalorizar, e tamb\u00e9m se abrir ao encontro com o semelhante. Sem esse n\u00facleo, perde-se a condi\u00e7\u00e3o para unificar e harmonizar a pr\u00f3pria hist\u00f3ria, que passa a ser vivida como narrativas fragmentadas, incapazes de dar sentido ao pr\u00f3prio viver. Sem esse sentido, a vida se torna um \u201cpeso\u201d, as dificuldades s\u00e3o encaradas como pesadelo insuport\u00e1vel. \u00c9 preciso cuidar deste n\u00facleo, o cora\u00e7\u00e3o, criado para o amor, onde habita a sabedoria para o ser humano amar e ser amado.\u00a0<\/span><span data-ccp-props=\"{&quot;201341983&quot;:0,&quot;335551550&quot;:6,&quot;335551620&quot;:6,&quot;335559739&quot;:0,&quot;335559740&quot;:240}\">\u00a0<\/span><\/p>\n<p><span data-contrast=\"auto\">Compreende-se que o mundo t\u00e3o carente de mudan\u00e7as, pode alcan\u00e7ar suas almejadas transforma\u00e7\u00f5es a partir da for\u00e7a que vem do cora\u00e7\u00e3o. Afirma o Papa Francisco: valorizar o cora\u00e7\u00e3o tem consequ\u00eancias sociais, porque os desequil\u00edbrios da atualidade se radicam no cora\u00e7\u00e3o humano. N\u00e3o se busca, com esse entendimento, afirmar que o cora\u00e7\u00e3o humano \u00e9 a \u00fanica solu\u00e7\u00e3o para tudo, pois a humanidade n\u00e3o \u00e9 autossuficiente \u2013 precisa de Deus.\u00a0 Nesse sentido, a Carta Enc\u00edclica do Papa Francisco ressalta que o cora\u00e7\u00e3o de Cristo precisa ser fonte referencial da experi\u00eancia humana. Cristo \u00e9 o \u201ccora\u00e7\u00e3o do mundo\u201d, fonte de li\u00e7\u00f5es perenes a respeito da compaix\u00e3o \u2013 caminho de resgate desta terra ferida, na qual Ele quis habitar. Contam a grandeza de gestos e a compet\u00eancia espiritual para partilhar palavras de amor, seguindo o exemplo de Jesus.\u00a0<\/span><span data-ccp-props=\"{&quot;201341983&quot;:0,&quot;335551550&quot;:6,&quot;335551620&quot;:6,&quot;335559739&quot;:0,&quot;335559740&quot;:240}\">\u00a0<\/span><\/p>\n<p><span data-contrast=\"auto\">O cora\u00e7\u00e3o humano tem, ent\u00e3o, um modelo: um cora\u00e7\u00e3o que ama, o Cora\u00e7\u00e3o de Jesus. Um modelo que ensina cada pessoa a constituir a pr\u00f3pria identidade sem se esvaziar e sem perder rumos, mantendo-se, ao mesmo tempo, aberto ao semelhante. Uma proximidade que liberta, a exemplo do encontro de Jesus com a Samaritana, que a possibilitou conquistar dignidade e sentido para a sua pr\u00f3pria vida. Ou o encontro, em uma noite escura, do Mestre com Nicodemos, que tinha medo de ser visto perto de Jesus.\u00a0 A maestria de Cristo se revela tamb\u00e9m no seu modo de acolher sem preconceitos, conforme ensina a narrativa em que o Mestre, sem se envergonhar, permite que uma prostituta lhe lave os p\u00e9s. Jesus, com as suas atitudes, mostra que a partir do cora\u00e7\u00e3o, feridas s\u00e3o curadas e o ser humano se recomp\u00f5e.\u00a0<\/span><span data-ccp-props=\"{&quot;201341983&quot;:0,&quot;335551550&quot;:6,&quot;335551620&quot;:6,&quot;335559739&quot;:0,&quot;335559740&quot;:240}\">\u00a0<\/span><\/p>\n<p><span data-contrast=\"auto\">O encontro com Cristo representa possibilidade efetiva de se conquistar um cora\u00e7\u00e3o capaz de hospedar o bem e a verdade. A presen\u00e7a de Jesus, com o seu cora\u00e7\u00e3o, constitui for\u00e7a transformadora que abre caminhos e ilumina os horizontes da humanidade. Do cora\u00e7\u00e3o de Cristo, brotam palavras vivas com for\u00e7a de convoca\u00e7\u00e3o e com indica\u00e7\u00f5es que conduzem o ser humano ao que \u00e9 melhor para a sua exist\u00eancia. Jesus ensina que quem cultiva um cora\u00e7\u00e3o semelhante ao Seu capacita-se para conquistar a paz e n\u00e3o perder o rumo da pr\u00f3pria vida. O ser humano, a exemplo de Cristo, precisa semear palavras cheias de sentimentos com uma for\u00e7a de reconfigura\u00e7\u00e3o. Muitos poder\u00e3o considerar essa meta como um simples discurso religioso, mas, afirma o Papa Francisco, trata-se de itiner\u00e1rio decisivo para se alcan\u00e7ar vida nova, bem vivida.\u00a0<\/span><span data-ccp-props=\"{&quot;201341983&quot;:0,&quot;335551550&quot;:6,&quot;335551620&quot;:6,&quot;335559739&quot;:0,&quot;335559740&quot;:240}\">\u00a0<\/span><\/p>\n<p><span data-contrast=\"auto\">Aprender com o cora\u00e7\u00e3o de Cristo \u00e9 investimento que alicer\u00e7a a interioridade humana, abrindo horizontes para se conquistar inteireza moral e espiritual, humana e cidad\u00e3. Possibilita alcan\u00e7ar a grandeza de um amor humano capaz de reconfigurar a sociedade, decisivamente contribuindo para superar graves problemas. Com o aprendizado das li\u00e7\u00f5es vindas do cora\u00e7\u00e3o de Jesus, descortina-se o sentido do encontro com o semelhante e com o di\u00e1logo, condi\u00e7\u00f5es essenciais \u00e0 constru\u00e7\u00e3o de uma civiliza\u00e7\u00e3o justa e solid\u00e1ria. O cora\u00e7\u00e3o \u00e9 o centro gerador da unidade de cada pessoa. Muitas ci\u00eancias e saberes podem ajudar na conquista de um cora\u00e7\u00e3o habilitado para configurar essa unidade, mas \u00e9 essencial buscar aprender as li\u00e7\u00f5es vindas do cora\u00e7\u00e3o de Jesus. Assim, investe-se para livrar o pr\u00f3prio cora\u00e7\u00e3o de \u00f3dios, de sentimentos nascidos de disputas, qualificando-o para ajudar a humanidade a descobrir o caminho do amor, tecendo a cultura da paz.\u00a0\u00a0<\/span><\/p>\n<hr \/>\n<p><em>Dom Walmor Oliveira de Azevedo\/ Imagem: br.freepik.com\/imagem-ia-gratis\/<\/em><\/p>\n","protected":false},"excerpt":{"rendered":"<p>Dom Walmor Oliveira de Azevedo<\/p>\n","protected":false},"author":10,"featured_media":195331,"comment_status":"open","ping_status":"open","sticky":false,"template":"","format":"standard","meta":{"footnotes":""},"categories":[26],"tags":[271],"yoast_head":"<!-- This site is optimized with the Yoast SEO plugin v19.4 - https:\/\/yoast.com\/wordpress\/plugins\/seo\/ -->\n<title>Construir com o cora\u00e7\u00e3o - Vida Crist\u00e3 - Franciscanos<\/title>\n<meta name=\"robots\" content=\"index, follow, max-snippet:-1, max-image-preview:large, max-video-preview:-1\" \/>\n<link rel=\"canonical\" href=\"https:\/\/franciscanos.org.br\/vidacrista\/construir-com-o-coracao\/\" \/>\n<meta property=\"og:locale\" content=\"pt_BR\" \/>\n<meta property=\"og:type\" content=\"article\" \/>\n<meta property=\"og:title\" content=\"Construir com o cora\u00e7\u00e3o - Vida Crist\u00e3 - Franciscanos\" \/>\n<meta property=\"og:description\" content=\"Dom Walmor Oliveira de Azevedo\" \/>\n<meta property=\"og:url\" content=\"https:\/\/franciscanos.org.br\/vidacrista\/construir-com-o-coracao\/\" \/>\n<meta property=\"og:site_name\" content=\"Vida Crist\u00e3 - Franciscanos\" \/>\n<meta property=\"article:published_time\" content=\"2024-11-25T14:45:20+00:00\" \/>\n<meta property=\"article:modified_time\" content=\"2024-11-25T14:47:35+00:00\" \/>\n<meta property=\"og:image\" content=\"https:\/\/franciscanos.org.br\/vidacrista\/wp-content\/uploads\/2024\/11\/CHAMADA-DOM-WALMOR.jpg\" \/>\n\t<meta property=\"og:image:width\" content=\"800\" \/>\n\t<meta property=\"og:image:height\" content=\"550\" \/>\n\t<meta property=\"og:image:type\" content=\"image\/jpeg\" \/>\n<meta name=\"author\" content=\"Adriana Rabelo\" \/>\n<meta name=\"twitter:card\" content=\"summary_large_image\" \/>\n<meta name=\"twitter:label1\" content=\"Escrito por\" \/>\n\t<meta name=\"twitter:data1\" content=\"Adriana Rabelo\" \/>\n\t<meta name=\"twitter:label2\" content=\"Est. tempo de leitura\" \/>\n\t<meta name=\"twitter:data2\" content=\"5 minutos\" \/>\n<script type=\"application\/ld+json\" class=\"yoast-schema-graph\">{\"@context\":\"https:\/\/schema.org\",\"@graph\":[{\"@type\":\"WebSite\",\"@id\":\"https:\/\/franciscanos.org.br\/vidacrista\/#website\",\"url\":\"https:\/\/franciscanos.org.br\/vidacrista\/\",\"name\":\"Vida Crist\u00e3 - Franciscanos\",\"description\":\"Prov\u00edncia Franciscana da Imaculada Concei\u00e7\u00e3o do Brasil - Ordem dos Frades Menores\",\"potentialAction\":[{\"@type\":\"SearchAction\",\"target\":{\"@type\":\"EntryPoint\",\"urlTemplate\":\"https:\/\/franciscanos.org.br\/vidacrista\/?s={search_term_string}\"},\"query-input\":\"required name=search_term_string\"}],\"inLanguage\":\"pt-BR\"},{\"@type\":\"WebPage\",\"@id\":\"https:\/\/franciscanos.org.br\/vidacrista\/construir-com-o-coracao\/\",\"url\":\"https:\/\/franciscanos.org.br\/vidacrista\/construir-com-o-coracao\/\",\"name\":\"Construir com o cora\u00e7\u00e3o - Vida Crist\u00e3 - Franciscanos\",\"isPartOf\":{\"@id\":\"https:\/\/franciscanos.org.br\/vidacrista\/#website\"},\"datePublished\":\"2024-11-25T14:45:20+00:00\",\"dateModified\":\"2024-11-25T14:47:35+00:00\",\"author\":{\"@id\":\"https:\/\/franciscanos.org.br\/vidacrista\/#\/schema\/person\/a0cbb2edfc0aecf8ac498802d1cb57b5\"},\"breadcrumb\":{\"@id\":\"https:\/\/franciscanos.org.br\/vidacrista\/construir-com-o-coracao\/#breadcrumb\"},\"inLanguage\":\"pt-BR\",\"potentialAction\":[{\"@type\":\"ReadAction\",\"target\":[\"https:\/\/franciscanos.org.br\/vidacrista\/construir-com-o-coracao\/\"]}]},{\"@type\":\"BreadcrumbList\",\"@id\":\"https:\/\/franciscanos.org.br\/vidacrista\/construir-com-o-coracao\/#breadcrumb\",\"itemListElement\":[{\"@type\":\"ListItem\",\"position\":1,\"name\":\"Home\",\"item\":\"https:\/\/franciscanos.org.br\/vidacrista\/\"},{\"@type\":\"ListItem\",\"position\":2,\"name\":\"Construir com o cora\u00e7\u00e3o\"}]},{\"@type\":\"Person\",\"@id\":\"https:\/\/franciscanos.org.br\/vidacrista\/#\/schema\/person\/a0cbb2edfc0aecf8ac498802d1cb57b5\",\"name\":\"Adriana Rabelo\",\"image\":{\"@type\":\"ImageObject\",\"inLanguage\":\"pt-BR\",\"@id\":\"https:\/\/franciscanos.org.br\/vidacrista\/#\/schema\/person\/image\/\",\"url\":\"https:\/\/secure.gravatar.com\/avatar\/0a937b7500cd7df77540cfb8bede877d?s=96&d=mm&r=g\",\"contentUrl\":\"https:\/\/secure.gravatar.com\/avatar\/0a937b7500cd7df77540cfb8bede877d?s=96&d=mm&r=g\",\"caption\":\"Adriana Rabelo\"},\"url\":\"https:\/\/franciscanos.org.br\/vidacrista\/author\/adrianarabelo\/\"}]}<\/script>\n<!-- \/ Yoast SEO plugin. -->","yoast_head_json":{"title":"Construir com o cora\u00e7\u00e3o - Vida Crist\u00e3 - Franciscanos","robots":{"index":"index","follow":"follow","max-snippet":"max-snippet:-1","max-image-preview":"max-image-preview:large","max-video-preview":"max-video-preview:-1"},"canonical":"https:\/\/franciscanos.org.br\/vidacrista\/construir-com-o-coracao\/","og_locale":"pt_BR","og_type":"article","og_title":"Construir com o cora\u00e7\u00e3o - Vida Crist\u00e3 - Franciscanos","og_description":"Dom Walmor Oliveira de Azevedo","og_url":"https:\/\/franciscanos.org.br\/vidacrista\/construir-com-o-coracao\/","og_site_name":"Vida Crist\u00e3 - Franciscanos","article_published_time":"2024-11-25T14:45:20+00:00","article_modified_time":"2024-11-25T14:47:35+00:00","og_image":[{"width":800,"height":550,"url":"https:\/\/franciscanos.org.br\/vidacrista\/wp-content\/uploads\/2024\/11\/CHAMADA-DOM-WALMOR.jpg","type":"image\/jpeg"}],"author":"Adriana Rabelo","twitter_card":"summary_large_image","twitter_misc":{"Escrito por":"Adriana Rabelo","Est. tempo de leitura":"5 minutos"},"schema":{"@context":"https:\/\/schema.org","@graph":[{"@type":"WebSite","@id":"https:\/\/franciscanos.org.br\/vidacrista\/#website","url":"https:\/\/franciscanos.org.br\/vidacrista\/","name":"Vida Crist\u00e3 - Franciscanos","description":"Prov\u00edncia Franciscana da Imaculada Concei\u00e7\u00e3o do Brasil - Ordem dos Frades Menores","potentialAction":[{"@type":"SearchAction","target":{"@type":"EntryPoint","urlTemplate":"https:\/\/franciscanos.org.br\/vidacrista\/?s={search_term_string}"},"query-input":"required name=search_term_string"}],"inLanguage":"pt-BR"},{"@type":"WebPage","@id":"https:\/\/franciscanos.org.br\/vidacrista\/construir-com-o-coracao\/","url":"https:\/\/franciscanos.org.br\/vidacrista\/construir-com-o-coracao\/","name":"Construir com o cora\u00e7\u00e3o - Vida Crist\u00e3 - Franciscanos","isPartOf":{"@id":"https:\/\/franciscanos.org.br\/vidacrista\/#website"},"datePublished":"2024-11-25T14:45:20+00:00","dateModified":"2024-11-25T14:47:35+00:00","author":{"@id":"https:\/\/franciscanos.org.br\/vidacrista\/#\/schema\/person\/a0cbb2edfc0aecf8ac498802d1cb57b5"},"breadcrumb":{"@id":"https:\/\/franciscanos.org.br\/vidacrista\/construir-com-o-coracao\/#breadcrumb"},"inLanguage":"pt-BR","potentialAction":[{"@type":"ReadAction","target":["https:\/\/franciscanos.org.br\/vidacrista\/construir-com-o-coracao\/"]}]},{"@type":"BreadcrumbList","@id":"https:\/\/franciscanos.org.br\/vidacrista\/construir-com-o-coracao\/#breadcrumb","itemListElement":[{"@type":"ListItem","position":1,"name":"Home","item":"https:\/\/franciscanos.org.br\/vidacrista\/"},{"@type":"ListItem","position":2,"name":"Construir com o cora\u00e7\u00e3o"}]},{"@type":"Person","@id":"https:\/\/franciscanos.org.br\/vidacrista\/#\/schema\/person\/a0cbb2edfc0aecf8ac498802d1cb57b5","name":"Adriana Rabelo","image":{"@type":"ImageObject","inLanguage":"pt-BR","@id":"https:\/\/franciscanos.org.br\/vidacrista\/#\/schema\/person\/image\/","url":"https:\/\/secure.gravatar.com\/avatar\/0a937b7500cd7df77540cfb8bede877d?s=96&d=mm&r=g","contentUrl":"https:\/\/secure.gravatar.com\/avatar\/0a937b7500cd7df77540cfb8bede877d?s=96&d=mm&r=g","caption":"Adriana Rabelo"},"url":"https:\/\/franciscanos.org.br\/vidacrista\/author\/adrianarabelo\/"}]}},"_links":{"self":[{"href":"https:\/\/franciscanos.org.br\/vidacrista\/wp-json\/wp\/v2\/posts\/195330"}],"collection":[{"href":"https:\/\/franciscanos.org.br\/vidacrista\/wp-json\/wp\/v2\/posts"}],"about":[{"href":"https:\/\/franciscanos.org.br\/vidacrista\/wp-json\/wp\/v2\/types\/post"}],"author":[{"embeddable":true,"href":"https:\/\/franciscanos.org.br\/vidacrista\/wp-json\/wp\/v2\/users\/10"}],"replies":[{"embeddable":true,"href":"https:\/\/franciscanos.org.br\/vidacrista\/wp-json\/wp\/v2\/comments?post=195330"}],"version-history":[{"count":4,"href":"https:\/\/franciscanos.org.br\/vidacrista\/wp-json\/wp\/v2\/posts\/195330\/revisions"}],"predecessor-version":[{"id":195336,"href":"https:\/\/franciscanos.org.br\/vidacrista\/wp-json\/wp\/v2\/posts\/195330\/revisions\/195336"}],"wp:featuredmedia":[{"embeddable":true,"href":"https:\/\/franciscanos.org.br\/vidacrista\/wp-json\/wp\/v2\/media\/195331"}],"wp:attachment":[{"href":"https:\/\/franciscanos.org.br\/vidacrista\/wp-json\/wp\/v2\/media?parent=195330"}],"wp:term":[{"taxonomy":"category","embeddable":true,"href":"https:\/\/franciscanos.org.br\/vidacrista\/wp-json\/wp\/v2\/categories?post=195330"},{"taxonomy":"post_tag","embeddable":true,"href":"https:\/\/franciscanos.org.br\/vidacrista\/wp-json\/wp\/v2\/tags?post=195330"}],"curies":[{"name":"wp","href":"https:\/\/api.w.org\/{rel}","templated":true}]}}