{"id":19532,"date":"2012-07-03T01:26:47","date_gmt":"2012-07-03T04:26:47","guid":{"rendered":"http:\/\/new.franciscanos.org.br\/?p=19532"},"modified":"2020-06-16T16:57:49","modified_gmt":"2020-06-16T19:57:49","slug":"quem-faz-correr-as-fontes-e-saciado-pelo-vinagre","status":"publish","type":"post","link":"https:\/\/franciscanos.org.br\/vidacrista\/quem-faz-correr-as-fontes-e-saciado-pelo-vinagre\/","title":{"rendered":"Quem faz correr as fontes \u00e9 saciado pelo vinagre"},"content":{"rendered":"<p><strong><a href=\"http:\/\/franciscanos.org.br\/wp-content\/uploads\/2012\/07\/sagrado_g04.jpg\"><img decoding=\"async\" loading=\"lazy\" class=\"alignright size-full wp-image-20021\" title=\"Sagrado Cora\u00e7\u00e3o de Jesus\" src=\"http:\/\/franciscanos.org.br\/wp-content\/uploads\/2012\/07\/sagrado_g04.jpg\" alt=\"\" width=\"350\" height=\"485\" \/><\/a>1.<\/strong> Nas primeiras sextas-feiras de cada m\u00eas, sempre consagradas ao Cora\u00e7\u00e3o sacrat\u00edssimo do Redentor, temos o costume de nos deter num aspecto particular da trajet\u00f3ria de Cristo Jesus em seu amor pelos homens.\u00a0 A contempla\u00e7\u00e3o dos mist\u00e9rios do Salvador, mormente de seu cora\u00e7\u00e3o aberto, fonte de vida,\u00a0 nos leva ao agradecimento reconhecido e, ao mesmo tempo, \u00a0somos convidados a n\u00e3o perder o zelo pastoral. Trabalhamos para que esse que nos amou at\u00e9 o fim,\u00a0 seja por todos reconhecido e amado.\u00a0 Diante de nossos olhos temos um texto bel\u00edssimo de Jo\u00e3o Cris\u00f3stomo, que\u00a0 descreve tudo aquilo que sofreu o Deus livre, bom e belo quando quis nos tirar do abismo: \u201cA paz do c\u00e9u \u00e9 entregue pelo beijo de um traidor, prende-se aquele que rege o universo, algema-se o elo de toda a cria\u00e7\u00e3o, arrasta-se aquele\u00a0 que atrai o mundo inteiro,\u00a0 a verdade \u00e9 acusada pela mentira, faz-se comparecer a ju\u00edzo aquele diante de quem todas as coisas se curvam. Os judeus o entregam aos pag\u00e3os, os pag\u00e3os o devolvem aos judeus; Pilatos o envia a Herodes, Herodes o devolve a Pilatos.\u00a0 A piedade torna-se um com\u00e9rcio de impiedade, a santidade \u00e9 objeto de neg\u00f3cio cruel. A bondade \u00e9 flagelada, o perd\u00e3o condenado,\u00a0 a majestade escarnecida, a virtude ridicularizada.\u00a0 Sobre o dispensador das chuvas, chovem os escarros. Pregos de ferro cravam aquele que estende os c\u00e9us. Aquele que d\u00e1 mel \u00e9 alimentado pelo fel; o que faz correr as fontes \u00e9 saciado com vinagre e, ao se esgotarem todas as\u00a0 penas, a morte se afasta, a morte tarda, por compreender que a\u00ed n\u00e3o h\u00e1 nada para ela\u201d.<\/p>\n<p><strong>2.<\/strong> Bel\u00edssima descri\u00e7\u00e3o dos \u00faltimos momentos da vida do condenado de Nazar\u00e9, daquele que chamamos de\u00a0 M\u00e1rtir do Calv\u00e1rio! Ali, suspenso entre o c\u00e9u e a terra, confiante no Pai, entregando-se ao Pai, temos um \u201ctrapo\u201d, mas um ser que guarda sua dignidade at\u00e9 o fim. Um dos seus o trai com um beijo, aquele que \u00e9 liberdade \u00e9 preso com pregos, a verdade \u00e9 acusada pela mentira, a bondade \u00e9 machucada, o belo e digno ridicularizado.\u00a0 Nunca\u00a0 \u00e9 demais meditar e refletir no abaixamento a que submeteu aquele que \u00e9 nosso Mestre, esse que, ressuscitado, vive na Igreja,\u00a0 nos fala atrav\u00e9s das\u00a0 Escrituras, nos alimenta pela Eucaristia. Nunca \u00e9 demais nos deter nesta cena de total aniquilamento e tanto amor\u00a0 t\u00e3o bem descrita pelo\u00a0 Cris\u00f3stomo. O resultado s\u00f3 pode ser o do nascimento de uma compun\u00e7\u00e3o em nosso cora\u00e7\u00e3o e o desejo de fazer com que nosso servi\u00e7o de apostolado n\u00e3o seja med\u00edocre, meramente funcional e\u00a0 friamente burocr\u00e1tico, mas cheio de ardor agradecido.\u00a0 Esta a finalidade de insistirmos tanto na contempla\u00e7\u00e3o do Cora\u00e7\u00e3o do Senhor.\u00a0 A Igreja n\u00e3o pode ser outra coisa sen\u00e3o a reuni\u00e3o daqueles que contemplam at\u00e9 onde foi o amor do Crucificado.<\/p>\n<p><strong>3.<\/strong> Jo\u00e3o Cris\u00f3stomo fala daquele que faz correr as fontes,\u00a0 sendo que no momento de sua paix\u00e3o\u00a0 tem sua sede saciada com o vinagre. E, depois de todos os passos da paix\u00e3o, depois de tudo consumado, aquele que veio saciar nossas sedes mais profundas permitiu que o soldado lhe abrisse o lado e desse lado jorrou uma fonte nova: \u00e1guia e sangue, alimento e bebida de vida, de vida eterna. A \u00e1gua que lava\u00a0 e o sangue que alimenta. A \u00e1gua na qual se afoga o homem velho e o sangue que nutre\u00a0 a vida mais profunda.\u00a0 Batismo e\u00a0 Eucaristia\u00a0 est\u00e3o simbolizados nas \u00e1guas do peito do Senhor, Aquele que\u00a0 na sua sede recebeu vinagre, morrendo,\u00a0 deu-nos as fontes de vida que nos saciam a sede e alimentam em nossa caminhada.\u00a0 O Deus que\u00a0 fez a terra e as \u00e1guas, aquele que inventou um jardim bem irrigado,\u00a0 aquele que louco de sede recebeu uma esponja ensopada em vinagre abriu as comportas do Cora\u00e7\u00e3o e cobriu de bens e gra\u00e7as os que contemplam seu peito dilacerado.<\/p>\n<p><strong>Frei Almir Ribeiro Guimar\u00e3es<\/strong><\/p>\n","protected":false},"excerpt":{"rendered":"<p>1\u00aa Sexta-feira do m\u00eas<\/p>\n","protected":false},"author":1,"featured_media":185482,"comment_status":"closed","ping_status":"closed","sticky":false,"template":"","format":"standard","meta":{"footnotes":""},"categories":[105],"tags":[112],"yoast_head":"<!-- This site is optimized with the Yoast SEO plugin v19.4 - https:\/\/yoast.com\/wordpress\/plugins\/seo\/ -->\n<title>Quem faz correr as fontes \u00e9 saciado pelo vinagre - Vida Crist\u00e3 - Franciscanos<\/title>\n<meta name=\"robots\" content=\"index, follow, max-snippet:-1, max-image-preview:large, max-video-preview:-1\" \/>\n<link rel=\"canonical\" href=\"https:\/\/franciscanos.org.br\/vidacrista\/quem-faz-correr-as-fontes-e-saciado-pelo-vinagre\/\" \/>\n<meta property=\"og:locale\" content=\"pt_BR\" \/>\n<meta property=\"og:type\" content=\"article\" \/>\n<meta property=\"og:title\" content=\"Quem faz correr as fontes \u00e9 saciado pelo vinagre - Vida Crist\u00e3 - Franciscanos\" \/>\n<meta property=\"og:description\" content=\"1\u00aa Sexta-feira do m\u00eas\" \/>\n<meta property=\"og:url\" content=\"https:\/\/franciscanos.org.br\/vidacrista\/quem-faz-correr-as-fontes-e-saciado-pelo-vinagre\/\" \/>\n<meta property=\"og:site_name\" content=\"Vida Crist\u00e3 - Franciscanos\" \/>\n<meta property=\"article:published_time\" content=\"2012-07-03T04:26:47+00:00\" \/>\n<meta property=\"article:modified_time\" content=\"2020-06-16T19:57:49+00:00\" \/>\n<meta property=\"og:image\" content=\"https:\/\/franciscanos.org.br\/vidacrista\/wp-content\/uploads\/2012\/07\/sagrado_g04.jpg\" \/>\n\t<meta property=\"og:image:width\" content=\"800\" \/>\n\t<meta property=\"og:image:height\" content=\"601\" \/>\n\t<meta property=\"og:image:type\" content=\"image\/jpeg\" \/>\n<meta name=\"author\" content=\"admin\" \/>\n<meta name=\"twitter:card\" content=\"summary_large_image\" \/>\n<meta name=\"twitter:label1\" content=\"Escrito por\" \/>\n\t<meta name=\"twitter:data1\" content=\"admin\" \/>\n\t<meta name=\"twitter:label2\" content=\"Est. tempo de leitura\" \/>\n\t<meta name=\"twitter:data2\" content=\"3 minutos\" \/>\n<script type=\"application\/ld+json\" class=\"yoast-schema-graph\">{\"@context\":\"https:\/\/schema.org\",\"@graph\":[{\"@type\":\"WebSite\",\"@id\":\"https:\/\/franciscanos.org.br\/vidacrista\/#website\",\"url\":\"https:\/\/franciscanos.org.br\/vidacrista\/\",\"name\":\"Vida Crist\u00e3 - Franciscanos\",\"description\":\"Prov\u00edncia Franciscana da Imaculada Concei\u00e7\u00e3o do Brasil - Ordem dos Frades Menores\",\"potentialAction\":[{\"@type\":\"SearchAction\",\"target\":{\"@type\":\"EntryPoint\",\"urlTemplate\":\"https:\/\/franciscanos.org.br\/vidacrista\/?s={search_term_string}\"},\"query-input\":\"required name=search_term_string\"}],\"inLanguage\":\"pt-BR\"},{\"@type\":\"WebPage\",\"@id\":\"https:\/\/franciscanos.org.br\/vidacrista\/quem-faz-correr-as-fontes-e-saciado-pelo-vinagre\/\",\"url\":\"https:\/\/franciscanos.org.br\/vidacrista\/quem-faz-correr-as-fontes-e-saciado-pelo-vinagre\/\",\"name\":\"Quem faz correr as fontes \u00e9 saciado pelo vinagre - Vida Crist\u00e3 - Franciscanos\",\"isPartOf\":{\"@id\":\"https:\/\/franciscanos.org.br\/vidacrista\/#website\"},\"datePublished\":\"2012-07-03T04:26:47+00:00\",\"dateModified\":\"2020-06-16T19:57:49+00:00\",\"author\":{\"@id\":\"https:\/\/franciscanos.org.br\/vidacrista\/#\/schema\/person\/133632ca93cec555316a35f76ab4153b\"},\"breadcrumb\":{\"@id\":\"https:\/\/franciscanos.org.br\/vidacrista\/quem-faz-correr-as-fontes-e-saciado-pelo-vinagre\/#breadcrumb\"},\"inLanguage\":\"pt-BR\",\"potentialAction\":[{\"@type\":\"ReadAction\",\"target\":[\"https:\/\/franciscanos.org.br\/vidacrista\/quem-faz-correr-as-fontes-e-saciado-pelo-vinagre\/\"]}]},{\"@type\":\"BreadcrumbList\",\"@id\":\"https:\/\/franciscanos.org.br\/vidacrista\/quem-faz-correr-as-fontes-e-saciado-pelo-vinagre\/#breadcrumb\",\"itemListElement\":[{\"@type\":\"ListItem\",\"position\":1,\"name\":\"Home\",\"item\":\"https:\/\/franciscanos.org.br\/vidacrista\/\"},{\"@type\":\"ListItem\",\"position\":2,\"name\":\"Quem faz correr as fontes \u00e9 saciado pelo vinagre\"}]},{\"@type\":\"Person\",\"@id\":\"https:\/\/franciscanos.org.br\/vidacrista\/#\/schema\/person\/133632ca93cec555316a35f76ab4153b\",\"name\":\"admin\",\"image\":{\"@type\":\"ImageObject\",\"inLanguage\":\"pt-BR\",\"@id\":\"https:\/\/franciscanos.org.br\/vidacrista\/#\/schema\/person\/image\/\",\"url\":\"https:\/\/secure.gravatar.com\/avatar\/e8495742d34d0ba6448ea1c628263b3e?s=96&d=mm&r=g\",\"contentUrl\":\"https:\/\/secure.gravatar.com\/avatar\/e8495742d34d0ba6448ea1c628263b3e?s=96&d=mm&r=g\",\"caption\":\"admin\"},\"url\":\"https:\/\/franciscanos.org.br\/vidacrista\/author\/admin\/\"}]}<\/script>\n<!-- \/ Yoast SEO plugin. -->","yoast_head_json":{"title":"Quem faz correr as fontes \u00e9 saciado pelo vinagre - Vida Crist\u00e3 - Franciscanos","robots":{"index":"index","follow":"follow","max-snippet":"max-snippet:-1","max-image-preview":"max-image-preview:large","max-video-preview":"max-video-preview:-1"},"canonical":"https:\/\/franciscanos.org.br\/vidacrista\/quem-faz-correr-as-fontes-e-saciado-pelo-vinagre\/","og_locale":"pt_BR","og_type":"article","og_title":"Quem faz correr as fontes \u00e9 saciado pelo vinagre - Vida Crist\u00e3 - Franciscanos","og_description":"1\u00aa Sexta-feira do m\u00eas","og_url":"https:\/\/franciscanos.org.br\/vidacrista\/quem-faz-correr-as-fontes-e-saciado-pelo-vinagre\/","og_site_name":"Vida Crist\u00e3 - Franciscanos","article_published_time":"2012-07-03T04:26:47+00:00","article_modified_time":"2020-06-16T19:57:49+00:00","og_image":[{"width":800,"height":601,"url":"https:\/\/franciscanos.org.br\/vidacrista\/wp-content\/uploads\/2012\/07\/sagrado_g04.jpg","type":"image\/jpeg"}],"author":"admin","twitter_card":"summary_large_image","twitter_misc":{"Escrito por":"admin","Est. tempo de leitura":"3 minutos"},"schema":{"@context":"https:\/\/schema.org","@graph":[{"@type":"WebSite","@id":"https:\/\/franciscanos.org.br\/vidacrista\/#website","url":"https:\/\/franciscanos.org.br\/vidacrista\/","name":"Vida Crist\u00e3 - Franciscanos","description":"Prov\u00edncia Franciscana da Imaculada Concei\u00e7\u00e3o do Brasil - Ordem dos Frades Menores","potentialAction":[{"@type":"SearchAction","target":{"@type":"EntryPoint","urlTemplate":"https:\/\/franciscanos.org.br\/vidacrista\/?s={search_term_string}"},"query-input":"required name=search_term_string"}],"inLanguage":"pt-BR"},{"@type":"WebPage","@id":"https:\/\/franciscanos.org.br\/vidacrista\/quem-faz-correr-as-fontes-e-saciado-pelo-vinagre\/","url":"https:\/\/franciscanos.org.br\/vidacrista\/quem-faz-correr-as-fontes-e-saciado-pelo-vinagre\/","name":"Quem faz correr as fontes \u00e9 saciado pelo vinagre - Vida Crist\u00e3 - Franciscanos","isPartOf":{"@id":"https:\/\/franciscanos.org.br\/vidacrista\/#website"},"datePublished":"2012-07-03T04:26:47+00:00","dateModified":"2020-06-16T19:57:49+00:00","author":{"@id":"https:\/\/franciscanos.org.br\/vidacrista\/#\/schema\/person\/133632ca93cec555316a35f76ab4153b"},"breadcrumb":{"@id":"https:\/\/franciscanos.org.br\/vidacrista\/quem-faz-correr-as-fontes-e-saciado-pelo-vinagre\/#breadcrumb"},"inLanguage":"pt-BR","potentialAction":[{"@type":"ReadAction","target":["https:\/\/franciscanos.org.br\/vidacrista\/quem-faz-correr-as-fontes-e-saciado-pelo-vinagre\/"]}]},{"@type":"BreadcrumbList","@id":"https:\/\/franciscanos.org.br\/vidacrista\/quem-faz-correr-as-fontes-e-saciado-pelo-vinagre\/#breadcrumb","itemListElement":[{"@type":"ListItem","position":1,"name":"Home","item":"https:\/\/franciscanos.org.br\/vidacrista\/"},{"@type":"ListItem","position":2,"name":"Quem faz correr as fontes \u00e9 saciado pelo vinagre"}]},{"@type":"Person","@id":"https:\/\/franciscanos.org.br\/vidacrista\/#\/schema\/person\/133632ca93cec555316a35f76ab4153b","name":"admin","image":{"@type":"ImageObject","inLanguage":"pt-BR","@id":"https:\/\/franciscanos.org.br\/vidacrista\/#\/schema\/person\/image\/","url":"https:\/\/secure.gravatar.com\/avatar\/e8495742d34d0ba6448ea1c628263b3e?s=96&d=mm&r=g","contentUrl":"https:\/\/secure.gravatar.com\/avatar\/e8495742d34d0ba6448ea1c628263b3e?s=96&d=mm&r=g","caption":"admin"},"url":"https:\/\/franciscanos.org.br\/vidacrista\/author\/admin\/"}]}},"_links":{"self":[{"href":"https:\/\/franciscanos.org.br\/vidacrista\/wp-json\/wp\/v2\/posts\/19532"}],"collection":[{"href":"https:\/\/franciscanos.org.br\/vidacrista\/wp-json\/wp\/v2\/posts"}],"about":[{"href":"https:\/\/franciscanos.org.br\/vidacrista\/wp-json\/wp\/v2\/types\/post"}],"author":[{"embeddable":true,"href":"https:\/\/franciscanos.org.br\/vidacrista\/wp-json\/wp\/v2\/users\/1"}],"replies":[{"embeddable":true,"href":"https:\/\/franciscanos.org.br\/vidacrista\/wp-json\/wp\/v2\/comments?post=19532"}],"version-history":[{"count":1,"href":"https:\/\/franciscanos.org.br\/vidacrista\/wp-json\/wp\/v2\/posts\/19532\/revisions"}],"predecessor-version":[{"id":178163,"href":"https:\/\/franciscanos.org.br\/vidacrista\/wp-json\/wp\/v2\/posts\/19532\/revisions\/178163"}],"wp:featuredmedia":[{"embeddable":true,"href":"https:\/\/franciscanos.org.br\/vidacrista\/wp-json\/wp\/v2\/media\/185482"}],"wp:attachment":[{"href":"https:\/\/franciscanos.org.br\/vidacrista\/wp-json\/wp\/v2\/media?parent=19532"}],"wp:term":[{"taxonomy":"category","embeddable":true,"href":"https:\/\/franciscanos.org.br\/vidacrista\/wp-json\/wp\/v2\/categories?post=19532"},{"taxonomy":"post_tag","embeddable":true,"href":"https:\/\/franciscanos.org.br\/vidacrista\/wp-json\/wp\/v2\/tags?post=19532"}],"curies":[{"name":"wp","href":"https:\/\/api.w.org\/{rel}","templated":true}]}}