{"id":195304,"date":"2024-11-16T15:58:17","date_gmt":"2024-11-16T18:58:17","guid":{"rendered":"https:\/\/franciscanos.org.br\/vidacrista\/?p=195304"},"modified":"2024-11-16T21:44:34","modified_gmt":"2024-11-17T00:44:34","slug":"mensagem-do-santo-padre-francisco-para-o-viii-dia-mundial-dos-pobres","status":"publish","type":"post","link":"https:\/\/franciscanos.org.br\/vidacrista\/mensagem-do-santo-padre-francisco-para-o-viii-dia-mundial-dos-pobres\/","title":{"rendered":"Mensagem do Papa Francisco para o VIII Dia Mundial dos Pobres"},"content":{"rendered":"<div id=\"attachment_195305\" style=\"width: 1290px\" class=\"wp-caption alignnone\"><img aria-describedby=\"caption-attachment-195305\" decoding=\"async\" loading=\"lazy\" class=\"wp-image-195305 size-full\" src=\"https:\/\/franciscanos.org.br\/vidacrista\/wp-content\/uploads\/2024\/11\/DIA-MUNDIAL-DOS-POBRES-CHAMADA.-MATERIA.jpg\" alt=\"\" width=\"1280\" height=\"720\" srcset=\"https:\/\/franciscanos.org.br\/vidacrista\/wp-content\/uploads\/2024\/11\/DIA-MUNDIAL-DOS-POBRES-CHAMADA.-MATERIA.jpg 1280w, https:\/\/franciscanos.org.br\/vidacrista\/wp-content\/uploads\/2024\/11\/DIA-MUNDIAL-DOS-POBRES-CHAMADA.-MATERIA-450x253.jpg 450w, https:\/\/franciscanos.org.br\/vidacrista\/wp-content\/uploads\/2024\/11\/DIA-MUNDIAL-DOS-POBRES-CHAMADA.-MATERIA-1024x576.jpg 1024w, https:\/\/franciscanos.org.br\/vidacrista\/wp-content\/uploads\/2024\/11\/DIA-MUNDIAL-DOS-POBRES-CHAMADA.-MATERIA-768x432.jpg 768w, https:\/\/franciscanos.org.br\/vidacrista\/wp-content\/uploads\/2024\/11\/DIA-MUNDIAL-DOS-POBRES-CHAMADA.-MATERIA-150x84.jpg 150w\" sizes=\"(max-width: 1280px) 100vw, 1280px\" \/><p id=\"caption-attachment-195305\" class=\"wp-caption-text\">Foto: Jo\u00e3o Rangel<\/p><\/div>\n<p><em>XXXIII Domingo do Tempo Comum<\/em><\/p>\n<p>17 de novembro de 2024<\/p>\n<p><strong>A ora\u00e7\u00e3o do pobre eleva-se at\u00e9 Deus<\/strong> (cf. Sir 21, 5)<\/p>\n<p>Caros irm\u00e3os e irm\u00e3s!<\/p>\n<p>1.A ora\u00e7\u00e3o do pobre eleva-se at\u00e9 Deus (cf. Sir 21, 5). No ano dedicado \u00e0 ora\u00e7\u00e3o, em vista do Jubileu Ordin\u00e1rio de 2025, esta express\u00e3o da sabedoria b\u00edblica \u00e9 ainda mais oportuna a fim de nos preparar para o VIII Dia Mundial dos Pobres, que acontecer\u00e1 no pr\u00f3ximo 17 de novembro. A esperan\u00e7a crist\u00e3 inclui tamb\u00e9m a certeza de que a nossa ora\u00e7\u00e3o chega \u00e0 presen\u00e7a de Deus; n\u00e3o uma ora\u00e7\u00e3o qualquer, mas a ora\u00e7\u00e3o do pobre. Reflitamos sobre esta Palavra e \u201cleiamo-la\u201d nos rostos e nas hist\u00f3rias dos pobres que encontramos no nosso dia-a-dia, para que a ora\u00e7\u00e3o se torne um modo de comunh\u00e3o com eles e de partilha do seu sofrimento.<\/p>\n<p>2. O livro de Ben-Sir\u00e1, ao qual nos referimos, n\u00e3o \u00e9 muito conhecido e merece ser descoberto pela riqueza dos temas que aborda, sobretudo quando se refere \u00e0 rela\u00e7\u00e3o do homem com Deus e com o mundo. O seu autor, Ben-Sir\u00e1, \u00e9 um mestre, um escriba de Jerusal\u00e9m que, provavelmente, escreve no s\u00e9culo II a.C. Radicado na tradi\u00e7\u00e3o de Israel, \u00e9 um homem s\u00e1bio, que ensina sobre v\u00e1rios dom\u00ednios da vida humana: desde o trabalho \u00e0 fam\u00edlia, desde a vida em sociedade \u00e0 educa\u00e7\u00e3o dos jovens; presta aten\u00e7\u00e3o \u00e0s quest\u00f5es relacionadas com a f\u00e9 em Deus e a observ\u00e2ncia da Lei. Aborda os problemas nada f\u00e1ceis da liberdade, do mal e da justi\u00e7a divina, que hoje s\u00e3o de grande atualidade tamb\u00e9m para n\u00f3s. Inspirado pelo Esp\u00edrito Santo, Ben-Sir\u00e1 pretende transmitir a todos o caminho a seguir para uma vida s\u00e1bia e digna de ser vivida diante de Deus e dos irm\u00e3os.<\/p>\n<p>3.Um dos temas a que este autor sagrado dedica mais espa\u00e7o \u00e9 a ora\u00e7\u00e3o, e f\u00e1-lo com grande ardor, porque d\u00e1 voz \u00e0 sua pr\u00f3pria experi\u00eancia pessoal. Efetivamente, nenhum texto sobre a ora\u00e7\u00e3o poderia ser eficaz e fecundo se n\u00e3o partisse de quem se encontra diariamente na presen\u00e7a de Deus e escuta a sua Palavra. Ben-Sir\u00e1 declara que, desde a sua juventude, procurou a sabedoria: &#8220;Quando eu era ainda jovem, antes de ter viajado, busquei abertamente a sabedoria na ora\u00e7\u00e3o&#8221; (Sir 51, 13).<\/p>\n<p>4. No seu caminho, descobre uma das realidades fundamentais da revela\u00e7\u00e3o, ou seja, o facto de os pobres terem um lugar privilegiado no cora\u00e7\u00e3o de Deus, a tal ponto que, perante o seu sofrimento, Deus se \u201cimpacienta\u201d enquanto n\u00e3o lhes faz justi\u00e7a: &#8220;A ora\u00e7\u00e3o do humilde penetrar\u00e1 as nuvens, e n\u00e3o se consolar\u00e1, enquanto ela n\u00e3o chegar at\u00e9 Deus. Ele n\u00e3o se afastar\u00e1, enquanto o Alt\u00edssimo n\u00e3o olhar, n\u00e3o fizer justi\u00e7a aos justos e restabelecer a equidade. O Senhor n\u00e3o tardar\u00e1 nem ter\u00e1 paci\u00eancia com os opressores&#8221; (Sir 35, 17-19). Deus, porque \u00e9 um Pai atento e carinhoso para com todos, conhece os sofrimentos dos seus filhos. Como Pai, preocupa-se com aqueles que mais precisam dele: os pobres, os marginalizados, os que sofrem, os esquecidos&#8230; Ningu\u00e9m est\u00e1 exclu\u00eddo do seu cora\u00e7\u00e3o, uma vez que, diante d\u2019Ele, todos somos pobres e necessitados. Somos todos mendigos, pois sem Deus n\u00e3o ser\u00edamos nada. Nem sequer ter\u00edamos vida se Deus n\u00e3o no-la tivesse dado. E, no entanto, quantas vezes vivemos como se f\u00f4ssemos os donos da vida ou como se tiv\u00e9ssemos de a conquistar! A mentalidade mundana pede que sejamos algu\u00e9m, que nos tornemos famosos independentemente de tudo e de todos, quebrando as regras sociais para alcan\u00e7ar a riqueza. Que triste ilus\u00e3o! A felicidade n\u00e3o se adquire espezinhando os direitos e a dignidade dos outros.<\/p>\n<p>A viol\u00eancia causada pelas guerras mostra claramente quanta arrog\u00e2ncia move aqueles que se consideram poderosos aos olhos dos homens, enquanto aos olhos de Deus s\u00e3o miser\u00e1veis. Quantos novos pobres produz esta m\u00e1 pol\u00edtica das armas, quantas v\u00edtimas inocentes! Contudo, n\u00e3o podemos recuar. Os disc\u00edpulos do Senhor sabem que cada um destes \u201cpequeninos\u201d traz gravado em si o rosto do Filho de Deus, e que a nossa solidariedade e o sinal da caridade crist\u00e3 devem chegar at\u00e9 eles. &#8220;Cada crist\u00e3o e cada comunidade s\u00e3o chamados a ser instrumentos de Deus ao servi\u00e7o da liberta\u00e7\u00e3o e promo\u00e7\u00e3o dos pobres, para que possam integrar-se plenamente na sociedade; isto sup\u00f5e estar docilmente atentos, para ouvir o clamor do pobre e socorr\u00ea-lo&#8221; (Exort. ap.\u00a0<i><a href=\"https:\/\/www.vatican.va\/content\/francesco\/pt\/apost_exhortations\/documents\/papa-francesco_esortazione-ap_20131124_evangelii-gaudium.html#Unidos_a_Deus,_ouvimos_um_clamor\">Evangelii gaudium<\/a><\/i>, 187).<\/p>\n<p>6. Neste ano dedicado \u00e0 ora\u00e7\u00e3o, precisamos de fazer nossa a ora\u00e7\u00e3o dos pobres e rezar com eles. \u00c9 um desafio que temos de aceitar e uma a\u00e7\u00e3o pastoral que precisa de ser alimentada. Com efeito, &#8220;a pior discrimina\u00e7\u00e3o que sofrem os pobres \u00e9 a falta de cuidado espiritual. A imensa maioria dos pobres possui uma especial abertura \u00e0 f\u00e9; tem necessidade de Deus e n\u00e3o podemos deixar de lhe oferecer a sua amizade, a sua b\u00ean\u00e7\u00e3o, a sua Palavra, a celebra\u00e7\u00e3o dos Sacramentos e a proposta dum caminho de crescimento e amadurecimento na f\u00e9. A op\u00e7\u00e3o preferencial pelos pobres deve traduzir-se, principalmente, numa solicitude religiosa privilegiada e priorit\u00e1ria&#8221; (ibid., 200).<\/p>\n<p>Tudo isto requer um <i>cora\u00e7\u00e3o humilde<\/i>, que tenha a coragem de se tornar mendigo. Um cora\u00e7\u00e3o pronto a reconhecer-se pobre e necessitado. Existe, efetivamente, uma correspond\u00eancia entre pobreza, humildade e confian\u00e7a. O verdadeiro pobre \u00e9 o humilde, como afirmava o santo bispo Agostinho: &#8220;O pobre n\u00e3o tem de que se orgulhar, o rico tem o orgulho para combater. Portanto, escuta-me: s\u00ea um verdadeiro pobre, s\u00ea virtuoso, s\u00ea humilde&#8221; (Discursos, 14, 4). O homem humilde n\u00e3o tem nada de que se vangloriar nem nada a reclamar, sabe que n\u00e3o pode contar consigo pr\u00f3prio, mas acredita firmemente que pode recorrer ao amor misericordioso de Deus, diante do qual se encontra como o filho pr\u00f3digo que regressa a casa arrependido para receber o abra\u00e7o do pai (cf. Lc 15, 11-24). O pobre, sem nada em que se apoiar, recebe a for\u00e7a de Deus e coloca n\u2019Ele toda a sua confian\u00e7a. Com efeito, a humildade gera a confian\u00e7a de que Deus nunca nos abandonar\u00e1 e n\u00e3o nos deixar\u00e1 sem resposta.<\/p>\n<p>6. Aos pobres que habitam as nossas cidades e fazem parte das nossas comunidades, recomendo que n\u00e3o percam esta certeza: Deus est\u00e1 atento a cada um de v\u00f3s e est\u00e1 perto de v\u00f3s. Ele n\u00e3o se esquece de v\u00f3s, nem nunca o poderia fazer. Todos n\u00f3s fazemos ora\u00e7\u00f5es que parecem n\u00e3o ter resposta. Por vezes, pedimos para sermos libertados de uma mis\u00e9ria que nos faz sofrer e nos humilha, e Deus parece n\u00e3o ouvir a nossa invoca\u00e7\u00e3o. Mas o sil\u00eancio de Deus n\u00e3o significa distra\u00e7\u00e3o face ao nosso sofrimento; pelo contr\u00e1rio, cont\u00e9m uma palavra que pede para ser acolhida com confian\u00e7a, abandonando-nos a Ele e \u00e0 sua vontade. \u00c9 ainda Ben-Sir\u00e1 que o testemunha: &#8220;O ju\u00edzo de Deus ser\u00e1 em favor dos pobres&#8221; (cf. 21, 5). Da pobreza, portanto, pode brotar o canto da mais genu\u00edna esperan\u00e7a. Lembremo-nos de que &#8220;quando a vida interior se fecha nos pr\u00f3prios interesses, deixa de haver espa\u00e7o para os outros, j\u00e1 n\u00e3o entram os pobres, j\u00e1 n\u00e3o se ouve a voz de Deus, j\u00e1 n\u00e3o se goza da doce alegria do seu amor, nem fervilha o entusiasmo de fazer o bem. [\u2026] Esta n\u00e3o \u00e9 a vida no Esp\u00edrito que jorra do cora\u00e7\u00e3o de Cristo ressuscitado&#8221; (Exort. ap.\u00a0<i><a href=\"https:\/\/www.vatican.va\/content\/francesco\/pt\/apost_exhortations\/documents\/papa-francesco_esortazione-ap_20131124_evangelii-gaudium.html#I.__Alegria_que_se_renova_e_comunica\">Evangelii gaudium<\/a><\/i>, 2).<\/p>\n<p>7.O <i>Dia Mundial dos Pobres<\/i> tornou-se um compromisso na agenda de cada comunidade eclesial. \u00c9 uma oportunidade pastoral que n\u00e3o deve ser subestimada, porque desafia cada fiel a escutar a ora\u00e7\u00e3o dos pobres, tomando consci\u00eancia da sua presen\u00e7a e das suas necessidades. \u00c9 uma ocasi\u00e3o prop\u00edcia para realizar iniciativas que ajudem concretamente os pobres, e tamb\u00e9m para reconhecer e apoiar os numerosos volunt\u00e1rios que se dedicam com paix\u00e3o aos mais necessitados. Devemos agradecer ao Senhor pelas pessoas que se disponibilizam para escutar e apoiar os mais pobres: sacerdotes, pessoas consagradas e leigos que, com o seu testemunho, s\u00e3o a voz da resposta de Deus \u00e0s ora\u00e7\u00f5es daqueles que a Ele recorrem. Portanto, o sil\u00eancio quebra-se sempre que se acolhe e abra\u00e7a um irm\u00e3o necessitado. Os pobres t\u00eam ainda muito para ensinar, porque numa cultura que colocou a riqueza em primeiro lugar e que sacrifica muitas vezes a dignidade das pessoas no altar dos bens materiais, eles remam contra a corrente, tornando claro que o essencial da vida \u00e9 outra coisa.<\/p>\n<p>A ora\u00e7\u00e3o, por conseguinte, encontra o certificado da sua autenticidade na caridade que se transforma em encontro e proximidade. Se a ora\u00e7\u00e3o n\u00e3o se traduz em a\u00e7\u00f5es concretas, \u00e9 v\u00e3; efetivamente, &#8220;a f\u00e9 sem obras est\u00e1 morta&#8221; (Tg 2, 26). Contudo, <i>a caridade sem ora\u00e7\u00e3o corre o risco de se tornar uma filantropia que rapidamente se esgota<\/i>.\u00a0 &#8220;Sem a ora\u00e7\u00e3o quotidiana, vivida com fidelidade, o nosso fazer esvazia-se, perde a alma profunda, reduz-se a um simples ativismo&#8221; (BENTO XVI, Catequese, 25 de abril de 2012). Devemos evitar esta tenta\u00e7\u00e3o e estar sempre vigilantes com a for\u00e7a e a perseveran\u00e7a que nos vem do Esp\u00edrito Santo, que \u00e9 dador de vida.<\/p>\n<p>8. Neste contexto, \u00e9 bom recordar o testemunho que nos deixou <i>Madre Teresa de Calcut\u00e1<\/i>, uma mulher que deu a vida pelos pobres. Esta santa repetia continuamente que a ora\u00e7\u00e3o era o lugar donde tirava for\u00e7a e f\u00e9 para a sua miss\u00e3o de servi\u00e7o aos \u00faltimos. Quando falou na Assembleia Geral da ONU, a 26 de outubro de 1985, mostrando a todos as contas do ter\u00e7o que trazia sempre na m\u00e3o, disse:\u00a0 &#8220;Sou apenas uma pobre freira que reza. Ao rezar, Jesus p\u00f5e o seu amor no meu cora\u00e7\u00e3o e eu vou d\u00e1-lo a todos os pobres que encontro no meu caminho. Rezai v\u00f3s tamb\u00e9m! Rezai, e sereis capazes de ver os pobres que tendes ao vosso lado. Talvez no mesmo andar da vossa casa. Talvez at\u00e9 nas vossas pr\u00f3prias casas h\u00e1 quem espera pelo vosso amor. Rezai, e abrir-se-\u00e3o os vossos olhos e encher-se-\u00e1 de amor o vosso cora\u00e7\u00e3o&#8221;.<\/p>\n<p>E como n\u00e3o recordar aqui, na cidade de Roma, S\u00e3o Bento Jos\u00e9 Labre (1748-1783), cujo corpo jaz e \u00e9 venerado na igreja paroquial de <i>Santa Maria ai Monti<\/i>. Peregrino desde Fran\u00e7a at\u00e9 Roma, rejeitado em muitos mosteiros, viveu os seus \u00faltimos anos pobre entre os pobres, passando horas e horas em ora\u00e7\u00e3o diante do Sant\u00edssimo Sacramento, com o ter\u00e7o, recitando o brevi\u00e1rio, lendo o Novo Testamento e a Imita\u00e7\u00e3o de Cristo. N\u00e3o tendo sequer um pequeno quarto para se alojar, dormia habitualmente num canto das ru\u00ednas do Coliseu, como \u201cvagabundo de Deus\u201d, fazendo da sua exist\u00eancia uma ora\u00e7\u00e3o incessante que subia at\u00e9 Ele.<\/p>\n<p>9. No caminho para o Ano Santo, exorto todos a fazerem-se peregrinos da esperan\u00e7a, dando sinais concretos de um futuro melhor. N\u00e3o nos esque\u00e7amos de guardar \u00abos pequenos detalhes do amor\u00bb (Exort. ap.<i>\u00a0<a href=\"https:\/\/www.vatican.va\/content\/francesco\/pt\/apost_exhortations\/documents\/papa-francesco_esortazione-ap_20180319_gaudete-et-exsultate.html#Em_comunidade\">Gaudete et Exsultate<\/a><\/i>, 145): parar, aproximar-se, dar um pouco de aten\u00e7\u00e3o, um sorriso, uma car\u00edcia, uma palavra de conforto&#8230; Estes gestos n\u00e3o podem ser improvisados; antes, exigem uma fidelidade quotidiana, muitas vezes escondida e silenciosa, mas fortalecida pela ora\u00e7\u00e3o. Neste momento, em que o canto da esperan\u00e7a parece dar lugar ao ru\u00eddo das armas, ao grito de tantos inocentes feridos e ao sil\u00eancio das in\u00fameras v\u00edtimas das guerras, dirijamos a Deus a nossa invoca\u00e7\u00e3o de paz. Somos pobres de paz e, para a acolher como um dom precioso, estendemos as m\u00e3os, ao mesmo tempo que nos esfor\u00e7amos por costur\u00e1-la no dia-a-dia.<\/p>\n<p>10. Em todas as circunst\u00e2ncias, somos chamados a ser amigos dos pobres, seguindo os passos de Jesus, que foi o primeiro a solidarizar-se com os \u00faltimos. Que a Santa M\u00e3e de Deus, Maria Sant\u00edssima, nos sustente neste caminho; ela que, aparecendo em Banneux, nos deixou uma mensagem a n\u00e3o esquecer: &#8220;Eu sou a Virgem dos pobres&#8221;. A ela, a quem Deus olhou pela sua humilde pobreza e em quem realizou grandes coisas com a sua obedi\u00eancia, confiemos a nossa ora\u00e7\u00e3o, convictos de que subir\u00e1 at\u00e9 ao c\u00e9u e ser\u00e1 ouvida.<\/p>\n<p>Roma \u2013 S\u00e3o Jo\u00e3o de Latr\u00e3o, na Mem\u00f3ria de Santo Ant\u00f3nio, Patrono dos pobres, 13 de junho de 2024.<\/p>\n<hr \/>\n<p>Papa Francisco<\/p>\n<p><a href=\"https:\/\/franciscanos.org.br\/banca\/wp-content\/uploads\/2024\/11\/VIII-Dia-Mundial-dos-Pobres-2024_-A-oracao-do-pobre-eleva-se-ate-Deus-cf.-Sir-21-5-_-Francisco.pdf\"><span style=\"color: #000080;\"><em><strong>Acesso ao Documento<\/strong><\/em><\/span><\/a><\/p>\n","protected":false},"excerpt":{"rendered":"<p>Dia Mundial dos Pobres<\/p>\n","protected":false},"author":10,"featured_media":195306,"comment_status":"open","ping_status":"open","sticky":false,"template":"","format":"standard","meta":{"footnotes":""},"categories":[22],"tags":[226],"yoast_head":"<!-- This site is optimized with the Yoast SEO plugin v19.4 - https:\/\/yoast.com\/wordpress\/plugins\/seo\/ -->\n<title>Mensagem do Papa Francisco para o VIII Dia Mundial dos Pobres - Vida Crist\u00e3 - Franciscanos<\/title>\n<meta name=\"robots\" content=\"index, follow, max-snippet:-1, max-image-preview:large, max-video-preview:-1\" \/>\n<link rel=\"canonical\" href=\"https:\/\/franciscanos.org.br\/vidacrista\/mensagem-do-santo-padre-francisco-para-o-viii-dia-mundial-dos-pobres\/\" \/>\n<meta property=\"og:locale\" content=\"pt_BR\" \/>\n<meta property=\"og:type\" content=\"article\" \/>\n<meta property=\"og:title\" content=\"Mensagem do Papa Francisco para o VIII Dia Mundial dos Pobres - Vida Crist\u00e3 - Franciscanos\" \/>\n<meta property=\"og:description\" content=\"Dia Mundial dos Pobres\" \/>\n<meta property=\"og:url\" content=\"https:\/\/franciscanos.org.br\/vidacrista\/mensagem-do-santo-padre-francisco-para-o-viii-dia-mundial-dos-pobres\/\" \/>\n<meta property=\"og:site_name\" content=\"Vida Crist\u00e3 - Franciscanos\" \/>\n<meta property=\"article:published_time\" content=\"2024-11-16T18:58:17+00:00\" \/>\n<meta property=\"article:modified_time\" content=\"2024-11-17T00:44:34+00:00\" \/>\n<meta property=\"og:image\" content=\"https:\/\/franciscanos.org.br\/vidacrista\/wp-content\/uploads\/2024\/11\/DIA-MUNDIAL-DOS-POBRES-MATERIA.jpg\" \/>\n\t<meta property=\"og:image:width\" content=\"800\" \/>\n\t<meta property=\"og:image:height\" content=\"550\" \/>\n\t<meta property=\"og:image:type\" content=\"image\/jpeg\" \/>\n<meta name=\"author\" content=\"Adriana Rabelo\" \/>\n<meta name=\"twitter:card\" content=\"summary_large_image\" \/>\n<meta name=\"twitter:label1\" content=\"Escrito por\" \/>\n\t<meta name=\"twitter:data1\" content=\"Adriana Rabelo\" \/>\n\t<meta name=\"twitter:label2\" content=\"Est. tempo de leitura\" \/>\n\t<meta name=\"twitter:data2\" content=\"11 minutos\" \/>\n<script type=\"application\/ld+json\" class=\"yoast-schema-graph\">{\"@context\":\"https:\/\/schema.org\",\"@graph\":[{\"@type\":\"WebSite\",\"@id\":\"https:\/\/franciscanos.org.br\/vidacrista\/#website\",\"url\":\"https:\/\/franciscanos.org.br\/vidacrista\/\",\"name\":\"Vida Crist\u00e3 - Franciscanos\",\"description\":\"Prov\u00edncia Franciscana da Imaculada Concei\u00e7\u00e3o do Brasil - Ordem dos Frades Menores\",\"potentialAction\":[{\"@type\":\"SearchAction\",\"target\":{\"@type\":\"EntryPoint\",\"urlTemplate\":\"https:\/\/franciscanos.org.br\/vidacrista\/?s={search_term_string}\"},\"query-input\":\"required name=search_term_string\"}],\"inLanguage\":\"pt-BR\"},{\"@type\":\"WebPage\",\"@id\":\"https:\/\/franciscanos.org.br\/vidacrista\/mensagem-do-santo-padre-francisco-para-o-viii-dia-mundial-dos-pobres\/\",\"url\":\"https:\/\/franciscanos.org.br\/vidacrista\/mensagem-do-santo-padre-francisco-para-o-viii-dia-mundial-dos-pobres\/\",\"name\":\"Mensagem do Papa Francisco para o VIII Dia Mundial dos Pobres - Vida Crist\u00e3 - Franciscanos\",\"isPartOf\":{\"@id\":\"https:\/\/franciscanos.org.br\/vidacrista\/#website\"},\"datePublished\":\"2024-11-16T18:58:17+00:00\",\"dateModified\":\"2024-11-17T00:44:34+00:00\",\"author\":{\"@id\":\"https:\/\/franciscanos.org.br\/vidacrista\/#\/schema\/person\/a0cbb2edfc0aecf8ac498802d1cb57b5\"},\"breadcrumb\":{\"@id\":\"https:\/\/franciscanos.org.br\/vidacrista\/mensagem-do-santo-padre-francisco-para-o-viii-dia-mundial-dos-pobres\/#breadcrumb\"},\"inLanguage\":\"pt-BR\",\"potentialAction\":[{\"@type\":\"ReadAction\",\"target\":[\"https:\/\/franciscanos.org.br\/vidacrista\/mensagem-do-santo-padre-francisco-para-o-viii-dia-mundial-dos-pobres\/\"]}]},{\"@type\":\"BreadcrumbList\",\"@id\":\"https:\/\/franciscanos.org.br\/vidacrista\/mensagem-do-santo-padre-francisco-para-o-viii-dia-mundial-dos-pobres\/#breadcrumb\",\"itemListElement\":[{\"@type\":\"ListItem\",\"position\":1,\"name\":\"Home\",\"item\":\"https:\/\/franciscanos.org.br\/vidacrista\/\"},{\"@type\":\"ListItem\",\"position\":2,\"name\":\"Mensagem do Papa Francisco para o VIII Dia Mundial dos Pobres\"}]},{\"@type\":\"Person\",\"@id\":\"https:\/\/franciscanos.org.br\/vidacrista\/#\/schema\/person\/a0cbb2edfc0aecf8ac498802d1cb57b5\",\"name\":\"Adriana Rabelo\",\"image\":{\"@type\":\"ImageObject\",\"inLanguage\":\"pt-BR\",\"@id\":\"https:\/\/franciscanos.org.br\/vidacrista\/#\/schema\/person\/image\/\",\"url\":\"https:\/\/secure.gravatar.com\/avatar\/0a937b7500cd7df77540cfb8bede877d?s=96&d=mm&r=g\",\"contentUrl\":\"https:\/\/secure.gravatar.com\/avatar\/0a937b7500cd7df77540cfb8bede877d?s=96&d=mm&r=g\",\"caption\":\"Adriana Rabelo\"},\"url\":\"https:\/\/franciscanos.org.br\/vidacrista\/author\/adrianarabelo\/\"}]}<\/script>\n<!-- \/ Yoast SEO plugin. -->","yoast_head_json":{"title":"Mensagem do Papa Francisco para o VIII Dia Mundial dos Pobres - Vida Crist\u00e3 - Franciscanos","robots":{"index":"index","follow":"follow","max-snippet":"max-snippet:-1","max-image-preview":"max-image-preview:large","max-video-preview":"max-video-preview:-1"},"canonical":"https:\/\/franciscanos.org.br\/vidacrista\/mensagem-do-santo-padre-francisco-para-o-viii-dia-mundial-dos-pobres\/","og_locale":"pt_BR","og_type":"article","og_title":"Mensagem do Papa Francisco para o VIII Dia Mundial dos Pobres - Vida Crist\u00e3 - Franciscanos","og_description":"Dia Mundial dos Pobres","og_url":"https:\/\/franciscanos.org.br\/vidacrista\/mensagem-do-santo-padre-francisco-para-o-viii-dia-mundial-dos-pobres\/","og_site_name":"Vida Crist\u00e3 - Franciscanos","article_published_time":"2024-11-16T18:58:17+00:00","article_modified_time":"2024-11-17T00:44:34+00:00","og_image":[{"width":800,"height":550,"url":"https:\/\/franciscanos.org.br\/vidacrista\/wp-content\/uploads\/2024\/11\/DIA-MUNDIAL-DOS-POBRES-MATERIA.jpg","type":"image\/jpeg"}],"author":"Adriana Rabelo","twitter_card":"summary_large_image","twitter_misc":{"Escrito por":"Adriana Rabelo","Est. tempo de leitura":"11 minutos"},"schema":{"@context":"https:\/\/schema.org","@graph":[{"@type":"WebSite","@id":"https:\/\/franciscanos.org.br\/vidacrista\/#website","url":"https:\/\/franciscanos.org.br\/vidacrista\/","name":"Vida Crist\u00e3 - Franciscanos","description":"Prov\u00edncia Franciscana da Imaculada Concei\u00e7\u00e3o do Brasil - Ordem dos Frades Menores","potentialAction":[{"@type":"SearchAction","target":{"@type":"EntryPoint","urlTemplate":"https:\/\/franciscanos.org.br\/vidacrista\/?s={search_term_string}"},"query-input":"required name=search_term_string"}],"inLanguage":"pt-BR"},{"@type":"WebPage","@id":"https:\/\/franciscanos.org.br\/vidacrista\/mensagem-do-santo-padre-francisco-para-o-viii-dia-mundial-dos-pobres\/","url":"https:\/\/franciscanos.org.br\/vidacrista\/mensagem-do-santo-padre-francisco-para-o-viii-dia-mundial-dos-pobres\/","name":"Mensagem do Papa Francisco para o VIII Dia Mundial dos Pobres - Vida Crist\u00e3 - Franciscanos","isPartOf":{"@id":"https:\/\/franciscanos.org.br\/vidacrista\/#website"},"datePublished":"2024-11-16T18:58:17+00:00","dateModified":"2024-11-17T00:44:34+00:00","author":{"@id":"https:\/\/franciscanos.org.br\/vidacrista\/#\/schema\/person\/a0cbb2edfc0aecf8ac498802d1cb57b5"},"breadcrumb":{"@id":"https:\/\/franciscanos.org.br\/vidacrista\/mensagem-do-santo-padre-francisco-para-o-viii-dia-mundial-dos-pobres\/#breadcrumb"},"inLanguage":"pt-BR","potentialAction":[{"@type":"ReadAction","target":["https:\/\/franciscanos.org.br\/vidacrista\/mensagem-do-santo-padre-francisco-para-o-viii-dia-mundial-dos-pobres\/"]}]},{"@type":"BreadcrumbList","@id":"https:\/\/franciscanos.org.br\/vidacrista\/mensagem-do-santo-padre-francisco-para-o-viii-dia-mundial-dos-pobres\/#breadcrumb","itemListElement":[{"@type":"ListItem","position":1,"name":"Home","item":"https:\/\/franciscanos.org.br\/vidacrista\/"},{"@type":"ListItem","position":2,"name":"Mensagem do Papa Francisco para o VIII Dia Mundial dos Pobres"}]},{"@type":"Person","@id":"https:\/\/franciscanos.org.br\/vidacrista\/#\/schema\/person\/a0cbb2edfc0aecf8ac498802d1cb57b5","name":"Adriana Rabelo","image":{"@type":"ImageObject","inLanguage":"pt-BR","@id":"https:\/\/franciscanos.org.br\/vidacrista\/#\/schema\/person\/image\/","url":"https:\/\/secure.gravatar.com\/avatar\/0a937b7500cd7df77540cfb8bede877d?s=96&d=mm&r=g","contentUrl":"https:\/\/secure.gravatar.com\/avatar\/0a937b7500cd7df77540cfb8bede877d?s=96&d=mm&r=g","caption":"Adriana Rabelo"},"url":"https:\/\/franciscanos.org.br\/vidacrista\/author\/adrianarabelo\/"}]}},"_links":{"self":[{"href":"https:\/\/franciscanos.org.br\/vidacrista\/wp-json\/wp\/v2\/posts\/195304"}],"collection":[{"href":"https:\/\/franciscanos.org.br\/vidacrista\/wp-json\/wp\/v2\/posts"}],"about":[{"href":"https:\/\/franciscanos.org.br\/vidacrista\/wp-json\/wp\/v2\/types\/post"}],"author":[{"embeddable":true,"href":"https:\/\/franciscanos.org.br\/vidacrista\/wp-json\/wp\/v2\/users\/10"}],"replies":[{"embeddable":true,"href":"https:\/\/franciscanos.org.br\/vidacrista\/wp-json\/wp\/v2\/comments?post=195304"}],"version-history":[{"count":4,"href":"https:\/\/franciscanos.org.br\/vidacrista\/wp-json\/wp\/v2\/posts\/195304\/revisions"}],"predecessor-version":[{"id":195315,"href":"https:\/\/franciscanos.org.br\/vidacrista\/wp-json\/wp\/v2\/posts\/195304\/revisions\/195315"}],"wp:featuredmedia":[{"embeddable":true,"href":"https:\/\/franciscanos.org.br\/vidacrista\/wp-json\/wp\/v2\/media\/195306"}],"wp:attachment":[{"href":"https:\/\/franciscanos.org.br\/vidacrista\/wp-json\/wp\/v2\/media?parent=195304"}],"wp:term":[{"taxonomy":"category","embeddable":true,"href":"https:\/\/franciscanos.org.br\/vidacrista\/wp-json\/wp\/v2\/categories?post=195304"},{"taxonomy":"post_tag","embeddable":true,"href":"https:\/\/franciscanos.org.br\/vidacrista\/wp-json\/wp\/v2\/tags?post=195304"}],"curies":[{"name":"wp","href":"https:\/\/api.w.org\/{rel}","templated":true}]}}