{"id":195213,"date":"2024-10-11T15:03:09","date_gmt":"2024-10-11T18:03:09","guid":{"rendered":"https:\/\/franciscanos.org.br\/vidacrista\/?p=195213"},"modified":"2024-10-11T18:09:09","modified_gmt":"2024-10-11T21:09:09","slug":"a-devocao-a-nossa-senhora-aparecida-e-as-criancas","status":"publish","type":"post","link":"https:\/\/franciscanos.org.br\/vidacrista\/a-devocao-a-nossa-senhora-aparecida-e-as-criancas\/","title":{"rendered":"A devo\u00e7\u00e3o a Nossa Senhora Aparecida e as crian\u00e7as"},"content":{"rendered":"<p>&nbsp;<\/p>\n<p><img decoding=\"async\" loading=\"lazy\" class=\"aligncenter wp-image-195214 size-large\" src=\"https:\/\/franciscanos.org.br\/vidacrista\/wp-content\/uploads\/2024\/10\/WhatsApp-Image-2024-10-11-at-14.59.33-770x1024.jpeg\" alt=\"\" width=\"770\" height=\"1024\" srcset=\"https:\/\/franciscanos.org.br\/vidacrista\/wp-content\/uploads\/2024\/10\/WhatsApp-Image-2024-10-11-at-14.59.33-770x1024.jpeg 770w, https:\/\/franciscanos.org.br\/vidacrista\/wp-content\/uploads\/2024\/10\/WhatsApp-Image-2024-10-11-at-14.59.33-338x450.jpeg 338w, https:\/\/franciscanos.org.br\/vidacrista\/wp-content\/uploads\/2024\/10\/WhatsApp-Image-2024-10-11-at-14.59.33-768x1021.jpeg 768w, https:\/\/franciscanos.org.br\/vidacrista\/wp-content\/uploads\/2024\/10\/WhatsApp-Image-2024-10-11-at-14.59.33-150x199.jpeg 150w, https:\/\/franciscanos.org.br\/vidacrista\/wp-content\/uploads\/2024\/10\/WhatsApp-Image-2024-10-11-at-14.59.33.jpeg 812w\" sizes=\"(max-width: 770px) 100vw, 770px\" \/><\/p>\n<p>A cada 12 de outubro, o Brasil cat\u00f3lico celebra o dia sua padroeira, Nossa Senhora Concei\u00e7\u00e3o Aparecida, e o dia das Crian\u00e7as. M\u00e3e e crian\u00e7as est\u00e3o no mesmo patamar. A experi\u00eancia de Deus como m\u00e3e j\u00e1 come\u00e7a no \u00fatero materno. N\u00e3o vemos o seu rosto, mas Ele\/Ela est\u00e1 ali nos alimentando e nos protegendo. A vida pueril uterina \u00e9 t\u00e3o boa que a crian\u00e7a nem quer sair dele. Por isso, o nascimento de uma crian\u00e7a \u00e9 marcado pelo choro de medo, de pavor diante do mundo desconhecido e violento que a espera. Quem ir\u00e1 interceder por ela?<\/p>\n<p><iframe loading=\"lazy\" title=\"A devo\u00e7\u00e3o a Nossa Senhora Aparecida e as crian\u00e7as com Frei Jacir\" width=\"500\" height=\"281\" src=\"https:\/\/www.youtube.com\/embed\/4REc_52NE6o?start=6&#038;feature=oembed\" frameborder=\"0\" allow=\"accelerometer; autoplay; clipboard-write; encrypted-media; gyroscope; picture-in-picture; web-share\" referrerpolicy=\"strict-origin-when-cross-origin\" allowfullscreen><\/iframe><\/p>\n<p>Na B\u00edblia h\u00e1 v\u00e1rios textos que fazem refer\u00eancia ao ser de Maria como m\u00e3e de seu Filho Jesus. Ressalto os textos de Jo 2,1-11 e o de Ap 12. No primeiro, Maria inaugura, segundo a comunidade Joanina, a vida p\u00fablica de Jesus com o milagre das bodas de Can\u00e1 com a sua intercess\u00e3o por vinho para todos. No texto de Apocalipse temos a imagem de uma mulher vestida de sol que gera uma crian\u00e7a que \u00e9 perseguida por um Drag\u00e3o, a Besta do Apocalipse. Que rela\u00e7\u00e3o existe entre esses relatos com a o nosso tempo presente? \u00a0Interceder a Maria ou \u00e9 ela que intercede por n\u00f3s?<\/p>\n<p>Estamos diante de dois acontecimentos semelhantes: o das bodas de Can\u00e1 e o de Aparecida do Norte. Ambos t\u00eam em comum, na sua origem, uma festa. Jo 2,1-11 relata o terceiro dia de uma festa de casamento que durava sete dias, na pequena Can\u00e1 da Galileia. Jesus e Maria eram convidados. O vinho tinha acabado. Jesus, a pedido de sua m\u00e3e, transforma a \u00e1gua em vinho, de modo que a festa pudesse continuar. No milagre de Aparecida, trata-se de uma festa que os donos de fazendas do vale do Para\u00edba queriam oferecer para o futuro governador das capitanias de S\u00e3o Paulo e Minas de ouro, Dom Pedro Miguel de Almeida Portugal, que estaria de passagem pela regi\u00e3o, naquele ent\u00e3o m\u00eas de outubro do Brasil Col\u00f4nia. Os senhores fazendeiros da regi\u00e3o exigiram e ordenaram a tr\u00eas pobres pescadores, Filipe Pedroso, Domingos Garcia e Jo\u00e3o Alves, que pescassem todos os peixes poss\u00edveis no rio Para\u00edba do Sul para serem oferecidos na festa. Era o ano de 1717. Uma noite inteira de pesca, e nada. No fim da noite, uma imagem quebrada de Nossa Senhora da Concei\u00e7\u00e3o \u00e9 pescada por Jo\u00e3o Alves em dois momentos: primeiro, o corpo e, depois, a cabe\u00e7a. Logo em seguida, quando a rede \u00e9 lan\u00e7ada novamente, ocorre o primeiro milagre: uma rede abarrotada de peixes que garantiria a festa no povoado e livraria os pescadores de castigos.<\/p>\n<p>A Nossa Senhora da Concei\u00e7\u00e3o Aparecida realizou outros quatro milagres: o das velas da sua capela que se apagam e se acendem sem interven\u00e7\u00e3o humana; o das correntes do escravo fugitivo que se abrem; o das patas de um cavalo que grudam nas escadarias da igreja, quando seu cavaleiro queria desafiar a santa, entrando no recinto sagrado; e o da menina cega que foi curada.<\/p>\n<p>Com o evento de Aparecida, Maria passou a ser presen\u00e7a na hist\u00f3ria do Brasil. Foi a Princesa Isabel que ofereceu, de presente, o manto e a coroa para a imagem de Aparecida. J\u00e1 o Papa Pio XI, em julho de 1930, a condecorou com o t\u00edtulo de rainha e padroeira do Brasil.<\/p>\n<p>O que importa aqui n\u00e3o s\u00e3o os milagres, nem o de Can\u00e1 e tampouco o de Aparecida, mas o significado deles. Can\u00e1 inaugurou uma nova etapa na vida do filho adulto por causa da intercess\u00e3o da m\u00e3e. Em Aparecida, a m\u00e3e Aparecida trouxe vida para os negros e pobres pescadores. Ela lhes devolveu a possibilidade de continuarem a festa da vida com a abund\u00e2ncia de peixes, isto \u00e9, a sobreviv\u00eancia em tempos de escravid\u00e3o. Os senhores fazendeiros continuaram com a escravid\u00e3o, mas a Senhora de Aparecida estava ali para ampar\u00e1-los e ajud\u00e1-los na resist\u00eancia.<\/p>\n<p>Ainda hoje, os romeiros que v\u00e3o ao Santu\u00e1rio de Aparecida clamam a sua intercess\u00e3o junto a Deus n\u00e3o para ele, mas o parente, o filho, para todos. Na saudosa mem\u00f3ria do profeta e pastor, Dom Helder C\u00e2mara (1909-1999), pe\u00e7o a Nossa Senhora Aparecida, fazendo uso de suas palavras po\u00e9ticas e prof\u00e9ticas: \u201c<em>Mariama, Nossa Senhora, m\u00e3e de Cristo e M\u00e3e dos homens! Mariama, M\u00e3e dos homens de todas as ra\u00e7as, de todas as cores, de todos os cantos da Terra. Pede ao teu filho que esta festa n\u00e3o termine aqui, a marcha final vai ser linda de viver. Mariama, M\u00e3e querida, problema de negro acaba se ligando com todos os grandes problemas humanos. Mariama, Senhora Nossa, M\u00e3e querida, nem precisa ir t\u00e3o longe, como no teu hino. Nem precisa que os ricos saiam de m\u00e3os vazias e os pobres de m\u00e3os cheias. Nem pobre nem rico. Nada de escravo de hoje ser senhor de escravo de amanh\u00e3. Basta de escravos. Um mundo sem senhor e sem escravos. Um mundo de irm\u00e3os<\/em>.\u201d<\/p>\n<p>Permita-me, Dom Helder, sem ser ousado, acrescentar \u00e0 sua ora\u00e7\u00e3o uma prece pelas mulheres e crian\u00e7as: Negra Mariama de Aparecida, converta a nossa Igreja. Que ela saiba valorizar a presen\u00e7a das mulheres como rosto materno de Deus. Sem elas, a Igreja nada seria, mas \u00e9 triste ver \u201chomens de batina\u201d subjugando-as aos seus caprichos do altar e da discrimina\u00e7\u00e3o. Que todos possamos entender que o ser mulher n\u00e3o \u00e9 somente o feminino, mas \u00e9 a vida que gera vida em abund\u00e2ncia. Basta de misoginia, de machismo e de feminic\u00eddio. Negra Mariama de Aparecida, ajude-nos a libertar dos Drag\u00f5es do nosso tempo, sobretudo os que s\u00e3o capazes de usar, em seus com\u00edcios, uma crian\u00e7a fardada de trajes militares apontando armas para defender o seu projeto pol\u00edtico genocida. E como o senhor, Dom Helder, profetizou, repito suas palavras: \u201cque se acabe, mas se acabe mesmo a maldita fabrica\u00e7\u00e3o de armas. O mundo precisa fabricar \u00e9 paz.\u201d E permita-me ainda acrescentar: que as nossas crian\u00e7as cres\u00e7am em sabedoria, no aconchego do amor e da ternura do ser m\u00e3e de homens e mulheres. Livre-as dos ped\u00f3filos de Igreja e fora dela que roubam a inoc\u00eancia de suas inf\u00e2ncias. Mariama, interceda a Deus pelo nosso Papa Francisco que, em rela\u00e7\u00e3o aos menores v\u00edtimas abusos sexuais cometidos por padres e religiosos, na Fran\u00e7a, disse estar muito triste pelas feridas causadas e grato com as v\u00edtimas que tiveram coragem de denunciar. Negra Mariama de Aparecida, livre nossas crian\u00e7as tamb\u00e9m da viol\u00eancia das armas que ronda as nossas cidades e vilas, do Oiapoque ao Chu\u00ed, nas \u201cBras\u00edlias\u201d que rodam nas estradas do Brasil. Cubra-nos com teu manto de M\u00e3e. Am\u00e9m!<\/p>\n<hr \/>\n<p><em>Frei Jacir de Freitas Faria<\/em> <a href=\"#_ftn1\" name=\"_ftnref1\">[1]<\/a><\/p>\n<p><a href=\"#_ftnref1\" name=\"_ftn1\">[1]<\/a>Doutor em Teologia B\u00edblica pela FAJE (BH). Mestre em Ci\u00eancias B\u00edblicas (Exegese) pelo Pontif\u00edcio Instituto B\u00edblico de Roma. Professor de Exegese B\u00edblica. Presidente da Associa\u00e7\u00e3o Brasileira de Pesquisa B\u00edblica (ABIB). Sacerdote Franciscano. Autor de doze livros e coautor de dezesseis. Canal no Youtube: Frei Jacir B\u00edblia e Ap\u00f3crifos. <a href=\"https:\/\/www.youtube.com\/channel\/UCwbSE97jnR6jQwHRigX1KlQ\">https:\/\/www.youtube.com\/channel\/UCwbSE97jnR6jQwHRigX1KlQ<\/a>\u00a0 \u00daltima publica\u00e7\u00e3o:<strong> Os murais do Santu\u00e1rio Santo Ant\u00f4nio, de Divin\u00f3polis (MG), no simbolismo do Tr\u00eas na Trindade e na Crucifix\u00e3o de Jesus<\/strong>:\u00a0 interpreta\u00e7\u00e3o b\u00edblica, teol\u00f3gica, catequ\u00e9tica e franciscana das pinturas de Frei Humberto Randang. Belo Horizonte: Provincia Santa Cruz, 2024.<\/p>\n","protected":false},"excerpt":{"rendered":"<p>Frei Jacir de Freitas Faria<\/p>\n","protected":false},"author":10,"featured_media":195217,"comment_status":"open","ping_status":"open","sticky":false,"template":"","format":"standard","meta":{"footnotes":""},"categories":[26],"tags":[43],"yoast_head":"<!-- This site is optimized with the Yoast SEO plugin v19.4 - https:\/\/yoast.com\/wordpress\/plugins\/seo\/ -->\n<title>A devo\u00e7\u00e3o a Nossa Senhora Aparecida e as crian\u00e7as - Vida Crist\u00e3 - Franciscanos<\/title>\n<meta name=\"robots\" content=\"index, follow, max-snippet:-1, max-image-preview:large, max-video-preview:-1\" \/>\n<link rel=\"canonical\" href=\"https:\/\/franciscanos.org.br\/vidacrista\/a-devocao-a-nossa-senhora-aparecida-e-as-criancas\/\" \/>\n<meta property=\"og:locale\" content=\"pt_BR\" \/>\n<meta property=\"og:type\" content=\"article\" \/>\n<meta property=\"og:title\" content=\"A devo\u00e7\u00e3o a Nossa Senhora Aparecida e as crian\u00e7as - Vida Crist\u00e3 - Franciscanos\" \/>\n<meta property=\"og:description\" content=\"Frei Jacir de Freitas Faria\" \/>\n<meta property=\"og:url\" content=\"https:\/\/franciscanos.org.br\/vidacrista\/a-devocao-a-nossa-senhora-aparecida-e-as-criancas\/\" \/>\n<meta property=\"og:site_name\" content=\"Vida Crist\u00e3 - Franciscanos\" \/>\n<meta property=\"article:published_time\" content=\"2024-10-11T18:03:09+00:00\" \/>\n<meta property=\"article:modified_time\" content=\"2024-10-11T21:09:09+00:00\" \/>\n<meta property=\"og:image\" content=\"https:\/\/franciscanos.org.br\/vidacrista\/wp-content\/uploads\/2024\/10\/Chamada-NS.jpg\" \/>\n\t<meta property=\"og:image:width\" content=\"800\" \/>\n\t<meta property=\"og:image:height\" content=\"550\" \/>\n\t<meta property=\"og:image:type\" content=\"image\/jpeg\" \/>\n<meta name=\"author\" content=\"Adriana Rabelo\" \/>\n<meta name=\"twitter:card\" content=\"summary_large_image\" \/>\n<meta name=\"twitter:label1\" content=\"Escrito por\" \/>\n\t<meta name=\"twitter:data1\" content=\"Adriana Rabelo\" \/>\n\t<meta name=\"twitter:label2\" content=\"Est. tempo de leitura\" \/>\n\t<meta name=\"twitter:data2\" content=\"7 minutos\" \/>\n<script type=\"application\/ld+json\" class=\"yoast-schema-graph\">{\"@context\":\"https:\/\/schema.org\",\"@graph\":[{\"@type\":\"WebSite\",\"@id\":\"https:\/\/franciscanos.org.br\/vidacrista\/#website\",\"url\":\"https:\/\/franciscanos.org.br\/vidacrista\/\",\"name\":\"Vida Crist\u00e3 - Franciscanos\",\"description\":\"Prov\u00edncia Franciscana da Imaculada Concei\u00e7\u00e3o do Brasil - Ordem dos Frades Menores\",\"potentialAction\":[{\"@type\":\"SearchAction\",\"target\":{\"@type\":\"EntryPoint\",\"urlTemplate\":\"https:\/\/franciscanos.org.br\/vidacrista\/?s={search_term_string}\"},\"query-input\":\"required name=search_term_string\"}],\"inLanguage\":\"pt-BR\"},{\"@type\":\"WebPage\",\"@id\":\"https:\/\/franciscanos.org.br\/vidacrista\/a-devocao-a-nossa-senhora-aparecida-e-as-criancas\/\",\"url\":\"https:\/\/franciscanos.org.br\/vidacrista\/a-devocao-a-nossa-senhora-aparecida-e-as-criancas\/\",\"name\":\"A devo\u00e7\u00e3o a Nossa Senhora Aparecida e as crian\u00e7as - Vida Crist\u00e3 - Franciscanos\",\"isPartOf\":{\"@id\":\"https:\/\/franciscanos.org.br\/vidacrista\/#website\"},\"datePublished\":\"2024-10-11T18:03:09+00:00\",\"dateModified\":\"2024-10-11T21:09:09+00:00\",\"author\":{\"@id\":\"https:\/\/franciscanos.org.br\/vidacrista\/#\/schema\/person\/a0cbb2edfc0aecf8ac498802d1cb57b5\"},\"breadcrumb\":{\"@id\":\"https:\/\/franciscanos.org.br\/vidacrista\/a-devocao-a-nossa-senhora-aparecida-e-as-criancas\/#breadcrumb\"},\"inLanguage\":\"pt-BR\",\"potentialAction\":[{\"@type\":\"ReadAction\",\"target\":[\"https:\/\/franciscanos.org.br\/vidacrista\/a-devocao-a-nossa-senhora-aparecida-e-as-criancas\/\"]}]},{\"@type\":\"BreadcrumbList\",\"@id\":\"https:\/\/franciscanos.org.br\/vidacrista\/a-devocao-a-nossa-senhora-aparecida-e-as-criancas\/#breadcrumb\",\"itemListElement\":[{\"@type\":\"ListItem\",\"position\":1,\"name\":\"Home\",\"item\":\"https:\/\/franciscanos.org.br\/vidacrista\/\"},{\"@type\":\"ListItem\",\"position\":2,\"name\":\"A devo\u00e7\u00e3o a Nossa Senhora Aparecida e as crian\u00e7as\"}]},{\"@type\":\"Person\",\"@id\":\"https:\/\/franciscanos.org.br\/vidacrista\/#\/schema\/person\/a0cbb2edfc0aecf8ac498802d1cb57b5\",\"name\":\"Adriana Rabelo\",\"image\":{\"@type\":\"ImageObject\",\"inLanguage\":\"pt-BR\",\"@id\":\"https:\/\/franciscanos.org.br\/vidacrista\/#\/schema\/person\/image\/\",\"url\":\"https:\/\/secure.gravatar.com\/avatar\/0a937b7500cd7df77540cfb8bede877d?s=96&d=mm&r=g\",\"contentUrl\":\"https:\/\/secure.gravatar.com\/avatar\/0a937b7500cd7df77540cfb8bede877d?s=96&d=mm&r=g\",\"caption\":\"Adriana Rabelo\"},\"url\":\"https:\/\/franciscanos.org.br\/vidacrista\/author\/adrianarabelo\/\"}]}<\/script>\n<!-- \/ Yoast SEO plugin. -->","yoast_head_json":{"title":"A devo\u00e7\u00e3o a Nossa Senhora Aparecida e as crian\u00e7as - Vida Crist\u00e3 - Franciscanos","robots":{"index":"index","follow":"follow","max-snippet":"max-snippet:-1","max-image-preview":"max-image-preview:large","max-video-preview":"max-video-preview:-1"},"canonical":"https:\/\/franciscanos.org.br\/vidacrista\/a-devocao-a-nossa-senhora-aparecida-e-as-criancas\/","og_locale":"pt_BR","og_type":"article","og_title":"A devo\u00e7\u00e3o a Nossa Senhora Aparecida e as crian\u00e7as - Vida Crist\u00e3 - Franciscanos","og_description":"Frei Jacir de Freitas Faria","og_url":"https:\/\/franciscanos.org.br\/vidacrista\/a-devocao-a-nossa-senhora-aparecida-e-as-criancas\/","og_site_name":"Vida Crist\u00e3 - Franciscanos","article_published_time":"2024-10-11T18:03:09+00:00","article_modified_time":"2024-10-11T21:09:09+00:00","og_image":[{"width":800,"height":550,"url":"https:\/\/franciscanos.org.br\/vidacrista\/wp-content\/uploads\/2024\/10\/Chamada-NS.jpg","type":"image\/jpeg"}],"author":"Adriana Rabelo","twitter_card":"summary_large_image","twitter_misc":{"Escrito por":"Adriana Rabelo","Est. tempo de leitura":"7 minutos"},"schema":{"@context":"https:\/\/schema.org","@graph":[{"@type":"WebSite","@id":"https:\/\/franciscanos.org.br\/vidacrista\/#website","url":"https:\/\/franciscanos.org.br\/vidacrista\/","name":"Vida Crist\u00e3 - Franciscanos","description":"Prov\u00edncia Franciscana da Imaculada Concei\u00e7\u00e3o do Brasil - Ordem dos Frades Menores","potentialAction":[{"@type":"SearchAction","target":{"@type":"EntryPoint","urlTemplate":"https:\/\/franciscanos.org.br\/vidacrista\/?s={search_term_string}"},"query-input":"required name=search_term_string"}],"inLanguage":"pt-BR"},{"@type":"WebPage","@id":"https:\/\/franciscanos.org.br\/vidacrista\/a-devocao-a-nossa-senhora-aparecida-e-as-criancas\/","url":"https:\/\/franciscanos.org.br\/vidacrista\/a-devocao-a-nossa-senhora-aparecida-e-as-criancas\/","name":"A devo\u00e7\u00e3o a Nossa Senhora Aparecida e as crian\u00e7as - Vida Crist\u00e3 - Franciscanos","isPartOf":{"@id":"https:\/\/franciscanos.org.br\/vidacrista\/#website"},"datePublished":"2024-10-11T18:03:09+00:00","dateModified":"2024-10-11T21:09:09+00:00","author":{"@id":"https:\/\/franciscanos.org.br\/vidacrista\/#\/schema\/person\/a0cbb2edfc0aecf8ac498802d1cb57b5"},"breadcrumb":{"@id":"https:\/\/franciscanos.org.br\/vidacrista\/a-devocao-a-nossa-senhora-aparecida-e-as-criancas\/#breadcrumb"},"inLanguage":"pt-BR","potentialAction":[{"@type":"ReadAction","target":["https:\/\/franciscanos.org.br\/vidacrista\/a-devocao-a-nossa-senhora-aparecida-e-as-criancas\/"]}]},{"@type":"BreadcrumbList","@id":"https:\/\/franciscanos.org.br\/vidacrista\/a-devocao-a-nossa-senhora-aparecida-e-as-criancas\/#breadcrumb","itemListElement":[{"@type":"ListItem","position":1,"name":"Home","item":"https:\/\/franciscanos.org.br\/vidacrista\/"},{"@type":"ListItem","position":2,"name":"A devo\u00e7\u00e3o a Nossa Senhora Aparecida e as crian\u00e7as"}]},{"@type":"Person","@id":"https:\/\/franciscanos.org.br\/vidacrista\/#\/schema\/person\/a0cbb2edfc0aecf8ac498802d1cb57b5","name":"Adriana Rabelo","image":{"@type":"ImageObject","inLanguage":"pt-BR","@id":"https:\/\/franciscanos.org.br\/vidacrista\/#\/schema\/person\/image\/","url":"https:\/\/secure.gravatar.com\/avatar\/0a937b7500cd7df77540cfb8bede877d?s=96&d=mm&r=g","contentUrl":"https:\/\/secure.gravatar.com\/avatar\/0a937b7500cd7df77540cfb8bede877d?s=96&d=mm&r=g","caption":"Adriana Rabelo"},"url":"https:\/\/franciscanos.org.br\/vidacrista\/author\/adrianarabelo\/"}]}},"_links":{"self":[{"href":"https:\/\/franciscanos.org.br\/vidacrista\/wp-json\/wp\/v2\/posts\/195213"}],"collection":[{"href":"https:\/\/franciscanos.org.br\/vidacrista\/wp-json\/wp\/v2\/posts"}],"about":[{"href":"https:\/\/franciscanos.org.br\/vidacrista\/wp-json\/wp\/v2\/types\/post"}],"author":[{"embeddable":true,"href":"https:\/\/franciscanos.org.br\/vidacrista\/wp-json\/wp\/v2\/users\/10"}],"replies":[{"embeddable":true,"href":"https:\/\/franciscanos.org.br\/vidacrista\/wp-json\/wp\/v2\/comments?post=195213"}],"version-history":[{"count":2,"href":"https:\/\/franciscanos.org.br\/vidacrista\/wp-json\/wp\/v2\/posts\/195213\/revisions"}],"predecessor-version":[{"id":195218,"href":"https:\/\/franciscanos.org.br\/vidacrista\/wp-json\/wp\/v2\/posts\/195213\/revisions\/195218"}],"wp:featuredmedia":[{"embeddable":true,"href":"https:\/\/franciscanos.org.br\/vidacrista\/wp-json\/wp\/v2\/media\/195217"}],"wp:attachment":[{"href":"https:\/\/franciscanos.org.br\/vidacrista\/wp-json\/wp\/v2\/media?parent=195213"}],"wp:term":[{"taxonomy":"category","embeddable":true,"href":"https:\/\/franciscanos.org.br\/vidacrista\/wp-json\/wp\/v2\/categories?post=195213"},{"taxonomy":"post_tag","embeddable":true,"href":"https:\/\/franciscanos.org.br\/vidacrista\/wp-json\/wp\/v2\/tags?post=195213"}],"curies":[{"name":"wp","href":"https:\/\/api.w.org\/{rel}","templated":true}]}}