{"id":195164,"date":"2024-10-02T12:51:05","date_gmt":"2024-10-02T15:51:05","guid":{"rendered":"https:\/\/franciscanos.org.br\/vidacrista\/?p=195164"},"modified":"2024-10-02T12:51:05","modified_gmt":"2024-10-02T15:51:05","slug":"o-risco-de-uma-guerra-nuclear-e-de-um-ceu-branco","status":"publish","type":"post","link":"https:\/\/franciscanos.org.br\/vidacrista\/o-risco-de-uma-guerra-nuclear-e-de-um-ceu-branco\/","title":{"rendered":"O risco de uma guerra nuclear e de um c\u00e9u branco"},"content":{"rendered":"<p><img decoding=\"async\" loading=\"lazy\" class=\"aligncenter wp-image-195165 size-full\" src=\"https:\/\/franciscanos.org.br\/vidacrista\/wp-content\/uploads\/2024\/10\/ARTIGO-FREI-LEONARDO.jpg\" alt=\"\" width=\"1280\" height=\"720\" srcset=\"https:\/\/franciscanos.org.br\/vidacrista\/wp-content\/uploads\/2024\/10\/ARTIGO-FREI-LEONARDO.jpg 1280w, https:\/\/franciscanos.org.br\/vidacrista\/wp-content\/uploads\/2024\/10\/ARTIGO-FREI-LEONARDO-450x253.jpg 450w, https:\/\/franciscanos.org.br\/vidacrista\/wp-content\/uploads\/2024\/10\/ARTIGO-FREI-LEONARDO-1024x576.jpg 1024w, https:\/\/franciscanos.org.br\/vidacrista\/wp-content\/uploads\/2024\/10\/ARTIGO-FREI-LEONARDO-768x432.jpg 768w, https:\/\/franciscanos.org.br\/vidacrista\/wp-content\/uploads\/2024\/10\/ARTIGO-FREI-LEONARDO-150x84.jpg 150w\" sizes=\"(max-width: 1280px) 100vw, 1280px\" \/><\/p>\n<p>Em declara\u00e7\u00f5es recentes, <em>Putin <\/em>com refer\u00eancia \u00e0 guerra que move contra a Ucr\u00e2nia que se defende com cada vez mais armas potentes dos USA e da OTAN, declarou: \u201cse houver um perigo existencial para meu pa\u00eds, usarei armas nucleares\u201d.<\/p>\n<p>Certamente n\u00e3o ser\u00e3o as estrat\u00e9gicas com devastador poder de destrui\u00e7\u00e3o. Provocaria uma retalia\u00e7\u00e3o dos USA com o mesmo tipo de armas. Isso, provavelmente, liquidaria grande parte da vida humana e da biosfera.<\/p>\n<p>Mas Putin usaria as t\u00e1ticas, mais limitadas, mas tamb\u00e9m com efeitos altamente destrutivos. A amea\u00e7a n\u00e3o parece ser um blefe, mas uma decis\u00e3o tomada por todo o corpo de defesa da Confedera\u00e7\u00e3o Russa. Bem disse o Secret\u00e1rio Geral da ONU <em>Ant\u00f3nio Guterrez<\/em>, ao abrir em setembro os trabalhos: \u201cEstamos nos aproximando do inimagin\u00e1vel \u2013 um barril de p\u00f3lvora que corre o risco de engolir o mundo\u201d. Se isso vier ocorrer, surge o grave risco de uma escalada perigos\u00edssima para o nosso futuro.<\/p>\n<p>No limite, pode ocorrer um inverno nuclear no qual o c\u00e9u ficar\u00e1 branco (na express\u00e3o de <em>Elizabeth Kolbert<\/em>: O c\u00e9u branco: a natureza de nosso futuro,2020) por causa das part\u00edculas radioativas. As \u00e1rvores mal poderiam fazer a fotoss\u00edntese, garantindo-nos o necess\u00e1rio oxig\u00eanio e a produ\u00e7\u00e3o de alimentos seria altamente afetada. Tal cat\u00e1strofe poria em risco a vida humana e a biosfera.<\/p>\n<p>O assunto \u00e9 por demais amea\u00e7ador para n\u00e3o lhe darmos import\u00e2ncia. Toby Ord, fil\u00f3sofo australiano lecionando em Oxford, escreveu um livro minucioso sobre os riscos presentes: Precipice: Existencial <em>Risk and the Future of Humanity<\/em> (2020). Isso n\u00e3o \u00e9 alarmismo nem catastrofismo. Mas, devemos ser realistas esperan\u00e7osos e eticamente respons\u00e1veis. J\u00e1 temos a experi\u00eancia do que tem sido o maior ato terrorista da hist\u00f3ria, quando os <em>USA<\/em> sob Truman lan\u00e7aram duas bombas nucleares simples sobre Hiroshima e Nagasaki que dizimaram em minutos duzentas mil pessoas.<\/p>\n<p>Depois criamos armas muito mais devastadoras e ainda o princ\u00edpio de autodestrui\u00e7\u00e3o como o chamou o falecido e eminente cosm\u00f3logo <em>Carl Sagan<\/em>. O Papa Francisco em sua alocu\u00e7\u00e3o na ONU, no dia 25 de setembro de 2020, advertiu por duas vezes da eventualidade do desaparecimento da vida humana como consequ\u00eancia da irresponsabilidade em nosso trato com a M\u00e3e Terra e com a natureza superexploradas. Na enc\u00edclica Fratelli tutti (2020) afirma com severidade: \u201destamos todos no mesmo barco, ou nos salvamos todos ou ningu\u00e9m se salva (n.32).<\/p>\n<p>O pr\u00eamio Nobel, <em>Christian de Duve<\/em>, em seu conhecido Poeira Vital (1997) atesta que \u201cde certa forma, nosso tempo lembra uma daquelas importantes rupturas na evolu\u00e7\u00e3o, assinaladas por extin\u00e7\u00f5es maci\u00e7as\u201d (p.355). Antigamente eram os meteoros rasantes que amea\u00e7avam a Terra; hoje o meteoro rasante se chama ser humano dando origem a uma nova era geol\u00f3gica, o antropoceno e na sua fase mais aguda, o atual piroceno (as grandes queimadas).<\/p>\n<p><em>Th\u00e9odore Monod<\/em>, talvez o \u00faltimo grande naturalista moderno, deixou como testamento um texto de reflex\u00e3o com esse t\u00edtulo: E se a aventura humana vier a falhar (2000)? Assevera: \u201csomos capazes de uma conduta insensata e demente; pode-se a partir de agora temer tudo, tudo mesmo, inclusive a aniquila\u00e7\u00e3o da ra\u00e7a humana\u201d (p. 246). E acrescenta: \u201cseria o justo pre\u00e7o de nossas loucuras e de nossas crueldades\u201d (p.248).<\/p>\n<p>Se tomarmos a s\u00e9rio o drama mundial, sanit\u00e1rio, social e o aquecimento crescente, na era do piroceno, esse cen\u00e1rio de horror n\u00e3o \u00e9 impens\u00e1vel.<\/p>\n<p><em>Edward Wilson<\/em>, grande bi\u00f3logo, atesta em seu instigante livro O futuro da vida (2002): \u201cO homem at\u00e9 hoje tem desempenhado o papel de assassino planet\u00e1rio\u2026a \u00e9tica da conserva\u00e7\u00e3o, na forma de tabu, totemismo ou ci\u00eancia, quase sempre chegou tarde demais (121).<\/p>\n<p>Vale ainda citar um nome de grande respeitabilidade <em>James Lovelock<\/em>, o formulador da hip\u00f3tese\/teoria da Terra como Superorganismo vivo, Gaia, com um t\u00edtulo que diz tudo: A vingan\u00e7a de Gaia (2006). Em sua passagem pelo Brasil declarou \u00e0 Veja: \u201d at\u00e9 o fim do s\u00e9culo 80% da popula\u00e7\u00e3o humana desaparecer\u00e1. Os 20% restantes v\u00e3o viver no \u00c1rtico e em alguns poucos o\u00e1sis em outros continentes, onde as temperaturas forem mais baixas e houver um pouco de chuva\u2026quase todo o territ\u00f3rio brasileiro ser\u00e1 demasiadamente quente e seco para ser habitado \u201d (P\u00e1ginas Amarelas de 25 de outubro de 2006).<\/p>\n<p>Bem ponderou o maior pensador do s\u00e9culo XX <em>Martin Heidegger<\/em>, num texto publicado 15 anos ap\u00f3s sua morte, consciente do risco planet\u00e1rio: \u201cS\u00f3 um Deus nos pode salvar\u201d (<em>Nur noch ein Gott kann uns retten<\/em>).<\/p>\n<p>N\u00e3o basta esperar em Deus, pois ele n\u00e3o \u00e9 um tapa-buraco face \u00e0s irresponsabilidades humanas, mas sim, cuidar do ser humano enlouquecido, p\u00f4r limites a uma raz\u00e3o que virou irracional a ponto de forjar meios de se autodestruir. Confiamos que face \u00e0 esta cat\u00e1strofe, haja um m\u00ednimo de sabedoria e de conten\u00e7\u00e3o nos tomadores de decis\u00f5es.<\/p>\n<p>Depois que matamos o Filho de Deus que se fez homem, nada \u00e9 imposs\u00edvel. Mas Deus, n\u00e3o os detentores de armas de destrui\u00e7\u00e3o em massa \u00e9 o senhor da hist\u00f3ria e do destino humano. Ele pode das ru\u00ednas criar um novo c\u00e9u e uma nova Terra, habitada por seres humanos transfigurados, cuidadores e amigos de toda vida. \u00c9 a nossa f\u00e9 e esperan\u00e7a.<\/p>\n<hr \/>\n<p><em>Leonardo Boff<\/em> escreveu Terra madura: uma \u00e9tica da vida, Planeta 2023; Cuidar da Casa Comum: pistas para protelar o fim do mundo, Vozes 2024.<\/p>\n","protected":false},"excerpt":{"rendered":"<p>Leonardo Boff<\/p>\n","protected":false},"author":10,"featured_media":195166,"comment_status":"open","ping_status":"open","sticky":false,"template":"","format":"standard","meta":{"footnotes":""},"categories":[26],"tags":[59],"yoast_head":"<!-- This site is optimized with the Yoast SEO plugin v19.4 - https:\/\/yoast.com\/wordpress\/plugins\/seo\/ -->\n<title>O risco de uma guerra nuclear e de um c\u00e9u branco - Vida Crist\u00e3 - Franciscanos<\/title>\n<meta name=\"robots\" content=\"index, follow, max-snippet:-1, max-image-preview:large, max-video-preview:-1\" \/>\n<link rel=\"canonical\" href=\"https:\/\/franciscanos.org.br\/vidacrista\/o-risco-de-uma-guerra-nuclear-e-de-um-ceu-branco\/\" \/>\n<meta property=\"og:locale\" content=\"pt_BR\" \/>\n<meta property=\"og:type\" content=\"article\" \/>\n<meta property=\"og:title\" content=\"O risco de uma guerra nuclear e de um c\u00e9u branco - Vida Crist\u00e3 - Franciscanos\" \/>\n<meta property=\"og:description\" content=\"Leonardo Boff\" \/>\n<meta property=\"og:url\" content=\"https:\/\/franciscanos.org.br\/vidacrista\/o-risco-de-uma-guerra-nuclear-e-de-um-ceu-branco\/\" \/>\n<meta property=\"og:site_name\" content=\"Vida Crist\u00e3 - Franciscanos\" \/>\n<meta property=\"article:published_time\" content=\"2024-10-02T15:51:05+00:00\" \/>\n<meta property=\"og:image\" content=\"https:\/\/franciscanos.org.br\/vidacrista\/wp-content\/uploads\/2024\/10\/CHAMADA-LEONARDO.jpg\" \/>\n\t<meta property=\"og:image:width\" content=\"800\" \/>\n\t<meta property=\"og:image:height\" content=\"550\" \/>\n\t<meta property=\"og:image:type\" content=\"image\/jpeg\" \/>\n<meta name=\"author\" content=\"Adriana Rabelo\" \/>\n<meta name=\"twitter:card\" content=\"summary_large_image\" \/>\n<meta name=\"twitter:label1\" content=\"Escrito por\" \/>\n\t<meta name=\"twitter:data1\" content=\"Adriana Rabelo\" \/>\n\t<meta name=\"twitter:label2\" content=\"Est. tempo de leitura\" \/>\n\t<meta name=\"twitter:data2\" content=\"5 minutos\" \/>\n<script type=\"application\/ld+json\" class=\"yoast-schema-graph\">{\"@context\":\"https:\/\/schema.org\",\"@graph\":[{\"@type\":\"WebSite\",\"@id\":\"https:\/\/franciscanos.org.br\/vidacrista\/#website\",\"url\":\"https:\/\/franciscanos.org.br\/vidacrista\/\",\"name\":\"Vida Crist\u00e3 - Franciscanos\",\"description\":\"Prov\u00edncia Franciscana da Imaculada Concei\u00e7\u00e3o do Brasil - Ordem dos Frades Menores\",\"potentialAction\":[{\"@type\":\"SearchAction\",\"target\":{\"@type\":\"EntryPoint\",\"urlTemplate\":\"https:\/\/franciscanos.org.br\/vidacrista\/?s={search_term_string}\"},\"query-input\":\"required name=search_term_string\"}],\"inLanguage\":\"pt-BR\"},{\"@type\":\"WebPage\",\"@id\":\"https:\/\/franciscanos.org.br\/vidacrista\/o-risco-de-uma-guerra-nuclear-e-de-um-ceu-branco\/\",\"url\":\"https:\/\/franciscanos.org.br\/vidacrista\/o-risco-de-uma-guerra-nuclear-e-de-um-ceu-branco\/\",\"name\":\"O risco de uma guerra nuclear e de um c\u00e9u branco - Vida Crist\u00e3 - Franciscanos\",\"isPartOf\":{\"@id\":\"https:\/\/franciscanos.org.br\/vidacrista\/#website\"},\"datePublished\":\"2024-10-02T15:51:05+00:00\",\"dateModified\":\"2024-10-02T15:51:05+00:00\",\"author\":{\"@id\":\"https:\/\/franciscanos.org.br\/vidacrista\/#\/schema\/person\/a0cbb2edfc0aecf8ac498802d1cb57b5\"},\"breadcrumb\":{\"@id\":\"https:\/\/franciscanos.org.br\/vidacrista\/o-risco-de-uma-guerra-nuclear-e-de-um-ceu-branco\/#breadcrumb\"},\"inLanguage\":\"pt-BR\",\"potentialAction\":[{\"@type\":\"ReadAction\",\"target\":[\"https:\/\/franciscanos.org.br\/vidacrista\/o-risco-de-uma-guerra-nuclear-e-de-um-ceu-branco\/\"]}]},{\"@type\":\"BreadcrumbList\",\"@id\":\"https:\/\/franciscanos.org.br\/vidacrista\/o-risco-de-uma-guerra-nuclear-e-de-um-ceu-branco\/#breadcrumb\",\"itemListElement\":[{\"@type\":\"ListItem\",\"position\":1,\"name\":\"Home\",\"item\":\"https:\/\/franciscanos.org.br\/vidacrista\/\"},{\"@type\":\"ListItem\",\"position\":2,\"name\":\"O risco de uma guerra nuclear e de um c\u00e9u branco\"}]},{\"@type\":\"Person\",\"@id\":\"https:\/\/franciscanos.org.br\/vidacrista\/#\/schema\/person\/a0cbb2edfc0aecf8ac498802d1cb57b5\",\"name\":\"Adriana Rabelo\",\"image\":{\"@type\":\"ImageObject\",\"inLanguage\":\"pt-BR\",\"@id\":\"https:\/\/franciscanos.org.br\/vidacrista\/#\/schema\/person\/image\/\",\"url\":\"https:\/\/secure.gravatar.com\/avatar\/0a937b7500cd7df77540cfb8bede877d?s=96&d=mm&r=g\",\"contentUrl\":\"https:\/\/secure.gravatar.com\/avatar\/0a937b7500cd7df77540cfb8bede877d?s=96&d=mm&r=g\",\"caption\":\"Adriana Rabelo\"},\"url\":\"https:\/\/franciscanos.org.br\/vidacrista\/author\/adrianarabelo\/\"}]}<\/script>\n<!-- \/ Yoast SEO plugin. -->","yoast_head_json":{"title":"O risco de uma guerra nuclear e de um c\u00e9u branco - Vida Crist\u00e3 - Franciscanos","robots":{"index":"index","follow":"follow","max-snippet":"max-snippet:-1","max-image-preview":"max-image-preview:large","max-video-preview":"max-video-preview:-1"},"canonical":"https:\/\/franciscanos.org.br\/vidacrista\/o-risco-de-uma-guerra-nuclear-e-de-um-ceu-branco\/","og_locale":"pt_BR","og_type":"article","og_title":"O risco de uma guerra nuclear e de um c\u00e9u branco - Vida Crist\u00e3 - Franciscanos","og_description":"Leonardo Boff","og_url":"https:\/\/franciscanos.org.br\/vidacrista\/o-risco-de-uma-guerra-nuclear-e-de-um-ceu-branco\/","og_site_name":"Vida Crist\u00e3 - Franciscanos","article_published_time":"2024-10-02T15:51:05+00:00","og_image":[{"width":800,"height":550,"url":"https:\/\/franciscanos.org.br\/vidacrista\/wp-content\/uploads\/2024\/10\/CHAMADA-LEONARDO.jpg","type":"image\/jpeg"}],"author":"Adriana Rabelo","twitter_card":"summary_large_image","twitter_misc":{"Escrito por":"Adriana Rabelo","Est. tempo de leitura":"5 minutos"},"schema":{"@context":"https:\/\/schema.org","@graph":[{"@type":"WebSite","@id":"https:\/\/franciscanos.org.br\/vidacrista\/#website","url":"https:\/\/franciscanos.org.br\/vidacrista\/","name":"Vida Crist\u00e3 - Franciscanos","description":"Prov\u00edncia Franciscana da Imaculada Concei\u00e7\u00e3o do Brasil - Ordem dos Frades Menores","potentialAction":[{"@type":"SearchAction","target":{"@type":"EntryPoint","urlTemplate":"https:\/\/franciscanos.org.br\/vidacrista\/?s={search_term_string}"},"query-input":"required name=search_term_string"}],"inLanguage":"pt-BR"},{"@type":"WebPage","@id":"https:\/\/franciscanos.org.br\/vidacrista\/o-risco-de-uma-guerra-nuclear-e-de-um-ceu-branco\/","url":"https:\/\/franciscanos.org.br\/vidacrista\/o-risco-de-uma-guerra-nuclear-e-de-um-ceu-branco\/","name":"O risco de uma guerra nuclear e de um c\u00e9u branco - Vida Crist\u00e3 - Franciscanos","isPartOf":{"@id":"https:\/\/franciscanos.org.br\/vidacrista\/#website"},"datePublished":"2024-10-02T15:51:05+00:00","dateModified":"2024-10-02T15:51:05+00:00","author":{"@id":"https:\/\/franciscanos.org.br\/vidacrista\/#\/schema\/person\/a0cbb2edfc0aecf8ac498802d1cb57b5"},"breadcrumb":{"@id":"https:\/\/franciscanos.org.br\/vidacrista\/o-risco-de-uma-guerra-nuclear-e-de-um-ceu-branco\/#breadcrumb"},"inLanguage":"pt-BR","potentialAction":[{"@type":"ReadAction","target":["https:\/\/franciscanos.org.br\/vidacrista\/o-risco-de-uma-guerra-nuclear-e-de-um-ceu-branco\/"]}]},{"@type":"BreadcrumbList","@id":"https:\/\/franciscanos.org.br\/vidacrista\/o-risco-de-uma-guerra-nuclear-e-de-um-ceu-branco\/#breadcrumb","itemListElement":[{"@type":"ListItem","position":1,"name":"Home","item":"https:\/\/franciscanos.org.br\/vidacrista\/"},{"@type":"ListItem","position":2,"name":"O risco de uma guerra nuclear e de um c\u00e9u branco"}]},{"@type":"Person","@id":"https:\/\/franciscanos.org.br\/vidacrista\/#\/schema\/person\/a0cbb2edfc0aecf8ac498802d1cb57b5","name":"Adriana Rabelo","image":{"@type":"ImageObject","inLanguage":"pt-BR","@id":"https:\/\/franciscanos.org.br\/vidacrista\/#\/schema\/person\/image\/","url":"https:\/\/secure.gravatar.com\/avatar\/0a937b7500cd7df77540cfb8bede877d?s=96&d=mm&r=g","contentUrl":"https:\/\/secure.gravatar.com\/avatar\/0a937b7500cd7df77540cfb8bede877d?s=96&d=mm&r=g","caption":"Adriana Rabelo"},"url":"https:\/\/franciscanos.org.br\/vidacrista\/author\/adrianarabelo\/"}]}},"_links":{"self":[{"href":"https:\/\/franciscanos.org.br\/vidacrista\/wp-json\/wp\/v2\/posts\/195164"}],"collection":[{"href":"https:\/\/franciscanos.org.br\/vidacrista\/wp-json\/wp\/v2\/posts"}],"about":[{"href":"https:\/\/franciscanos.org.br\/vidacrista\/wp-json\/wp\/v2\/types\/post"}],"author":[{"embeddable":true,"href":"https:\/\/franciscanos.org.br\/vidacrista\/wp-json\/wp\/v2\/users\/10"}],"replies":[{"embeddable":true,"href":"https:\/\/franciscanos.org.br\/vidacrista\/wp-json\/wp\/v2\/comments?post=195164"}],"version-history":[{"count":2,"href":"https:\/\/franciscanos.org.br\/vidacrista\/wp-json\/wp\/v2\/posts\/195164\/revisions"}],"predecessor-version":[{"id":195168,"href":"https:\/\/franciscanos.org.br\/vidacrista\/wp-json\/wp\/v2\/posts\/195164\/revisions\/195168"}],"wp:featuredmedia":[{"embeddable":true,"href":"https:\/\/franciscanos.org.br\/vidacrista\/wp-json\/wp\/v2\/media\/195166"}],"wp:attachment":[{"href":"https:\/\/franciscanos.org.br\/vidacrista\/wp-json\/wp\/v2\/media?parent=195164"}],"wp:term":[{"taxonomy":"category","embeddable":true,"href":"https:\/\/franciscanos.org.br\/vidacrista\/wp-json\/wp\/v2\/categories?post=195164"},{"taxonomy":"post_tag","embeddable":true,"href":"https:\/\/franciscanos.org.br\/vidacrista\/wp-json\/wp\/v2\/tags?post=195164"}],"curies":[{"name":"wp","href":"https:\/\/api.w.org\/{rel}","templated":true}]}}