{"id":195067,"date":"2024-09-09T16:50:19","date_gmt":"2024-09-09T19:50:19","guid":{"rendered":"https:\/\/franciscanos.org.br\/vidacrista\/?p=195067"},"modified":"2024-09-09T16:51:02","modified_gmt":"2024-09-09T19:51:02","slug":"ouca-o-grito-da-terra","status":"publish","type":"post","link":"https:\/\/franciscanos.org.br\/vidacrista\/ouca-o-grito-da-terra\/","title":{"rendered":"Ou\u00e7a o grito da Terra"},"content":{"rendered":"<p><img decoding=\"async\" loading=\"lazy\" class=\"aligncenter wp-image-195068 size-full\" src=\"https:\/\/franciscanos.org.br\/vidacrista\/wp-content\/uploads\/2024\/09\/refelxao.jpg\" alt=\"\" width=\"1280\" height=\"720\" srcset=\"https:\/\/franciscanos.org.br\/vidacrista\/wp-content\/uploads\/2024\/09\/refelxao.jpg 1280w, https:\/\/franciscanos.org.br\/vidacrista\/wp-content\/uploads\/2024\/09\/refelxao-450x253.jpg 450w, https:\/\/franciscanos.org.br\/vidacrista\/wp-content\/uploads\/2024\/09\/refelxao-1024x576.jpg 1024w, https:\/\/franciscanos.org.br\/vidacrista\/wp-content\/uploads\/2024\/09\/refelxao-768x432.jpg 768w, https:\/\/franciscanos.org.br\/vidacrista\/wp-content\/uploads\/2024\/09\/refelxao-150x84.jpg 150w\" sizes=\"(max-width: 1280px) 100vw, 1280px\" \/><\/p>\n<p>Esta \u00e9 a convoca\u00e7\u00e3o que ecoa forte na mensagem do Papa Francisco para o Dia Mundial de Ora\u00e7\u00e3o pelo Cuidado da Cria\u00e7\u00e3o, celebrado em 1\u00ba de setembro. A Terra mostra evidentes sinais de esgotamento \u2013 pelas cat\u00e1strofes, pela escassez de \u00e1gua e tantos outros fen\u00f4menos terr\u00edveis mundo afora, sem contar as perspectivas que se delineiam para um futuro n\u00e3o t\u00e3o distante, poss\u00edveis de se reconhecer a partir de s\u00e9rios trabalhos cient\u00edficos. Os estudos s\u00e3o convincentes quanto \u00e0 urg\u00eancia de a\u00e7\u00f5es e provid\u00eancias que j\u00e1 est\u00e3o atrasadas, para reverter uma triste realidade: a dissemina\u00e7\u00e3o de comportamentos irrespons\u00e1veis e do criminoso tratamento dedicado ao planeta, brincando com a Cria\u00e7\u00e3o de maneira desrespeitosa. \u201cOu\u00e7a o grito da Terra\u201d deve ser um forte apelo tamb\u00e9m no horizonte importante do dia 7 de Setembro, para inspirar novas posturas cidad\u00e3s na sociedade brasileira, que precisa tratar, de modo mais sens\u00edvel e racional, o meio ambiente generoso e rico do pa\u00eds.<\/p>\n<p>A atual rela\u00e7\u00e3o do ser humano com o planeta coloca em perigo a vida. Uma situa\u00e7\u00e3o que precisa ser mais reconhecida, com a partilha de informa\u00e7\u00f5es consistentes e cientificamente embasadas, inspirando uma sensibiliza\u00e7\u00e3o impulsionada por par\u00e2metros human\u00edsticos e pela luz da f\u00e9. Afinal, quando se considera a Cria\u00e7\u00e3o, deve-se respeitar o seu Criador, incentivando novas posturas com o selo do cuidado e preserva\u00e7\u00e3o, a partir de mudan\u00e7as no estilo de vida, que deve ser mais condizente com os par\u00e2metros da sustentabilidade. A viv\u00eancia da f\u00e9 conta de modo determinante nesse necess\u00e1rio processo de se renovar o jeito de agir no mundo, tendo no horizonte a busca pela harmonia com toda a Cria\u00e7\u00e3o. O aut\u00eantico testemunho daqueles que creem em Deus exige tamb\u00e9m um modo de estar adequadamente na ambi\u00eancia da Cria\u00e7\u00e3o. Isto significa tratar o planeta como dom que precisa ser cuidado.<\/p>\n<p>O Papa Francisco, a partir da indica\u00e7\u00e3o \u201cEspera e age com a Cria\u00e7\u00e3o\u201d, interroga: \u201cQuando \u00e9 que se tem f\u00e9?\u201d E responde: n\u00e3o \u00e9 tanto por se acreditar em algo transcendente e incompreens\u00edvel para a raz\u00e3o, situando Deus de modo distante e inomin\u00e1vel. O Santo Padre ensina que o olhar iluminado pela f\u00e9 \u00e9 capaz de enxergar que o Esp\u00edrito Santo habita no cora\u00e7\u00e3o de cada filho e filha de Deus. O selo de autenticidade da identidade crist\u00e3 \u00e9 o Esp\u00edrito Santo derramado, copiosamente, nos cora\u00e7\u00f5es, inclinando-os aos bens eternos, \u00e0 luz da humanidade bela e bondosa de Jesus. O Esp\u00edrito Santo gera nos cora\u00e7\u00f5es a criatividade, tornando-os proativos na caridade, por meio de um caminho de liberdade espiritual, no enfrentamento da l\u00f3gica do mundo. Prioriza-se a l\u00f3gica de Deus, pelo princ\u00edpio do amor. Compreende-se que o crist\u00e3o, movido pela f\u00e9, assume o compromisso com a caridade e transborda esperan\u00e7a. Nesta perspectiva, brilha a exig\u00eancia de se assumir um estilo de vida dedicado ao cuidado com a Cria\u00e7\u00e3o.<\/p>\n<p>O dom da f\u00e9 \u00e9 tamb\u00e9m uma tarefa, realizada na obedi\u00eancia ao mandamento do amor de Jesus, vinculando os crist\u00e3os com o princ\u00edpio da fraternidade e a promo\u00e7\u00e3o da justi\u00e7a para todos. O amor deve ser testemunhado sempre em todas as circunst\u00e2ncias, particularmente no tratamento dedicado ao meio ambiente, o que exige reconhecer e partilhar das dores do mundo. A Cria\u00e7\u00e3o \u00e9 ambiente vital, concebida para ser marcada pela alegria, partilhada por todos \u2013 e tudo deve tender \u00e0 gl\u00f3ria de Deus, para que a humanidade alcance a paz prometida. Assim, as dores da Cria\u00e7\u00e3o, partilhadas pela humanidade, constituem raz\u00e3o de luta esperan\u00e7osa dos crist\u00e3os. Tudo conta, cada gesto de respeito e rever\u00eancia aos bens da natureza, fecundando um novo processo de nascimento da humanidade, diante dos esgotamentos evidentes em um planeta que grita. A luta por um novo estilo de vida na Terra \u00e9 o come\u00e7o de um processo importante, inadi\u00e1vel, para solucionar graves problemas ambientais, com repercuss\u00f5es sociopol\u00edticas.<\/p>\n<p>A esperan\u00e7a crist\u00e3, sublinha o Papa Francisco, n\u00e3o desilude e tamb\u00e9m n\u00e3o ilude. \u201cO gemido da Cria\u00e7\u00e3o, dos crist\u00e3os e do Esp\u00edrito \u00e9 antecipa\u00e7\u00e3o e expectativa da salva\u00e7\u00e3o\u201d, explica o Pont\u00edfice. Em meio \u00e0s muitas lutas e desafios, inspirando-se no testemunho de figuras ilustres da hist\u00f3ria e na vida da Igreja, n\u00e3o se pode deixar de investir em um novo modo de conviver com o semelhante, marcado pela fraternidade universal e pela paz. O impulso vem do cultivo da amizade social, que contempla, de modo inegoci\u00e1vel, a responsabilidade por uma ecologia social, humana e integral. A luta moral dos crist\u00e3os est\u00e1 vinculada ao gemido da Cria\u00e7\u00e3o, ferida por iniciativas destruidoras. Na busca pela liberta\u00e7\u00e3o de todos os seres humanos est\u00e1 inclu\u00edda a tarefa de superar os abusos contra a natureza. \u00c9 hora de todos se contraporem ao processo de degrada\u00e7\u00e3o do meio ambiente. Um gesto de convers\u00e3o que inclui passar da arrog\u00e2ncia de quem quer dominar a natureza e os outros \u00e0 humildade de quem cuida dos outros e da Cria\u00e7\u00e3o, conforme diz o Papa Francisco.<\/p>\n<p>Cuidado \u00e9 o princ\u00edpio fundamental para alavancar grandes mudan\u00e7as, deixando de lado a desmedida ambi\u00e7\u00e3o que almeja simplesmente o lucro e o consumo sem limites. O princ\u00edpio do cuidado sustenta-se em Deus, refer\u00eancia inigual\u00e1vel e insubstitu\u00edvel na qualifica\u00e7\u00e3o das rela\u00e7\u00f5es entre seres humanos e da humanidade com o restante da Cria\u00e7\u00e3o. \u00c9 preciso repensar o que significa e quais s\u00e3o os limites do poder humano. Uma reflex\u00e3o necess\u00e1ria, para adequadamente mensurar as consequ\u00eancias dos progressos tecnol\u00f3gicos impressionantes que, ao mesmo tempo, s\u00e3o perigosos, capazes de colocar em risco o conjunto da vida e a sobreviv\u00eancia humana.<\/p>\n<p>Adverte o Papa Francisco: um poder descontrolado gera monstros. Por isso, \u00e9 urgente colocar limites \u00e9ticos ao desenvolvimento da intelig\u00eancia artificial, prezando sempre pela verdade, pelo bem, a servi\u00e7o da paz e do desenvolvimento integral. Tenha-se presente que a defesa do meio ambiente n\u00e3o \u00e9 apenas uma quest\u00e3o \u00e9tica, mas tamb\u00e9m teol\u00f3gica, com reflex\u00f5es sobre a exist\u00eancia humana \u00e0 luz do mist\u00e9rio de Deus. Um horizonte de compreens\u00e3o que pode, frutuosamente, situar a humanidade contempor\u00e2nea em um outro patamar, sensibilizando-a para agir em resposta ao convite: ou\u00e7a o grito da Terra.<\/p>\n<hr \/>\n<p><em>Dom Walmor Oliveira de Azevedo<\/em><\/p>\n","protected":false},"excerpt":{"rendered":"<p>Dom Walmor Oliveira de Azevedo<\/p>\n","protected":false},"author":10,"featured_media":195069,"comment_status":"open","ping_status":"open","sticky":false,"template":"","format":"standard","meta":{"footnotes":""},"categories":[26],"tags":[40,271],"yoast_head":"<!-- This site is optimized with the Yoast SEO plugin v19.4 - https:\/\/yoast.com\/wordpress\/plugins\/seo\/ -->\n<title>Ou\u00e7a o grito da Terra - Vida Crist\u00e3 - Franciscanos<\/title>\n<meta name=\"robots\" content=\"index, follow, max-snippet:-1, max-image-preview:large, max-video-preview:-1\" \/>\n<link rel=\"canonical\" href=\"https:\/\/franciscanos.org.br\/vidacrista\/ouca-o-grito-da-terra\/\" \/>\n<meta property=\"og:locale\" content=\"pt_BR\" \/>\n<meta property=\"og:type\" content=\"article\" \/>\n<meta property=\"og:title\" content=\"Ou\u00e7a o grito da Terra - Vida Crist\u00e3 - Franciscanos\" \/>\n<meta property=\"og:description\" content=\"Dom Walmor Oliveira de Azevedo\" \/>\n<meta property=\"og:url\" content=\"https:\/\/franciscanos.org.br\/vidacrista\/ouca-o-grito-da-terra\/\" \/>\n<meta property=\"og:site_name\" content=\"Vida Crist\u00e3 - Franciscanos\" \/>\n<meta property=\"article:published_time\" content=\"2024-09-09T19:50:19+00:00\" \/>\n<meta property=\"article:modified_time\" content=\"2024-09-09T19:51:02+00:00\" \/>\n<meta property=\"og:image\" content=\"https:\/\/franciscanos.org.br\/vidacrista\/wp-content\/uploads\/2024\/09\/CHAMADA-1.jpg\" \/>\n\t<meta property=\"og:image:width\" content=\"800\" \/>\n\t<meta property=\"og:image:height\" content=\"550\" \/>\n\t<meta property=\"og:image:type\" content=\"image\/jpeg\" \/>\n<meta name=\"author\" content=\"Adriana Rabelo\" \/>\n<meta name=\"twitter:card\" content=\"summary_large_image\" \/>\n<meta name=\"twitter:label1\" content=\"Escrito por\" \/>\n\t<meta name=\"twitter:data1\" content=\"Adriana Rabelo\" \/>\n\t<meta name=\"twitter:label2\" content=\"Est. tempo de leitura\" \/>\n\t<meta name=\"twitter:data2\" content=\"5 minutos\" \/>\n<script type=\"application\/ld+json\" class=\"yoast-schema-graph\">{\"@context\":\"https:\/\/schema.org\",\"@graph\":[{\"@type\":\"WebSite\",\"@id\":\"https:\/\/franciscanos.org.br\/vidacrista\/#website\",\"url\":\"https:\/\/franciscanos.org.br\/vidacrista\/\",\"name\":\"Vida Crist\u00e3 - Franciscanos\",\"description\":\"Prov\u00edncia Franciscana da Imaculada Concei\u00e7\u00e3o do Brasil - Ordem dos Frades Menores\",\"potentialAction\":[{\"@type\":\"SearchAction\",\"target\":{\"@type\":\"EntryPoint\",\"urlTemplate\":\"https:\/\/franciscanos.org.br\/vidacrista\/?s={search_term_string}\"},\"query-input\":\"required name=search_term_string\"}],\"inLanguage\":\"pt-BR\"},{\"@type\":\"WebPage\",\"@id\":\"https:\/\/franciscanos.org.br\/vidacrista\/ouca-o-grito-da-terra\/\",\"url\":\"https:\/\/franciscanos.org.br\/vidacrista\/ouca-o-grito-da-terra\/\",\"name\":\"Ou\u00e7a o grito da Terra - Vida Crist\u00e3 - Franciscanos\",\"isPartOf\":{\"@id\":\"https:\/\/franciscanos.org.br\/vidacrista\/#website\"},\"datePublished\":\"2024-09-09T19:50:19+00:00\",\"dateModified\":\"2024-09-09T19:51:02+00:00\",\"author\":{\"@id\":\"https:\/\/franciscanos.org.br\/vidacrista\/#\/schema\/person\/a0cbb2edfc0aecf8ac498802d1cb57b5\"},\"breadcrumb\":{\"@id\":\"https:\/\/franciscanos.org.br\/vidacrista\/ouca-o-grito-da-terra\/#breadcrumb\"},\"inLanguage\":\"pt-BR\",\"potentialAction\":[{\"@type\":\"ReadAction\",\"target\":[\"https:\/\/franciscanos.org.br\/vidacrista\/ouca-o-grito-da-terra\/\"]}]},{\"@type\":\"BreadcrumbList\",\"@id\":\"https:\/\/franciscanos.org.br\/vidacrista\/ouca-o-grito-da-terra\/#breadcrumb\",\"itemListElement\":[{\"@type\":\"ListItem\",\"position\":1,\"name\":\"Home\",\"item\":\"https:\/\/franciscanos.org.br\/vidacrista\/\"},{\"@type\":\"ListItem\",\"position\":2,\"name\":\"Ou\u00e7a o grito da Terra\"}]},{\"@type\":\"Person\",\"@id\":\"https:\/\/franciscanos.org.br\/vidacrista\/#\/schema\/person\/a0cbb2edfc0aecf8ac498802d1cb57b5\",\"name\":\"Adriana Rabelo\",\"image\":{\"@type\":\"ImageObject\",\"inLanguage\":\"pt-BR\",\"@id\":\"https:\/\/franciscanos.org.br\/vidacrista\/#\/schema\/person\/image\/\",\"url\":\"https:\/\/secure.gravatar.com\/avatar\/0a937b7500cd7df77540cfb8bede877d?s=96&d=mm&r=g\",\"contentUrl\":\"https:\/\/secure.gravatar.com\/avatar\/0a937b7500cd7df77540cfb8bede877d?s=96&d=mm&r=g\",\"caption\":\"Adriana Rabelo\"},\"url\":\"https:\/\/franciscanos.org.br\/vidacrista\/author\/adrianarabelo\/\"}]}<\/script>\n<!-- \/ Yoast SEO plugin. -->","yoast_head_json":{"title":"Ou\u00e7a o grito da Terra - Vida Crist\u00e3 - Franciscanos","robots":{"index":"index","follow":"follow","max-snippet":"max-snippet:-1","max-image-preview":"max-image-preview:large","max-video-preview":"max-video-preview:-1"},"canonical":"https:\/\/franciscanos.org.br\/vidacrista\/ouca-o-grito-da-terra\/","og_locale":"pt_BR","og_type":"article","og_title":"Ou\u00e7a o grito da Terra - Vida Crist\u00e3 - Franciscanos","og_description":"Dom Walmor Oliveira de Azevedo","og_url":"https:\/\/franciscanos.org.br\/vidacrista\/ouca-o-grito-da-terra\/","og_site_name":"Vida Crist\u00e3 - Franciscanos","article_published_time":"2024-09-09T19:50:19+00:00","article_modified_time":"2024-09-09T19:51:02+00:00","og_image":[{"width":800,"height":550,"url":"https:\/\/franciscanos.org.br\/vidacrista\/wp-content\/uploads\/2024\/09\/CHAMADA-1.jpg","type":"image\/jpeg"}],"author":"Adriana Rabelo","twitter_card":"summary_large_image","twitter_misc":{"Escrito por":"Adriana Rabelo","Est. tempo de leitura":"5 minutos"},"schema":{"@context":"https:\/\/schema.org","@graph":[{"@type":"WebSite","@id":"https:\/\/franciscanos.org.br\/vidacrista\/#website","url":"https:\/\/franciscanos.org.br\/vidacrista\/","name":"Vida Crist\u00e3 - Franciscanos","description":"Prov\u00edncia Franciscana da Imaculada Concei\u00e7\u00e3o do Brasil - Ordem dos Frades Menores","potentialAction":[{"@type":"SearchAction","target":{"@type":"EntryPoint","urlTemplate":"https:\/\/franciscanos.org.br\/vidacrista\/?s={search_term_string}"},"query-input":"required name=search_term_string"}],"inLanguage":"pt-BR"},{"@type":"WebPage","@id":"https:\/\/franciscanos.org.br\/vidacrista\/ouca-o-grito-da-terra\/","url":"https:\/\/franciscanos.org.br\/vidacrista\/ouca-o-grito-da-terra\/","name":"Ou\u00e7a o grito da Terra - Vida Crist\u00e3 - Franciscanos","isPartOf":{"@id":"https:\/\/franciscanos.org.br\/vidacrista\/#website"},"datePublished":"2024-09-09T19:50:19+00:00","dateModified":"2024-09-09T19:51:02+00:00","author":{"@id":"https:\/\/franciscanos.org.br\/vidacrista\/#\/schema\/person\/a0cbb2edfc0aecf8ac498802d1cb57b5"},"breadcrumb":{"@id":"https:\/\/franciscanos.org.br\/vidacrista\/ouca-o-grito-da-terra\/#breadcrumb"},"inLanguage":"pt-BR","potentialAction":[{"@type":"ReadAction","target":["https:\/\/franciscanos.org.br\/vidacrista\/ouca-o-grito-da-terra\/"]}]},{"@type":"BreadcrumbList","@id":"https:\/\/franciscanos.org.br\/vidacrista\/ouca-o-grito-da-terra\/#breadcrumb","itemListElement":[{"@type":"ListItem","position":1,"name":"Home","item":"https:\/\/franciscanos.org.br\/vidacrista\/"},{"@type":"ListItem","position":2,"name":"Ou\u00e7a o grito da Terra"}]},{"@type":"Person","@id":"https:\/\/franciscanos.org.br\/vidacrista\/#\/schema\/person\/a0cbb2edfc0aecf8ac498802d1cb57b5","name":"Adriana Rabelo","image":{"@type":"ImageObject","inLanguage":"pt-BR","@id":"https:\/\/franciscanos.org.br\/vidacrista\/#\/schema\/person\/image\/","url":"https:\/\/secure.gravatar.com\/avatar\/0a937b7500cd7df77540cfb8bede877d?s=96&d=mm&r=g","contentUrl":"https:\/\/secure.gravatar.com\/avatar\/0a937b7500cd7df77540cfb8bede877d?s=96&d=mm&r=g","caption":"Adriana Rabelo"},"url":"https:\/\/franciscanos.org.br\/vidacrista\/author\/adrianarabelo\/"}]}},"_links":{"self":[{"href":"https:\/\/franciscanos.org.br\/vidacrista\/wp-json\/wp\/v2\/posts\/195067"}],"collection":[{"href":"https:\/\/franciscanos.org.br\/vidacrista\/wp-json\/wp\/v2\/posts"}],"about":[{"href":"https:\/\/franciscanos.org.br\/vidacrista\/wp-json\/wp\/v2\/types\/post"}],"author":[{"embeddable":true,"href":"https:\/\/franciscanos.org.br\/vidacrista\/wp-json\/wp\/v2\/users\/10"}],"replies":[{"embeddable":true,"href":"https:\/\/franciscanos.org.br\/vidacrista\/wp-json\/wp\/v2\/comments?post=195067"}],"version-history":[{"count":2,"href":"https:\/\/franciscanos.org.br\/vidacrista\/wp-json\/wp\/v2\/posts\/195067\/revisions"}],"predecessor-version":[{"id":195071,"href":"https:\/\/franciscanos.org.br\/vidacrista\/wp-json\/wp\/v2\/posts\/195067\/revisions\/195071"}],"wp:featuredmedia":[{"embeddable":true,"href":"https:\/\/franciscanos.org.br\/vidacrista\/wp-json\/wp\/v2\/media\/195069"}],"wp:attachment":[{"href":"https:\/\/franciscanos.org.br\/vidacrista\/wp-json\/wp\/v2\/media?parent=195067"}],"wp:term":[{"taxonomy":"category","embeddable":true,"href":"https:\/\/franciscanos.org.br\/vidacrista\/wp-json\/wp\/v2\/categories?post=195067"},{"taxonomy":"post_tag","embeddable":true,"href":"https:\/\/franciscanos.org.br\/vidacrista\/wp-json\/wp\/v2\/tags?post=195067"}],"curies":[{"name":"wp","href":"https:\/\/api.w.org\/{rel}","templated":true}]}}