{"id":195031,"date":"2024-08-28T16:50:33","date_gmt":"2024-08-28T19:50:33","guid":{"rendered":"https:\/\/franciscanos.org.br\/vidacrista\/?p=195031"},"modified":"2024-08-28T16:50:33","modified_gmt":"2024-08-28T19:50:33","slug":"cuidar-ser-cuidadomas-quem-cuida-do-cuidador","status":"publish","type":"post","link":"https:\/\/franciscanos.org.br\/vidacrista\/cuidar-ser-cuidadomas-quem-cuida-do-cuidador\/","title":{"rendered":"Cuidar, ser cuidado,mas quem cuida do cuidador?"},"content":{"rendered":"<p><img decoding=\"async\" loading=\"lazy\" class=\"aligncenter wp-image-195032 size-full\" src=\"https:\/\/franciscanos.org.br\/vidacrista\/wp-content\/uploads\/2024\/08\/2151728377.jpg\" alt=\"\" width=\"1500\" height=\"1061\" srcset=\"https:\/\/franciscanos.org.br\/vidacrista\/wp-content\/uploads\/2024\/08\/2151728377.jpg 1500w, https:\/\/franciscanos.org.br\/vidacrista\/wp-content\/uploads\/2024\/08\/2151728377-450x318.jpg 450w, https:\/\/franciscanos.org.br\/vidacrista\/wp-content\/uploads\/2024\/08\/2151728377-1024x724.jpg 1024w, https:\/\/franciscanos.org.br\/vidacrista\/wp-content\/uploads\/2024\/08\/2151728377-768x543.jpg 768w, https:\/\/franciscanos.org.br\/vidacrista\/wp-content\/uploads\/2024\/08\/2151728377-150x106.jpg 150w\" sizes=\"(max-width: 1500px) 100vw, 1500px\" \/><\/p>\n<p>O ser humano \u00e9 biologicamente deficiente. \u00a0Surge inteiro, mas incompleto. \u00c0 diferen\u00e7a dos animais, que j\u00e1 nascem\u00a0 j\u00e1 com seus \u00f3rg\u00e3os especializados, o ser humano n\u00e3o possui nenhum deles. Para sobreviver\u00a0 precisa ser cuidado. Deixado no ber\u00e7o e sem ningu\u00e9m que olhe por ele, n\u00e3o tem condi\u00e7\u00f5es de buscar seu alimento e acaba, pouco tempo depois, morrendo. Para sobreviver, precisa buscar seu sustento na natureza.<\/p>\n<p>H\u00e1 uma tradi\u00e7\u00e3o filos\u00f3fica que nos vem do tempo de C\u00e9sar Augusto (a famosa f\u00e1bula 220 do escravo Higino) que define o cuidado como a ess\u00eancia \u00a0do ser humano. Isso culminou nas minuciosas reflex\u00f5es de Martin Heidegger em seu cl\u00e1ssico\u00a0<em>Ser e Tempo.\u00a0<\/em>Para ele o cuidado \u00e9 a condi\u00e7\u00e3o pr\u00e9via para que surja o ser humano. Ele \u00e9 fruto do cuidado e o carrega em si por todo tempo de sua vida. Todos os elementos devem se articular de forma t\u00e3o cuidadosa que permitam a irrup\u00e7\u00e3o do ser humano, homem e mulher. Uma vez na exist\u00eancia, tem que ser cuidado, caso contr\u00e1rio n\u00e3o sobrevive nem corporal nem espiritualmente.<\/p>\n<p>O cuidado representa uma rela\u00e7\u00e3o amorosa, amig\u00e1vel e\u00a0 zelosa\u00a0 para com a pessoa com a qual se est\u00e1 envolvido. Isso vale para com todos os assuntos com os quais se investe carinho e preocupa\u00e7\u00e3o.<\/p>\n<p>Isso vale igualmente para o processo cosmog\u00eanico como o atestaram os eminente cosm\u00f3logos Brian Swimme e Stephan Hawking: se as quadro energias fundamentais que regulam o universo (a gravitacional, a eletromagn\u00e9tica, a nuclear fraca e forte) n\u00e3o tivessem trabalhado com sutil\u00edssimo cuidado e em harmonia entre si, n\u00f3s n\u00e3o estar\u00edamos aqui escrevendo sobre tais coisas.<\/p>\n<p>N\u00e3o s\u00f3. O ser humano sente que precisa ser do cuidado por todo um tipo de dispositivos (<em>holding)<\/em>, para levar sua vida e seus afazeres avante e, ao mesmo tempo, percebe uma predisposi\u00e7\u00e3o para cuidar dos outros.<\/p>\n<p>Cuidar e ser cuidado s\u00e3o\u00a0<em>existenciais<\/em>\u00a0na linguagem heideggeriana (estruturas permanentes), indissoci\u00e1veis da vida humana enquanto humana Esta reciprocidade entre o cuidar e ser cuidado foi analisada detalhadamente pelo psic\u00f3logo ingl\u00eas D. Winnicott (<em>Tudo come\u00e7a em casa<\/em>, Matins Fontes, S\u00e3o Paulo 1999) ao\u00a0 cuidar dos \u00f3rf\u00e3os dos bombardeios nazistas sobre Londres que lhe permitiram desenvolver toda uma escola de psicologia fundado no cuidado (<em>care)<\/em>\u00a0e no\u00a0<em>concern<\/em>\u00a0(preocupa\u00e7\u00e3o pelo outro).<\/p>\n<p>Neste contexto do cuidado vale mencionar o aqu\u00e9tipo do cuidado,\u00a0com refer\u00eancia \u00e0 sa\u00fade que foi a enfermeira inglesa Florence Nightingale (1820-1910). Humanista e profundamente religiosa, decidiu melhorar os padr\u00f5es da enfermagem em seu pa\u00eds. Visitou lugares onde se praticava uma enfermagem alternativa,\u00a0 voltada mais para o paciente do que para os meios convencionais de cura.<\/p>\n<p>Encontrou uma oportunidade para testar seu m\u00e9todo. Desenrolava-se cruel a guerra da Crim\u00e9ia na Turquia, onde se aplicavam bombas de fragmenta\u00e7\u00e3o que produziam muitos feridos. Em 1854 com outras 28 companheiras, Florence se deslocou para\u00a0 campo de guerra. Aplicando no hospital militar, estritamente a pr\u00e1tica do cuidado, em 6 meses reduziu de 42% para 2% o n\u00famero de mortos. Esse sucesso granjeou-lhe notoriedade. De volta da guerra criou nos USA toda uma rede hospitalar que aplicava o cuidado com admir\u00e1vel sucesso.<\/p>\n<div class=\"wordads-ad-wrapper\">\n<div id=\"atatags-197054731-208366\" data-adtags-width=\"665\">\n<div id=\"atatags-197054731-208366__controls\" class=\"ata-controls\">Como estamos\u00a0 abordando uma tema que interesssa maiormente aos m\u00e9dicos\/as, enfermeiros\/as e t\u00e9cnicos de sa\u00fade, detenhamo-nos nesta quest\u00e3o. Efetivamente, o cuidado constitui a \u00e9tica natural dos operadores da sa\u00fade. Estes s\u00e3o, por excel\u00eancia, curadores. O que fazem \u00e9 algo messi\u00e2nico, se por messi\u00e2nico entendermos biblicamente, como aquela atitude que se compadece, se solidariza, acompanha todas as fases da enfermidade de um paciente at\u00e9 cur\u00e1-lo ou ajud\u00e1-lo a fazer a sua passagem.<\/div>\n<\/div>\n<\/div>\n<p>Como s\u00e3o seres humanos, com uma miss\u00e3o, n\u00e3o raro extenuante,\u00a0 esses operadores\/as s\u00e3o sujeitos \u00e0 vulnerabilidade da\u00a0<em>condition humaine<\/em>: momentos de desamparo, cansa\u00e7o e des\u00e2nimo. Aqui surge a quest\u00e3o: quem cuida do cuidador se perguntava o m\u00e9dico Dr. Eug\u00eanio Paes Campos num livro, com esse t\u00edtulo, em que narra as experi\u00eancias de uma unidade de cuidado (Vozes 2005). H\u00e1 momentos \u00a0em que os operadores e operadoras da sa\u00fade sentem que precisam ser cuidados. De cuidadores passam a ser cuidados.<\/p>\n<p>Logicamente, cada pessoa precisa enfrentar com sentido de resili\u00eancia (saber dar a volta por cima) suas situa\u00e7\u00f5es problem\u00e1ticas. Mas esse esfor\u00e7o n\u00e3o substitui o desejo de ser cuidado.<\/p>\n<p>\u00c9 o momento de se constituir \u00a0numa unidade hospitalar uma comunidade do cuidado, fundada na comum vontade de assumir a postura do cuidado para com aqueles operadores da sa\u00fade que se sentem sem for\u00e7as para continuar.Precisam de um ombro, de uma palavra, de conforto e de um gesto de apoio para sua supera\u00e7\u00e3o.<\/p>\n<p>Quando esta comunidade existe e reinam rela\u00e7\u00f5es horizontais de confian\u00e7a e de m\u00fatua coopera\u00e7\u00e3o, se suplantam os constrangimentos provocados pela necessidade de ser cuidado. Quem cuida precisa tamb\u00e9m ser cuidado. E deve-se aprender a faz\u00ea-lo, para que ningu\u00e9m se sinta humilhado ou diminuido, ao contr\u00e1rio, ajude a estreitar os la\u00e7os e criar o sentimento de uma comunidade n\u00e3o s\u00f3 de trabalho mas tamb\u00e9m de destino.<\/p>\n<p>Feliz \u00e9 o hospital que pode contar com uma comundade de cuidadores. N\u00e3o haver\u00e1 operadores de sa\u00fade \u201cprescrevedores\u201d de receitas e aplicadores de f\u00f3rmulas mas \u201ccuidadores\u201d de enfermos que buscam sa\u00fade. Ent\u00e3o ressurge o \u00e2nimo e a vontade de seguir\u00a0 cuidando de enfermos.<\/p>\n<hr \/>\n<p>Leonardo Boff \u00e9 te\u00f3logo,fil\u00f3sofo e escreveu\u00a0<em>O cuidado necess\u00e1rio,<\/em>\u00a0Vozes 2012.<\/p>\n","protected":false},"excerpt":{"rendered":"<p>Leonardo Boff<\/p>\n","protected":false},"author":9,"featured_media":195032,"comment_status":"open","ping_status":"open","sticky":false,"template":"","format":"standard","meta":{"footnotes":""},"categories":[26],"tags":[97,59],"yoast_head":"<!-- This site is optimized with the Yoast SEO plugin v19.4 - https:\/\/yoast.com\/wordpress\/plugins\/seo\/ -->\n<title>Cuidar, ser cuidado,mas quem cuida do cuidador? - Vida Crist\u00e3 - Franciscanos<\/title>\n<meta name=\"robots\" content=\"index, follow, max-snippet:-1, max-image-preview:large, max-video-preview:-1\" \/>\n<link rel=\"canonical\" href=\"https:\/\/franciscanos.org.br\/vidacrista\/cuidar-ser-cuidadomas-quem-cuida-do-cuidador\/\" \/>\n<meta property=\"og:locale\" content=\"pt_BR\" \/>\n<meta property=\"og:type\" content=\"article\" \/>\n<meta property=\"og:title\" content=\"Cuidar, ser cuidado,mas quem cuida do cuidador? - Vida Crist\u00e3 - Franciscanos\" \/>\n<meta property=\"og:description\" content=\"Leonardo Boff\" \/>\n<meta property=\"og:url\" content=\"https:\/\/franciscanos.org.br\/vidacrista\/cuidar-ser-cuidadomas-quem-cuida-do-cuidador\/\" \/>\n<meta property=\"og:site_name\" content=\"Vida Crist\u00e3 - Franciscanos\" \/>\n<meta property=\"article:published_time\" content=\"2024-08-28T19:50:33+00:00\" \/>\n<meta property=\"og:image\" content=\"https:\/\/franciscanos.org.br\/vidacrista\/wp-content\/uploads\/2024\/08\/2151728377.jpg\" \/>\n\t<meta property=\"og:image:width\" content=\"1500\" \/>\n\t<meta property=\"og:image:height\" content=\"1061\" \/>\n\t<meta property=\"og:image:type\" content=\"image\/jpeg\" \/>\n<meta name=\"author\" content=\"Jo\u00e3o Vitor\" \/>\n<meta name=\"twitter:card\" content=\"summary_large_image\" \/>\n<meta name=\"twitter:label1\" content=\"Escrito por\" \/>\n\t<meta name=\"twitter:data1\" content=\"Jo\u00e3o Vitor\" \/>\n\t<meta name=\"twitter:label2\" content=\"Est. tempo de leitura\" \/>\n\t<meta name=\"twitter:data2\" content=\"5 minutos\" \/>\n<script type=\"application\/ld+json\" class=\"yoast-schema-graph\">{\"@context\":\"https:\/\/schema.org\",\"@graph\":[{\"@type\":\"WebSite\",\"@id\":\"https:\/\/franciscanos.org.br\/vidacrista\/#website\",\"url\":\"https:\/\/franciscanos.org.br\/vidacrista\/\",\"name\":\"Vida Crist\u00e3 - Franciscanos\",\"description\":\"Prov\u00edncia Franciscana da Imaculada Concei\u00e7\u00e3o do Brasil - Ordem dos Frades Menores\",\"potentialAction\":[{\"@type\":\"SearchAction\",\"target\":{\"@type\":\"EntryPoint\",\"urlTemplate\":\"https:\/\/franciscanos.org.br\/vidacrista\/?s={search_term_string}\"},\"query-input\":\"required name=search_term_string\"}],\"inLanguage\":\"pt-BR\"},{\"@type\":\"WebPage\",\"@id\":\"https:\/\/franciscanos.org.br\/vidacrista\/cuidar-ser-cuidadomas-quem-cuida-do-cuidador\/\",\"url\":\"https:\/\/franciscanos.org.br\/vidacrista\/cuidar-ser-cuidadomas-quem-cuida-do-cuidador\/\",\"name\":\"Cuidar, ser cuidado,mas quem cuida do cuidador? - Vida Crist\u00e3 - Franciscanos\",\"isPartOf\":{\"@id\":\"https:\/\/franciscanos.org.br\/vidacrista\/#website\"},\"datePublished\":\"2024-08-28T19:50:33+00:00\",\"dateModified\":\"2024-08-28T19:50:33+00:00\",\"author\":{\"@id\":\"https:\/\/franciscanos.org.br\/vidacrista\/#\/schema\/person\/d9f9482315d3f26b8e1be15d5fc373f1\"},\"breadcrumb\":{\"@id\":\"https:\/\/franciscanos.org.br\/vidacrista\/cuidar-ser-cuidadomas-quem-cuida-do-cuidador\/#breadcrumb\"},\"inLanguage\":\"pt-BR\",\"potentialAction\":[{\"@type\":\"ReadAction\",\"target\":[\"https:\/\/franciscanos.org.br\/vidacrista\/cuidar-ser-cuidadomas-quem-cuida-do-cuidador\/\"]}]},{\"@type\":\"BreadcrumbList\",\"@id\":\"https:\/\/franciscanos.org.br\/vidacrista\/cuidar-ser-cuidadomas-quem-cuida-do-cuidador\/#breadcrumb\",\"itemListElement\":[{\"@type\":\"ListItem\",\"position\":1,\"name\":\"Home\",\"item\":\"https:\/\/franciscanos.org.br\/vidacrista\/\"},{\"@type\":\"ListItem\",\"position\":2,\"name\":\"Cuidar, ser cuidado,mas quem cuida do cuidador?\"}]},{\"@type\":\"Person\",\"@id\":\"https:\/\/franciscanos.org.br\/vidacrista\/#\/schema\/person\/d9f9482315d3f26b8e1be15d5fc373f1\",\"name\":\"Jo\u00e3o Vitor\",\"image\":{\"@type\":\"ImageObject\",\"inLanguage\":\"pt-BR\",\"@id\":\"https:\/\/franciscanos.org.br\/vidacrista\/#\/schema\/person\/image\/\",\"url\":\"https:\/\/secure.gravatar.com\/avatar\/10ba5c9713e0c323617b4309a19e3a46?s=96&d=mm&r=g\",\"contentUrl\":\"https:\/\/secure.gravatar.com\/avatar\/10ba5c9713e0c323617b4309a19e3a46?s=96&d=mm&r=g\",\"caption\":\"Jo\u00e3o Vitor\"},\"url\":\"https:\/\/franciscanos.org.br\/vidacrista\/author\/joaovitor\/\"}]}<\/script>\n<!-- \/ Yoast SEO plugin. -->","yoast_head_json":{"title":"Cuidar, ser cuidado,mas quem cuida do cuidador? - Vida Crist\u00e3 - Franciscanos","robots":{"index":"index","follow":"follow","max-snippet":"max-snippet:-1","max-image-preview":"max-image-preview:large","max-video-preview":"max-video-preview:-1"},"canonical":"https:\/\/franciscanos.org.br\/vidacrista\/cuidar-ser-cuidadomas-quem-cuida-do-cuidador\/","og_locale":"pt_BR","og_type":"article","og_title":"Cuidar, ser cuidado,mas quem cuida do cuidador? - Vida Crist\u00e3 - Franciscanos","og_description":"Leonardo Boff","og_url":"https:\/\/franciscanos.org.br\/vidacrista\/cuidar-ser-cuidadomas-quem-cuida-do-cuidador\/","og_site_name":"Vida Crist\u00e3 - Franciscanos","article_published_time":"2024-08-28T19:50:33+00:00","og_image":[{"width":1500,"height":1061,"url":"https:\/\/franciscanos.org.br\/vidacrista\/wp-content\/uploads\/2024\/08\/2151728377.jpg","type":"image\/jpeg"}],"author":"Jo\u00e3o Vitor","twitter_card":"summary_large_image","twitter_misc":{"Escrito por":"Jo\u00e3o Vitor","Est. tempo de leitura":"5 minutos"},"schema":{"@context":"https:\/\/schema.org","@graph":[{"@type":"WebSite","@id":"https:\/\/franciscanos.org.br\/vidacrista\/#website","url":"https:\/\/franciscanos.org.br\/vidacrista\/","name":"Vida Crist\u00e3 - Franciscanos","description":"Prov\u00edncia Franciscana da Imaculada Concei\u00e7\u00e3o do Brasil - Ordem dos Frades Menores","potentialAction":[{"@type":"SearchAction","target":{"@type":"EntryPoint","urlTemplate":"https:\/\/franciscanos.org.br\/vidacrista\/?s={search_term_string}"},"query-input":"required name=search_term_string"}],"inLanguage":"pt-BR"},{"@type":"WebPage","@id":"https:\/\/franciscanos.org.br\/vidacrista\/cuidar-ser-cuidadomas-quem-cuida-do-cuidador\/","url":"https:\/\/franciscanos.org.br\/vidacrista\/cuidar-ser-cuidadomas-quem-cuida-do-cuidador\/","name":"Cuidar, ser cuidado,mas quem cuida do cuidador? - Vida Crist\u00e3 - Franciscanos","isPartOf":{"@id":"https:\/\/franciscanos.org.br\/vidacrista\/#website"},"datePublished":"2024-08-28T19:50:33+00:00","dateModified":"2024-08-28T19:50:33+00:00","author":{"@id":"https:\/\/franciscanos.org.br\/vidacrista\/#\/schema\/person\/d9f9482315d3f26b8e1be15d5fc373f1"},"breadcrumb":{"@id":"https:\/\/franciscanos.org.br\/vidacrista\/cuidar-ser-cuidadomas-quem-cuida-do-cuidador\/#breadcrumb"},"inLanguage":"pt-BR","potentialAction":[{"@type":"ReadAction","target":["https:\/\/franciscanos.org.br\/vidacrista\/cuidar-ser-cuidadomas-quem-cuida-do-cuidador\/"]}]},{"@type":"BreadcrumbList","@id":"https:\/\/franciscanos.org.br\/vidacrista\/cuidar-ser-cuidadomas-quem-cuida-do-cuidador\/#breadcrumb","itemListElement":[{"@type":"ListItem","position":1,"name":"Home","item":"https:\/\/franciscanos.org.br\/vidacrista\/"},{"@type":"ListItem","position":2,"name":"Cuidar, ser cuidado,mas quem cuida do cuidador?"}]},{"@type":"Person","@id":"https:\/\/franciscanos.org.br\/vidacrista\/#\/schema\/person\/d9f9482315d3f26b8e1be15d5fc373f1","name":"Jo\u00e3o Vitor","image":{"@type":"ImageObject","inLanguage":"pt-BR","@id":"https:\/\/franciscanos.org.br\/vidacrista\/#\/schema\/person\/image\/","url":"https:\/\/secure.gravatar.com\/avatar\/10ba5c9713e0c323617b4309a19e3a46?s=96&d=mm&r=g","contentUrl":"https:\/\/secure.gravatar.com\/avatar\/10ba5c9713e0c323617b4309a19e3a46?s=96&d=mm&r=g","caption":"Jo\u00e3o Vitor"},"url":"https:\/\/franciscanos.org.br\/vidacrista\/author\/joaovitor\/"}]}},"_links":{"self":[{"href":"https:\/\/franciscanos.org.br\/vidacrista\/wp-json\/wp\/v2\/posts\/195031"}],"collection":[{"href":"https:\/\/franciscanos.org.br\/vidacrista\/wp-json\/wp\/v2\/posts"}],"about":[{"href":"https:\/\/franciscanos.org.br\/vidacrista\/wp-json\/wp\/v2\/types\/post"}],"author":[{"embeddable":true,"href":"https:\/\/franciscanos.org.br\/vidacrista\/wp-json\/wp\/v2\/users\/9"}],"replies":[{"embeddable":true,"href":"https:\/\/franciscanos.org.br\/vidacrista\/wp-json\/wp\/v2\/comments?post=195031"}],"version-history":[{"count":1,"href":"https:\/\/franciscanos.org.br\/vidacrista\/wp-json\/wp\/v2\/posts\/195031\/revisions"}],"predecessor-version":[{"id":195033,"href":"https:\/\/franciscanos.org.br\/vidacrista\/wp-json\/wp\/v2\/posts\/195031\/revisions\/195033"}],"wp:featuredmedia":[{"embeddable":true,"href":"https:\/\/franciscanos.org.br\/vidacrista\/wp-json\/wp\/v2\/media\/195032"}],"wp:attachment":[{"href":"https:\/\/franciscanos.org.br\/vidacrista\/wp-json\/wp\/v2\/media?parent=195031"}],"wp:term":[{"taxonomy":"category","embeddable":true,"href":"https:\/\/franciscanos.org.br\/vidacrista\/wp-json\/wp\/v2\/categories?post=195031"},{"taxonomy":"post_tag","embeddable":true,"href":"https:\/\/franciscanos.org.br\/vidacrista\/wp-json\/wp\/v2\/tags?post=195031"}],"curies":[{"name":"wp","href":"https:\/\/api.w.org\/{rel}","templated":true}]}}