{"id":195019,"date":"2024-08-22T15:32:06","date_gmt":"2024-08-22T18:32:06","guid":{"rendered":"https:\/\/franciscanos.org.br\/vidacrista\/?p=195019"},"modified":"2024-08-28T16:42:51","modified_gmt":"2024-08-28T19:42:51","slug":"ezequiel-valeu-a-pena-a-sua-profecia","status":"publish","type":"post","link":"https:\/\/franciscanos.org.br\/vidacrista\/ezequiel-valeu-a-pena-a-sua-profecia\/","title":{"rendered":"Ezequiel: Valeu a pena a sua profecia?"},"content":{"rendered":"<p><img decoding=\"async\" loading=\"lazy\" class=\"aligncenter wp-image-195022 size-full\" src=\"https:\/\/franciscanos.org.br\/vidacrista\/wp-content\/uploads\/2024\/08\/Ezequiel-Congo.jpg\" alt=\"\" width=\"1600\" height=\"1200\" srcset=\"https:\/\/franciscanos.org.br\/vidacrista\/wp-content\/uploads\/2024\/08\/Ezequiel-Congo.jpg 1440w, https:\/\/franciscanos.org.br\/vidacrista\/wp-content\/uploads\/2024\/08\/Ezequiel-Congo-450x338.jpg 450w, https:\/\/franciscanos.org.br\/vidacrista\/wp-content\/uploads\/2024\/08\/Ezequiel-Congo-1024x768.jpg 1024w, https:\/\/franciscanos.org.br\/vidacrista\/wp-content\/uploads\/2024\/08\/Ezequiel-Congo-768x576.jpg 768w, https:\/\/franciscanos.org.br\/vidacrista\/wp-content\/uploads\/2024\/08\/Ezequiel-Congo-1536x1152.jpg 1536w, https:\/\/franciscanos.org.br\/vidacrista\/wp-content\/uploads\/2024\/08\/Ezequiel-Congo-150x113.jpg 150w\" sizes=\"(max-width: 1600px) 100vw, 1600px\" \/><\/p>\n<p><span style=\"font-weight: 400;\">O texto sobre o qual vamos refletir \u00e9 Ez 36,23-28. Trata-se da profecia de Ezequiel, homem de fam\u00edlia sacerdotal, que conheceu a dor do Ex\u00edlio na Babil\u00f4nia, onde foi chamado por Deus para agir como profeta em 593 a.E.C., atuando at\u00e9 572 a.E.C, quando foi assassinado.<\/span><\/p>\n<p><span style=\"font-weight: 400;\">Visto que o m\u00eas da B\u00edblia deste ano, setembro, seja dedicado \u00e0 reflex\u00e3o do livro de Ezequiel, gostaria de dar a conhecer a profecia e o profetismo de Ezequiel e perguntar se valeu a pena, isto \u00e9, o sofrimento, o sacrif\u00edcio de Ezequiel ao profetizar, no sofrimento em terras babil\u00f4nicas? A profecia morreu? Vale a pena profetizar, hoje?\u00a0<\/span><\/p>\n<p><span style=\"font-weight: 400;\">O texto proposto para a leitura de hoje \u00e9 a palavra de esperan\u00e7a dita por Ezequiel diante de tantas injusti\u00e7as cometidas pelos judeus exilados, de modo especial suas lideran\u00e7as, as quais foram levadas para a Babil\u00f4nia, juntamente com ele, a mando do rei Nabucodonosor, o Grande (605 a 562 a.E.C.). Ezequiel acredita que a interven\u00e7\u00e3o do Senhor criar\u00e1 um c\u00e9u e uma nova terra, dar\u00e1 ao ser humano um cora\u00e7\u00e3o novo, pois Ele por\u00e1 o seu Esp\u00edrito no \u00edntimo de cada um, e uma \u201cNova Alian\u00e7a\u201d ser\u00e1 feita com o povo (36, 26-28).\u00a0<\/span><\/p>\n<p><b>A profecia de Ezequiel<\/b><\/p>\n<p><span style=\"font-weight: 400;\">Ezequiel fez v\u00e1rias den\u00fancias, a saber: tribunais com ju\u00edzes que agem por suborno (Ez 22,12), promulgando senten\u00e7as criminosas (7,23); a cidade de Tiro, que abandona Jerusal\u00e9m na defesa contra os babil\u00f4nios (26); o imp\u00e9rio eg\u00edpcio (29); a idolatria (18,5); o roubo (18,7.12.16.18; 22,29); assassinatos (7,23); luxo e riqueza como fruto da opress\u00e3o do pr\u00f3ximo (22,12); \u00e2nsia por enriquecimento (33,31); chefes (22,27), reis (34) e autoridades (22,6); sacerdotes (22,26); falsos profetas (22,28); Falsas Profetisas (13,17-23).\u00a0\u00a0<\/span><\/p>\n<p><span style=\"font-weight: 400;\">Ezequiel cr\u00ea que Deus vai agir depondo as autoridades e ocupando Seu lugar. Um novo Davi assumir\u00e1 a Sua representa\u00e7\u00e3o na terra (34; 45,8). O Senhor julgar\u00e1 o seu povo (39,21-29). O \u201cDia do Senhor\u201d ser\u00e1 de ira (22,24). Por fim, Ezequiel prop\u00f5e como solu\u00e7\u00e3o para tantos problemas a purifica\u00e7\u00e3o do povo e o consequente recebimento de um novo cora\u00e7\u00e3o e um novo esp\u00edrito (11,19).<\/span><\/p>\n<p><span style=\"font-weight: 400;\">Ez 36,23-28 diz que Deus vai mostrar a sua santidade, de modo que todos os povos possam saber quem Ele \u00e9. Deus vai tirar o seu povo do ex\u00edlio babil\u00f4nico, vai conduzi-lo de volta \u00e0 terra da promessa, purific\u00e1-lo de todas as impurezas e idolatria. Seu cora\u00e7\u00e3o de pedra ser\u00e1 arrancado. Um cora\u00e7\u00e3o novo, de carne, lhe ser\u00e1 dado. De volta para a terra dos pais, os exilados novamente voltar\u00e3o a ser o seu povo, e Ele, seu Deus.<\/span><\/p>\n<p><b>Vale a pena profetizar?<\/b><\/p>\n<p><span style=\"font-weight: 400;\">Ezequiel, assim como os profetas, cada um no seu contexto, num espa\u00e7o de 800 anos, de Gad\/Natan (1010 a 970 a.E.C.) a Daniel (ano 200 a.E.C.), denuncia, apresenta solu\u00e7\u00e3o e espera. Cada profeta, atento aos problemas da sua sociedade, o que lhes era peculiar, soube, com base nas propostas da alian\u00e7a feita com o Senhor, apresentar uma solu\u00e7\u00e3o. Cada profeta vive um momento hist\u00f3rico diferenciado. Por isso, eles divergem na leitura da realidade e das solu\u00e7\u00f5es apresentadas. A hist\u00f3ria incorpora essa realidade. Todo projeto por eles apresentado analisa a realidade, critica-a e projeta uma esperan\u00e7a. Ao negar a esperan\u00e7a, paradoxalmente o profeta cria esperan\u00e7a. Esta nasce de uma realidade de morte e de injusti\u00e7a. O povo toma consci\u00eancia da situa\u00e7\u00e3o e cria algo de novo. A esperan\u00e7a \u00e9, pois, realista e condicionada ao Deus que liberta. Voltemos \u00e0 pergunta inicial: Ezequiel, valeu a pena a sua profecia?<\/span><\/p>\n<p><span style=\"font-weight: 400;\">A profecia \u00e9 a Teologia da Hist\u00f3ria. \u00c9 o desejo de sempre construir a liberta\u00e7\u00e3o de um povo, de sistemas e de pessoas. Profecia \u00e9 a Palavra de Deus no meio do povo. Dif\u00edcil, no entanto, \u00e9 distinguir a palavra humana da palavra divina. Muitas vezes, elas se misturam na hist\u00f3ria.\u00a0<\/span><\/p>\n<p><span style=\"font-weight: 400;\">O profetismo b\u00edblico inspirou o profetismo na Igreja. Observando a hist\u00f3ria da Igreja, percebemos v\u00e1rias nuan\u00e7as do profetismo na vida dos monges do deserto, nas in\u00fameras congrega\u00e7\u00f5es religiosas, nas divis\u00f5es eclesiais (protestantismo, pentecostalismo etc.), na vida do clero e dos leigos.\u00a0<\/span><\/p>\n<p><span style=\"font-weight: 400;\">As igrejas necessitam de profetas para manter-se no caminho de Deus. Os profetas e profetisas, normalmente n\u00e3o assumem cargos de dire\u00e7\u00e3o, mas cumprem a dif\u00edcil tarefa de manter a dire\u00e7\u00e3o eclesial no caminho. Assim, esses dois grupos s\u00e3o important\u00edssimos para a vida eclesial. No entanto, \u00e9 lament\u00e1vel quando o poder hegem\u00f4nico silencia os profetas.\u00a0<\/span><\/p>\n<p><span style=\"font-weight: 400;\">A sociedade civil necessita de profetas para sobreviver. Inspirados na f\u00e9 recebida na comunidade, muitas lideran\u00e7as civis pol\u00edticas se deixam guiar pelos princ\u00edpios da \u00e9tica, o que os leva a denunciar as situa\u00e7\u00f5es de injusti\u00e7a. A maioria, n\u00e3o! Por isso, para que tanta den\u00fancia desde os tempos b\u00edblicos, se nada mudou? As sociedades continuam injustas nas suas estruturas.\u00a0<\/span><\/p>\n<p><span style=\"font-weight: 400;\">Valeu a pena profetizar? A profecia valeu a pena porque a palavra prof\u00e9tica deu fruto ao longo da hist\u00f3ria. Ela continua sempre atual. A esperan\u00e7a prof\u00e9tica n\u00e3o pode morrer. A esperan\u00e7a \u00e9 o combust\u00edvel de todo e qualquer ser humano. Quem perde a esperan\u00e7a deixa de viver. Mesmo que estruturas n\u00e3o mudem, n\u00e3o podemos deixar de esperar num outro mundo poss\u00edvel. Homens e mulheres novas renascem a cada dia. E mesmo que eles envelhe\u00e7am e voltem para o nada, h\u00e1 de se esperar sempre.\u00a0\u00a0<\/span><\/p>\n<p><span style=\"font-weight: 400;\">O profeta \u00e9 o ser humano da crise, do sofrimento. Os profetas n\u00e3o s\u00e3o compreendidos nas suas a\u00e7\u00f5es e palavras prof\u00e9ticas, pois est\u00e3o sempre al\u00e9m do tempo e das pessoas. Conseguem ver o que os outros n\u00e3o veem, por estarem sempre mergulhados em uma eterna crise, neles e nos outros.<\/span><\/p>\n<p><span style=\"font-weight: 400;\">A palavra e for\u00e7a unem-se na a\u00e7\u00e3o prof\u00e9tica. Uma palavra bem-dita derruba barreiras, alimenta sonhos, impulsiona a esperan\u00e7a. Ela n\u00e3o d\u00e1 a casa pronta, o p\u00e3o, mas ensina como busc\u00e1-lo. Em contrapartida, uma palavra maldita p\u00f5e tudo a perder. Ela destr\u00f3i esperan\u00e7as. A palavra prof\u00e9tica \u00e9 sempre bem-dita. Por isso, ela \u00e9 eterna, no sonho e na conquista. Temos que esperar sempre! Temos que ser profetas sempre, mesmo que o tempo n\u00e3o seja para tanto.\u00a0<\/span><\/p>\n<hr \/>\n<p><em>Frei Jacir de Freitas Faria<\/em><\/p>\n<p><b>Refer\u00eancias<\/b><\/p>\n<p><span style=\"font-weight: 400;\">SICRE, Jos\u00e9 Lu\u00eds. <\/span><b>Profetismo em Israel.<\/b><span style=\"font-weight: 400;\"> Petr\u00f3polis: Vozes, 1996.<\/span><\/p>\n<p><span style=\"font-weight: 400;\">FARIA, Jacir de Freitas. <\/span><b>Profetas e profetisas na B\u00edblia:<\/b><span style=\"font-weight: 400;\"> hist\u00f3ria e teologia prof\u00e9tica na den\u00fancia, solu\u00e7\u00e3o, esperan\u00e7a, perd\u00e3o e nova alian\u00e7a. 4a. Reimpress\u00e3o. S\u00e3o Paulo: Paulinas, 2024.\u00a0\u00a0<\/span><\/p>\n","protected":false},"excerpt":{"rendered":"<p>Frei Jacir de Freitas Faria e Frei Jos\u00e9 Lu\u00eds.<\/p>\n","protected":false},"author":9,"featured_media":195021,"comment_status":"open","ping_status":"open","sticky":false,"template":"","format":"standard","meta":{"footnotes":""},"categories":[26],"tags":[395,43],"yoast_head":"<!-- This site is optimized with the Yoast SEO plugin v19.4 - https:\/\/yoast.com\/wordpress\/plugins\/seo\/ -->\n<title>Ezequiel: Valeu a pena a sua profecia? - Vida Crist\u00e3 - Franciscanos<\/title>\n<meta name=\"robots\" content=\"index, follow, max-snippet:-1, max-image-preview:large, max-video-preview:-1\" \/>\n<link rel=\"canonical\" href=\"https:\/\/franciscanos.org.br\/vidacrista\/ezequiel-valeu-a-pena-a-sua-profecia\/\" \/>\n<meta property=\"og:locale\" content=\"pt_BR\" \/>\n<meta property=\"og:type\" content=\"article\" \/>\n<meta property=\"og:title\" content=\"Ezequiel: Valeu a pena a sua profecia? - Vida Crist\u00e3 - Franciscanos\" \/>\n<meta property=\"og:description\" content=\"Frei Jacir de Freitas Faria e Frei Jos\u00e9 Lu\u00eds.\" \/>\n<meta property=\"og:url\" content=\"https:\/\/franciscanos.org.br\/vidacrista\/ezequiel-valeu-a-pena-a-sua-profecia\/\" \/>\n<meta property=\"og:site_name\" content=\"Vida Crist\u00e3 - Franciscanos\" \/>\n<meta property=\"article:published_time\" content=\"2024-08-22T18:32:06+00:00\" \/>\n<meta property=\"article:modified_time\" content=\"2024-08-28T19:42:51+00:00\" \/>\n<meta property=\"og:image\" content=\"https:\/\/franciscanos.org.br\/vidacrista\/wp-content\/uploads\/2024\/08\/cq5dam.thumbnail.cropped.361.203.jpeg\" \/>\n\t<meta property=\"og:image:width\" content=\"361\" \/>\n\t<meta property=\"og:image:height\" content=\"203\" \/>\n\t<meta property=\"og:image:type\" content=\"image\/jpeg\" \/>\n<meta name=\"author\" content=\"Jo\u00e3o Vitor\" \/>\n<meta name=\"twitter:card\" content=\"summary_large_image\" \/>\n<meta name=\"twitter:label1\" content=\"Escrito por\" \/>\n\t<meta name=\"twitter:data1\" content=\"Jo\u00e3o Vitor\" \/>\n\t<meta name=\"twitter:label2\" content=\"Est. tempo de leitura\" \/>\n\t<meta name=\"twitter:data2\" content=\"6 minutos\" \/>\n<script type=\"application\/ld+json\" class=\"yoast-schema-graph\">{\"@context\":\"https:\/\/schema.org\",\"@graph\":[{\"@type\":\"WebSite\",\"@id\":\"https:\/\/franciscanos.org.br\/vidacrista\/#website\",\"url\":\"https:\/\/franciscanos.org.br\/vidacrista\/\",\"name\":\"Vida Crist\u00e3 - Franciscanos\",\"description\":\"Prov\u00edncia Franciscana da Imaculada Concei\u00e7\u00e3o do Brasil - Ordem dos Frades Menores\",\"potentialAction\":[{\"@type\":\"SearchAction\",\"target\":{\"@type\":\"EntryPoint\",\"urlTemplate\":\"https:\/\/franciscanos.org.br\/vidacrista\/?s={search_term_string}\"},\"query-input\":\"required name=search_term_string\"}],\"inLanguage\":\"pt-BR\"},{\"@type\":\"WebPage\",\"@id\":\"https:\/\/franciscanos.org.br\/vidacrista\/ezequiel-valeu-a-pena-a-sua-profecia\/\",\"url\":\"https:\/\/franciscanos.org.br\/vidacrista\/ezequiel-valeu-a-pena-a-sua-profecia\/\",\"name\":\"Ezequiel: Valeu a pena a sua profecia? - Vida Crist\u00e3 - Franciscanos\",\"isPartOf\":{\"@id\":\"https:\/\/franciscanos.org.br\/vidacrista\/#website\"},\"datePublished\":\"2024-08-22T18:32:06+00:00\",\"dateModified\":\"2024-08-28T19:42:51+00:00\",\"author\":{\"@id\":\"https:\/\/franciscanos.org.br\/vidacrista\/#\/schema\/person\/d9f9482315d3f26b8e1be15d5fc373f1\"},\"breadcrumb\":{\"@id\":\"https:\/\/franciscanos.org.br\/vidacrista\/ezequiel-valeu-a-pena-a-sua-profecia\/#breadcrumb\"},\"inLanguage\":\"pt-BR\",\"potentialAction\":[{\"@type\":\"ReadAction\",\"target\":[\"https:\/\/franciscanos.org.br\/vidacrista\/ezequiel-valeu-a-pena-a-sua-profecia\/\"]}]},{\"@type\":\"BreadcrumbList\",\"@id\":\"https:\/\/franciscanos.org.br\/vidacrista\/ezequiel-valeu-a-pena-a-sua-profecia\/#breadcrumb\",\"itemListElement\":[{\"@type\":\"ListItem\",\"position\":1,\"name\":\"Home\",\"item\":\"https:\/\/franciscanos.org.br\/vidacrista\/\"},{\"@type\":\"ListItem\",\"position\":2,\"name\":\"Ezequiel: Valeu a pena a sua profecia?\"}]},{\"@type\":\"Person\",\"@id\":\"https:\/\/franciscanos.org.br\/vidacrista\/#\/schema\/person\/d9f9482315d3f26b8e1be15d5fc373f1\",\"name\":\"Jo\u00e3o Vitor\",\"image\":{\"@type\":\"ImageObject\",\"inLanguage\":\"pt-BR\",\"@id\":\"https:\/\/franciscanos.org.br\/vidacrista\/#\/schema\/person\/image\/\",\"url\":\"https:\/\/secure.gravatar.com\/avatar\/10ba5c9713e0c323617b4309a19e3a46?s=96&d=mm&r=g\",\"contentUrl\":\"https:\/\/secure.gravatar.com\/avatar\/10ba5c9713e0c323617b4309a19e3a46?s=96&d=mm&r=g\",\"caption\":\"Jo\u00e3o Vitor\"},\"url\":\"https:\/\/franciscanos.org.br\/vidacrista\/author\/joaovitor\/\"}]}<\/script>\n<!-- \/ Yoast SEO plugin. -->","yoast_head_json":{"title":"Ezequiel: Valeu a pena a sua profecia? - Vida Crist\u00e3 - Franciscanos","robots":{"index":"index","follow":"follow","max-snippet":"max-snippet:-1","max-image-preview":"max-image-preview:large","max-video-preview":"max-video-preview:-1"},"canonical":"https:\/\/franciscanos.org.br\/vidacrista\/ezequiel-valeu-a-pena-a-sua-profecia\/","og_locale":"pt_BR","og_type":"article","og_title":"Ezequiel: Valeu a pena a sua profecia? - Vida Crist\u00e3 - Franciscanos","og_description":"Frei Jacir de Freitas Faria e Frei Jos\u00e9 Lu\u00eds.","og_url":"https:\/\/franciscanos.org.br\/vidacrista\/ezequiel-valeu-a-pena-a-sua-profecia\/","og_site_name":"Vida Crist\u00e3 - Franciscanos","article_published_time":"2024-08-22T18:32:06+00:00","article_modified_time":"2024-08-28T19:42:51+00:00","og_image":[{"width":361,"height":203,"url":"https:\/\/franciscanos.org.br\/vidacrista\/wp-content\/uploads\/2024\/08\/cq5dam.thumbnail.cropped.361.203.jpeg","type":"image\/jpeg"}],"author":"Jo\u00e3o Vitor","twitter_card":"summary_large_image","twitter_misc":{"Escrito por":"Jo\u00e3o Vitor","Est. tempo de leitura":"6 minutos"},"schema":{"@context":"https:\/\/schema.org","@graph":[{"@type":"WebSite","@id":"https:\/\/franciscanos.org.br\/vidacrista\/#website","url":"https:\/\/franciscanos.org.br\/vidacrista\/","name":"Vida Crist\u00e3 - Franciscanos","description":"Prov\u00edncia Franciscana da Imaculada Concei\u00e7\u00e3o do Brasil - Ordem dos Frades Menores","potentialAction":[{"@type":"SearchAction","target":{"@type":"EntryPoint","urlTemplate":"https:\/\/franciscanos.org.br\/vidacrista\/?s={search_term_string}"},"query-input":"required name=search_term_string"}],"inLanguage":"pt-BR"},{"@type":"WebPage","@id":"https:\/\/franciscanos.org.br\/vidacrista\/ezequiel-valeu-a-pena-a-sua-profecia\/","url":"https:\/\/franciscanos.org.br\/vidacrista\/ezequiel-valeu-a-pena-a-sua-profecia\/","name":"Ezequiel: Valeu a pena a sua profecia? - Vida Crist\u00e3 - Franciscanos","isPartOf":{"@id":"https:\/\/franciscanos.org.br\/vidacrista\/#website"},"datePublished":"2024-08-22T18:32:06+00:00","dateModified":"2024-08-28T19:42:51+00:00","author":{"@id":"https:\/\/franciscanos.org.br\/vidacrista\/#\/schema\/person\/d9f9482315d3f26b8e1be15d5fc373f1"},"breadcrumb":{"@id":"https:\/\/franciscanos.org.br\/vidacrista\/ezequiel-valeu-a-pena-a-sua-profecia\/#breadcrumb"},"inLanguage":"pt-BR","potentialAction":[{"@type":"ReadAction","target":["https:\/\/franciscanos.org.br\/vidacrista\/ezequiel-valeu-a-pena-a-sua-profecia\/"]}]},{"@type":"BreadcrumbList","@id":"https:\/\/franciscanos.org.br\/vidacrista\/ezequiel-valeu-a-pena-a-sua-profecia\/#breadcrumb","itemListElement":[{"@type":"ListItem","position":1,"name":"Home","item":"https:\/\/franciscanos.org.br\/vidacrista\/"},{"@type":"ListItem","position":2,"name":"Ezequiel: Valeu a pena a sua profecia?"}]},{"@type":"Person","@id":"https:\/\/franciscanos.org.br\/vidacrista\/#\/schema\/person\/d9f9482315d3f26b8e1be15d5fc373f1","name":"Jo\u00e3o Vitor","image":{"@type":"ImageObject","inLanguage":"pt-BR","@id":"https:\/\/franciscanos.org.br\/vidacrista\/#\/schema\/person\/image\/","url":"https:\/\/secure.gravatar.com\/avatar\/10ba5c9713e0c323617b4309a19e3a46?s=96&d=mm&r=g","contentUrl":"https:\/\/secure.gravatar.com\/avatar\/10ba5c9713e0c323617b4309a19e3a46?s=96&d=mm&r=g","caption":"Jo\u00e3o Vitor"},"url":"https:\/\/franciscanos.org.br\/vidacrista\/author\/joaovitor\/"}]}},"_links":{"self":[{"href":"https:\/\/franciscanos.org.br\/vidacrista\/wp-json\/wp\/v2\/posts\/195019"}],"collection":[{"href":"https:\/\/franciscanos.org.br\/vidacrista\/wp-json\/wp\/v2\/posts"}],"about":[{"href":"https:\/\/franciscanos.org.br\/vidacrista\/wp-json\/wp\/v2\/types\/post"}],"author":[{"embeddable":true,"href":"https:\/\/franciscanos.org.br\/vidacrista\/wp-json\/wp\/v2\/users\/9"}],"replies":[{"embeddable":true,"href":"https:\/\/franciscanos.org.br\/vidacrista\/wp-json\/wp\/v2\/comments?post=195019"}],"version-history":[{"count":3,"href":"https:\/\/franciscanos.org.br\/vidacrista\/wp-json\/wp\/v2\/posts\/195019\/revisions"}],"predecessor-version":[{"id":195030,"href":"https:\/\/franciscanos.org.br\/vidacrista\/wp-json\/wp\/v2\/posts\/195019\/revisions\/195030"}],"wp:featuredmedia":[{"embeddable":true,"href":"https:\/\/franciscanos.org.br\/vidacrista\/wp-json\/wp\/v2\/media\/195021"}],"wp:attachment":[{"href":"https:\/\/franciscanos.org.br\/vidacrista\/wp-json\/wp\/v2\/media?parent=195019"}],"wp:term":[{"taxonomy":"category","embeddable":true,"href":"https:\/\/franciscanos.org.br\/vidacrista\/wp-json\/wp\/v2\/categories?post=195019"},{"taxonomy":"post_tag","embeddable":true,"href":"https:\/\/franciscanos.org.br\/vidacrista\/wp-json\/wp\/v2\/tags?post=195019"}],"curies":[{"name":"wp","href":"https:\/\/api.w.org\/{rel}","templated":true}]}}