{"id":194974,"date":"2024-08-08T10:20:58","date_gmt":"2024-08-08T13:20:58","guid":{"rendered":"https:\/\/franciscanos.org.br\/vidacrista\/?p=194974"},"modified":"2024-08-09T08:43:43","modified_gmt":"2024-08-09T11:43:43","slug":"jeremias-o-perdao-e-nova-alianca-esperanca-ou-sonho","status":"publish","type":"post","link":"https:\/\/franciscanos.org.br\/vidacrista\/jeremias-o-perdao-e-nova-alianca-esperanca-ou-sonho\/","title":{"rendered":"Jeremias, o Perd\u00e3o e Nova Alian\u00e7a: Esperan\u00e7a ou sonho?"},"content":{"rendered":"<p><iframe loading=\"lazy\" title=\"YouTube video player\" src=\"https:\/\/www.youtube.com\/embed\/46u6vKEo02g?si=PKdvMXaaCf7CJr6U\" width=\"100%\" height=\"480\" frameborder=\"0\" allowfullscreen=\"allowfullscreen\"><span data-mce-type=\"bookmark\" style=\"display: inline-block; width: 0px; overflow: hidden; line-height: 0;\" class=\"mce_SELRES_start\">\ufeff<\/span><\/iframe><\/p>\n<p>&nbsp;<\/p>\n<p style=\"text-align: center;\"><em><b>\u201cPerdoarei sua maldade, e n\u00e3o mais lembrarei o seu pecado.\u201d (JR 31,31-34)<\/b><\/em><\/p>\n<p style=\"text-align: left;\"><span style=\"font-weight: 400;\">O texto sobre o qual vamos refletir \u00e9 Jr 31,31-34. Trata-se da nova alian\u00e7a entre Deus e Israel. O mais famoso dos Jeremias b\u00edblicos, esse profeta sens\u00edvel ao sofrimento, homem de profunda piedade e da crise, optou por n\u00e3o se casar para dedicar-se ao profetismo, entre os anos de 626 e 587 a.E.C., na cidade de Jerusal\u00e9m. A sua atua\u00e7\u00e3o foi marcada, sobretudo, pela invas\u00e3o da Babil\u00f4nia, que destr\u00f3i Jerusal\u00e9m.<\/span><\/p>\n<p><span style=\"font-weight: 400;\">In\u00fameras s\u00e3o as den\u00fancias feitas por Jeremias, dentre elas: Tribunais com seus ju\u00edzes corruptos que n\u00e3o t\u00eam interesse pela causa do \u00f3rf\u00e3o e do pobre (5,28); Comerciantes que se enriquecem \u00e0s custas dos pobres (5,27); Sacerdotes que usam a religi\u00e3o em proveito pr\u00f3prio (5,31) e colaboram com a injusti\u00e7a (8,4-9,25); Sal\u00e1rio n\u00e3o pago aos trabalhadores (22,23-19); Luxo e riqueza (5,25-28;17,11); Pr\u00edncipes (34,10.19) e Ministros do rei (22,2) etc.\u00a0<\/span><\/p>\n<p><span style=\"font-weight: 400;\">Diante dessa situa\u00e7\u00e3o, Jeremias prop\u00f5e diversas solu\u00e7\u00f5es, dentre elas: Convers\u00e3o do povo (3); Novo rei suscitado por Deus para impor o direito e a justi\u00e7a (23,5-69); Justi\u00e7a nos tribunais (7,5; 21,12; 22,1-5); Liberta\u00e7\u00e3o dos escravos no fim de cada 7 anos (34, 13-22) etc.\u00a0<\/span><\/p>\n<p><span style=\"font-weight: 400;\">A passagem que estamos refletindo, prop\u00f5e uma Nova Alian\u00e7a de Deus com o povo, escrita no seu cora\u00e7\u00e3o, com o perd\u00e3o dos pecados e n\u00e3o mais lembran\u00e7a deles (31,31-34). Trata-se de um texto emblem\u00e1tico.<\/span><\/p>\n<p><span style=\"font-weight: 400;\">Como seria essa Nova Alian\u00e7a? Seria ruptura com a realizada no Sinai com Mois\u00e9s ou a sua renova\u00e7\u00e3o? Vejamos! Considerando que se a hist\u00f3ria de Israel, a partir do ponto de vista do Deuteronomista, \u00e9 um cont\u00ednuo repetir-se de acordos rompidos e reformulados entre Deus e Israel, chega o momento em que isso n\u00e3o \u00e9 mais permitido; chega o momento em que a velha estrutura chega ao fim, \u00e9 o que nos dizem os vv. 31-32<\/span><span style=\"font-weight: 400;\">, quando afirmam que a Nova Alian\u00e7a n\u00e3o ser\u00e1 como a Alian\u00e7a feita com o pais. N\u00e3o se trata, no entanto, de uma ruptura total entre a alian\u00e7a Sina\u00edtica e a nova apresentada por Jeremias. Haver\u00e1, sim, uma nova alian\u00e7a, diferente da Sina\u00edtica, por\u00e9m, a diferen\u00e7a entre elas n\u00e3o se encontra na ess\u00eancia, mas no modo como a nova alian\u00e7a ser\u00e1 realizada e no seu significado. Na verdade, Jr 31, 31-34 fala de nova \u201calian\u00e7a\u201d, mas n\u00e3o de nova \u201clei\u201d. Haver\u00e1, sim, um futuro diferente do passado. Mas que, necessariamente, n\u00e3o elimina o passado. Como, ent\u00e3o ser\u00e1 a nova alian\u00e7a?<\/span><\/p>\n<p><span style=\"font-weight: 400;\">O v. 33b diz: \u201cporei a minha alian\u00e7a no seu seio e a escreverei no seu cora\u00e7\u00e3o\u201d. Essa met\u00e1fora chama aten\u00e7\u00e3o para a diversidade da nova alian\u00e7a ao ressaltar implicitamente que, se a lei sina\u00edtica tinha sido escrita em t\u00e1buas de pedra (Dt 9,10) e o pecado de Jud\u00e1 gravado na pedra do seu cora\u00e7\u00e3o (Jr 17,1), na situa\u00e7\u00e3o de nova alian\u00e7a tudo ser\u00e1 diferente. Deus alcan\u00e7ar\u00e1 a profundidade do homem, o seu cora\u00e7\u00e3o. E nesse ficar\u00e1 inscrito para sempre a Sua Lei. Desse modo, ele poder\u00e1 seguir livre e alegremente ao Senhor.<\/span><\/p>\n<p><span style=\"font-weight: 400;\">Com a \u201cLei\u201d escrita no cora\u00e7\u00e3o ningu\u00e9m precisar\u00e1 mais incentivar seu irm\u00e3o a conhecer Senhor, porque todos O conhecer\u00e3o (34a). \u00c9 o que nos mostra a express\u00e3o \u201cdos menores aos maiores\u201d 34a. A Nova Alian\u00e7a de Jeremias \u00e9 nova porque essa n\u00e3o precisar\u00e1, como a Sina\u00edtica, ser ensinada (Dt 11,19). Deus mesmo, sem intermedi\u00e1rios, estar\u00e1 no cora\u00e7\u00e3o de cada um.<\/span><span style=\"font-weight: 400;\"> E, mesmo se no passado \u201celes romperam a minha alian\u00e7a\u201d, no futuro, na volta do Ex\u00edlio da Babil\u00f4nia, \u201celes ser\u00e3o o meu povo e eu serei o seu Deus\u201d (v.33b). Trata-se de uma nova espiritualidade! Uma rela\u00e7\u00e3o entre o Senhor como \u201cesposo\u201d e o seu povo. Esse velho princ\u00edpio da antiga alian\u00e7a (Ex 6,7) n\u00e3o poder\u00e1 ser mudado. Um relacionamento, exclusivo e livre, possibilitar\u00e1 a realiza\u00e7\u00e3o de uma nova alian\u00e7a, onde n\u00e3o ser\u00e1 permitido a adora\u00e7\u00e3o de outros deuses. E o povo, tendo a Lei escrita no cora\u00e7\u00e3o, \u201ccom todo o seu cora\u00e7\u00e3o, com todo seu ser e com todo a sua for\u00e7a amar\u00e1 a Deus\u201d (Dt 6,5).\u00a0<\/span><\/p>\n<p><span style=\"font-weight: 400;\">Para que isso se realize, a atitude de Deus em favor do povo consiste em perdoar a culpa, e de seus pecados n\u00e3o se lembrar mais. A vontade divina de perdoar n\u00e3o representa somente a base para nova alian\u00e7a, mas \u00e9 a for\u00e7a motriz e a garantia de estabilidade. O n\u00e3o&#8230; ainda refor\u00e7a a ideia de que o perd\u00e3o ser\u00e1 poss\u00edvel. Os verbos <\/span><i><span style=\"font-weight: 400;\">slh <\/span><\/i><span style=\"font-weight: 400;\">(perdoar)<\/span> <span style=\"font-weight: 400;\">e <\/span><i><span style=\"font-weight: 400;\">zkr<\/span><\/i><span style=\"font-weight: 400;\"> (lembrar) s\u00e3o, na verdade, dois modos diferentes para dizer a mesma coisa: Deus perdoar\u00e1!\u00a0<\/span><\/p>\n<p><span style=\"font-weight: 400;\">O v. 31,34c promete o perd\u00e3o total para a faltas que os cativos de Jud\u00e1 e de Israel tinham cometido contra Ele (33,7). O perd\u00e3o \u00e9 um dom, oferecido por Deus, mesmo quando o povo n\u00e3o \u00e9 capaz de reconhecer o seu pecado e pedir o perd\u00e3o. As condi\u00e7\u00f5es para receber o perd\u00e3o divino foram apresentadas, mas, n\u00e3o sendo o povo capaz de assumi-las, Deus interv\u00e9m e promete restabelecer uma nova alian\u00e7a. Promete colocar a Lei no cora\u00e7\u00e3o e, enfim, perdo\u00e1-lo. A nova alian\u00e7a \u00e9, por assim dizer, o perd\u00e3o de Deus que chega ao seu povo; \u00e9 um entrar do povo no dom de Deus, que confere o perd\u00e3o sem perguntar pelo arrependimento. Ao mesmo tempo, nova alian\u00e7a significa esperan\u00e7a de poder chegar a essa situa\u00e7\u00e3o. Deus \u00e9 misericordioso por natureza. Ele conhece a situa\u00e7\u00e3o perene de pecado em que se encontra o ser humano. Por isso promete numa situa\u00e7\u00e3o de alian\u00e7a, um perd\u00e3o eterno, pois Ele sabe que o seu parceiro de alian\u00e7a poder\u00e1 tra\u00ed-Lo uma, duas ou mais vezes.\u00a0<\/span><\/p>\n<p><span style=\"font-weight: 400;\">Na nova alian\u00e7a, Ele vai perdoar a culpa e esquecer os pecados deles. Esse perd\u00e3o, fundamental para a nova rela\u00e7\u00e3o entre o povo e Deus, acontecer\u00e1, n\u00e3o porque o povo pediu, mas porque Ele lhe oferece. O futuro diferente do povo encontra a sua raiz em Deus. Somente Ele pode dar-lhe uma <\/span><span style=\"font-weight: 400;\">nova vida<\/span><span style=\"font-weight: 400;\">, numa <\/span><span style=\"font-weight: 400;\">nova alian\u00e7a<\/span><span style=\"font-weight: 400;\">, por meio do perd\u00e3o dos seus pecados. E com a Nova Alian\u00e7a se d\u00e1 uma ruptura qualitativa na hist\u00f3ria, e instaura-se o <\/span><span style=\"font-weight: 400;\">novo<\/span><span style=\"font-weight: 400;\">. Permanece, entretanto, a tens\u00e3o do <\/span><span style=\"font-weight: 400;\">j\u00e1 e ainda-n\u00e3o<\/span><span style=\"font-weight: 400;\">. Tornada pr\u00f3xima, a nova alian\u00e7a est\u00e1 ainda por vir. Ela acontecer\u00e1 quando o mundo for capaz de instaurar um novo tempo, com o fim todo tipo de discrimina\u00e7\u00e3o, quando os pa\u00edses ricos forem capazes de perdoar as d\u00edvidas dos pa\u00edses pobres, quando a terra estiver nas m\u00e3os dos que precisam de terra etc. Seria isso um sonho? Sim e n\u00e3o. Eu espero n\u00e3o ter que despertar, como Jeremias, e ver que tudo isso n\u00e3o tenha passado de um mero sonho agrad\u00e1vel (Jr 31,26).<\/span><\/p>\n<hr \/>\n<p><strong><i>Frei Jacir de Freitas Faria<\/i><\/strong><\/p>\n","protected":false},"excerpt":{"rendered":"<p>\u201cPerdoarei sua maldade, e n\u00e3o mais lembrarei o seu pecado.\u201d (JR 31,31-34)<\/p>\n","protected":false},"author":9,"featured_media":194975,"comment_status":"open","ping_status":"open","sticky":false,"template":"","format":"standard","meta":{"footnotes":""},"categories":[26],"tags":[43],"yoast_head":"<!-- This site is optimized with the Yoast SEO plugin v19.4 - https:\/\/yoast.com\/wordpress\/plugins\/seo\/ -->\n<title>Jeremias, o Perd\u00e3o e Nova Alian\u00e7a: Esperan\u00e7a ou sonho? - Vida Crist\u00e3 - Franciscanos<\/title>\n<meta name=\"robots\" content=\"index, follow, max-snippet:-1, max-image-preview:large, max-video-preview:-1\" \/>\n<link rel=\"canonical\" href=\"https:\/\/franciscanos.org.br\/vidacrista\/jeremias-o-perdao-e-nova-alianca-esperanca-ou-sonho\/\" \/>\n<meta property=\"og:locale\" content=\"pt_BR\" \/>\n<meta property=\"og:type\" content=\"article\" \/>\n<meta property=\"og:title\" content=\"Jeremias, o Perd\u00e3o e Nova Alian\u00e7a: Esperan\u00e7a ou sonho? - Vida Crist\u00e3 - Franciscanos\" \/>\n<meta property=\"og:description\" content=\"\u201cPerdoarei sua maldade, e n\u00e3o mais lembrarei o seu pecado.\u201d (JR 31,31-34)\" \/>\n<meta property=\"og:url\" content=\"https:\/\/franciscanos.org.br\/vidacrista\/jeremias-o-perdao-e-nova-alianca-esperanca-ou-sonho\/\" \/>\n<meta property=\"og:site_name\" content=\"Vida Crist\u00e3 - Franciscanos\" \/>\n<meta property=\"article:published_time\" content=\"2024-08-08T13:20:58+00:00\" \/>\n<meta property=\"article:modified_time\" content=\"2024-08-09T11:43:43+00:00\" \/>\n<meta property=\"og:image\" content=\"https:\/\/franciscanos.org.br\/vidacrista\/wp-content\/uploads\/2024\/08\/A-antiga-nova-alianca-diferencas.jpg\" \/>\n\t<meta property=\"og:image:width\" content=\"546\" \/>\n\t<meta property=\"og:image:height\" content=\"313\" \/>\n\t<meta property=\"og:image:type\" content=\"image\/jpeg\" \/>\n<meta name=\"author\" content=\"Jo\u00e3o Vitor\" \/>\n<meta name=\"twitter:card\" content=\"summary_large_image\" \/>\n<meta name=\"twitter:label1\" content=\"Escrito por\" \/>\n\t<meta name=\"twitter:data1\" content=\"Jo\u00e3o Vitor\" \/>\n\t<meta name=\"twitter:label2\" content=\"Est. tempo de leitura\" \/>\n\t<meta name=\"twitter:data2\" content=\"6 minutos\" \/>\n<script type=\"application\/ld+json\" class=\"yoast-schema-graph\">{\"@context\":\"https:\/\/schema.org\",\"@graph\":[{\"@type\":\"WebSite\",\"@id\":\"https:\/\/franciscanos.org.br\/vidacrista\/#website\",\"url\":\"https:\/\/franciscanos.org.br\/vidacrista\/\",\"name\":\"Vida Crist\u00e3 - Franciscanos\",\"description\":\"Prov\u00edncia Franciscana da Imaculada Concei\u00e7\u00e3o do Brasil - Ordem dos Frades Menores\",\"potentialAction\":[{\"@type\":\"SearchAction\",\"target\":{\"@type\":\"EntryPoint\",\"urlTemplate\":\"https:\/\/franciscanos.org.br\/vidacrista\/?s={search_term_string}\"},\"query-input\":\"required name=search_term_string\"}],\"inLanguage\":\"pt-BR\"},{\"@type\":\"WebPage\",\"@id\":\"https:\/\/franciscanos.org.br\/vidacrista\/jeremias-o-perdao-e-nova-alianca-esperanca-ou-sonho\/\",\"url\":\"https:\/\/franciscanos.org.br\/vidacrista\/jeremias-o-perdao-e-nova-alianca-esperanca-ou-sonho\/\",\"name\":\"Jeremias, o Perd\u00e3o e Nova Alian\u00e7a: Esperan\u00e7a ou sonho? - Vida Crist\u00e3 - Franciscanos\",\"isPartOf\":{\"@id\":\"https:\/\/franciscanos.org.br\/vidacrista\/#website\"},\"datePublished\":\"2024-08-08T13:20:58+00:00\",\"dateModified\":\"2024-08-09T11:43:43+00:00\",\"author\":{\"@id\":\"https:\/\/franciscanos.org.br\/vidacrista\/#\/schema\/person\/d9f9482315d3f26b8e1be15d5fc373f1\"},\"breadcrumb\":{\"@id\":\"https:\/\/franciscanos.org.br\/vidacrista\/jeremias-o-perdao-e-nova-alianca-esperanca-ou-sonho\/#breadcrumb\"},\"inLanguage\":\"pt-BR\",\"potentialAction\":[{\"@type\":\"ReadAction\",\"target\":[\"https:\/\/franciscanos.org.br\/vidacrista\/jeremias-o-perdao-e-nova-alianca-esperanca-ou-sonho\/\"]}]},{\"@type\":\"BreadcrumbList\",\"@id\":\"https:\/\/franciscanos.org.br\/vidacrista\/jeremias-o-perdao-e-nova-alianca-esperanca-ou-sonho\/#breadcrumb\",\"itemListElement\":[{\"@type\":\"ListItem\",\"position\":1,\"name\":\"Home\",\"item\":\"https:\/\/franciscanos.org.br\/vidacrista\/\"},{\"@type\":\"ListItem\",\"position\":2,\"name\":\"Jeremias, o Perd\u00e3o e Nova Alian\u00e7a: Esperan\u00e7a ou sonho?\"}]},{\"@type\":\"Person\",\"@id\":\"https:\/\/franciscanos.org.br\/vidacrista\/#\/schema\/person\/d9f9482315d3f26b8e1be15d5fc373f1\",\"name\":\"Jo\u00e3o Vitor\",\"image\":{\"@type\":\"ImageObject\",\"inLanguage\":\"pt-BR\",\"@id\":\"https:\/\/franciscanos.org.br\/vidacrista\/#\/schema\/person\/image\/\",\"url\":\"https:\/\/secure.gravatar.com\/avatar\/10ba5c9713e0c323617b4309a19e3a46?s=96&d=mm&r=g\",\"contentUrl\":\"https:\/\/secure.gravatar.com\/avatar\/10ba5c9713e0c323617b4309a19e3a46?s=96&d=mm&r=g\",\"caption\":\"Jo\u00e3o Vitor\"},\"url\":\"https:\/\/franciscanos.org.br\/vidacrista\/author\/joaovitor\/\"}]}<\/script>\n<!-- \/ Yoast SEO plugin. -->","yoast_head_json":{"title":"Jeremias, o Perd\u00e3o e Nova Alian\u00e7a: Esperan\u00e7a ou sonho? - Vida Crist\u00e3 - Franciscanos","robots":{"index":"index","follow":"follow","max-snippet":"max-snippet:-1","max-image-preview":"max-image-preview:large","max-video-preview":"max-video-preview:-1"},"canonical":"https:\/\/franciscanos.org.br\/vidacrista\/jeremias-o-perdao-e-nova-alianca-esperanca-ou-sonho\/","og_locale":"pt_BR","og_type":"article","og_title":"Jeremias, o Perd\u00e3o e Nova Alian\u00e7a: Esperan\u00e7a ou sonho? - Vida Crist\u00e3 - Franciscanos","og_description":"\u201cPerdoarei sua maldade, e n\u00e3o mais lembrarei o seu pecado.\u201d (JR 31,31-34)","og_url":"https:\/\/franciscanos.org.br\/vidacrista\/jeremias-o-perdao-e-nova-alianca-esperanca-ou-sonho\/","og_site_name":"Vida Crist\u00e3 - Franciscanos","article_published_time":"2024-08-08T13:20:58+00:00","article_modified_time":"2024-08-09T11:43:43+00:00","og_image":[{"width":546,"height":313,"url":"https:\/\/franciscanos.org.br\/vidacrista\/wp-content\/uploads\/2024\/08\/A-antiga-nova-alianca-diferencas.jpg","type":"image\/jpeg"}],"author":"Jo\u00e3o Vitor","twitter_card":"summary_large_image","twitter_misc":{"Escrito por":"Jo\u00e3o Vitor","Est. tempo de leitura":"6 minutos"},"schema":{"@context":"https:\/\/schema.org","@graph":[{"@type":"WebSite","@id":"https:\/\/franciscanos.org.br\/vidacrista\/#website","url":"https:\/\/franciscanos.org.br\/vidacrista\/","name":"Vida Crist\u00e3 - Franciscanos","description":"Prov\u00edncia Franciscana da Imaculada Concei\u00e7\u00e3o do Brasil - Ordem dos Frades Menores","potentialAction":[{"@type":"SearchAction","target":{"@type":"EntryPoint","urlTemplate":"https:\/\/franciscanos.org.br\/vidacrista\/?s={search_term_string}"},"query-input":"required name=search_term_string"}],"inLanguage":"pt-BR"},{"@type":"WebPage","@id":"https:\/\/franciscanos.org.br\/vidacrista\/jeremias-o-perdao-e-nova-alianca-esperanca-ou-sonho\/","url":"https:\/\/franciscanos.org.br\/vidacrista\/jeremias-o-perdao-e-nova-alianca-esperanca-ou-sonho\/","name":"Jeremias, o Perd\u00e3o e Nova Alian\u00e7a: Esperan\u00e7a ou sonho? - Vida Crist\u00e3 - Franciscanos","isPartOf":{"@id":"https:\/\/franciscanos.org.br\/vidacrista\/#website"},"datePublished":"2024-08-08T13:20:58+00:00","dateModified":"2024-08-09T11:43:43+00:00","author":{"@id":"https:\/\/franciscanos.org.br\/vidacrista\/#\/schema\/person\/d9f9482315d3f26b8e1be15d5fc373f1"},"breadcrumb":{"@id":"https:\/\/franciscanos.org.br\/vidacrista\/jeremias-o-perdao-e-nova-alianca-esperanca-ou-sonho\/#breadcrumb"},"inLanguage":"pt-BR","potentialAction":[{"@type":"ReadAction","target":["https:\/\/franciscanos.org.br\/vidacrista\/jeremias-o-perdao-e-nova-alianca-esperanca-ou-sonho\/"]}]},{"@type":"BreadcrumbList","@id":"https:\/\/franciscanos.org.br\/vidacrista\/jeremias-o-perdao-e-nova-alianca-esperanca-ou-sonho\/#breadcrumb","itemListElement":[{"@type":"ListItem","position":1,"name":"Home","item":"https:\/\/franciscanos.org.br\/vidacrista\/"},{"@type":"ListItem","position":2,"name":"Jeremias, o Perd\u00e3o e Nova Alian\u00e7a: Esperan\u00e7a ou sonho?"}]},{"@type":"Person","@id":"https:\/\/franciscanos.org.br\/vidacrista\/#\/schema\/person\/d9f9482315d3f26b8e1be15d5fc373f1","name":"Jo\u00e3o Vitor","image":{"@type":"ImageObject","inLanguage":"pt-BR","@id":"https:\/\/franciscanos.org.br\/vidacrista\/#\/schema\/person\/image\/","url":"https:\/\/secure.gravatar.com\/avatar\/10ba5c9713e0c323617b4309a19e3a46?s=96&d=mm&r=g","contentUrl":"https:\/\/secure.gravatar.com\/avatar\/10ba5c9713e0c323617b4309a19e3a46?s=96&d=mm&r=g","caption":"Jo\u00e3o Vitor"},"url":"https:\/\/franciscanos.org.br\/vidacrista\/author\/joaovitor\/"}]}},"_links":{"self":[{"href":"https:\/\/franciscanos.org.br\/vidacrista\/wp-json\/wp\/v2\/posts\/194974"}],"collection":[{"href":"https:\/\/franciscanos.org.br\/vidacrista\/wp-json\/wp\/v2\/posts"}],"about":[{"href":"https:\/\/franciscanos.org.br\/vidacrista\/wp-json\/wp\/v2\/types\/post"}],"author":[{"embeddable":true,"href":"https:\/\/franciscanos.org.br\/vidacrista\/wp-json\/wp\/v2\/users\/9"}],"replies":[{"embeddable":true,"href":"https:\/\/franciscanos.org.br\/vidacrista\/wp-json\/wp\/v2\/comments?post=194974"}],"version-history":[{"count":4,"href":"https:\/\/franciscanos.org.br\/vidacrista\/wp-json\/wp\/v2\/posts\/194974\/revisions"}],"predecessor-version":[{"id":194979,"href":"https:\/\/franciscanos.org.br\/vidacrista\/wp-json\/wp\/v2\/posts\/194974\/revisions\/194979"}],"wp:featuredmedia":[{"embeddable":true,"href":"https:\/\/franciscanos.org.br\/vidacrista\/wp-json\/wp\/v2\/media\/194975"}],"wp:attachment":[{"href":"https:\/\/franciscanos.org.br\/vidacrista\/wp-json\/wp\/v2\/media?parent=194974"}],"wp:term":[{"taxonomy":"category","embeddable":true,"href":"https:\/\/franciscanos.org.br\/vidacrista\/wp-json\/wp\/v2\/categories?post=194974"},{"taxonomy":"post_tag","embeddable":true,"href":"https:\/\/franciscanos.org.br\/vidacrista\/wp-json\/wp\/v2\/tags?post=194974"}],"curies":[{"name":"wp","href":"https:\/\/api.w.org\/{rel}","templated":true}]}}