{"id":194931,"date":"2024-07-30T11:06:37","date_gmt":"2024-07-30T14:06:37","guid":{"rendered":"https:\/\/franciscanos.org.br\/vidacrista\/?p=194931"},"modified":"2024-07-30T12:10:05","modified_gmt":"2024-07-30T15:10:05","slug":"fornalha-de-fogo-inferno-e-infernos-um-imaginario-perigoso","status":"publish","type":"post","link":"https:\/\/franciscanos.org.br\/vidacrista\/fornalha-de-fogo-inferno-e-infernos-um-imaginario-perigoso\/","title":{"rendered":"Fornalha de Fogo, Inferno e Infernos: Um imagin\u00e1rio perigoso!"},"content":{"rendered":"<p><iframe loading=\"lazy\" title=\"YouTube video player\" src=\"https:\/\/www.youtube.com\/embed\/GH7BR3iSJek?si=YkCbhC-ubnjbhH3b\" width=\"100%\" height=\"480\" frameborder=\"0\" allowfullscreen=\"allowfullscreen\"><span data-mce-type=\"bookmark\" style=\"display: inline-block; width: 0px; overflow: hidden; line-height: 0;\" class=\"mce_SELRES_start\">\ufeff<\/span><\/iframe><\/p>\n<p style=\"text-align: center;\"><em><b>\u201cEles ser\u00e3o lan\u00e7ados na fornalha de fogo\u201d (mt 13,36-43)<\/b><\/em><b><\/b><\/p>\n<p><span style=\"font-weight: 400;\">O texto sobre o qual vamos refletir \u00e9 Mt 13, 36-43, cuja tem\u00e1tica \u00e9 a do joio e do julgamento divino. A passagem termina falando de uma fornalha de fogo. O que \u00e9 isso? Por que a sua identifica\u00e7\u00e3o com o inferno? Voc\u00ea sabia que existe diferen\u00e7a entre inferno e infernos? A partir de Mt 13,36-43, permita-me refletir sobre o imagin\u00e1rio do inferno no juda\u00edsmo e no cristianismo. Para tanto, demonstrarei a evolu\u00e7\u00e3o dos tr\u00eas termos que a B\u00edblia utiliza para definir Infernos e Inferno. S\u00e3o elas: <\/span><i><span style=\"font-weight: 400;\">Sheol, Hades e Geena<\/span><\/i><span style=\"font-weight: 400;\">.<\/span><\/p>\n<p><b>Sheol: Infernos, o lugar escuro e subterr\u00e2neo onde moram os mortos<\/b><\/p>\n<p><i><span style=\"font-weight: 400;\">Sheol<\/span><\/i> <span style=\"font-weight: 400;\">\u00e9 um termo hebraico com sentido incerto. Esse termo pode derivar do termo hebraico <\/span><i><span style=\"font-weight: 400;\">Xaal<\/span><\/i><span style=\"font-weight: 400;\">: pedir; do ac\u00e1dico <\/span><i><span style=\"font-weight: 400;\">Xilan<\/span><\/i><span style=\"font-weight: 400;\">: regi\u00e3o onde o sol desaparece e, consequentemente, a entrada dos Infernos; tamb\u00e9m do ac\u00e1dico <\/span><i><span style=\"font-weight: 400;\">Xuaru<\/span><\/i><span style=\"font-weight: 400;\">: cidade da Babil\u00f4nia, onde se venerava o deus Tamuz, cidade que levou o nome de Infernos. Na B\u00edblia, <\/span><i><span style=\"font-weight: 400;\">Sheol <\/span><\/i><span style=\"font-weight: 400;\">aparece 65 vezes, e \u00e9 traduzido por Infernos. Isa\u00edas, profetizando maldi\u00e7\u00f5es, fala do <\/span><i><span style=\"font-weight: 400;\">Sheol <\/span><\/i><span style=\"font-weight: 400;\">como lugar de goelas abertas, para onde descem a nobreza, a plebe e o seu tumulto, e l\u00e1 eles exultam (Is 5,14). Ideia seguida por Pr 1,12: maus companheiros ser\u00e3o tragados vivos pelo <\/span><i><span style=\"font-weight: 400;\">Sheol<\/span><\/i><span style=\"font-weight: 400;\">, e Hab 2,5 que fala das goelas abertas do <\/span><i><span style=\"font-weight: 400;\">Sheol. <\/span><\/i><span style=\"font-weight: 400;\">Al\u00e9m das goelas abertas, os Infernos est\u00e3o localizados num lugar situado nas profundezas da terra, como atesta Dt 32,22 ao afirmar que o fogo da ira de Deus est\u00e1 ardendo e queimar\u00e1 at\u00e9 o mais <\/span><i><span style=\"font-weight: 400;\">fundo do Sheol.<\/span><\/i><span style=\"font-weight: 400;\"> Tamb\u00e9m o Sl 30,10; Ez 28,8; J\u00f3 26,5; 38,16, etc. falam do Inferno como um buraco localizado no mais profundo da terra, um lugar sem luzes. Para l\u00e1 descem todos e n\u00e3o podem mais subir. \u201cComo a nuvem se dissipa e desaparece, assim quem desce ao <\/span><i><span style=\"font-weight: 400;\">Sheol <\/span><\/i><span style=\"font-weight: 400;\">n\u00e3o subir\u00e1 jamais\u201d, afirma J\u00f3 7,9. \u00c9 tamb\u00e9m do livro de J\u00f3 a afirmativa de que o <\/span><i><span style=\"font-weight: 400;\">Sheol <\/span><\/i><span style=\"font-weight: 400;\">\u00e9 lugar de encontro de todos os mortais (J\u00f3 30,23). Os Infernos tinham lugar para justos e maus. L\u00e1zaro, como fala Jesus em Lc 16,23-26, estava no seio de Abra\u00e3o, o lugar dos bons, j\u00e1 rico estava sendo torturado em outra parte do <\/span><i><span style=\"font-weight: 400;\">Sheol<\/span><\/i><span style=\"font-weight: 400;\">. Sepultura \u00e9 tamb\u00e9m outro entendimento b\u00edblico para <\/span><i><span style=\"font-weight: 400;\">Sheol <\/span><\/i><span style=\"font-weight: 400;\">(Sl 30,10; Ez 28,8).\u00a0<\/span><\/p>\n<p><b>Hades: a tradu\u00e7\u00e3o grega para Infernos<\/b><\/p>\n<p><i><span style=\"font-weight: 400;\">Hades<\/span><\/i><i><span style=\"font-weight: 400;\">,<\/span><\/i><span style=\"font-weight: 400;\"> tradu\u00e7\u00e3o grega da LXX do termo hebraico <\/span><i><span style=\"font-weight: 400;\">Sheol<\/span><\/i><span style=\"font-weight: 400;\">, significa tamb\u00e9m o \u00faltimo e definitivo lugar de descanso para todos os mortos, os Infernos. Na mitologia grega, <\/span><i><span style=\"font-weight: 400;\">Hades <\/span><\/i><span style=\"font-weight: 400;\">\u00e9 o deus dos Infernos, onde estavam os mortos. No Novo Testamento, <\/span><i><span style=\"font-weight: 400;\">Hades<\/span><\/i><span style=\"font-weight: 400;\"> tem o mesmo significado de Sheol como Infernos, lugar subterr\u00e2neo para o qual devem descer bons e maus (Mt 11,23; 12,40; Lc 10,15; Ef 4,9). Por exemplo, Mt 11, 23, falando da cidade de Cafarnaum, afirma: \u201cE tu, Cafarnaum, por acaso te elevar\u00e1s at\u00e9 o C\u00e9u? Antes, at\u00e9 o Inferno descer\u00e1s\u201d (Mt 11,23). No Hades est\u00e3o os bons e os maus, conforme At 2,27.31; Rm 10,7; I Cor 15,5; Ef 4,9; Ap 6,8; 20,13 e Lc 16,19.31. Ao falar do julgamento das na\u00e7\u00f5es, Ap 20,13 diz que o <\/span><i><span style=\"font-weight: 400;\">Hades e a Morte <\/span><\/i><span style=\"font-weight: 400;\">entregaram os mortos que neles estavam, e cada um foi julgado conforme a sua conduta.\u00a0<\/span><\/p>\n<p><b>Geena: de lugar geogr\u00e1fico a escatol\u00f3gico transcendental e Inferno<\/b><\/p>\n<p><i><span style=\"font-weight: 400;\">Geena<\/span><\/i><span style=\"font-weight: 400;\"> \u00e9 a forma grega para o nome aramaico do vale do <\/span><i><span style=\"font-weight: 400;\">Hinom<\/span><\/i><span style=\"font-weight: 400;\"> ou vale do Filho de Enom (Ben-Enom) que aparece em v\u00e1rios textos do Antigo Testamento e do Novo Testamento. A LXX traduziu o termo por Geena. Esse substantivo passou por v\u00e1rias evolu\u00e7\u00f5es sem\u00e2nticas. Jeremias, antes do Ex\u00edlio da Babil\u00f4nia 587-536 a.C., defendendo a puni\u00e7\u00e3o de Deus para Jerusal\u00e9m, menciona o vale do <\/span><i><span style=\"font-weight: 400;\">Ben-Enom<\/span><\/i><span style=\"font-weight: 400;\"> como lugar da ira e puni\u00e7\u00e3o de Deus, lugar de matan\u00e7a (Jr 7,30\u20138,3; 19,7). J\u00e1 no p\u00f3s-ex\u00edlio, Isa\u00edas 66,22-24, mesmo n\u00e3o citando o vale do <\/span><i><span style=\"font-weight: 400;\">Ben-Enon<\/span><\/i><span style=\"font-weight: 400;\">, esse lugar passa a ser lugar escatol\u00f3gico da puni\u00e7\u00e3o dos ap\u00f3statas: \u201cEles sair\u00e3o para ver os cad\u00e1veres dos homens que se rebelaram contra mim, porque o seu verme n\u00e3o morrer\u00e1 e o seu fogo n\u00e3o se apagar\u00e1\u201d. Essa vis\u00e3o de Geena como lugar escatol\u00f3gico de puni\u00e7\u00e3o, com o tempo deixou de ser um lugar geogr\u00e1fico perto de Jerusal\u00e9m e passou a ser confundido com <\/span><i><span style=\"font-weight: 400;\">Sheol<\/span><\/i><span style=\"font-weight: 400;\">. \u00c0 <\/span><i><span style=\"font-weight: 400;\">Geena<\/span><\/i><span style=\"font-weight: 400;\"> foram atribu\u00eddas a escurid\u00e3o do <\/span><i><span style=\"font-weight: 400;\">Sheol<\/span><\/i><span style=\"font-weight: 400;\">, bem como a imagem de fogo que queima e suplicio. Assim, <\/span><i><span style=\"font-weight: 400;\">Geena<\/span><\/i><span style=\"font-weight: 400;\"> ganhou um sentido transcendental. No Novo Testamento, <\/span><i><span style=\"font-weight: 400;\">Geena<\/span><\/i><span style=\"font-weight: 400;\"> \u00e9 o <\/span><i><span style=\"font-weight: 400;\">G\u00ea-Hinnom<\/span><\/i><span style=\"font-weight: 400;\">, o lugar de fogo. \u201cMelhor \u00e9 entrar com um olho s\u00f3 na Vida do que, tendo dois olhos, e seres atirado na Geena de fogo\u201d, atesta Mt 18,9. \u00c9 tamb\u00e9m de Mt a vis\u00e3o de Geena \u00e9 o lugar de julgamento (Mt 23,15.33). Mc 9,43.45 fala da <\/span><i><span style=\"font-weight: 400;\">Geena<\/span><\/i><span style=\"font-weight: 400;\"> como fogo inextingu\u00edvel, bem como onde o verme n\u00e3o morre. Outros termos sin\u00f4nimos de <\/span><i><span style=\"font-weight: 400;\">Geena <\/span><\/i><span style=\"font-weight: 400;\">s\u00e3o tamb\u00e9m utilizados no NT, como fornalha (Mt 13,42); lago de fogo que arde como enxofre (Ap 19,20; 20,10.14). Ap 21,8 profere uma senten\u00e7a: \u201cQuanto aos covardes, por\u00e9m, e aos infi\u00e9is, aos corruptos, aos assassinos, aos impudicos, aos m\u00e1gicos, aos id\u00f3latras e a todos os mentirosos, a sua por\u00e7\u00e3o se encontra no lago ardente de fogo e enxofre, que \u00e9 a segunda morte\u201d.<\/span><\/p>\n<p><i><span style=\"font-weight: 400;\">Geena<\/span><\/i><span style=\"font-weight: 400;\">, de lugar geogr\u00e1fico a escatol\u00f3gico transcendental, passou a ser um lugar de supl\u00edcio para os condenados. Dessa ideia surgiu a vis\u00e3o de Inferno na Idade M\u00e9dia, que chegou at\u00e9 os nossos dias.<\/span><\/p>\n<p><b>Inferno ou Infernos?<\/b><\/p>\n<p><i><span style=\"font-weight: 400;\">Infernus<\/span><\/i><span style=\"font-weight: 400;\"> \u00e9 substantivo latino e significa \u2018o que est\u00e1 debaixo\u2019. <\/span><i><span style=\"font-weight: 400;\">\u00cdnferos<\/span><\/i><span style=\"font-weight: 400;\"> \u00e9 o plural de \u00ednfero e, portanto, corresponde aos \u2018infernos\u2019. Na verdade, Infernos e Inferno s\u00e3o duas express\u00f5es correlatas para dois atos diferentes. Segundo tradi\u00e7\u00e3o de f\u00e9 Jesus desceu aos Infernos e o condenado desce ao Inferno. Quando Jesus desce aos Infernos (<\/span><i><span style=\"font-weight: 400;\">\u00ednferos<\/span><\/i><span style=\"font-weight: 400;\">), suas portas se abrem para Ele, mas quando o condenado desce, as portas do Inferno se fecham atr\u00e1s dele para sempre.<\/span><span style=\"font-weight: 400;\"> A passagem da compreens\u00e3o de Infernos para Inferno como lugar de supl\u00edcio deve-se, como vimos acima, ao uso da terminologia <\/span><i><span style=\"font-weight: 400;\">Geena<\/span><\/i><span style=\"font-weight: 400;\">. Assim, o juda\u00edsmo conhece essa imagem de Inferno. Jesus era conhecedor dessa tradi\u00e7\u00e3o e fez uso dela nos seus ensinamentos:<\/span><\/p>\n<p><span style=\"font-weight: 400;\">\u00a0<\/span><span style=\"font-weight: 400;\">\u201cTemei antes aquele que pode destruir a alma e o corpo na Geena\u201d (Mt 10,28); \u201cNo fim do mundo: o Filho do Homem enviar\u00e1 seus anjos eles apanhar\u00e3o do seu Reino todos os esc\u00e2ndalos e os que praticam a iniquidade e os lan\u00e7ar\u00e3o na fornalha ardente. Ali haver\u00e1 choro e ranger de dentes\u201d (Mt 13,41-42); \u201cLonge de mim, malditos, para o fogo eterno preparado para o Diabo e para os seus anjos\u201d (Mt 25,41).<\/span><\/p>\n<p><span style=\"font-weight: 400;\">Poder\u00edamos tomar outros exemplos de textos b\u00edblicos que mostram esse modo de conceber o Inferno. A descida de Cristo aos Infernos tornou-se express\u00e3o de f\u00e9 para dizer que Ele foi at\u00e9 a parte inferior da terra e dela tamb\u00e9m se tornou Senhor (1Pd 3,19-22; Ef 4,9). Jesus venceu a morte, os Infernos (<\/span><i><span style=\"font-weight: 400;\">Sheol <\/span><\/i><span style=\"font-weight: 400;\">e <\/span><i><span style=\"font-weight: 400;\">Hades<\/span><\/i><span style=\"font-weight: 400;\">) deixam de existir, \u2018mas aqueles que n\u00e3o conhecem a Deus e n\u00e3o obedecem ao evangelho de nosso Senhor Jesus ser\u00e3o vingados com uma ru\u00edna eterna, longe da face de Deus\u2019, \u00e9 o que afirma a segunda carta aos Tessalonicenses, 1,8-9. O Inferno, com isso, est\u00e1 posto. Os Infernos, com tra\u00e7os de <\/span><i><span style=\"font-weight: 400;\">Geena<\/span><\/i><span style=\"font-weight: 400;\">, torna-se Inferno, onde impera Satan\u00e1s. Essa vis\u00e3o perdurou no cristianismo at\u00e9 os mil anos, quando se acreditava que Satan\u00e1s estaria aprisionado. \u201cQuando se completarem os mil anos, Satan\u00e1s ser\u00e1 solto de sua pris\u00e3o e sair\u00e1 para seduzir as na\u00e7\u00f5es dos quatro cantos da terra\u201d (Ap 20,7-8).<\/span><\/p>\n<p><span style=\"font-weight: 400;\">As imagens usadas na B\u00edblia para descrever o Inferno s\u00e3o todas simb\u00f3licas. O fogo que devora simboliza a absoluta frustra\u00e7\u00e3o humana e o seu total distanciamento de Deus<\/span><span style=\"font-weight: 400;\">. Diante de tal situa\u00e7\u00e3o, s\u00f3 resta ao ser humano chorar e ranger os seus dentes, na escurid\u00e3o de uma vida sem utopias, no ex\u00edlio de op\u00e7\u00e3o feita por ele mesmo.\u00a0<\/span><\/p>\n<p><span style=\"font-weight: 400;\">Na Baixa Idade M\u00e9dia, visto que a Parusia n\u00e3o havia acontecido, a caracteriza\u00e7\u00e3o do Inferno tornou-se forte na Igreja e na sociedade. O sofrimento no Inferno \u00e9 descrito nas artes. A mais famosa delas \u00e9 o <\/span><i><span style=\"font-weight: 400;\">Inferno<\/span><\/i><span style=\"font-weight: 400;\"> de Dante Alighieri (1265-1321), presente na \u00e9pica obra da literatura italiana, <\/span><i><span style=\"font-weight: 400;\">Divina Com\u00e9dia<\/span><\/i><span style=\"font-weight: 400;\">.<\/span><\/p>\n<p><img decoding=\"async\" loading=\"lazy\" class=\"aligncenter wp-image-194932 size-large\" src=\"https:\/\/franciscanos.org.br\/vidacrista\/wp-content\/uploads\/2024\/07\/quais-sao-os-9-circulos-do-inferno-de-dante-e1636836737934-1024x597.jpg\" alt=\"\" width=\"1024\" height=\"597\" srcset=\"https:\/\/franciscanos.org.br\/vidacrista\/wp-content\/uploads\/2024\/07\/quais-sao-os-9-circulos-do-inferno-de-dante-e1636836737934-1024x597.jpg 1024w, https:\/\/franciscanos.org.br\/vidacrista\/wp-content\/uploads\/2024\/07\/quais-sao-os-9-circulos-do-inferno-de-dante-e1636836737934-450x262.jpg 450w, https:\/\/franciscanos.org.br\/vidacrista\/wp-content\/uploads\/2024\/07\/quais-sao-os-9-circulos-do-inferno-de-dante-e1636836737934-768x448.jpg 768w, https:\/\/franciscanos.org.br\/vidacrista\/wp-content\/uploads\/2024\/07\/quais-sao-os-9-circulos-do-inferno-de-dante-e1636836737934-150x87.jpg 150w, https:\/\/franciscanos.org.br\/vidacrista\/wp-content\/uploads\/2024\/07\/quais-sao-os-9-circulos-do-inferno-de-dante-e1636836737934.jpg 1028w\" sizes=\"(max-width: 1024px) 100vw, 1024px\" \/><\/p>\n<p><span style=\"font-weight: 400;\">Dante descreve o Inferno em nove est\u00e1gios. Em cada um deles padecem pecadores em um sofrimento eterno, com exce\u00e7\u00e3o dos que est\u00e3o no primeiro est\u00e1gio, o Limbo, pois esses s\u00e3o os que n\u00e3o foram batizados. Os do segundo est\u00e1gio s\u00e3o luxuriosos, e na sequ\u00eancia: gulosos, avarentos, irados, hereges, violentos, maliciosos e fraudadores, e os traidores. As penas para cada um dos grupos s\u00e3o: arrebatadas cont\u00ednuas de ventos e furac\u00f5es; chuva de granizo e neve; c\u00e3es que devoram suas carnes; ter que empurrar continuamente pedras pesadas e grandes; estar <\/span><span style=\"font-weight: 400;\">mergulhados e se autoflagelando nas barrentas e sanguin\u00e1rias \u00e1guas do rio Estige; estar sepultados em t\u00famulos que est\u00e3o constantemente pegando fogo; estar mergulhados nas \u00e1guas ferventes do rio Flegetonte; ser transformados em \u00e1rvores, perseguidos por c\u00e3es, cobertos de areia escaldante e fogo caindo do C\u00e9u como se fosse chuva, castigados por a\u00e7oites; estar atolados em buracos com os p\u00e9s para fora\u00a0sendo queimados; ter os rostos virados para tr\u00e1s; ser castigados por dem\u00f4nios que os espetam e os mergulham em um\u00a0po\u00e7o de piche fervente; ser castigados com pesadas capas de chumbo dourado; estar em um eterno ciclo onde s\u00e3o picados por cobras, morrem e nascem para serem picados novamente; ser perseguidos por dem\u00f4nios armados de espadas; ser castigados com \u00falceras e feridas que ardem\u00a0totalmente envolvidos em chamas e estar com gelo at\u00e9 a cabe\u00e7a.<\/span><span style=\"font-weight: 400;\">\u00a0<\/span><\/p>\n<p><span style=\"font-weight: 400;\">Diante de tantas e terr\u00edveis puni\u00e7\u00f5es, ningu\u00e9m suportava nem pensar em ser enviado para o Inferno. Cascudo, falando do Inferno, afirma:\u00a0<\/span><\/p>\n<p><span style=\"font-weight: 400;\">O Inferno \u00e9 a imagem que nos foi trazida pelo colono portugu\u00eas, grelhas ardentes, caldeiras borbulhantes, chumbo derretido, banhos de fogo, espetos, garfos, espont\u00f5es, espadas vermelhas, instrumentos de supl\u00edcio singular para esses incorp\u00f3reos.<\/span> <span style=\"font-weight: 400;\">\u00a0<\/span><\/p>\n<p><span style=\"font-weight: 400;\">Na Idade M\u00e9dia, o contato com a morte nas grandes epidemias, as rela\u00e7\u00f5es com os mortos nos cemit\u00e9rios e nas igrejas pareciam suficientes para uma rela\u00e7\u00e3o tranquila da morte com os viventes. No entanto, quando a Igreja, no fim da Baixa Idade M\u00e9dia, muda o foco nessa rela\u00e7\u00e3o, isto \u00e9, ela acentua o Inferno como lugar de castigo, de dana\u00e7\u00e3o eterna, a morte passa a ser um pretexto para falar do Inferno. O que passa a importar \u00e9 o medo do Inferno, precedido de um Ju\u00edzo Final. As imagens macabras da morte atordoavam as mentes dos fi\u00e9is entre os s\u00e9culos XIV e XV.<\/span><span style=\"font-weight: 400;\"> A Igreja Cat\u00f3lica criou a Pastoral do medo.\u00a0<\/span><\/p>\n<p><span style=\"font-weight: 400;\">Leonardo Boff, procurando distinguir o Inferno dos Infernos ou \u00ednferos \u2013 os lugares baixos \u2013, acrescenta que \u201cInferno \u00e9 a radical aus\u00eancia de Deus, a situa\u00e7\u00e3o dos que a si mesmos e voluntariamente se isolaram de Deus e de Cristo\u201d<\/span><span style=\"font-weight: 400;\">. No entanto, os justos brilhar\u00e3o como o sol no Reino de seu Pai. Quem tem ouvidos, ou\u00e7a!<\/span><\/p>\n<hr \/>\n<p><i><span style=\"font-weight: 400;\">Frei Jacir de Freitas Faria<\/span><\/i><\/p>\n<p>Imagem: <span style=\"font-weight: 400;\">O Inferno de Dante- <\/span><span style=\"font-weight: 400;\">Autoria: Dante Alighieri da obra <\/span><i><span style=\"font-weight: 400;\">Divina Com\u00e9dia<\/span><\/i><\/p>\n<p><span style=\"font-weight: 400;\">Dispon\u00edvel em: &lt;<\/span><a href=\"http:\/\/www.stelle.com.br\/pt\/index_comedia.html\"><span style=\"font-weight: 400;\">http:\/\/www.stelle.com.br\/pt\/index_comedia.html<\/span><\/a><span style=\"font-weight: 400;\"> . <\/span><span style=\"font-weight: 400;\">&gt; Acesso em 15 jul. 2024.<\/span><\/p>\n","protected":false},"excerpt":{"rendered":"<p>Frei Jacir de Freitas Faria<\/p>\n","protected":false},"author":9,"featured_media":194932,"comment_status":"open","ping_status":"open","sticky":false,"template":"","format":"standard","meta":{"footnotes":""},"categories":[26],"tags":[40,43],"yoast_head":"<!-- This site is optimized with the Yoast SEO plugin v19.4 - https:\/\/yoast.com\/wordpress\/plugins\/seo\/ -->\n<title>Fornalha de Fogo, Inferno e Infernos: Um imagin\u00e1rio perigoso! - Vida Crist\u00e3 - Franciscanos<\/title>\n<meta name=\"robots\" content=\"index, follow, max-snippet:-1, max-image-preview:large, max-video-preview:-1\" \/>\n<link rel=\"canonical\" href=\"https:\/\/franciscanos.org.br\/vidacrista\/fornalha-de-fogo-inferno-e-infernos-um-imaginario-perigoso\/\" \/>\n<meta property=\"og:locale\" content=\"pt_BR\" \/>\n<meta property=\"og:type\" content=\"article\" \/>\n<meta property=\"og:title\" content=\"Fornalha de Fogo, Inferno e Infernos: Um imagin\u00e1rio perigoso! - Vida Crist\u00e3 - Franciscanos\" \/>\n<meta property=\"og:description\" content=\"Frei Jacir de Freitas Faria\" \/>\n<meta property=\"og:url\" content=\"https:\/\/franciscanos.org.br\/vidacrista\/fornalha-de-fogo-inferno-e-infernos-um-imaginario-perigoso\/\" \/>\n<meta property=\"og:site_name\" content=\"Vida Crist\u00e3 - Franciscanos\" \/>\n<meta property=\"article:published_time\" content=\"2024-07-30T14:06:37+00:00\" \/>\n<meta property=\"article:modified_time\" content=\"2024-07-30T15:10:05+00:00\" \/>\n<meta property=\"og:image\" content=\"https:\/\/franciscanos.org.br\/vidacrista\/wp-content\/uploads\/2024\/07\/quais-sao-os-9-circulos-do-inferno-de-dante-e1636836737934.jpg\" \/>\n\t<meta property=\"og:image:width\" content=\"1028\" \/>\n\t<meta property=\"og:image:height\" content=\"599\" \/>\n\t<meta property=\"og:image:type\" content=\"image\/jpeg\" \/>\n<meta name=\"author\" content=\"Jo\u00e3o Vitor\" \/>\n<meta name=\"twitter:card\" content=\"summary_large_image\" \/>\n<meta name=\"twitter:label1\" content=\"Escrito por\" \/>\n\t<meta name=\"twitter:data1\" content=\"Jo\u00e3o Vitor\" \/>\n\t<meta name=\"twitter:label2\" content=\"Est. tempo de leitura\" \/>\n\t<meta name=\"twitter:data2\" content=\"10 minutos\" \/>\n<script type=\"application\/ld+json\" class=\"yoast-schema-graph\">{\"@context\":\"https:\/\/schema.org\",\"@graph\":[{\"@type\":\"WebSite\",\"@id\":\"https:\/\/franciscanos.org.br\/vidacrista\/#website\",\"url\":\"https:\/\/franciscanos.org.br\/vidacrista\/\",\"name\":\"Vida Crist\u00e3 - Franciscanos\",\"description\":\"Prov\u00edncia Franciscana da Imaculada Concei\u00e7\u00e3o do Brasil - Ordem dos Frades Menores\",\"potentialAction\":[{\"@type\":\"SearchAction\",\"target\":{\"@type\":\"EntryPoint\",\"urlTemplate\":\"https:\/\/franciscanos.org.br\/vidacrista\/?s={search_term_string}\"},\"query-input\":\"required name=search_term_string\"}],\"inLanguage\":\"pt-BR\"},{\"@type\":\"WebPage\",\"@id\":\"https:\/\/franciscanos.org.br\/vidacrista\/fornalha-de-fogo-inferno-e-infernos-um-imaginario-perigoso\/\",\"url\":\"https:\/\/franciscanos.org.br\/vidacrista\/fornalha-de-fogo-inferno-e-infernos-um-imaginario-perigoso\/\",\"name\":\"Fornalha de Fogo, Inferno e Infernos: Um imagin\u00e1rio perigoso! - Vida Crist\u00e3 - Franciscanos\",\"isPartOf\":{\"@id\":\"https:\/\/franciscanos.org.br\/vidacrista\/#website\"},\"datePublished\":\"2024-07-30T14:06:37+00:00\",\"dateModified\":\"2024-07-30T15:10:05+00:00\",\"author\":{\"@id\":\"https:\/\/franciscanos.org.br\/vidacrista\/#\/schema\/person\/d9f9482315d3f26b8e1be15d5fc373f1\"},\"breadcrumb\":{\"@id\":\"https:\/\/franciscanos.org.br\/vidacrista\/fornalha-de-fogo-inferno-e-infernos-um-imaginario-perigoso\/#breadcrumb\"},\"inLanguage\":\"pt-BR\",\"potentialAction\":[{\"@type\":\"ReadAction\",\"target\":[\"https:\/\/franciscanos.org.br\/vidacrista\/fornalha-de-fogo-inferno-e-infernos-um-imaginario-perigoso\/\"]}]},{\"@type\":\"BreadcrumbList\",\"@id\":\"https:\/\/franciscanos.org.br\/vidacrista\/fornalha-de-fogo-inferno-e-infernos-um-imaginario-perigoso\/#breadcrumb\",\"itemListElement\":[{\"@type\":\"ListItem\",\"position\":1,\"name\":\"Home\",\"item\":\"https:\/\/franciscanos.org.br\/vidacrista\/\"},{\"@type\":\"ListItem\",\"position\":2,\"name\":\"Fornalha de Fogo, Inferno e Infernos: Um imagin\u00e1rio perigoso!\"}]},{\"@type\":\"Person\",\"@id\":\"https:\/\/franciscanos.org.br\/vidacrista\/#\/schema\/person\/d9f9482315d3f26b8e1be15d5fc373f1\",\"name\":\"Jo\u00e3o Vitor\",\"image\":{\"@type\":\"ImageObject\",\"inLanguage\":\"pt-BR\",\"@id\":\"https:\/\/franciscanos.org.br\/vidacrista\/#\/schema\/person\/image\/\",\"url\":\"https:\/\/secure.gravatar.com\/avatar\/10ba5c9713e0c323617b4309a19e3a46?s=96&d=mm&r=g\",\"contentUrl\":\"https:\/\/secure.gravatar.com\/avatar\/10ba5c9713e0c323617b4309a19e3a46?s=96&d=mm&r=g\",\"caption\":\"Jo\u00e3o Vitor\"},\"url\":\"https:\/\/franciscanos.org.br\/vidacrista\/author\/joaovitor\/\"}]}<\/script>\n<!-- \/ Yoast SEO plugin. -->","yoast_head_json":{"title":"Fornalha de Fogo, Inferno e Infernos: Um imagin\u00e1rio perigoso! - Vida Crist\u00e3 - Franciscanos","robots":{"index":"index","follow":"follow","max-snippet":"max-snippet:-1","max-image-preview":"max-image-preview:large","max-video-preview":"max-video-preview:-1"},"canonical":"https:\/\/franciscanos.org.br\/vidacrista\/fornalha-de-fogo-inferno-e-infernos-um-imaginario-perigoso\/","og_locale":"pt_BR","og_type":"article","og_title":"Fornalha de Fogo, Inferno e Infernos: Um imagin\u00e1rio perigoso! - Vida Crist\u00e3 - Franciscanos","og_description":"Frei Jacir de Freitas Faria","og_url":"https:\/\/franciscanos.org.br\/vidacrista\/fornalha-de-fogo-inferno-e-infernos-um-imaginario-perigoso\/","og_site_name":"Vida Crist\u00e3 - Franciscanos","article_published_time":"2024-07-30T14:06:37+00:00","article_modified_time":"2024-07-30T15:10:05+00:00","og_image":[{"width":1028,"height":599,"url":"https:\/\/franciscanos.org.br\/vidacrista\/wp-content\/uploads\/2024\/07\/quais-sao-os-9-circulos-do-inferno-de-dante-e1636836737934.jpg","type":"image\/jpeg"}],"author":"Jo\u00e3o Vitor","twitter_card":"summary_large_image","twitter_misc":{"Escrito por":"Jo\u00e3o Vitor","Est. tempo de leitura":"10 minutos"},"schema":{"@context":"https:\/\/schema.org","@graph":[{"@type":"WebSite","@id":"https:\/\/franciscanos.org.br\/vidacrista\/#website","url":"https:\/\/franciscanos.org.br\/vidacrista\/","name":"Vida Crist\u00e3 - Franciscanos","description":"Prov\u00edncia Franciscana da Imaculada Concei\u00e7\u00e3o do Brasil - Ordem dos Frades Menores","potentialAction":[{"@type":"SearchAction","target":{"@type":"EntryPoint","urlTemplate":"https:\/\/franciscanos.org.br\/vidacrista\/?s={search_term_string}"},"query-input":"required name=search_term_string"}],"inLanguage":"pt-BR"},{"@type":"WebPage","@id":"https:\/\/franciscanos.org.br\/vidacrista\/fornalha-de-fogo-inferno-e-infernos-um-imaginario-perigoso\/","url":"https:\/\/franciscanos.org.br\/vidacrista\/fornalha-de-fogo-inferno-e-infernos-um-imaginario-perigoso\/","name":"Fornalha de Fogo, Inferno e Infernos: Um imagin\u00e1rio perigoso! - Vida Crist\u00e3 - Franciscanos","isPartOf":{"@id":"https:\/\/franciscanos.org.br\/vidacrista\/#website"},"datePublished":"2024-07-30T14:06:37+00:00","dateModified":"2024-07-30T15:10:05+00:00","author":{"@id":"https:\/\/franciscanos.org.br\/vidacrista\/#\/schema\/person\/d9f9482315d3f26b8e1be15d5fc373f1"},"breadcrumb":{"@id":"https:\/\/franciscanos.org.br\/vidacrista\/fornalha-de-fogo-inferno-e-infernos-um-imaginario-perigoso\/#breadcrumb"},"inLanguage":"pt-BR","potentialAction":[{"@type":"ReadAction","target":["https:\/\/franciscanos.org.br\/vidacrista\/fornalha-de-fogo-inferno-e-infernos-um-imaginario-perigoso\/"]}]},{"@type":"BreadcrumbList","@id":"https:\/\/franciscanos.org.br\/vidacrista\/fornalha-de-fogo-inferno-e-infernos-um-imaginario-perigoso\/#breadcrumb","itemListElement":[{"@type":"ListItem","position":1,"name":"Home","item":"https:\/\/franciscanos.org.br\/vidacrista\/"},{"@type":"ListItem","position":2,"name":"Fornalha de Fogo, Inferno e Infernos: Um imagin\u00e1rio perigoso!"}]},{"@type":"Person","@id":"https:\/\/franciscanos.org.br\/vidacrista\/#\/schema\/person\/d9f9482315d3f26b8e1be15d5fc373f1","name":"Jo\u00e3o Vitor","image":{"@type":"ImageObject","inLanguage":"pt-BR","@id":"https:\/\/franciscanos.org.br\/vidacrista\/#\/schema\/person\/image\/","url":"https:\/\/secure.gravatar.com\/avatar\/10ba5c9713e0c323617b4309a19e3a46?s=96&d=mm&r=g","contentUrl":"https:\/\/secure.gravatar.com\/avatar\/10ba5c9713e0c323617b4309a19e3a46?s=96&d=mm&r=g","caption":"Jo\u00e3o Vitor"},"url":"https:\/\/franciscanos.org.br\/vidacrista\/author\/joaovitor\/"}]}},"_links":{"self":[{"href":"https:\/\/franciscanos.org.br\/vidacrista\/wp-json\/wp\/v2\/posts\/194931"}],"collection":[{"href":"https:\/\/franciscanos.org.br\/vidacrista\/wp-json\/wp\/v2\/posts"}],"about":[{"href":"https:\/\/franciscanos.org.br\/vidacrista\/wp-json\/wp\/v2\/types\/post"}],"author":[{"embeddable":true,"href":"https:\/\/franciscanos.org.br\/vidacrista\/wp-json\/wp\/v2\/users\/9"}],"replies":[{"embeddable":true,"href":"https:\/\/franciscanos.org.br\/vidacrista\/wp-json\/wp\/v2\/comments?post=194931"}],"version-history":[{"count":5,"href":"https:\/\/franciscanos.org.br\/vidacrista\/wp-json\/wp\/v2\/posts\/194931\/revisions"}],"predecessor-version":[{"id":194937,"href":"https:\/\/franciscanos.org.br\/vidacrista\/wp-json\/wp\/v2\/posts\/194931\/revisions\/194937"}],"wp:featuredmedia":[{"embeddable":true,"href":"https:\/\/franciscanos.org.br\/vidacrista\/wp-json\/wp\/v2\/media\/194932"}],"wp:attachment":[{"href":"https:\/\/franciscanos.org.br\/vidacrista\/wp-json\/wp\/v2\/media?parent=194931"}],"wp:term":[{"taxonomy":"category","embeddable":true,"href":"https:\/\/franciscanos.org.br\/vidacrista\/wp-json\/wp\/v2\/categories?post=194931"},{"taxonomy":"post_tag","embeddable":true,"href":"https:\/\/franciscanos.org.br\/vidacrista\/wp-json\/wp\/v2\/tags?post=194931"}],"curies":[{"name":"wp","href":"https:\/\/api.w.org\/{rel}","templated":true}]}}