{"id":194853,"date":"2024-07-11T09:46:53","date_gmt":"2024-07-11T12:46:53","guid":{"rendered":"https:\/\/franciscanos.org.br\/vidacrista\/?p=194853"},"modified":"2024-07-22T15:17:28","modified_gmt":"2024-07-22T18:17:28","slug":"a-falta-da-justa-medida-o-dna-de-nossa-cultura","status":"publish","type":"post","link":"https:\/\/franciscanos.org.br\/vidacrista\/a-falta-da-justa-medida-o-dna-de-nossa-cultura\/","title":{"rendered":"A falta da justa medida: o DNA de nossa cultura"},"content":{"rendered":"<p>&nbsp;<\/p>\n<p><img decoding=\"async\" loading=\"lazy\" class=\"aligncenter wp-image-194855 size-full\" src=\"https:\/\/franciscanos.org.br\/vidacrista\/wp-content\/uploads\/2024\/07\/ARTIGOS-E-REFLEXOES-1.jpg\" alt=\"\" width=\"1280\" height=\"720\" srcset=\"https:\/\/franciscanos.org.br\/vidacrista\/wp-content\/uploads\/2024\/07\/ARTIGOS-E-REFLEXOES-1.jpg 1280w, https:\/\/franciscanos.org.br\/vidacrista\/wp-content\/uploads\/2024\/07\/ARTIGOS-E-REFLEXOES-1-450x253.jpg 450w, https:\/\/franciscanos.org.br\/vidacrista\/wp-content\/uploads\/2024\/07\/ARTIGOS-E-REFLEXOES-1-1024x576.jpg 1024w, https:\/\/franciscanos.org.br\/vidacrista\/wp-content\/uploads\/2024\/07\/ARTIGOS-E-REFLEXOES-1-768x432.jpg 768w, https:\/\/franciscanos.org.br\/vidacrista\/wp-content\/uploads\/2024\/07\/ARTIGOS-E-REFLEXOES-1-150x84.jpg 150w\" sizes=\"(max-width: 1280px) 100vw, 1280px\" \/><\/p>\n<p>Para onde quer que dirijamos nosso olhar o que mais salta aos olhos, \u00e9 a falta de medida, o excesso, o exagero, a aus\u00eancia do caminho do meio, o nem demais e o nem de menos, o desequil\u00edbrio em praticamente em todos os campos.<\/p>\n<p>A justa medida \u00e9 testemunhada em todas as grandes tradi\u00e7\u00f5es \u00e9ticas das culturas mundiais. No p\u00f3rtico do grande templo em Delfos estava escrito em letras garrafais:\u00a0<em>m\u00e9den \u00e1gan<\/em>\u00a0o que quer dizer \u201cnada de excesso\u201d. O mesmo se via nos p\u00f3rticos dos templos romanos: ne quid nimis: \u201cnada de menos nem demais\u201d A justa medida se op\u00f5e \u00e0 toda ambi\u00e7\u00e3o exacerbada (hybris). Demanda o autocontrole, o senso do equil\u00edbrio din\u00e2mico e a capacidade de impor limites a nossos impulsos. Ora, \u00e9 exatamente o que nos falta a n\u00edvel mundial. A falta da justa medida pertence ao DNA de nossa cultura hoje planetizada.<\/p>\n<p>Isso se nota claramente no sistema econ\u00f4mico-pol\u00edtico-social-comunicacional predominantes. A mais flagrante amostra da falta da justa medida \u00e9 o capitalismo. L\u00e1 onde se instala surge imediatamente a desigualdade entre os donos do capital que tudo possuem e decidem e os trabalhadores que apenas vendem suas capacidades, quer dizer, se instala imediatamente a ruptura da justa medida. Os mantras do capitalismo em suas v\u00e1rias vers\u00f5es \u00e9 mantido inalterado: a busca da ilimitada acumula\u00e7\u00e3o para benef\u00edcio individual ou corporativo, mesmo sabendo dos limites de nosso planeta, seu motor \u00e9 a concorr\u00eancia sem qualquer laivo de coopera\u00e7\u00e3o, a pilhagem dos bens e servi\u00e7os da natureza sem tomar em conta a sustentabilidade necess\u00e1ria, a flexibiliza\u00e7\u00e3o de todas as leis para escancarar todas as portas para o processo de explora\u00e7\u00e3o e de enriquecimento, a press\u00e3o para criar o Estado m\u00ednimo, pois \u00e9 visto como empecilho \u00e0 din\u00e2mica da expans\u00e3o do capital.<\/p>\n<p>O efeito deste processo \u00e9 aquilo que o economista Eduardo Moreira, ex-banqueiro transformado num dos maiores formuladores de consci\u00eancia cr\u00edtica de nosso pa\u00eds e o principal idealizador do Instituto Conhecimento Liberta (ICL) oferecendo cerca de 270 cursos de excel\u00eancia na mais variadas \u00e1reas do saber \u00e0 custo de um sandu\u00edche, com frequ\u00eancia de cerca de 100 mil seguidores: \u201dO 1% dos donos de terras concentram mais de 50% das terras cultiv\u00e1veis do pa\u00eds; quando consideramos o volume de dinheiro, o 1% mais rico do mundo possui mais reservas acumuladas do que os 90% mais pobres; uma verdadeira cat\u00e1strofe social\u201d Este \u00e9 um exemplo gritante de nossa absoluta falta de medida.<\/p>\n<p>Essa falta de medida caracteriza igualmente as grandes m\u00eddias mundiais, seja escritas, digitais e a meia d\u00fazia de plataformas da internet (Google, Meta, Facebook, Instagram, TikTok, X, Youtube e outras) nas m\u00e3os de um punhado de pessoas poderos\u00edssimas.<\/p>\n<p>A falta de medida revela-se profundamente brutal na rela\u00e7\u00e3o para com a natureza, desde s\u00e9culos explorada e nas \u00faltimas d\u00e9cadas devastada a tal ponto de alguns cientistas terem proposto a inaugura\u00e7\u00e3o de uma nova era geol\u00f3gica, o\u00a0<em>antropoceno<\/em>\u00a0(o ser humano \u00e9 o fator principal da destrui\u00e7\u00e3o da natureza), radicalizado no necroceno (dizima\u00e7\u00e3o da biodiversidade) e ultimamente no\u00a0<em>piroceno<\/em>\u00a0(o aumento crescente dos grandes inc\u00eandios) por quase todas as partes do planeta.<\/p>\n<p>Talvez uma das maiores demonstra\u00e7\u00f5es da falta da justa medida nos \u00e9 dada pela mudan\u00e7a clim\u00e1tica, j\u00e1 instalada a ponto de ser considerada pelos grandes \u00f3rg\u00e3os mundiais como irrevers\u00edvel. A emiss\u00e3o de gases de efeito estufa ao inv\u00e9s de diminuir est\u00e1 aumentando; em raz\u00e3o da crise energ\u00e9tica voltou-se ao uso de carv\u00e3o, de petr\u00f3leo e o g\u00e1s, altamente poluentes e ainda devido \u00e0 insufici\u00eancia das energias alternativas. A mudan\u00e7a clim\u00e1tica n\u00e3o freada, acrescida com o aumento populacional, pode levar a um impasse o futuro da vida humana e tornar o planeta inabit\u00e1vel.<\/p>\n<p>Entre as muitas causas que nos levaram a esse perigoso est\u00e1gio \u00e9 seguramente o rompimento da\u00a0<em>Matriz Relacional<\/em>. Olvidamos que todas as coisas s\u00e3o inter-relacionadas . Na linguagem po\u00e9tica do Papa Francisco em sua enc\u00edclica de uma ecologia integral (<em>Sobre o cuidado da Casa Comum)<\/em>\u00a0\u201co sol e a lua, o cedro e a florzinha, a \u00e1guia e o pardal\u2026significam que nenhuma criatura se basta a si mesma; elas s\u00f3 existem na depend\u00eancia de umas das outras, para se completarem mutuamente no\u00a0 servi\u00e7o uma das outras\u201d(n.85). Aqui aparece a justa medida natural rompida pelas ci\u00eancias e os saberes.<\/p>\n<p>A modernidade se funda sobre a atomiza\u00e7\u00e3o dos saberes, das coisas tidas sem um valor intr\u00ednseco e postas ao desfrute dos seres humanos ou, na pior tend\u00eancia, \u00e0 acumula\u00e7\u00e3o sem limites de bens meramente materiais. Assim surgiu o mundo das coisas; inclusive as mais sagradas tamb\u00e9m \u00f3rg\u00e3os humanos foram transformados\u00a0 \u00a0em mercadoria a ser posta no mercado e ganhar o seu devido pre\u00e7o, coisa j\u00e1 prenunciada por Marx em 1847 em sua <em>Mis\u00e9ria da filosofia<\/em>\u00a0e sistematizada em 1944 por Karl Polaniy em sua obra\u00a0<em>A grande transforma\u00e7\u00e3o<\/em>.<\/p>\n<p>Como sair desta enroscada de dimens\u00f5es tr\u00e1gicas? N\u00e3o temos outra sa\u00edda, se quisermos continuar sobre este planeta, sen\u00e3o voltar \u00e0 \u00e9tica do cuidado de todas as coisas, de nossas vidas e principalmente da justa medida. Ela e o cuidado poder\u00e3o salvar o futuro de nossa civiliza\u00e7\u00e3o e de nossa perman\u00eancia na Terra.<\/p>\n<p>Preocupado com esta quest\u00e3o m\u00e1xima, de vida e de morte, escrevi dois livros, fruto de vasta pesquisa transcultural. O primeiro foi publicado em 2022\u00a0<em>O pescador ambicioso e o peixe encantado: a busca da justa medida<\/em><strong>.\u00a0<\/strong>Nele preferi o g\u00eanero narrativo com o uso de contos e mitos ligados \u00e0 justa medida. O segundo completa o primeiro,\u00a0<em>A busca da justa medida: como equilibrar o planeta Terra<\/em>, ambos pela Editora Vozes. Neste segundo procurei de uma forma mais cient\u00edfica ir \u00e0s causas que nos levaram a olvidar a justa medida, exatamente a perda da Matriz Relacional.\u00a0<sub>\u00a0<\/sub><\/p>\n<p>Por mais que nos esforcemos em crer que s\u00f3 o retorno \u00e0 justa medida e \u00e0 \u00e9tica do cuidado nos poder\u00e3o salvar, sempre fica angustiante pergunta: dada a universaliza\u00e7\u00e3o da grave crise existencial, temos ainda tempo e sabedoria suficientes para operarmos esta convers\u00e3o? A esperan\u00e7a nunca morre e n\u00e3o nos dever\u00e1 defraudar.<\/p>\n<hr \/>\n<p><em>Leonardo Boff escreveu\u00a0Habitar a Terra,\u00a0Vozes 2021 e\u00a0O doloroso parto da M\u00e3e Terra, Vozes 2021.<\/em><\/p>\n<p>Imagem gerada com IA. Freepik<\/p>\n","protected":false},"excerpt":{"rendered":"<p> Leonardo Boff<\/p>\n","protected":false},"author":10,"featured_media":194858,"comment_status":"open","ping_status":"open","sticky":false,"template":"","format":"standard","meta":{"footnotes":""},"categories":[26],"tags":[59],"yoast_head":"<!-- This site is optimized with the Yoast SEO plugin v19.4 - https:\/\/yoast.com\/wordpress\/plugins\/seo\/ -->\n<title>A falta da justa medida: o DNA de nossa cultura - Vida Crist\u00e3 - Franciscanos<\/title>\n<meta name=\"robots\" content=\"index, follow, max-snippet:-1, max-image-preview:large, max-video-preview:-1\" \/>\n<link rel=\"canonical\" href=\"https:\/\/franciscanos.org.br\/vidacrista\/a-falta-da-justa-medida-o-dna-de-nossa-cultura\/\" \/>\n<meta property=\"og:locale\" content=\"pt_BR\" \/>\n<meta property=\"og:type\" content=\"article\" \/>\n<meta property=\"og:title\" content=\"A falta da justa medida: o DNA de nossa cultura - Vida Crist\u00e3 - Franciscanos\" \/>\n<meta property=\"og:description\" content=\"Leonardo Boff\" \/>\n<meta property=\"og:url\" content=\"https:\/\/franciscanos.org.br\/vidacrista\/a-falta-da-justa-medida-o-dna-de-nossa-cultura\/\" \/>\n<meta property=\"og:site_name\" content=\"Vida Crist\u00e3 - Franciscanos\" \/>\n<meta property=\"article:published_time\" content=\"2024-07-11T12:46:53+00:00\" \/>\n<meta property=\"article:modified_time\" content=\"2024-07-22T18:17:28+00:00\" \/>\n<meta property=\"og:image\" content=\"https:\/\/franciscanos.org.br\/vidacrista\/wp-content\/uploads\/2024\/07\/CHAMADA.jpg\" \/>\n\t<meta property=\"og:image:width\" content=\"800\" \/>\n\t<meta property=\"og:image:height\" content=\"550\" \/>\n\t<meta property=\"og:image:type\" content=\"image\/jpeg\" \/>\n<meta name=\"author\" content=\"Adriana Rabelo\" \/>\n<meta name=\"twitter:card\" content=\"summary_large_image\" \/>\n<meta name=\"twitter:label1\" content=\"Escrito por\" \/>\n\t<meta name=\"twitter:data1\" content=\"Adriana Rabelo\" \/>\n\t<meta name=\"twitter:label2\" content=\"Est. tempo de leitura\" \/>\n\t<meta name=\"twitter:data2\" content=\"5 minutos\" \/>\n<script type=\"application\/ld+json\" class=\"yoast-schema-graph\">{\"@context\":\"https:\/\/schema.org\",\"@graph\":[{\"@type\":\"WebSite\",\"@id\":\"https:\/\/franciscanos.org.br\/vidacrista\/#website\",\"url\":\"https:\/\/franciscanos.org.br\/vidacrista\/\",\"name\":\"Vida Crist\u00e3 - Franciscanos\",\"description\":\"Prov\u00edncia Franciscana da Imaculada Concei\u00e7\u00e3o do Brasil - Ordem dos Frades Menores\",\"potentialAction\":[{\"@type\":\"SearchAction\",\"target\":{\"@type\":\"EntryPoint\",\"urlTemplate\":\"https:\/\/franciscanos.org.br\/vidacrista\/?s={search_term_string}\"},\"query-input\":\"required name=search_term_string\"}],\"inLanguage\":\"pt-BR\"},{\"@type\":\"WebPage\",\"@id\":\"https:\/\/franciscanos.org.br\/vidacrista\/a-falta-da-justa-medida-o-dna-de-nossa-cultura\/\",\"url\":\"https:\/\/franciscanos.org.br\/vidacrista\/a-falta-da-justa-medida-o-dna-de-nossa-cultura\/\",\"name\":\"A falta da justa medida: o DNA de nossa cultura - Vida Crist\u00e3 - Franciscanos\",\"isPartOf\":{\"@id\":\"https:\/\/franciscanos.org.br\/vidacrista\/#website\"},\"datePublished\":\"2024-07-11T12:46:53+00:00\",\"dateModified\":\"2024-07-22T18:17:28+00:00\",\"author\":{\"@id\":\"https:\/\/franciscanos.org.br\/vidacrista\/#\/schema\/person\/a0cbb2edfc0aecf8ac498802d1cb57b5\"},\"breadcrumb\":{\"@id\":\"https:\/\/franciscanos.org.br\/vidacrista\/a-falta-da-justa-medida-o-dna-de-nossa-cultura\/#breadcrumb\"},\"inLanguage\":\"pt-BR\",\"potentialAction\":[{\"@type\":\"ReadAction\",\"target\":[\"https:\/\/franciscanos.org.br\/vidacrista\/a-falta-da-justa-medida-o-dna-de-nossa-cultura\/\"]}]},{\"@type\":\"BreadcrumbList\",\"@id\":\"https:\/\/franciscanos.org.br\/vidacrista\/a-falta-da-justa-medida-o-dna-de-nossa-cultura\/#breadcrumb\",\"itemListElement\":[{\"@type\":\"ListItem\",\"position\":1,\"name\":\"Home\",\"item\":\"https:\/\/franciscanos.org.br\/vidacrista\/\"},{\"@type\":\"ListItem\",\"position\":2,\"name\":\"A falta da justa medida: o DNA de nossa cultura\"}]},{\"@type\":\"Person\",\"@id\":\"https:\/\/franciscanos.org.br\/vidacrista\/#\/schema\/person\/a0cbb2edfc0aecf8ac498802d1cb57b5\",\"name\":\"Adriana Rabelo\",\"image\":{\"@type\":\"ImageObject\",\"inLanguage\":\"pt-BR\",\"@id\":\"https:\/\/franciscanos.org.br\/vidacrista\/#\/schema\/person\/image\/\",\"url\":\"https:\/\/secure.gravatar.com\/avatar\/0a937b7500cd7df77540cfb8bede877d?s=96&d=mm&r=g\",\"contentUrl\":\"https:\/\/secure.gravatar.com\/avatar\/0a937b7500cd7df77540cfb8bede877d?s=96&d=mm&r=g\",\"caption\":\"Adriana Rabelo\"},\"url\":\"https:\/\/franciscanos.org.br\/vidacrista\/author\/adrianarabelo\/\"}]}<\/script>\n<!-- \/ Yoast SEO plugin. -->","yoast_head_json":{"title":"A falta da justa medida: o DNA de nossa cultura - Vida Crist\u00e3 - Franciscanos","robots":{"index":"index","follow":"follow","max-snippet":"max-snippet:-1","max-image-preview":"max-image-preview:large","max-video-preview":"max-video-preview:-1"},"canonical":"https:\/\/franciscanos.org.br\/vidacrista\/a-falta-da-justa-medida-o-dna-de-nossa-cultura\/","og_locale":"pt_BR","og_type":"article","og_title":"A falta da justa medida: o DNA de nossa cultura - Vida Crist\u00e3 - Franciscanos","og_description":"Leonardo Boff","og_url":"https:\/\/franciscanos.org.br\/vidacrista\/a-falta-da-justa-medida-o-dna-de-nossa-cultura\/","og_site_name":"Vida Crist\u00e3 - Franciscanos","article_published_time":"2024-07-11T12:46:53+00:00","article_modified_time":"2024-07-22T18:17:28+00:00","og_image":[{"width":800,"height":550,"url":"https:\/\/franciscanos.org.br\/vidacrista\/wp-content\/uploads\/2024\/07\/CHAMADA.jpg","type":"image\/jpeg"}],"author":"Adriana Rabelo","twitter_card":"summary_large_image","twitter_misc":{"Escrito por":"Adriana Rabelo","Est. tempo de leitura":"5 minutos"},"schema":{"@context":"https:\/\/schema.org","@graph":[{"@type":"WebSite","@id":"https:\/\/franciscanos.org.br\/vidacrista\/#website","url":"https:\/\/franciscanos.org.br\/vidacrista\/","name":"Vida Crist\u00e3 - Franciscanos","description":"Prov\u00edncia Franciscana da Imaculada Concei\u00e7\u00e3o do Brasil - Ordem dos Frades Menores","potentialAction":[{"@type":"SearchAction","target":{"@type":"EntryPoint","urlTemplate":"https:\/\/franciscanos.org.br\/vidacrista\/?s={search_term_string}"},"query-input":"required name=search_term_string"}],"inLanguage":"pt-BR"},{"@type":"WebPage","@id":"https:\/\/franciscanos.org.br\/vidacrista\/a-falta-da-justa-medida-o-dna-de-nossa-cultura\/","url":"https:\/\/franciscanos.org.br\/vidacrista\/a-falta-da-justa-medida-o-dna-de-nossa-cultura\/","name":"A falta da justa medida: o DNA de nossa cultura - Vida Crist\u00e3 - Franciscanos","isPartOf":{"@id":"https:\/\/franciscanos.org.br\/vidacrista\/#website"},"datePublished":"2024-07-11T12:46:53+00:00","dateModified":"2024-07-22T18:17:28+00:00","author":{"@id":"https:\/\/franciscanos.org.br\/vidacrista\/#\/schema\/person\/a0cbb2edfc0aecf8ac498802d1cb57b5"},"breadcrumb":{"@id":"https:\/\/franciscanos.org.br\/vidacrista\/a-falta-da-justa-medida-o-dna-de-nossa-cultura\/#breadcrumb"},"inLanguage":"pt-BR","potentialAction":[{"@type":"ReadAction","target":["https:\/\/franciscanos.org.br\/vidacrista\/a-falta-da-justa-medida-o-dna-de-nossa-cultura\/"]}]},{"@type":"BreadcrumbList","@id":"https:\/\/franciscanos.org.br\/vidacrista\/a-falta-da-justa-medida-o-dna-de-nossa-cultura\/#breadcrumb","itemListElement":[{"@type":"ListItem","position":1,"name":"Home","item":"https:\/\/franciscanos.org.br\/vidacrista\/"},{"@type":"ListItem","position":2,"name":"A falta da justa medida: o DNA de nossa cultura"}]},{"@type":"Person","@id":"https:\/\/franciscanos.org.br\/vidacrista\/#\/schema\/person\/a0cbb2edfc0aecf8ac498802d1cb57b5","name":"Adriana Rabelo","image":{"@type":"ImageObject","inLanguage":"pt-BR","@id":"https:\/\/franciscanos.org.br\/vidacrista\/#\/schema\/person\/image\/","url":"https:\/\/secure.gravatar.com\/avatar\/0a937b7500cd7df77540cfb8bede877d?s=96&d=mm&r=g","contentUrl":"https:\/\/secure.gravatar.com\/avatar\/0a937b7500cd7df77540cfb8bede877d?s=96&d=mm&r=g","caption":"Adriana Rabelo"},"url":"https:\/\/franciscanos.org.br\/vidacrista\/author\/adrianarabelo\/"}]}},"_links":{"self":[{"href":"https:\/\/franciscanos.org.br\/vidacrista\/wp-json\/wp\/v2\/posts\/194853"}],"collection":[{"href":"https:\/\/franciscanos.org.br\/vidacrista\/wp-json\/wp\/v2\/posts"}],"about":[{"href":"https:\/\/franciscanos.org.br\/vidacrista\/wp-json\/wp\/v2\/types\/post"}],"author":[{"embeddable":true,"href":"https:\/\/franciscanos.org.br\/vidacrista\/wp-json\/wp\/v2\/users\/10"}],"replies":[{"embeddable":true,"href":"https:\/\/franciscanos.org.br\/vidacrista\/wp-json\/wp\/v2\/comments?post=194853"}],"version-history":[{"count":4,"href":"https:\/\/franciscanos.org.br\/vidacrista\/wp-json\/wp\/v2\/posts\/194853\/revisions"}],"predecessor-version":[{"id":194904,"href":"https:\/\/franciscanos.org.br\/vidacrista\/wp-json\/wp\/v2\/posts\/194853\/revisions\/194904"}],"wp:featuredmedia":[{"embeddable":true,"href":"https:\/\/franciscanos.org.br\/vidacrista\/wp-json\/wp\/v2\/media\/194858"}],"wp:attachment":[{"href":"https:\/\/franciscanos.org.br\/vidacrista\/wp-json\/wp\/v2\/media?parent=194853"}],"wp:term":[{"taxonomy":"category","embeddable":true,"href":"https:\/\/franciscanos.org.br\/vidacrista\/wp-json\/wp\/v2\/categories?post=194853"},{"taxonomy":"post_tag","embeddable":true,"href":"https:\/\/franciscanos.org.br\/vidacrista\/wp-json\/wp\/v2\/tags?post=194853"}],"curies":[{"name":"wp","href":"https:\/\/api.w.org\/{rel}","templated":true}]}}