{"id":194799,"date":"2024-07-02T09:51:40","date_gmt":"2024-07-02T12:51:40","guid":{"rendered":"https:\/\/franciscanos.org.br\/vidacrista\/?p=194799"},"modified":"2024-07-11T09:55:16","modified_gmt":"2024-07-11T12:55:16","slug":"esgotamento-e-escassez","status":"publish","type":"post","link":"https:\/\/franciscanos.org.br\/vidacrista\/esgotamento-e-escassez\/","title":{"rendered":"Esgotamento e escassez"},"content":{"rendered":"<p><img decoding=\"async\" loading=\"lazy\" class=\"aligncenter wp-image-194804 size-full\" src=\"https:\/\/franciscanos.org.br\/vidacrista\/wp-content\/uploads\/2024\/07\/imagem-postagem.jpg\" alt=\"\" width=\"1280\" height=\"720\" srcset=\"https:\/\/franciscanos.org.br\/vidacrista\/wp-content\/uploads\/2024\/07\/imagem-postagem.jpg 1280w, https:\/\/franciscanos.org.br\/vidacrista\/wp-content\/uploads\/2024\/07\/imagem-postagem-450x253.jpg 450w, https:\/\/franciscanos.org.br\/vidacrista\/wp-content\/uploads\/2024\/07\/imagem-postagem-1024x576.jpg 1024w, https:\/\/franciscanos.org.br\/vidacrista\/wp-content\/uploads\/2024\/07\/imagem-postagem-768x432.jpg 768w, https:\/\/franciscanos.org.br\/vidacrista\/wp-content\/uploads\/2024\/07\/imagem-postagem-150x84.jpg 150w\" sizes=\"(max-width: 1280px) 100vw, 1280px\" \/><\/p>\n<p><span data-contrast=\"auto\">Tudo o que se esgota torna-se escasso. Uma frase que precisa gerar inc\u00f4modos neste momento da hist\u00f3ria, quando a humanidade \u00e9 desafiada a encontrar um novo modo de viver no planeta, a casa comum. O sexto m\u00eas de 2024 expirou-se e, durante seu transcurso, oficialmente, se promoveu a Campanha Junho Verde, buscando mais conscientiza\u00e7\u00e3o ecol\u00f3gica. \u00c9 dif\u00edcil precisar o alcance da Campanha, mas, certamente, a grande maioria ignorou o seu apelo. Muitos ainda permanecem alheios ao catastr\u00f3fico descompasso ambiental que aflige a humanidade, gerando, entre tantas consequ\u00eancias, as radicais varia\u00e7\u00f5es clim\u00e1ticas, com gente morrendo de calor, enquanto outras partes do mundo padecem com enchentes e frio extremo. As rea\u00e7\u00f5es da natureza ao desequil\u00edbrio provocado pelo ser humano s\u00e3o fortes e imp\u00f5em sacrif\u00edcios. Mesmo assim, muitos tratam esse desequil\u00edbrio como uma conta que \u00e9 de responsabilidade de outros, sem reconhecer a pr\u00f3pria responsabilidade. O esgotamento do meio ambiente, assim, tem sido tratado de modo irrespons\u00e1vel: de um lado, muitas abordagens t\u00e9cnico-cient\u00edficas, legislativo-mercadol\u00f3gicas, com narrativas especializadas na defesa das perspectivas de determinados segmentos que buscam somente o lucro, de outro lado est\u00e1 o cidad\u00e3o comum sem educa\u00e7\u00e3o ecol\u00f3gica. Uma combina\u00e7\u00e3o perigosa, que acelera processos de esgotamentos do meio ambiente, conduzindo a humanidade \u00e0 escassez de recursos essenciais.\u202f<\/span><span data-ccp-props=\"{&quot;201341983&quot;:0,&quot;335551550&quot;:6,&quot;335551620&quot;:6,&quot;335557856&quot;:16777215,&quot;335559739&quot;:0,&quot;335559740&quot;:240}\">\u00a0<\/span><\/p>\n<p><span data-contrast=\"auto\">A aus\u00eancia de educa\u00e7\u00e3o ecol\u00f3gica impulsiona o gosto pelo esbanjamento, grande risco para o equil\u00edbrio essencial \u00e0 vida no planeta. Por isso, \u00e9 urgente trabalhar para que todos os cidad\u00e3os tenham ci\u00eancia a respeito de quest\u00f5es simples, mas que s\u00e3o essenciais para que seja revertida a progressiva deteriora\u00e7\u00e3o do planeta. N\u00e3o \u00e9 novidade que a casa comum recebe, ininterruptamente, toneladas de res\u00edduos a cada ano, mas constitui desafio fazer cada pessoa perceber e assumir a sua responsabilidade na contamina\u00e7\u00e3o da casa comum. Perceber e assumir a responsabilidade constitui etapa essencial para reagir, mudando os pr\u00f3prios h\u00e1bitos. O Papa Francisco n\u00e3o hesita em afirmar: a casa comum est\u00e1 se transformando, cada vez mais, em um grande dep\u00f3sito de lixo. E o lixo, ao contaminar o meio ambiente, produz efeitos danosos sobre a sa\u00fade humana. Se o planeta adoece, a sociedade tamb\u00e9m fica doente. E sa\u00fade \u00e9 um dom precioso que, quando perdido, exige tempo e alto pre\u00e7o para ser recuperado. A correla\u00e7\u00e3o entre a sa\u00fade do planeta e de cada ser humano precisa sensibilizar, cotidianamente, todas as pessoas, de modo especial os formadores de opini\u00e3o, governantes, educadores, para alcan\u00e7ar o cora\u00e7\u00e3o de cada cidad\u00e3o.<\/span><span data-ccp-props=\"{&quot;201341983&quot;:0,&quot;335551550&quot;:6,&quot;335551620&quot;:6,&quot;335557856&quot;:16777215,&quot;335559739&quot;:0,&quot;335559740&quot;:240}\">\u00a0<\/span><\/p>\n<p><span data-contrast=\"auto\">A contribui\u00e7\u00e3o de todos na revers\u00e3o dos processos de degrada\u00e7\u00e3o ambiental \u00e9 indispens\u00e1vel. J\u00e1 permanecer insens\u00edvel aos sinais da natureza \u00e9 verdadeira trag\u00e9dia. O ser humano, ao se tornar consciente sobre o seu papel na deteriora\u00e7\u00e3o do planeta, contrap\u00f5e-se a um grave causador da desarmonia na casa comum, bem lembrado pelo Papa Francisco, em sua Carta Enc\u00edclica Laudato Si\u2019: a cultura do descarte, que precisa ser combatida e substitu\u00edda por pr\u00e1ticas ecol\u00f3gicas. Nesse horizonte de interpela\u00e7\u00f5es, que focaliza o aproximar-se de situa\u00e7\u00f5es perigosas, est\u00e1 a quest\u00e3o da \u00e1gua, um bem essencial. Dentre os esgotamentos que amea\u00e7am a vida, a \u00e1gua constitui um cap\u00edtulo que merece muita aten\u00e7\u00e3o, pois \u00e9 imposs\u00edvel imaginar viver sem esse recurso essencial. Essa obviedade precisa incomodar mais, para inspirar mudan\u00e7as de comportamento at\u00e9 no ambiente dom\u00e9stico, para que seja evitado o desperd\u00edcio nas torneiras, no chuveiro. Ainda mais urgente, pois gera impactos especialmente severos, \u00e9 combater os grav\u00edssimos assoreamentos produzidos, por exemplo, por minera\u00e7\u00e3o predat\u00f3ria e extrativista, sob o olhar compassivo e conivente de governantes e legisladores. Sem \u00e1gua pot\u00e1vel n\u00e3o h\u00e1 vida. E a progressiva diminui\u00e7\u00e3o da \u00e1gua dispon\u00edvel desenha uma poss\u00edvel realidade desoladora, com esse bem tornando-se objeto de disputa, de predat\u00f3ria explora\u00e7\u00e3o comercial, gerando exclus\u00f5es e, at\u00e9 mesmo, focos de conflito.\u202f<\/span><span data-ccp-props=\"{&quot;201341983&quot;:0,&quot;335551550&quot;:6,&quot;335551620&quot;:6,&quot;335557856&quot;:16777215,&quot;335559739&quot;:0,&quot;335559740&quot;:240}\">\u00a0<\/span><\/p>\n<p><span data-contrast=\"auto\">As grandes cidades j\u00e1 sofrem com a escassez de \u00e1gua, mostrando debilidades do poder p\u00fablico no exerc\u00edcio de suas obriga\u00e7\u00f5es. Ainda mais nesses cen\u00e1rios de escassez, deve ser considerada a necessidade de se garantir \u00e1gua aos mais pobres, com qualidade e de modo suficiente. Priv\u00e1-los desse direito \u00e9, criminosa e impiedosamente, ceifar suas vidas. H\u00e1 de se investir em programas, projetos, atitudes e posturas pela supera\u00e7\u00e3o do desperd\u00edcio, despertando consci\u00eancias ante a gravidade do problema. Tenha-se presente que a escassez de \u00e1gua incide tamb\u00e9m sobre o pre\u00e7o dos alimentos, sacrificando ainda mais a sociedade, perpetuando estat\u00edsticas de gente passando fome ou amea\u00e7ada pela desnutri\u00e7\u00e3o.\u202f<\/span><span data-ccp-props=\"{&quot;201341983&quot;:0,&quot;335551550&quot;:6,&quot;335551620&quot;:6,&quot;335557856&quot;:16777215,&quot;335559739&quot;:0,&quot;335559740&quot;:240}\">\u00a0<\/span><\/p>\n<p><span data-contrast=\"auto\">\u202fO per\u00edodo de promo\u00e7\u00e3o da Campanha Junho Verde est\u00e1 chegando ao fim, mas o seu chamamento para uma rea\u00e7\u00e3o permanece. A pertin\u00eancia e urg\u00eancia da tem\u00e1tica ambiental requerem, de todos, uma permanente e imediata dedica\u00e7\u00e3o. N\u00e3o se pode esperar o pr\u00f3ximo ano para reagir, nem aguardar sofrer as consequ\u00eancias mais graves das devasta\u00e7\u00f5es ambientais para se dedicar a mudan\u00e7as. As convoca\u00e7\u00f5es da Campanha Junho Verde devem inspirar novos h\u00e1bitos diariamente, fortalecendo a compreens\u00e3o de que todos os organismos vivos est\u00e3o fortemente vinculados com as condi\u00e7\u00f5es do meio ambiente. Ora, a sociedade depende da natureza, necessita dela para tudo. O esgotamento ambiental precisa ser combatido com a busca pela supera\u00e7\u00e3o dos desperd\u00edcios e dos estilos de vida incompat\u00edveis com a sustentabilidade da casa comum. \u00c9 tempo de compreender mais sobre ecologia, todos se fazendo aprendizes, para que a humanidade n\u00e3o pade\u00e7a, cada vez mais, com diferentes tipos de esgotamento e escassez.\u202f\u202f<\/span><span data-ccp-props=\"{&quot;201341983&quot;:0,&quot;335551550&quot;:6,&quot;335551620&quot;:6,&quot;335557856&quot;:16777215,&quot;335559739&quot;:0,&quot;335559740&quot;:240}\">\u00a0<\/span><\/p>\n<hr \/>\n<p><em>Dom Walmor Oliveira de Azevedo<\/em><\/p>\n","protected":false},"excerpt":{"rendered":"<p>Dom Walmor Oliveira de Azevedo<\/p>\n","protected":false},"author":10,"featured_media":194806,"comment_status":"open","ping_status":"open","sticky":false,"template":"","format":"standard","meta":{"footnotes":""},"categories":[26],"tags":[271],"yoast_head":"<!-- This site is optimized with the Yoast SEO plugin v19.4 - https:\/\/yoast.com\/wordpress\/plugins\/seo\/ -->\n<title>Esgotamento e escassez - Vida Crist\u00e3 - Franciscanos<\/title>\n<meta name=\"robots\" content=\"index, follow, max-snippet:-1, max-image-preview:large, max-video-preview:-1\" \/>\n<link rel=\"canonical\" href=\"https:\/\/franciscanos.org.br\/vidacrista\/esgotamento-e-escassez\/\" \/>\n<meta property=\"og:locale\" content=\"pt_BR\" \/>\n<meta property=\"og:type\" content=\"article\" \/>\n<meta property=\"og:title\" content=\"Esgotamento e escassez - Vida Crist\u00e3 - Franciscanos\" \/>\n<meta property=\"og:description\" content=\"Dom Walmor Oliveira de Azevedo\" \/>\n<meta property=\"og:url\" content=\"https:\/\/franciscanos.org.br\/vidacrista\/esgotamento-e-escassez\/\" \/>\n<meta property=\"og:site_name\" content=\"Vida Crist\u00e3 - Franciscanos\" \/>\n<meta property=\"article:published_time\" content=\"2024-07-02T12:51:40+00:00\" \/>\n<meta property=\"article:modified_time\" content=\"2024-07-11T12:55:16+00:00\" \/>\n<meta property=\"og:image\" content=\"https:\/\/franciscanos.org.br\/vidacrista\/wp-content\/uploads\/2024\/07\/destaque.jpg\" \/>\n\t<meta property=\"og:image:width\" content=\"978\" \/>\n\t<meta property=\"og:image:height\" content=\"550\" \/>\n\t<meta property=\"og:image:type\" content=\"image\/jpeg\" \/>\n<meta name=\"author\" content=\"Adriana Rabelo\" \/>\n<meta name=\"twitter:card\" content=\"summary_large_image\" \/>\n<meta name=\"twitter:label1\" content=\"Escrito por\" \/>\n\t<meta name=\"twitter:data1\" content=\"Adriana Rabelo\" \/>\n\t<meta name=\"twitter:label2\" content=\"Est. tempo de leitura\" \/>\n\t<meta name=\"twitter:data2\" content=\"5 minutos\" \/>\n<script type=\"application\/ld+json\" class=\"yoast-schema-graph\">{\"@context\":\"https:\/\/schema.org\",\"@graph\":[{\"@type\":\"WebSite\",\"@id\":\"https:\/\/franciscanos.org.br\/vidacrista\/#website\",\"url\":\"https:\/\/franciscanos.org.br\/vidacrista\/\",\"name\":\"Vida Crist\u00e3 - Franciscanos\",\"description\":\"Prov\u00edncia Franciscana da Imaculada Concei\u00e7\u00e3o do Brasil - Ordem dos Frades Menores\",\"potentialAction\":[{\"@type\":\"SearchAction\",\"target\":{\"@type\":\"EntryPoint\",\"urlTemplate\":\"https:\/\/franciscanos.org.br\/vidacrista\/?s={search_term_string}\"},\"query-input\":\"required name=search_term_string\"}],\"inLanguage\":\"pt-BR\"},{\"@type\":\"WebPage\",\"@id\":\"https:\/\/franciscanos.org.br\/vidacrista\/esgotamento-e-escassez\/\",\"url\":\"https:\/\/franciscanos.org.br\/vidacrista\/esgotamento-e-escassez\/\",\"name\":\"Esgotamento e escassez - Vida Crist\u00e3 - Franciscanos\",\"isPartOf\":{\"@id\":\"https:\/\/franciscanos.org.br\/vidacrista\/#website\"},\"datePublished\":\"2024-07-02T12:51:40+00:00\",\"dateModified\":\"2024-07-11T12:55:16+00:00\",\"author\":{\"@id\":\"https:\/\/franciscanos.org.br\/vidacrista\/#\/schema\/person\/a0cbb2edfc0aecf8ac498802d1cb57b5\"},\"breadcrumb\":{\"@id\":\"https:\/\/franciscanos.org.br\/vidacrista\/esgotamento-e-escassez\/#breadcrumb\"},\"inLanguage\":\"pt-BR\",\"potentialAction\":[{\"@type\":\"ReadAction\",\"target\":[\"https:\/\/franciscanos.org.br\/vidacrista\/esgotamento-e-escassez\/\"]}]},{\"@type\":\"BreadcrumbList\",\"@id\":\"https:\/\/franciscanos.org.br\/vidacrista\/esgotamento-e-escassez\/#breadcrumb\",\"itemListElement\":[{\"@type\":\"ListItem\",\"position\":1,\"name\":\"Home\",\"item\":\"https:\/\/franciscanos.org.br\/vidacrista\/\"},{\"@type\":\"ListItem\",\"position\":2,\"name\":\"Esgotamento e escassez\"}]},{\"@type\":\"Person\",\"@id\":\"https:\/\/franciscanos.org.br\/vidacrista\/#\/schema\/person\/a0cbb2edfc0aecf8ac498802d1cb57b5\",\"name\":\"Adriana Rabelo\",\"image\":{\"@type\":\"ImageObject\",\"inLanguage\":\"pt-BR\",\"@id\":\"https:\/\/franciscanos.org.br\/vidacrista\/#\/schema\/person\/image\/\",\"url\":\"https:\/\/secure.gravatar.com\/avatar\/0a937b7500cd7df77540cfb8bede877d?s=96&d=mm&r=g\",\"contentUrl\":\"https:\/\/secure.gravatar.com\/avatar\/0a937b7500cd7df77540cfb8bede877d?s=96&d=mm&r=g\",\"caption\":\"Adriana Rabelo\"},\"url\":\"https:\/\/franciscanos.org.br\/vidacrista\/author\/adrianarabelo\/\"}]}<\/script>\n<!-- \/ Yoast SEO plugin. -->","yoast_head_json":{"title":"Esgotamento e escassez - Vida Crist\u00e3 - Franciscanos","robots":{"index":"index","follow":"follow","max-snippet":"max-snippet:-1","max-image-preview":"max-image-preview:large","max-video-preview":"max-video-preview:-1"},"canonical":"https:\/\/franciscanos.org.br\/vidacrista\/esgotamento-e-escassez\/","og_locale":"pt_BR","og_type":"article","og_title":"Esgotamento e escassez - Vida Crist\u00e3 - Franciscanos","og_description":"Dom Walmor Oliveira de Azevedo","og_url":"https:\/\/franciscanos.org.br\/vidacrista\/esgotamento-e-escassez\/","og_site_name":"Vida Crist\u00e3 - Franciscanos","article_published_time":"2024-07-02T12:51:40+00:00","article_modified_time":"2024-07-11T12:55:16+00:00","og_image":[{"width":978,"height":550,"url":"https:\/\/franciscanos.org.br\/vidacrista\/wp-content\/uploads\/2024\/07\/destaque.jpg","type":"image\/jpeg"}],"author":"Adriana Rabelo","twitter_card":"summary_large_image","twitter_misc":{"Escrito por":"Adriana Rabelo","Est. tempo de leitura":"5 minutos"},"schema":{"@context":"https:\/\/schema.org","@graph":[{"@type":"WebSite","@id":"https:\/\/franciscanos.org.br\/vidacrista\/#website","url":"https:\/\/franciscanos.org.br\/vidacrista\/","name":"Vida Crist\u00e3 - Franciscanos","description":"Prov\u00edncia Franciscana da Imaculada Concei\u00e7\u00e3o do Brasil - Ordem dos Frades Menores","potentialAction":[{"@type":"SearchAction","target":{"@type":"EntryPoint","urlTemplate":"https:\/\/franciscanos.org.br\/vidacrista\/?s={search_term_string}"},"query-input":"required name=search_term_string"}],"inLanguage":"pt-BR"},{"@type":"WebPage","@id":"https:\/\/franciscanos.org.br\/vidacrista\/esgotamento-e-escassez\/","url":"https:\/\/franciscanos.org.br\/vidacrista\/esgotamento-e-escassez\/","name":"Esgotamento e escassez - Vida Crist\u00e3 - Franciscanos","isPartOf":{"@id":"https:\/\/franciscanos.org.br\/vidacrista\/#website"},"datePublished":"2024-07-02T12:51:40+00:00","dateModified":"2024-07-11T12:55:16+00:00","author":{"@id":"https:\/\/franciscanos.org.br\/vidacrista\/#\/schema\/person\/a0cbb2edfc0aecf8ac498802d1cb57b5"},"breadcrumb":{"@id":"https:\/\/franciscanos.org.br\/vidacrista\/esgotamento-e-escassez\/#breadcrumb"},"inLanguage":"pt-BR","potentialAction":[{"@type":"ReadAction","target":["https:\/\/franciscanos.org.br\/vidacrista\/esgotamento-e-escassez\/"]}]},{"@type":"BreadcrumbList","@id":"https:\/\/franciscanos.org.br\/vidacrista\/esgotamento-e-escassez\/#breadcrumb","itemListElement":[{"@type":"ListItem","position":1,"name":"Home","item":"https:\/\/franciscanos.org.br\/vidacrista\/"},{"@type":"ListItem","position":2,"name":"Esgotamento e escassez"}]},{"@type":"Person","@id":"https:\/\/franciscanos.org.br\/vidacrista\/#\/schema\/person\/a0cbb2edfc0aecf8ac498802d1cb57b5","name":"Adriana Rabelo","image":{"@type":"ImageObject","inLanguage":"pt-BR","@id":"https:\/\/franciscanos.org.br\/vidacrista\/#\/schema\/person\/image\/","url":"https:\/\/secure.gravatar.com\/avatar\/0a937b7500cd7df77540cfb8bede877d?s=96&d=mm&r=g","contentUrl":"https:\/\/secure.gravatar.com\/avatar\/0a937b7500cd7df77540cfb8bede877d?s=96&d=mm&r=g","caption":"Adriana Rabelo"},"url":"https:\/\/franciscanos.org.br\/vidacrista\/author\/adrianarabelo\/"}]}},"_links":{"self":[{"href":"https:\/\/franciscanos.org.br\/vidacrista\/wp-json\/wp\/v2\/posts\/194799"}],"collection":[{"href":"https:\/\/franciscanos.org.br\/vidacrista\/wp-json\/wp\/v2\/posts"}],"about":[{"href":"https:\/\/franciscanos.org.br\/vidacrista\/wp-json\/wp\/v2\/types\/post"}],"author":[{"embeddable":true,"href":"https:\/\/franciscanos.org.br\/vidacrista\/wp-json\/wp\/v2\/users\/10"}],"replies":[{"embeddable":true,"href":"https:\/\/franciscanos.org.br\/vidacrista\/wp-json\/wp\/v2\/comments?post=194799"}],"version-history":[{"count":2,"href":"https:\/\/franciscanos.org.br\/vidacrista\/wp-json\/wp\/v2\/posts\/194799\/revisions"}],"predecessor-version":[{"id":194859,"href":"https:\/\/franciscanos.org.br\/vidacrista\/wp-json\/wp\/v2\/posts\/194799\/revisions\/194859"}],"wp:featuredmedia":[{"embeddable":true,"href":"https:\/\/franciscanos.org.br\/vidacrista\/wp-json\/wp\/v2\/media\/194806"}],"wp:attachment":[{"href":"https:\/\/franciscanos.org.br\/vidacrista\/wp-json\/wp\/v2\/media?parent=194799"}],"wp:term":[{"taxonomy":"category","embeddable":true,"href":"https:\/\/franciscanos.org.br\/vidacrista\/wp-json\/wp\/v2\/categories?post=194799"},{"taxonomy":"post_tag","embeddable":true,"href":"https:\/\/franciscanos.org.br\/vidacrista\/wp-json\/wp\/v2\/tags?post=194799"}],"curies":[{"name":"wp","href":"https:\/\/api.w.org\/{rel}","templated":true}]}}