{"id":194791,"date":"2024-06-28T15:48:24","date_gmt":"2024-06-28T18:48:24","guid":{"rendered":"https:\/\/franciscanos.org.br\/vidacrista\/?p=194791"},"modified":"2024-07-11T09:56:41","modified_gmt":"2024-07-11T12:56:41","slug":"a-morte-de-sao-pedro-segundo-atos-de-pedro","status":"publish","type":"post","link":"https:\/\/franciscanos.org.br\/vidacrista\/a-morte-de-sao-pedro-segundo-atos-de-pedro\/","title":{"rendered":"A morte de S\u00e3o Pedro segundo Atos de Pedro"},"content":{"rendered":"<p><iframe loading=\"lazy\" title=\"YouTube video player\" src=\"https:\/\/www.youtube.com\/embed\/xi0ZvvqrVog?si=mErVmaj57GjYM10E\" width=\"100%\" height=\"480\" frameborder=\"0\" allowfullscreen=\"allowfullscreen\"><span data-mce-type=\"bookmark\" style=\"display: inline-block; width: 0px; overflow: hidden; line-height: 0;\" class=\"mce_SELRES_start\">\ufeff<\/span><\/iframe><\/p>\n<p><span style=\"font-weight: 400;\">Pedro, segundo os livros ap\u00f3crifos, depois da morte de Jesus, viveu ainda doze anos em Jerusal\u00e9m e um ano em Roma.<\/span><i><span style=\"font-weight: 400;\">\u00a0<\/span><\/i><\/p>\n<p><i><span style=\"font-weight: 400;\">Atos de Pedro<\/span><\/i><span style=\"font-weight: 400;\"> conta que a morte de Pedro ocorreu do seguinte modo: persuadido pelos irm\u00e3os a fugir de Roma, pois o Prefeito Agripa e um tal Albino o perseguiam por causa da sua prega\u00e7\u00e3o em favor da castidade, Pedro fugiu disfar\u00e7ado e sozinho de Roma. Ele mesmo disse: \u201cQue nenhum de voc\u00eas venha comigo. Eu vou sair sozinho, ap\u00f3s ter trocado as minhas vestes\u201d. Mas, eis que na porta da cidade, o Senhor lhe apareceu. Pedro lhe perguntou: \u201cAonde vais, Senhor?\u201d O Senhor lhe respondeu: \u201cVou a Roma para ser crucificado\u201d. \u201cOutra vez, Senhor?, perguntou Pedro. \u201cSim, Pedro, outra vez serei crucificado\u201d, disse Jesus. Pedro caiu em si e viu Jesus voltando para o c\u00e9u. Pedro, ent\u00e3o, voltou a Roma louvando e anunciando que Jesus havia dito: \u201cSerei crucificado<\/span><i><span style=\"font-weight: 400;\">\u201d<\/span><\/i><span style=\"font-weight: 400;\">. Pedro, n\u00e3o sabia que a crucifix\u00e3o iria acontecer com ele. Pedro fez saber aos seus irm\u00e3os que ele havia voltado. Eles sentiram pesar por isso e disseram: \u201cN\u00f3s t\u00ednhamos te suplicado de fugir e voc\u00ea voltou\u201d. Enquanto Pedro justificava a sua atitude diante dos irm\u00e3os, os quais choravam, quatro soldados vieram e prenderam a Pedro e o conduziram a Agripa, que ordenou a sua crucifix\u00e3o. Ent\u00e3o, uma multid\u00e3o de irm\u00e3os sa\u00edram em sua defesa, pobres e ricos, \u00f3rf\u00e3os e vi\u00favas, poderosos e humildes vieram todos correndo para ver Pedro e defend\u00ea-lo. E todo o povo gritava em un\u00edssono: \u201cQual foi o mal cometido por Pedro?\u201d \u201cQue ele te fez? Diga a n\u00f3s, os romanos.\u201d E Pedro saiu e foi ao encontro da multid\u00e3o e a acalmou, relembrando os sinais e milagres que ele tinha realizado em nome de Cristo, e disse-lhes: \u201cEsperem-no, com a sua vinda cada um pagar\u00e1 segundo suas obras. N\u00e3o fa\u00e7ais nada contra Agripa. Tudo acontece conforme o Senhor me revelou que ia acontecer\u201d.\u00a0<\/span><\/p>\n<p><b>A ora\u00e7\u00e3o de S\u00e3o Pedro ao ser crucificado<\/b><\/p>\n<p><span style=\"font-weight: 400;\">E estando para ser crucificado, Pedro proferiu as seguintes palavras:\u00a0<\/span><\/p>\n<p><span style=\"font-weight: 400;\">\u201c\u00d3 cruz, tu que \u00e9s mist\u00e9rio oculto! \u00d3 gra\u00e7a inef\u00e1vel que \u00e9 pronunciada em nome da cruz! \u00d3 natureza humana, que n\u00e3o pode permanecer separada de Deus! \u00d3 doce comunh\u00e3o, indiz\u00edvel e insepar\u00e1vel que n\u00e3o pode ser manifestada por l\u00e1bios impuros! Apodero-me de ti, agora que estou ao fim de minha jornada. Declarei aquilo que tu \u00e9s, e n\u00e3o manterei sil\u00eancio diante do mist\u00e9rio da cruz, o qual desde muito foi coberto e oculto de minha alma. A cruz \u00e9 algo distinto daquilo que aparenta ser. Ela \u00e9 a pr\u00f3pria paix\u00e3o conforme experimentada por Cristo. E agora, sobretudo v\u00f3s que podeis me escutar, v\u00f3s que tendes f\u00e9, escutai-me nesse momento derradeiro e supremo da minha vida\u201d.\u00a0<\/span><\/p>\n<p><span style=\"font-weight: 400;\">E Pedro continuou o discurso. Ao final, pediu aos carrascos que o crucificasse de cabe\u00e7a para baixo. Pedro n\u00e3o se julgava digno de morrer como Jesus<\/span><span style=\"font-weight: 400;\">. E enquanto realizava-se o seu desejo, Pedro tomou novamente a palavra e fez um longo discurso aos presentes sobre o sentido m\u00edstico dessa forma de crucifix\u00e3o, terminando-o com a seguinte ora\u00e7\u00e3o de a\u00e7\u00e3o de gra\u00e7as Jesus Cristo: \u201cTu \u00e9s para mim meu pai, minha m\u00e3e, meu irm\u00e3o, meu amigo, meu servidor. Tu \u00e9s o todo e o Todo est\u00e1 em ti; \u00e9s o ser, e nada \u00e9, exceto tu. Recorram a ele, irm\u00e3os, e entendam que vosso somente se encontram nele. Ent\u00e3o conseguireis aquilo que a prop\u00f3sito do qual ele disse que nem o olho viu, nem ouvido ouviu, nem chego a cora\u00e7\u00e3o humano algum. Te pedimos, pois, o que nos promete dar-nos, oh Jesus sem mancha. Te louvamos; te damos gra\u00e7as. Como homens fracos te reverenciamos e reconhecemos que somente tu, e nada mais que tu, \u00e9s Deus. Tu \u00e9s a gl\u00f3ria agora e por toda a eternidade\u201d. E enquanto a multid\u00e3o dos presentes exclamava, em alta voz, \u201cAm\u00e9m\u201d, Pedro entregou seu esp\u00edrito ao Senhor<\/span><span style=\"font-weight: 400;\">.\u00a0<\/span><\/p>\n<p><span style=\"font-weight: 400;\">Marcelo, o senador romano que havia se convertido ao cristianismo por obra de Pedro, vendo que Pedro havia expirado, o tirou da cruz, preparou seu corpo com aromas e perfumes e o enterrou com dignidade. O imperador Nero se irritou com o prefeito Agripa pelo fato desse ter matado Pedro sem que ele fosse comunicado. Por muito tempo, Nero n\u00e3o dirigiu a palavra a Agripa.\u00a0\u00a0\u00a0\u00a0\u00a0\u00a0\u00a0\u00a0\u00a0\u00a0\u00a0\u00a0\u00a0\u00a0\u00a0\u00a0\u00a0\u00a0\u00a0<\/span><\/p>\n<p><span style=\"font-weight: 400;\">Assim, Pedro morreu crucificado de cabe\u00e7a para baixo, sob o governo do imperador Nero, no circo de Nero, perto do atual Vaticano. A tradi\u00e7\u00e3o conservou duas datas poss\u00edveis: fim de 67 da E.C ou a 13 de outubro de 64.<\/span><\/p>\n<hr \/>\n<h2 style=\"text-align: center;\"><b>O dia em que S\u00e3o Paulo foi degolado segundo Atos de Paulo<\/b><\/h2>\n<p><iframe loading=\"lazy\" title=\"YouTube video player\" src=\"https:\/\/www.youtube.com\/embed\/g-oImtpKLsY?si=PHDgp6E3vMHC1kGc\" width=\"100%\" height=\"480\" frameborder=\"0\" allowfullscreen=\"allowfullscreen\"><span data-mce-type=\"bookmark\" style=\"display: inline-block; width: 0px; overflow: hidden; line-height: 0;\" class=\"mce_SELRES_start\">\ufeff<\/span><\/iframe><\/p>\n<p><span style=\"font-weight: 400;\">O fim da vida de S\u00e3o Paulo foi marcado pelas a\u00e7\u00f5es do cruel e sanguin\u00e1rio imperador de Roma, Nero Cl\u00e1udio C\u00e9sar, que reinou de outubro de 54 a junho de 68 E.C.<\/span><\/p>\n<p><span style=\"font-weight: 400;\">Nero, que sempre mandava matar e torturar homens que ele amava. Condenou \u00e0 morte a sua pr\u00f3pria m\u00e3e, Agripina e duas de suas esposas, assim como o fil\u00f3sofo S\u00f3crates. Ele n\u00e3o agiu diferentemente com S\u00e3o Paulo. Ele, ent\u00e3o, promulgou um decreto que todos os crist\u00e3os e soldados do Cristo fossem procurados e executados.<\/span><\/p>\n<p><i><span style=\"font-weight: 400;\">Atos de Paulo<\/span><\/i><span style=\"font-weight: 400;\">\u00a0 narra que entre muitos outros crist\u00e3os, Paulo tamb\u00e9m foi acorrentado e levado. Os que foram presos com ele olhavam para ele, de maneira que C\u00e9sar percebeu que ele era o l\u00edder <\/span><span style=\"font-weight: 400;\">dos soldados. Nero, ent\u00e3o, disse a Paulo: \u201cHomem do grande rei, agora meu prisioneiro, o que te incitou a entrar furtivamente no Imp\u00e9rio romano e a recrutar soldados no meu territ\u00f3rio?\u201d Paulo, cheio do Esp\u00edrito Santo, disse, na presen\u00e7a de todos: \u201cC\u00e9sar, n\u00f3s alistamos soldados n\u00e3o apenas no teu territ\u00f3rio, mas em todos os pa\u00edses da terra. Pois recebemos a ordem de a ningu\u00e9m excluir dos que querem lutar por meu rei. Se te parecer justo, serve-o, pois nem a riqueza, nem as coisas preciosas desta vida te poder\u00e3o salvar, mas somente se te tornares sujeito dele e o suplicar, ser\u00e1s salvo. Pois num dia, ele far\u00e1 guerra, destruir\u00e1 o mundo.\u201d<\/span><\/p>\n<p><span style=\"font-weight: 400;\">Tendo ouvido aquilo, Nero mandou queimar todos os prisioneiros, e degolar Paulo segundo a lei dos romanos. Paulo n\u00e3o ficou calado e comunicou a palavra ao prefeito Longo e a Cesto, o centuri\u00e3o. Nero instigado pelo dem\u00f3nio, ficou enraivado e executou muitos crist\u00e3os sem julgamento.\u00a0<\/span><\/p>\n<p><span style=\"font-weight: 400;\">Ent\u00e3o os romanos ficaram em frente do pal\u00e1cio e gritaram: \u201cBasta, C\u00e9sar! Esses homens s\u00e3o nossos. Tu destr\u00f3is a for\u00e7a dos romanos. Sendo assim convencido, ele desistiu e ordenou que nenhum crist\u00e3o fosse molestado at\u00e9 que o processo dele tenha sido investigado.<\/span><\/p>\n<p><span style=\"font-weight: 400;\">Depois da publica\u00e7\u00e3o do decreto, Paulo foi levado perante Nero e este insistiu que ele fosse executado. Paulo disse: \u201cC\u00e9sar, vivo n\u00e3o apenas por curto tempo para o meu rei; e se tu me executares, farei o seguinte: ressuscitarei e te aparecerei, porque n\u00e3o estarei morto, mas vivo para o meu rei, o Cristo Jesus que vir\u00e1 para julgar a terra.\u00a0<\/span><\/p>\n<p><span style=\"font-weight: 400;\">Longo e Cesto disseram a Paulo: \u201cDonde tens tu esse rei a ponto de acreditares nele sem mudar de pensamento, mesmo com perigo de morte?\u201d Paulo respondeu: \u201cV\u00f3s, homens, estais agora ignorantes e no erro, mudai de pensamento e sereis salvos do fogo que vem sobre a terra inteira. Pois n\u00f3s lutamos, n\u00e3o como v\u00f3s o pensais por um rei terrestre, mas por um (rei) que \u00e9 do c\u00e9u: ele \u00e9 o Deus vivo que vem como juiz por causa das iniquidades que acontecem no mundo. Bem-aventurado aquele que acreditar nele, pois viver\u00e1 eternamente, quando ele vir\u00e1 com o fogo para purificar a terra.\u201d\u00a0<\/span><\/p>\n<p><span style=\"font-weight: 400;\">Eles suplicaram, dizendo: \u201cN\u00f3s te pedimos, ajuda-nos e n\u00f3s te soltaremos\u201d. Ele respondeu: \u201cEu n\u00e3o sou um desertor de Cristo, mas um fiel soldado do Deus vivo. Se soubesse que iria morrer, eu continuaria no mesmo prop\u00f3sito, Longo e Cesto. Mas j\u00e1 que vivo em Deus e que me amo a mim mesmo, eu vou para o Senhor, para que possa voltar com ele na gl\u00f3ria de seu Pai\u201d. Disseram: \u201cComo <\/span><span style=\"font-weight: 400;\">poderemos viver depois que tiveres sido degolado?\u201d\u00a0<\/span><\/p>\n<p><b>O dia em que Paulo foi degolado<\/b><\/p>\n<p><span style=\"font-weight: 400;\">Enquanto estavam conversando, Nero enviou um tal Part\u00eanio e Feretas para fiscalizar se Paulo havia j\u00e1 sido degolado. Eles o encontraram ainda vivo. Paulo os chamou perto de si e disse: \u201cAcreditai no Deus vivo, que ressuscita dos mortos a mim e a todos quantos acreditarem nele\u201d. Responderam: \u201cVamos agora a Nero, mas quando tiveres morrido e ressuscitado, ent\u00e3o, acreditaremos no teu Deus\u201d.\u00a0<\/span><\/p>\n<p><span style=\"font-weight: 400;\">Longo <\/span><span style=\"font-weight: 400;\">e Cesto continuaram interrogando-o sobre a salva\u00e7\u00e3o. Ent\u00e3o ele lhes disse: \u201cIde depressa ao meu t\u00famulo de madrugada e encontrareis dois homens em ora\u00e7\u00e3o, Tito e Lucas. Eles vos dar\u00e3o o selo do Senhor\u201d.\u00a0<\/span><\/p>\n<p><span style=\"font-weight: 400;\">Ent\u00e3o, virando-se para o leste, Paulo levantou suas m\u00e3os para o c\u00e9u e orou longamente depois de ter conversado em <\/span><span style=\"font-weight: 400;\">hebraico com os antepassados na sua ora\u00e7\u00e3o, ele apresentou a sua cabe\u00e7a sem falar mais nada. Quando o algoz o degolou saiu leite de sua cabe\u00e7a e jorrou sobre a t\u00fanica do soldado. O soldado e os outros que estavam por perto ficaram at\u00f4nitos quando viram isso e glorificaram a Deus que honrou Paulo dessa maneira. Foram se embora e relataram a C\u00e9sar o que havia acontecido.<\/span><\/p>\n<p><span style=\"font-weight: 400;\">Quando C\u00e9sar ouviu isso, ficou estupefato e n\u00e3o soube o que dizer. Enquanto muitos fil\u00f3sofos e o centuri\u00e3o estavam reunidos ao redor do Imperador, Paulo veio pelas 15 h e, na presen\u00e7a de todos, disse: \u201cC\u00e9sar, v\u00ea aqui Paulo, o <\/span><span style=\"font-weight: 400;\">soldado de Deus. N\u00e3o estou morto, mas vivo no meu Deus, mas sobre ti, miser\u00e1vel, muitos males e castigos cair\u00e3o, porque faz poucos dias, derramaste iniquamente o sangue de muitos justos\u201d.\u00a0<\/span><\/p>\n<p><span style=\"font-weight: 400;\">Depois de ter assim falado, Paulo partiu. Mas quando Nero ouviu aquilo, ele ficou profundamente perturbado e ordenou libertar os prisioneiros, inclusive Patroclo, Barsabas e seus companheiros.<\/span><\/p>\n<p><span style=\"font-weight: 400;\">Como ele lhes tinha ordenado, Longo, Cesto centuri\u00e3o foram muito cedo ao t\u00famulo de Paulo. E como se aproximassem, acharam dois homens em ora\u00e7\u00e3o e Paulo com eles. Ficaram gelados quando viram esse milagre inesperado, mas Tito e Lucas, ficaram apavorados quando viram Longo e Cesto e fugiram. Mas eles correram atr\u00e1s deles e lhes disseram: \u201cN\u00e3o estamos vos perseguindo para vos matar, como pensais, v\u00f3s bem-aventurados homens de Deus, mas para a vida que podeis nos dar, como Paulo nos prometeu. Acabamos de v\u00ea-lo em ora\u00e7\u00e3o convosco\u201d. Ouvindo isso Tito e Lucas lhes conferiram alegremente a crisma no Senhor, glorificando a Deus, o Pai de nosso Senhor Jesus Cristo, a quem a gl\u00f3ria para todo sempre. Am\u00e9m.<\/span><\/p>\n<p><span style=\"font-weight: 400;\">Paulo foi degolado, por causa de seu privil\u00e9gio de cidad\u00e3o romano, segundo tradi\u00e7\u00f5es no ano de 64 ou 67 E.C., na Igreja de S\u00e3o Paulo Extramuros, em Roma. H\u00e1 testemunhos tamb\u00e9m de que isso tenho acontecido na Abadia das Tr\u00eas Fontes, em Roma, sendo a primeira hip\u00f3tese a mais aceita.<\/span><\/p>\n<hr \/>\n<p><i><span style=\"font-weight: 400;\">Frei Jacir de Freitas Faria<\/span><\/i><\/p>\n","protected":false},"excerpt":{"rendered":"<p>Frei Jacir de Freitas Faria<\/p>\n","protected":false},"author":9,"featured_media":194792,"comment_status":"open","ping_status":"open","sticky":false,"template":"","format":"standard","meta":{"footnotes":""},"categories":[26],"tags":[393,392],"yoast_head":"<!-- This site is optimized with the Yoast SEO plugin v19.4 - https:\/\/yoast.com\/wordpress\/plugins\/seo\/ -->\n<title>A morte de S\u00e3o Pedro segundo Atos de Pedro - Vida Crist\u00e3 - Franciscanos<\/title>\n<meta name=\"robots\" content=\"index, follow, max-snippet:-1, max-image-preview:large, max-video-preview:-1\" \/>\n<link rel=\"canonical\" href=\"https:\/\/franciscanos.org.br\/vidacrista\/a-morte-de-sao-pedro-segundo-atos-de-pedro\/\" \/>\n<meta property=\"og:locale\" content=\"pt_BR\" \/>\n<meta property=\"og:type\" content=\"article\" \/>\n<meta property=\"og:title\" content=\"A morte de S\u00e3o Pedro segundo Atos de Pedro - Vida Crist\u00e3 - Franciscanos\" \/>\n<meta property=\"og:description\" content=\"Frei Jacir de Freitas Faria\" \/>\n<meta property=\"og:url\" content=\"https:\/\/franciscanos.org.br\/vidacrista\/a-morte-de-sao-pedro-segundo-atos-de-pedro\/\" \/>\n<meta property=\"og:site_name\" content=\"Vida Crist\u00e3 - Franciscanos\" \/>\n<meta property=\"article:published_time\" content=\"2024-06-28T18:48:24+00:00\" \/>\n<meta property=\"article:modified_time\" content=\"2024-07-11T12:56:41+00:00\" \/>\n<meta property=\"og:image\" content=\"https:\/\/franciscanos.org.br\/vidacrista\/wp-content\/uploads\/2024\/06\/Destaques_PEDRO-E-PAULO-1024x576-1.jpg\" \/>\n\t<meta property=\"og:image:width\" content=\"1024\" \/>\n\t<meta property=\"og:image:height\" content=\"576\" \/>\n\t<meta property=\"og:image:type\" content=\"image\/jpeg\" \/>\n<meta name=\"author\" content=\"Jo\u00e3o Vitor\" \/>\n<meta name=\"twitter:card\" content=\"summary_large_image\" \/>\n<meta name=\"twitter:label1\" content=\"Escrito por\" \/>\n\t<meta name=\"twitter:data1\" content=\"Jo\u00e3o Vitor\" \/>\n\t<meta name=\"twitter:label2\" content=\"Est. tempo de leitura\" \/>\n\t<meta name=\"twitter:data2\" content=\"10 minutos\" \/>\n<script type=\"application\/ld+json\" class=\"yoast-schema-graph\">{\"@context\":\"https:\/\/schema.org\",\"@graph\":[{\"@type\":\"WebSite\",\"@id\":\"https:\/\/franciscanos.org.br\/vidacrista\/#website\",\"url\":\"https:\/\/franciscanos.org.br\/vidacrista\/\",\"name\":\"Vida Crist\u00e3 - Franciscanos\",\"description\":\"Prov\u00edncia Franciscana da Imaculada Concei\u00e7\u00e3o do Brasil - Ordem dos Frades Menores\",\"potentialAction\":[{\"@type\":\"SearchAction\",\"target\":{\"@type\":\"EntryPoint\",\"urlTemplate\":\"https:\/\/franciscanos.org.br\/vidacrista\/?s={search_term_string}\"},\"query-input\":\"required name=search_term_string\"}],\"inLanguage\":\"pt-BR\"},{\"@type\":\"WebPage\",\"@id\":\"https:\/\/franciscanos.org.br\/vidacrista\/a-morte-de-sao-pedro-segundo-atos-de-pedro\/\",\"url\":\"https:\/\/franciscanos.org.br\/vidacrista\/a-morte-de-sao-pedro-segundo-atos-de-pedro\/\",\"name\":\"A morte de S\u00e3o Pedro segundo Atos de Pedro - Vida Crist\u00e3 - Franciscanos\",\"isPartOf\":{\"@id\":\"https:\/\/franciscanos.org.br\/vidacrista\/#website\"},\"datePublished\":\"2024-06-28T18:48:24+00:00\",\"dateModified\":\"2024-07-11T12:56:41+00:00\",\"author\":{\"@id\":\"https:\/\/franciscanos.org.br\/vidacrista\/#\/schema\/person\/d9f9482315d3f26b8e1be15d5fc373f1\"},\"breadcrumb\":{\"@id\":\"https:\/\/franciscanos.org.br\/vidacrista\/a-morte-de-sao-pedro-segundo-atos-de-pedro\/#breadcrumb\"},\"inLanguage\":\"pt-BR\",\"potentialAction\":[{\"@type\":\"ReadAction\",\"target\":[\"https:\/\/franciscanos.org.br\/vidacrista\/a-morte-de-sao-pedro-segundo-atos-de-pedro\/\"]}]},{\"@type\":\"BreadcrumbList\",\"@id\":\"https:\/\/franciscanos.org.br\/vidacrista\/a-morte-de-sao-pedro-segundo-atos-de-pedro\/#breadcrumb\",\"itemListElement\":[{\"@type\":\"ListItem\",\"position\":1,\"name\":\"Home\",\"item\":\"https:\/\/franciscanos.org.br\/vidacrista\/\"},{\"@type\":\"ListItem\",\"position\":2,\"name\":\"A morte de S\u00e3o Pedro segundo Atos de Pedro\"}]},{\"@type\":\"Person\",\"@id\":\"https:\/\/franciscanos.org.br\/vidacrista\/#\/schema\/person\/d9f9482315d3f26b8e1be15d5fc373f1\",\"name\":\"Jo\u00e3o Vitor\",\"image\":{\"@type\":\"ImageObject\",\"inLanguage\":\"pt-BR\",\"@id\":\"https:\/\/franciscanos.org.br\/vidacrista\/#\/schema\/person\/image\/\",\"url\":\"https:\/\/secure.gravatar.com\/avatar\/10ba5c9713e0c323617b4309a19e3a46?s=96&d=mm&r=g\",\"contentUrl\":\"https:\/\/secure.gravatar.com\/avatar\/10ba5c9713e0c323617b4309a19e3a46?s=96&d=mm&r=g\",\"caption\":\"Jo\u00e3o Vitor\"},\"url\":\"https:\/\/franciscanos.org.br\/vidacrista\/author\/joaovitor\/\"}]}<\/script>\n<!-- \/ Yoast SEO plugin. -->","yoast_head_json":{"title":"A morte de S\u00e3o Pedro segundo Atos de Pedro - Vida Crist\u00e3 - Franciscanos","robots":{"index":"index","follow":"follow","max-snippet":"max-snippet:-1","max-image-preview":"max-image-preview:large","max-video-preview":"max-video-preview:-1"},"canonical":"https:\/\/franciscanos.org.br\/vidacrista\/a-morte-de-sao-pedro-segundo-atos-de-pedro\/","og_locale":"pt_BR","og_type":"article","og_title":"A morte de S\u00e3o Pedro segundo Atos de Pedro - Vida Crist\u00e3 - Franciscanos","og_description":"Frei Jacir de Freitas Faria","og_url":"https:\/\/franciscanos.org.br\/vidacrista\/a-morte-de-sao-pedro-segundo-atos-de-pedro\/","og_site_name":"Vida Crist\u00e3 - Franciscanos","article_published_time":"2024-06-28T18:48:24+00:00","article_modified_time":"2024-07-11T12:56:41+00:00","og_image":[{"width":1024,"height":576,"url":"https:\/\/franciscanos.org.br\/vidacrista\/wp-content\/uploads\/2024\/06\/Destaques_PEDRO-E-PAULO-1024x576-1.jpg","type":"image\/jpeg"}],"author":"Jo\u00e3o Vitor","twitter_card":"summary_large_image","twitter_misc":{"Escrito por":"Jo\u00e3o Vitor","Est. tempo de leitura":"10 minutos"},"schema":{"@context":"https:\/\/schema.org","@graph":[{"@type":"WebSite","@id":"https:\/\/franciscanos.org.br\/vidacrista\/#website","url":"https:\/\/franciscanos.org.br\/vidacrista\/","name":"Vida Crist\u00e3 - Franciscanos","description":"Prov\u00edncia Franciscana da Imaculada Concei\u00e7\u00e3o do Brasil - Ordem dos Frades Menores","potentialAction":[{"@type":"SearchAction","target":{"@type":"EntryPoint","urlTemplate":"https:\/\/franciscanos.org.br\/vidacrista\/?s={search_term_string}"},"query-input":"required name=search_term_string"}],"inLanguage":"pt-BR"},{"@type":"WebPage","@id":"https:\/\/franciscanos.org.br\/vidacrista\/a-morte-de-sao-pedro-segundo-atos-de-pedro\/","url":"https:\/\/franciscanos.org.br\/vidacrista\/a-morte-de-sao-pedro-segundo-atos-de-pedro\/","name":"A morte de S\u00e3o Pedro segundo Atos de Pedro - Vida Crist\u00e3 - Franciscanos","isPartOf":{"@id":"https:\/\/franciscanos.org.br\/vidacrista\/#website"},"datePublished":"2024-06-28T18:48:24+00:00","dateModified":"2024-07-11T12:56:41+00:00","author":{"@id":"https:\/\/franciscanos.org.br\/vidacrista\/#\/schema\/person\/d9f9482315d3f26b8e1be15d5fc373f1"},"breadcrumb":{"@id":"https:\/\/franciscanos.org.br\/vidacrista\/a-morte-de-sao-pedro-segundo-atos-de-pedro\/#breadcrumb"},"inLanguage":"pt-BR","potentialAction":[{"@type":"ReadAction","target":["https:\/\/franciscanos.org.br\/vidacrista\/a-morte-de-sao-pedro-segundo-atos-de-pedro\/"]}]},{"@type":"BreadcrumbList","@id":"https:\/\/franciscanos.org.br\/vidacrista\/a-morte-de-sao-pedro-segundo-atos-de-pedro\/#breadcrumb","itemListElement":[{"@type":"ListItem","position":1,"name":"Home","item":"https:\/\/franciscanos.org.br\/vidacrista\/"},{"@type":"ListItem","position":2,"name":"A morte de S\u00e3o Pedro segundo Atos de Pedro"}]},{"@type":"Person","@id":"https:\/\/franciscanos.org.br\/vidacrista\/#\/schema\/person\/d9f9482315d3f26b8e1be15d5fc373f1","name":"Jo\u00e3o Vitor","image":{"@type":"ImageObject","inLanguage":"pt-BR","@id":"https:\/\/franciscanos.org.br\/vidacrista\/#\/schema\/person\/image\/","url":"https:\/\/secure.gravatar.com\/avatar\/10ba5c9713e0c323617b4309a19e3a46?s=96&d=mm&r=g","contentUrl":"https:\/\/secure.gravatar.com\/avatar\/10ba5c9713e0c323617b4309a19e3a46?s=96&d=mm&r=g","caption":"Jo\u00e3o Vitor"},"url":"https:\/\/franciscanos.org.br\/vidacrista\/author\/joaovitor\/"}]}},"_links":{"self":[{"href":"https:\/\/franciscanos.org.br\/vidacrista\/wp-json\/wp\/v2\/posts\/194791"}],"collection":[{"href":"https:\/\/franciscanos.org.br\/vidacrista\/wp-json\/wp\/v2\/posts"}],"about":[{"href":"https:\/\/franciscanos.org.br\/vidacrista\/wp-json\/wp\/v2\/types\/post"}],"author":[{"embeddable":true,"href":"https:\/\/franciscanos.org.br\/vidacrista\/wp-json\/wp\/v2\/users\/9"}],"replies":[{"embeddable":true,"href":"https:\/\/franciscanos.org.br\/vidacrista\/wp-json\/wp\/v2\/comments?post=194791"}],"version-history":[{"count":2,"href":"https:\/\/franciscanos.org.br\/vidacrista\/wp-json\/wp\/v2\/posts\/194791\/revisions"}],"predecessor-version":[{"id":194861,"href":"https:\/\/franciscanos.org.br\/vidacrista\/wp-json\/wp\/v2\/posts\/194791\/revisions\/194861"}],"wp:featuredmedia":[{"embeddable":true,"href":"https:\/\/franciscanos.org.br\/vidacrista\/wp-json\/wp\/v2\/media\/194792"}],"wp:attachment":[{"href":"https:\/\/franciscanos.org.br\/vidacrista\/wp-json\/wp\/v2\/media?parent=194791"}],"wp:term":[{"taxonomy":"category","embeddable":true,"href":"https:\/\/franciscanos.org.br\/vidacrista\/wp-json\/wp\/v2\/categories?post=194791"},{"taxonomy":"post_tag","embeddable":true,"href":"https:\/\/franciscanos.org.br\/vidacrista\/wp-json\/wp\/v2\/tags?post=194791"}],"curies":[{"name":"wp","href":"https:\/\/api.w.org\/{rel}","templated":true}]}}