{"id":194770,"date":"2024-06-19T11:00:01","date_gmt":"2024-06-19T14:00:01","guid":{"rendered":"https:\/\/franciscanos.org.br\/vidacrista\/?p=194770"},"modified":"2024-06-19T11:00:01","modified_gmt":"2024-06-19T14:00:01","slug":"nove-anos-apos-a-sua-publicacao-existe-agora-um-antes-e-um-depois-da-laudato-si","status":"publish","type":"post","link":"https:\/\/franciscanos.org.br\/vidacrista\/nove-anos-apos-a-sua-publicacao-existe-agora-um-antes-e-um-depois-da-laudato-si\/","title":{"rendered":"Nove anos ap\u00f3s a sua publica\u00e7\u00e3o, existe agora um antes e um depois da &#8216;Laudato si&#8217;"},"content":{"rendered":"<p><img decoding=\"async\" loading=\"lazy\" class=\"aligncenter wp-image-194771 size-full\" src=\"https:\/\/franciscanos.org.br\/vidacrista\/wp-content\/uploads\/2024\/06\/15276-scaled.jpg\" alt=\"\" width=\"1920\" height=\"1280\" srcset=\"https:\/\/franciscanos.org.br\/vidacrista\/wp-content\/uploads\/2024\/06\/15276-scaled.jpg 1620w, https:\/\/franciscanos.org.br\/vidacrista\/wp-content\/uploads\/2024\/06\/15276-450x300.jpg 450w, https:\/\/franciscanos.org.br\/vidacrista\/wp-content\/uploads\/2024\/06\/15276-1024x682.jpg 1024w, https:\/\/franciscanos.org.br\/vidacrista\/wp-content\/uploads\/2024\/06\/15276-768x512.jpg 768w, https:\/\/franciscanos.org.br\/vidacrista\/wp-content\/uploads\/2024\/06\/15276-1536x1024.jpg 1536w, https:\/\/franciscanos.org.br\/vidacrista\/wp-content\/uploads\/2024\/06\/15276-150x100.jpg 150w\" sizes=\"(max-width: 1920px) 100vw, 1920px\" \/><\/p>\n<p>A primeira grande pesquisa sobre os\u00a0<strong>cat\u00f3licos europeus<\/strong>\u00a0e a\u00a0<strong>ecologia<\/strong> acaba de ser publicada, lan\u00e7ada pela &#8220;Alian\u00e7a Europeia Laudatto si'&#8221; \u00e9\u00a0realizada por seis universidades europeias. Cont\u00e9m uma s\u00e9rie de resultados sobre o empenho dos crist\u00e3os cat\u00f3licos na \u201c<strong>convers\u00e3o ecol\u00f3gica<\/strong>\u201d encorajada pelo\u00a0<strong>Papa Francisco<\/strong> na sua enc\u00edclica Laudatto si&#8217;, publicada em maio de 2015.<\/p>\n<p>O que exatamente informa essa investiga\u00e7\u00e3o? Primeiro, que 95% das organiza\u00e7\u00f5es europeias que responderam fizeram mudan\u00e7as ap\u00f3s a publica\u00e7\u00e3o da enc\u00edclica e que, em mais de um ter\u00e7o (36%) essas mudan\u00e7as foram substanciais. Quase metade de tais organiza\u00e7\u00f5es planejam permanecer firmemente empenhadas com o processo de\u00a0 &#8220;ecologia integral&#8221; no futuro. Nunca antes um texto papal teve tanto impacto em apenas nove anos!<\/p>\n<p>Al\u00e9m disso, o \u201c<strong>esp\u00edrito da\u00a0<em>Laudato si&#8217;<\/em><\/strong>\u201d determina nas diversas comunidades cat\u00f3licas \u2013 associa\u00e7\u00f5es, dioceses, par\u00f3quias e outras \u2013 uma abordagem mobilizadora e participativa que alguns n\u00e3o hesitam em definir &#8220;sinodal&#8221; (lembramos que h\u00e1 dois anos est\u00e1 em curso um processo mundial \u2013 um s\u00ednodo \u2013 sobre o funcionamento da Igreja, que culminar\u00e1 no pr\u00f3ximo m\u00eas de novembro).<\/p>\n<p><strong>Uma Igreja &#8220;aberta&#8221;<\/strong><\/p>\n<p>Finalmente, o pr\u00f3prio \u201c<strong>esp\u00edrito da\u00a0<em>Laudato si&#8217;<\/em><\/strong>\u201d est\u00e1 construindo no campo uma Igreja \u201c<strong>aberta<\/strong>\u201d, como demonstra o di\u00e1logo multidirecional com as outras religi\u00f5es e com os diversos atores da sociedade civil.<\/p>\n<p>A investiga\u00e7\u00e3o tamb\u00e9m destaca a falta de recursos financeiros e de pessoal dedicado \u00e0s iniciativas ambientais.<\/p>\n<p>Transformadora, responsabilizadora, colaborativa, dial\u00f3gica. A\u00a0<em>Laudato si&#8217;<\/em> com sua difus\u00e3o tem gerado esses frutos em quase dez anos. Na \u00e9poca da sua publica\u00e7\u00e3o,\u00a0 Edgar Morin\u00a0n\u00e3o hesitou em reconhecer na \u201cmensagem\u201d da enc\u00edclica papal o prov\u00e1vel \u201cPrimeiro Ato de um chamado a uma nova civiliza\u00e7\u00e3o&#8221;. O impacto crescente de sua difus\u00e3o parece dar cr\u00e9dito ao seu discernimento.<\/p>\n<p>De fato, como mostra a pesquisa, esse \u201c<strong>apelo<\/strong>\u201d a uma profunda transforma\u00e7\u00e3o pessoal e coletiva, a uma &#8220;<strong>corajosa revolu\u00e7\u00e3o cultural<\/strong>&#8221; (<em>Laudato si&#8217;<\/em>\u00a0114) como pedra angular de uma &#8220;<strong>convers\u00e3o que nos une a todos<\/strong>&#8221; (<em>Laudato si&#8217;<\/em>\u00a014), \u00e9 amplamente sentida e traduzida concretamente no campo. Isso contrasta com a visibilidade medi\u00e1tica de alguns discursos antiambientalistas, com a ascens\u00e3o dos negacionistas clim\u00e1ticos de todos os tipos e com outros fen\u00f4menos de \u201c<em>backlash<\/em>\u201d ou\u00a0<em>\u201cgreenblaming\u201d<\/em>\u00a0ecol\u00f3gico.<\/p>\n<p><strong>Um eco al\u00e9m da esfera crist\u00e3<\/strong><\/p>\n<p>O\u00a0<strong>Papa Francisco<\/strong>\u00a0n\u00e3o prega no deserto. Seu desejo de promover uma Igreja &#8220;n\u00e3o autorreferencial&#8221; e animado pela &#8220;liberdade de sair de si mesma para chegar \u00e0s periferias&#8221; est\u00e1 encontrando um amplo eco na Igreja cat\u00f3lica e fora da esfera crist\u00e3. \u201cO desafio urgente de salvaguardar a nossa casa comum&#8221;, escreve ele nas p\u00e1ginas iniciais da\u00a0<em>Laudato si&#8217;<\/em>, &#8220;inclui a preocupa\u00e7\u00e3o de unir toda a fam\u00edlia humana\u201d (<em>Laudato si&#8217;<\/em>\u00a013).<\/p>\n<p>Sim, a primeira enc\u00edclica do\u00a0<strong>Papa Francisco<\/strong> abre sem d\u00favida uma nova p\u00e1gina n\u00e3o s\u00f3 na hist\u00f3ria da doutrina social do magist\u00e9rio da Igreja cat\u00f3lica, seguindo o exemplo da enc\u00edclica <em>Rerum novarum<\/em>,\u00a0mas tamb\u00e9m na hist\u00f3ria da pr\u00f3pria Igreja.<\/p>\n<p>Agora existe um antes e um depois da\u00a0<em>Laudato si\u2019<\/em>. N\u00e3o h\u00e1 d\u00favida de que a \u201cecologia integral\u201d almejada pelo\u00a0<strong>Papa Francisco<\/strong>\u00a0n\u00e3o \u00e9 uma moda passageira ou um fogo de palha entre os bancos da Igreja.<\/p>\n<p>Algo novo e irrevers\u00edvel est\u00e1 sendo vivido dentro do cristianismo cat\u00f3lico. E s\u00f3 se pode constatar que esse \u201calgo\u201d ultrapassa seus limites vis\u00edveis.<\/p>\n<p>Nove anos ap\u00f3s a sua publica\u00e7\u00e3o, muitos crist\u00e3os de todas as orienta\u00e7\u00f5es e humanistas agn\u00f3sticos encontram na\u00a0<em>Laudato si&#8217;<\/em>\u00a0um recurso espiritual, um dinamismo inspirador para a renova\u00e7\u00e3o pessoal e a transforma\u00e7\u00e3o da sociedade.<\/p>\n<hr \/>\n<p>Artigo \u00e9 de Willian Clapier,\u00a0ensa\u00edsta e autor de\u00a0<em>Effondrements ou r\u00e9volution? Fin du monde ou fin d&#8217;un monde&#8230; Un appel au sursaut spirituel<\/em> (Le Passeur, 2020), e Laura Morosini, advogada ambientalista,\u00a0e diretora da\u00a0<em>Alian\u00e7a Europeia\u00a0Laudato si&#8217;<\/em>, publicado por Le Monde, 14-06-2024. A tradu\u00e7\u00e3o \u00e9 de\u00a0Luisa Rabolini.<\/p>\n<h6>Publicado em: <a href=\"https:\/\/www.ihu.unisinos.br\/640520-nove-anos-apos-a-sua-publicacao-existe-agora-um-antes-e-um-depois-da-laudato-si-artigo-de-laura-morosini-e-william-clapier\">https:\/\/www.ihu.unisinos.br\/640520-nove-anos-apos-a-sua-publicacao-existe-agora-um-antes-e-um-depois-da-laudato-si-artigo-de-laura-morosini-e-william-clapier<\/a><\/h6>\n<h6>Imagem: &lt;a href=&#8221;https:\/\/br.freepik.com\/fotos-gratis\/conservacao-ambiental-no-jardim-para-criancas_5219379.htm#fromView=search&amp;page=1&amp;position=3&amp;uuid=8656000e-d206-41fd-a1f3-2cb45359c2fa&#8221;&gt;Imagem de jcomp no Freepik&lt;\/a&gt;<\/h6>\n","protected":false},"excerpt":{"rendered":"<p>9 anos da\u00a0Laudato si&#8217;<\/p>\n","protected":false},"author":10,"featured_media":194771,"comment_status":"open","ping_status":"open","sticky":false,"template":"","format":"standard","meta":{"footnotes":""},"categories":[26],"tags":[98,94],"yoast_head":"<!-- This site is optimized with the Yoast SEO plugin v19.4 - https:\/\/yoast.com\/wordpress\/plugins\/seo\/ -->\n<title>Nove anos ap\u00f3s a sua publica\u00e7\u00e3o, existe agora um antes e um depois da &#039;Laudato si&#039; - Vida Crist\u00e3 - Franciscanos<\/title>\n<meta name=\"robots\" content=\"index, follow, max-snippet:-1, max-image-preview:large, max-video-preview:-1\" \/>\n<link rel=\"canonical\" href=\"https:\/\/franciscanos.org.br\/vidacrista\/nove-anos-apos-a-sua-publicacao-existe-agora-um-antes-e-um-depois-da-laudato-si\/\" \/>\n<meta property=\"og:locale\" content=\"pt_BR\" \/>\n<meta property=\"og:type\" content=\"article\" \/>\n<meta property=\"og:title\" content=\"Nove anos ap\u00f3s a sua publica\u00e7\u00e3o, existe agora um antes e um depois da &#039;Laudato si&#039; - Vida Crist\u00e3 - Franciscanos\" \/>\n<meta property=\"og:description\" content=\"9 anos da\u00a0Laudato si&#039;\" \/>\n<meta property=\"og:url\" content=\"https:\/\/franciscanos.org.br\/vidacrista\/nove-anos-apos-a-sua-publicacao-existe-agora-um-antes-e-um-depois-da-laudato-si\/\" \/>\n<meta property=\"og:site_name\" content=\"Vida Crist\u00e3 - Franciscanos\" \/>\n<meta property=\"article:published_time\" content=\"2024-06-19T14:00:01+00:00\" \/>\n<meta property=\"og:image\" content=\"https:\/\/franciscanos.org.br\/vidacrista\/wp-content\/uploads\/2024\/06\/15276-scaled.jpg\" \/>\n\t<meta property=\"og:image:width\" content=\"1620\" \/>\n\t<meta property=\"og:image:height\" content=\"1080\" \/>\n\t<meta property=\"og:image:type\" content=\"image\/jpeg\" \/>\n<meta name=\"author\" content=\"Adriana Rabelo\" \/>\n<meta name=\"twitter:card\" content=\"summary_large_image\" \/>\n<meta name=\"twitter:label1\" content=\"Escrito por\" \/>\n\t<meta name=\"twitter:data1\" content=\"Adriana Rabelo\" \/>\n\t<meta name=\"twitter:label2\" content=\"Est. tempo de leitura\" \/>\n\t<meta name=\"twitter:data2\" content=\"4 minutos\" \/>\n<script type=\"application\/ld+json\" class=\"yoast-schema-graph\">{\"@context\":\"https:\/\/schema.org\",\"@graph\":[{\"@type\":\"WebSite\",\"@id\":\"https:\/\/franciscanos.org.br\/vidacrista\/#website\",\"url\":\"https:\/\/franciscanos.org.br\/vidacrista\/\",\"name\":\"Vida Crist\u00e3 - Franciscanos\",\"description\":\"Prov\u00edncia Franciscana da Imaculada Concei\u00e7\u00e3o do Brasil - Ordem dos Frades Menores\",\"potentialAction\":[{\"@type\":\"SearchAction\",\"target\":{\"@type\":\"EntryPoint\",\"urlTemplate\":\"https:\/\/franciscanos.org.br\/vidacrista\/?s={search_term_string}\"},\"query-input\":\"required name=search_term_string\"}],\"inLanguage\":\"pt-BR\"},{\"@type\":\"WebPage\",\"@id\":\"https:\/\/franciscanos.org.br\/vidacrista\/nove-anos-apos-a-sua-publicacao-existe-agora-um-antes-e-um-depois-da-laudato-si\/\",\"url\":\"https:\/\/franciscanos.org.br\/vidacrista\/nove-anos-apos-a-sua-publicacao-existe-agora-um-antes-e-um-depois-da-laudato-si\/\",\"name\":\"Nove anos ap\u00f3s a sua publica\u00e7\u00e3o, existe agora um antes e um depois da 'Laudato si' - Vida Crist\u00e3 - Franciscanos\",\"isPartOf\":{\"@id\":\"https:\/\/franciscanos.org.br\/vidacrista\/#website\"},\"datePublished\":\"2024-06-19T14:00:01+00:00\",\"dateModified\":\"2024-06-19T14:00:01+00:00\",\"author\":{\"@id\":\"https:\/\/franciscanos.org.br\/vidacrista\/#\/schema\/person\/a0cbb2edfc0aecf8ac498802d1cb57b5\"},\"breadcrumb\":{\"@id\":\"https:\/\/franciscanos.org.br\/vidacrista\/nove-anos-apos-a-sua-publicacao-existe-agora-um-antes-e-um-depois-da-laudato-si\/#breadcrumb\"},\"inLanguage\":\"pt-BR\",\"potentialAction\":[{\"@type\":\"ReadAction\",\"target\":[\"https:\/\/franciscanos.org.br\/vidacrista\/nove-anos-apos-a-sua-publicacao-existe-agora-um-antes-e-um-depois-da-laudato-si\/\"]}]},{\"@type\":\"BreadcrumbList\",\"@id\":\"https:\/\/franciscanos.org.br\/vidacrista\/nove-anos-apos-a-sua-publicacao-existe-agora-um-antes-e-um-depois-da-laudato-si\/#breadcrumb\",\"itemListElement\":[{\"@type\":\"ListItem\",\"position\":1,\"name\":\"Home\",\"item\":\"https:\/\/franciscanos.org.br\/vidacrista\/\"},{\"@type\":\"ListItem\",\"position\":2,\"name\":\"Nove anos ap\u00f3s a sua publica\u00e7\u00e3o, existe agora um antes e um depois da &#8216;Laudato si&#8217;\"}]},{\"@type\":\"Person\",\"@id\":\"https:\/\/franciscanos.org.br\/vidacrista\/#\/schema\/person\/a0cbb2edfc0aecf8ac498802d1cb57b5\",\"name\":\"Adriana Rabelo\",\"image\":{\"@type\":\"ImageObject\",\"inLanguage\":\"pt-BR\",\"@id\":\"https:\/\/franciscanos.org.br\/vidacrista\/#\/schema\/person\/image\/\",\"url\":\"https:\/\/secure.gravatar.com\/avatar\/0a937b7500cd7df77540cfb8bede877d?s=96&d=mm&r=g\",\"contentUrl\":\"https:\/\/secure.gravatar.com\/avatar\/0a937b7500cd7df77540cfb8bede877d?s=96&d=mm&r=g\",\"caption\":\"Adriana Rabelo\"},\"url\":\"https:\/\/franciscanos.org.br\/vidacrista\/author\/adrianarabelo\/\"}]}<\/script>\n<!-- \/ Yoast SEO plugin. -->","yoast_head_json":{"title":"Nove anos ap\u00f3s a sua publica\u00e7\u00e3o, existe agora um antes e um depois da 'Laudato si' - Vida Crist\u00e3 - Franciscanos","robots":{"index":"index","follow":"follow","max-snippet":"max-snippet:-1","max-image-preview":"max-image-preview:large","max-video-preview":"max-video-preview:-1"},"canonical":"https:\/\/franciscanos.org.br\/vidacrista\/nove-anos-apos-a-sua-publicacao-existe-agora-um-antes-e-um-depois-da-laudato-si\/","og_locale":"pt_BR","og_type":"article","og_title":"Nove anos ap\u00f3s a sua publica\u00e7\u00e3o, existe agora um antes e um depois da 'Laudato si' - Vida Crist\u00e3 - Franciscanos","og_description":"9 anos da\u00a0Laudato si'","og_url":"https:\/\/franciscanos.org.br\/vidacrista\/nove-anos-apos-a-sua-publicacao-existe-agora-um-antes-e-um-depois-da-laudato-si\/","og_site_name":"Vida Crist\u00e3 - Franciscanos","article_published_time":"2024-06-19T14:00:01+00:00","og_image":[{"width":1620,"height":1080,"url":"https:\/\/franciscanos.org.br\/vidacrista\/wp-content\/uploads\/2024\/06\/15276-scaled.jpg","type":"image\/jpeg"}],"author":"Adriana Rabelo","twitter_card":"summary_large_image","twitter_misc":{"Escrito por":"Adriana Rabelo","Est. tempo de leitura":"4 minutos"},"schema":{"@context":"https:\/\/schema.org","@graph":[{"@type":"WebSite","@id":"https:\/\/franciscanos.org.br\/vidacrista\/#website","url":"https:\/\/franciscanos.org.br\/vidacrista\/","name":"Vida Crist\u00e3 - Franciscanos","description":"Prov\u00edncia Franciscana da Imaculada Concei\u00e7\u00e3o do Brasil - Ordem dos Frades Menores","potentialAction":[{"@type":"SearchAction","target":{"@type":"EntryPoint","urlTemplate":"https:\/\/franciscanos.org.br\/vidacrista\/?s={search_term_string}"},"query-input":"required name=search_term_string"}],"inLanguage":"pt-BR"},{"@type":"WebPage","@id":"https:\/\/franciscanos.org.br\/vidacrista\/nove-anos-apos-a-sua-publicacao-existe-agora-um-antes-e-um-depois-da-laudato-si\/","url":"https:\/\/franciscanos.org.br\/vidacrista\/nove-anos-apos-a-sua-publicacao-existe-agora-um-antes-e-um-depois-da-laudato-si\/","name":"Nove anos ap\u00f3s a sua publica\u00e7\u00e3o, existe agora um antes e um depois da 'Laudato si' - Vida Crist\u00e3 - Franciscanos","isPartOf":{"@id":"https:\/\/franciscanos.org.br\/vidacrista\/#website"},"datePublished":"2024-06-19T14:00:01+00:00","dateModified":"2024-06-19T14:00:01+00:00","author":{"@id":"https:\/\/franciscanos.org.br\/vidacrista\/#\/schema\/person\/a0cbb2edfc0aecf8ac498802d1cb57b5"},"breadcrumb":{"@id":"https:\/\/franciscanos.org.br\/vidacrista\/nove-anos-apos-a-sua-publicacao-existe-agora-um-antes-e-um-depois-da-laudato-si\/#breadcrumb"},"inLanguage":"pt-BR","potentialAction":[{"@type":"ReadAction","target":["https:\/\/franciscanos.org.br\/vidacrista\/nove-anos-apos-a-sua-publicacao-existe-agora-um-antes-e-um-depois-da-laudato-si\/"]}]},{"@type":"BreadcrumbList","@id":"https:\/\/franciscanos.org.br\/vidacrista\/nove-anos-apos-a-sua-publicacao-existe-agora-um-antes-e-um-depois-da-laudato-si\/#breadcrumb","itemListElement":[{"@type":"ListItem","position":1,"name":"Home","item":"https:\/\/franciscanos.org.br\/vidacrista\/"},{"@type":"ListItem","position":2,"name":"Nove anos ap\u00f3s a sua publica\u00e7\u00e3o, existe agora um antes e um depois da &#8216;Laudato si&#8217;"}]},{"@type":"Person","@id":"https:\/\/franciscanos.org.br\/vidacrista\/#\/schema\/person\/a0cbb2edfc0aecf8ac498802d1cb57b5","name":"Adriana Rabelo","image":{"@type":"ImageObject","inLanguage":"pt-BR","@id":"https:\/\/franciscanos.org.br\/vidacrista\/#\/schema\/person\/image\/","url":"https:\/\/secure.gravatar.com\/avatar\/0a937b7500cd7df77540cfb8bede877d?s=96&d=mm&r=g","contentUrl":"https:\/\/secure.gravatar.com\/avatar\/0a937b7500cd7df77540cfb8bede877d?s=96&d=mm&r=g","caption":"Adriana Rabelo"},"url":"https:\/\/franciscanos.org.br\/vidacrista\/author\/adrianarabelo\/"}]}},"_links":{"self":[{"href":"https:\/\/franciscanos.org.br\/vidacrista\/wp-json\/wp\/v2\/posts\/194770"}],"collection":[{"href":"https:\/\/franciscanos.org.br\/vidacrista\/wp-json\/wp\/v2\/posts"}],"about":[{"href":"https:\/\/franciscanos.org.br\/vidacrista\/wp-json\/wp\/v2\/types\/post"}],"author":[{"embeddable":true,"href":"https:\/\/franciscanos.org.br\/vidacrista\/wp-json\/wp\/v2\/users\/10"}],"replies":[{"embeddable":true,"href":"https:\/\/franciscanos.org.br\/vidacrista\/wp-json\/wp\/v2\/comments?post=194770"}],"version-history":[{"count":1,"href":"https:\/\/franciscanos.org.br\/vidacrista\/wp-json\/wp\/v2\/posts\/194770\/revisions"}],"predecessor-version":[{"id":194772,"href":"https:\/\/franciscanos.org.br\/vidacrista\/wp-json\/wp\/v2\/posts\/194770\/revisions\/194772"}],"wp:featuredmedia":[{"embeddable":true,"href":"https:\/\/franciscanos.org.br\/vidacrista\/wp-json\/wp\/v2\/media\/194771"}],"wp:attachment":[{"href":"https:\/\/franciscanos.org.br\/vidacrista\/wp-json\/wp\/v2\/media?parent=194770"}],"wp:term":[{"taxonomy":"category","embeddable":true,"href":"https:\/\/franciscanos.org.br\/vidacrista\/wp-json\/wp\/v2\/categories?post=194770"},{"taxonomy":"post_tag","embeddable":true,"href":"https:\/\/franciscanos.org.br\/vidacrista\/wp-json\/wp\/v2\/tags?post=194770"}],"curies":[{"name":"wp","href":"https:\/\/api.w.org\/{rel}","templated":true}]}}