{"id":194736,"date":"2024-06-12T11:00:47","date_gmt":"2024-06-12T14:00:47","guid":{"rendered":"https:\/\/franciscanos.org.br\/vidacrista\/?p=194736"},"modified":"2024-06-19T11:01:28","modified_gmt":"2024-06-19T14:01:28","slug":"tradicoes-e-historia-de-santo-antonio","status":"publish","type":"post","link":"https:\/\/franciscanos.org.br\/vidacrista\/tradicoes-e-historia-de-santo-antonio\/","title":{"rendered":"Tradi\u00e7\u00f5es e hist\u00f3ria de Santo Ant\u00f4nio"},"content":{"rendered":"<p><img decoding=\"async\" loading=\"lazy\" class=\"aligncenter wp-image-194739 size-full\" src=\"https:\/\/franciscanos.org.br\/vidacrista\/wp-content\/uploads\/2024\/06\/Elpandesanantonio_13062017.jpg\" alt=\"\" width=\"900\" height=\"500\" srcset=\"https:\/\/franciscanos.org.br\/vidacrista\/wp-content\/uploads\/2024\/06\/Elpandesanantonio_13062017.jpg 900w, https:\/\/franciscanos.org.br\/vidacrista\/wp-content\/uploads\/2024\/06\/Elpandesanantonio_13062017-450x250.jpg 450w, https:\/\/franciscanos.org.br\/vidacrista\/wp-content\/uploads\/2024\/06\/Elpandesanantonio_13062017-768x427.jpg 768w, https:\/\/franciscanos.org.br\/vidacrista\/wp-content\/uploads\/2024\/06\/Elpandesanantonio_13062017-150x83.jpg 150w\" sizes=\"(max-width: 900px) 100vw, 900px\" \/><\/p>\n<p>Um dos santos mais populares do Brasil \u00e9 Santo Ant\u00f4nio. Ele nasceu em 1195, na cidade de Lisboa (Portugal). Foi batizado com o nome de Fernando de Bulh\u00f5es. Era filho \u00fanico de Martinho de Bulh\u00f5es, fam\u00edlia nobre e rica de Lisboa.<\/p>\n<p>Quando tinha 15 anos, ele se tornou frade agostiniano. No mosteiro da Santa Cruz, ele estudou e decorou a B\u00edblia. Ao completar 25 anos, Fernando ficou comovido com o ardor mission\u00e1rio de 5 frades franciscanos que foram para Marrocos, na \u00c1frica, e l\u00e1 foram martirizados. Ele quis, ent\u00e3o, ser franciscano, com o objetivo de ser m\u00e1rtir em Marrocos. Com a permiss\u00e3o de seu superior, Fernando se transferiu para o convento dos frades franciscanos, tendo o seu nome mudado para Ant\u00f4nio. A escolha desse nome se deveu a uma homenagem a um santo eremita eg\u00edpcio de nome Santo Ant\u00f4nio do Deserto, conhecido tamb\u00e9m como Santo Ant\u00e3o, morto em 356.<\/p>\n<p>Para realizar o desejo de Ant\u00f4nio, o de ser mission\u00e1rio, ele seguiu viagem para Marrocos, mas por causa de uma grave doen\u00e7a que o acometeu, ele voltou para a Europa. Uma inesperada tempestade o deixou em Messina, na ilha de Sic\u00edlia (It\u00e1lia), onde se recuperou da doen\u00e7a no convento dos frades.<\/p>\n<p>Em Assis, no dia 23 de maio de 1221, ele se encontrou com S\u00e3o Francisco e os frades que estavam reunidos em Assis. Esse encontro ficou conhecido como cap\u00edtulos das esteiras, pois eram mais de tr\u00eas mil frades dormindo em esteiras. Em Assis, ele recebeu a nomea\u00e7\u00e3o para ir morar em P\u00e1dua, no norte da It\u00e1lia. No primeiro ano, ele viveu de forma simples e muita ora\u00e7\u00e3o.<\/p>\n<p>Em 1222, na ordena\u00e7\u00e3o presbiteral de um frade dominicano, por causa da falta do pregador, Frei Ant\u00f4nio foi convidado para fazer o serm\u00e3o. Ele encantou a todos. Em 1223 recebeu um bilhete de S\u00e3o Francisco autorizando-o a ensinar Sagrada Escritura em Bolonha e ser pregador.<\/p>\n<p>A fama de Frei Ant\u00f4nio como pregador logo se espalhou. Multid\u00f5es se aglomeravam para ouvir seus serm\u00f5es. A B\u00edblia\u00a0que foi objeto de estudo, de vida e fonte de sua inspira\u00e7\u00e3o nas suas prega\u00e7\u00f5es, assim como a forte den\u00fancia contra os ricos, os exploradores do povo, na Baixa Idade M\u00e9dia.<\/p>\n<p>Em um dos seus serm\u00f5es, Ant\u00f4nio proclamou com veem\u00eancia: \u201cA linguagem \u00e9 viva, quando falam as obras. Cessem, portanto, as palavras e falem as obras. \u00a0De palavras estamos cheios, mas de obras vazios; por este motivo nos amaldi\u00e7oa o Senhor, como amaldi\u00e7oou a figueira em que n\u00e3o encontrou fruto, mas somente folhas.\u201d<\/p>\n<p>Santo Ant\u00f4nio atuou como mission\u00e1rio do reino na Fran\u00e7a e na It\u00e1lia. Em 1226, ele foi escolhido para ser Superior dos franciscanos do Norte da It\u00e1lia.<\/p>\n<p><strong>As tradi\u00e7\u00f5es sobre Santo Ant\u00f4nio<\/strong><\/p>\n<p>A imagem de Santo Ant\u00f4nio traz uma crian\u00e7a ao colo. O que significa isso? Na Idade M\u00e9dia, as crian\u00e7as eram vistas como pessoas fr\u00e1geis, infantis, mas eram tratadas como adultas. Alguns idiomas, como o franc\u00eas, conservaram essa mentalidade, quando grafam crian\u00e7a como \u2018enfant\u2019, um infantil. J\u00e1 o portugu\u00eas usa crian\u00e7a, que vem de Deus Criador.\u00a0 As crian\u00e7as tinham que trabalhar e se vestir como eles. Eram um adulto em miniatura, um ser imperfeito. A arte medieval cunhou as crian\u00e7as de hom\u00fanculo, isto \u00e9, um pequeno adulto. Era tamb\u00e9m pensamento de que Jesus nascera adulto.<a href=\"#_ftn1\" name=\"_ftnref1\">[1]<\/a> Alguns pensavam que as crian\u00e7as n\u00e3o tinham salva\u00e7\u00e3o, caso morressem.<\/p>\n<p>As pinturas medievais de santos com o menino Jesus com um rosto de adulto, hom\u00fanculo, foi uma tentativa de mostrar que Jesus, o Salvador, era homem perfeito, santo e n\u00e3o crian\u00e7a como as demais. Seria para valorizar e pedir a salva\u00e7\u00e3o para as crian\u00e7as a partir do adulto beb\u00ea Jesus. Com Santo Ant\u00f4nio n\u00e3o foi diferente.<\/p>\n<p><iframe loading=\"lazy\" title=\"YouTube video player\" src=\"https:\/\/www.youtube.com\/embed\/K9ojmaOpYTs?si=EMricItVKFMBJp5r\" width=\"560\" height=\"315\" frameborder=\"0\" allowfullscreen=\"allowfullscreen\"><\/iframe><\/p>\n<p><strong>A mula adora o Sant\u00edssimo<\/strong><\/p>\n<p>A tradi\u00e7\u00e3o diz que na regi\u00e3o de Tolouse, na Fran\u00e7a, Santo Ant\u00f4nio discutia com um herege sobre Eucaristia. <a href=\"#_ftn2\" name=\"_ftnref2\">[2]<\/a> Apesar de vencido, o herege n\u00e3o se converteu \u00e0 f\u00e9 cat\u00f3lica. Ent\u00e3o, o herege prop\u00f4s um desafio ao Santo: \u201cDeixemo-nos de palavras e vamos a obras. Se tu fores capaz de mostrar com milagres, na presen\u00e7a de toda a gente, que no Sacramento est\u00e1 deveras o Corpo de Jesus Cristo, eu prometo deixar a heresia e submeter-me \u00e0 f\u00e9 cat\u00f3lica.\u201d<\/p>\n<p>E Santo Ant\u00f3nio, cheio de confian\u00e7a, respondeu que assim faria. E o herege disse:<br \/>\nPois ent\u00e3o vou fechar em casa um animal. Atormento-o com fome tr\u00eas dias, e ao fim trago-o perante os que quiserem assistir e vou lhe oferecer comida. Neste momento, vens tu com o Sacramento que dizes ser o Corpo de Jesus Cristo. Se o animal assim esfomeado parar de comer e se for numa pressa para Deus que, segundo afirmas, toda a criatura tem obriga\u00e7\u00e3o de adorar, podes ficar certo que imediatamente abra\u00e7arei a f\u00e9 da Igreja.<\/p>\n<p>E assim ficou combinado. E no dia combinado, o povo aglomerou-se na pra\u00e7a grande, e veio o dito herege na m\u00e1 companhia de outros hereges, e trouxe a mula que estava atormentada pela fome, e junto dela um alimento apetitoso para comer.<\/p>\n<p>E Santo Ant\u00f3nio celebrou missa em capela que havia no lugar, e ao fim, \u00e0 vista do povo, trouxe o Sant\u00edssimo Corpo de Jesus Cristo. E, mandando a todos que se calassem, disse \u00e0 mula:<\/p>\n<p>\u00d3 animal, em virtude e em nome do teu criador, que eu, embora indigno, tenho aqui presente em minhas m\u00e3os, ordeno e mando que venhas j\u00e1 se demora at\u00e9 Ele humildemente e Lhe prestes rever\u00eancia, para que desse modo veja a maldade dos hereges que toda a criatura \u00e9 sujeita ao Criador, a quem a dignidade do sacerdote trata cada dia nos altares.<\/p>\n<p>E, entretanto, o herege punha de comer \u00e0 mula esfomeada. Oh! Maravilha de contar! O animal, apesar de t\u00e3o atormentado pela fome, quando ouviu as palavras de Santo Ant\u00f4nio, logo parou de comer e abaixou a cabe\u00e7a, e caiu de joelhos diante do sacramento. Pelo que muito se alegraram os fi\u00e9is cat\u00f3licos, e merecidamente sa\u00edram confundidos os hereges. E aquele dito herege logo ali se fez fiel, conforme havia prometido, e obedeceu aos mandamentos da Igreja.<\/p>\n<p><strong>S\u00e3o Francisco prega aos peixes<\/strong><\/p>\n<p>O famoso livro <em>I Fioretti de S\u00e3o Francisco<\/em>, no cap\u00edtulo 40,<a href=\"#_ftn3\" name=\"_ftnref3\">[3]<\/a> narra que: \u201cEstando certa vez Santo Ant\u00f4nio em Rimini, onde havia uma grande multid\u00e3o de hereges, querendo reconduzi-los \u00e0 luz da verdadeira f\u00e9 e ao caminho da verdade, pregou-lhes por muitos dias e disputou sobre a f\u00e9 de Cristo e sobre a Santa Escritura. Mas como eles, n\u00e3o s\u00f3 n\u00e3o se converteram com suas santas palavras, e at\u00e9 como endurecidos e obstinados, n\u00e3o quiseram ouvi-lo, Santo Ant\u00f4nio, um dia, por divina inspira\u00e7\u00e3o foi para a beira de um rio ao lado do mar. Estando assim na margem entre o rio e o mar, come\u00e7ou a dizer, como numa prega\u00e7\u00e3o, da parte de Deus para os peixes: \u2018Ouvi a palavra de Deus, v\u00f3s, peixes do mar e do rio, pois os infi\u00e9is hereges n\u00e3o querem ouvir\u2019. Quando ele falou assim, subitamente veio \u00e0 margem uma multid\u00e3o t\u00e3o grande de peixes, grandes, pequenos e m\u00e9dios, que nunca se viram tantos nem naquele mar nem naquele rio. E todos mantinham a cabe\u00e7a fora da \u00e1gua, e todos estavam atentos para o rosto de Santo Ant\u00f4nio, todos na maior paz, mansid\u00e3o e ordem, pois, na frente e perto da margem estavam os peixinhos menores, e depois deles estavam os peixes m\u00e9dios, depois, atr\u00e1s, onde a \u00e1gua era mais funda, estavam os peixes maiores. Estando, portanto, colocados os peixes nessa ordem e disposi\u00e7\u00e3o, Santo Ant\u00f4nio come\u00e7ou a pregar solenemente e disse assim:<\/p>\n<p>Meus irm\u00e3os peixes, v\u00f3s tendes muito que agradecer ao vosso Criador, de acordo com a vossa possibilidade, porque vos deu um elemento t\u00e3o nobre para vossa habita\u00e7\u00e3o, de modo que, como vos agrada, tendes \u00e1guas doces e salgadas, e vos deu muitos ref\u00fagios para escapardes das tempestades. Deu-vos ainda um elemento claro e transparente e comida para v\u00f3s poderdes viver. Deus nosso criador, cort\u00eas e benigno, quando vos criou, deu a ordem de crescer e de vos multiplicardes, e vos deu sua b\u00ean\u00e7\u00e3o. Pois quando houve o dil\u00favio geral e todos os outros animais morreram, Deus preservou s\u00f3 a v\u00f3s sem dano. E ainda vos deu as barbatanas para irdes aonde quiserdes. A v\u00f3s foi concedido, por ordem divina, guardar o profeta Jonas e no terceiro dia jog\u00e1-lo na terra, s\u00e3o e salvo. V\u00f3s oferecestes o dinheiro do censo para nosso Senhor Jesus Cristo, que ele, como pobre, n\u00e3o podia pagar. V\u00f3s fostes comida do eterno rei Jesus Cristo antes e depois da ressurrei\u00e7\u00e3o, por um singular mist\u00e9rio. Por todas essas coisas tendes muito o dever de louvar e bendizer Deus, que vos deu tais e tantos benef\u00edcios, mais do que \u00e0s outras criaturas.<\/p>\n<p>Diante destas e outras palavras e ensinamentos de Santo Ant\u00f4nio, os peixes come\u00e7aram a abrir a boca e inclinaram as cabe\u00e7as. Com esses e outros sinais de rever\u00eancia, como lhes era poss\u00edvel, louvaram a Deus. Ent\u00e3o Santo Ant\u00f4nio, vendo tanta rever\u00eancia dos peixes diante de Deus criador, alegrando-se em esp\u00edrito, disse em voz alta: \u2018Bendito seja Deus eterno, pois os peixes da \u00e1gua honram-no como n\u00e3o o fazem os homens hereges, e ouvem melhor a sua palavra os animais irracionais que os homens infi\u00e9is\u2019. E quanto mais Santo Ant\u00f4nio pregava, mais crescia a multid\u00e3o dos peixes, e nenhum sa\u00eda do lugar que tinha tomado.<\/p>\n<p>Diante desse milagre, come\u00e7ou a acorrer o povo da cidade, e vieram at\u00e9 os sobreditos hereges que, vendo o milagre t\u00e3o maravilhoso e manifesto, compungidos no cora\u00e7\u00e3o, lan\u00e7avam-se todos aos p\u00e9s de Santo Ant\u00f4nio para ouvir a sua prega\u00e7\u00e3o. Ent\u00e3o Santo Ant\u00f4nio come\u00e7ou a pregar sobre a f\u00e9 cat\u00f3lica, e pregou t\u00e3o nobremente, que converteu todos aqueles hereges, e eles voltaram \u00e0 verdadeira f\u00e9 de Cristo. E todos os fi\u00e9is ficaram confortados e fortificados na f\u00e9, com enorme alegria. E, feito isso, Santo Ant\u00f4nio despediu os peixes com a b\u00ean\u00e7\u00e3o de Deus, e todos foram embora com maravilhosos atos de alegria, e, de maneira semelhante, tamb\u00e9m o povo. Depois, Santo Ant\u00f4nio esteve em Rimini por muitos dias, pregando e fazendo muito fruto espiritual de almas. Para louvor de Jesus Cristo e do pobrezinho Francisco. Am\u00e9m.\u201d<\/p>\n<p><strong>O p\u00e3o de Santo Ant\u00f4nio<\/strong><\/p>\n<p>O p\u00e3o\u00a0distribu\u00eddo aos pobres. Tradi\u00e7\u00e3o iniciada pelos frades a partir de dois milagres atribu\u00eddos a Santo Ant\u00f4nio. O primeiro foi o de uma m\u00e3e que promete, ap\u00f3s seu filho ser salvo de um afogamento por milagre de Santo Ant\u00f4nio, que daria a quantidade de farinha para fazer p\u00e3o para os pobres conforme o peso do seu filho. O segundo milagre foi o de uma comerciante que rezou e pediu a Santo Ant\u00f4nio que consertasse a fechadura engui\u00e7ada da porta de seu neg\u00f3cio. Ela prometeu dar trigo aos frades para fazer p\u00e3o para os pobres.<\/p>\n<p><strong>Santo Ant\u00f4nio casamenteiro<\/strong><\/p>\n<p>Casamento\u00a0de mo\u00e7as que n\u00e3o conseguiam encontrar marido. Santo Ant\u00f4nio dava dinheiro para a mo\u00e7as pobres ter um dote e poder arrumar casamento. Uma pobre m\u00e3e, rezando a Santo Ant\u00f4nio em favor de sua filha, de modo que ele pudesse arrumar um casamento, caso contr\u00e1rio teria que se tornar prostituta. Quando rezava, um bilhete de Santo Ant\u00f4nio caiu da imagem, dizendo que a mo\u00e7a devia ir a um comerciante x e receber dele, em moedas, o valor do peso do bilhete. O tal bilhete pesou 400 escudos. Ela arrumou casamento e da\u00ed nasceu a tradi\u00e7\u00e3o de invocar a Santo Ant\u00f4nio para arrumar casamento.<\/p>\n<p>Santo Ant\u00f4nio morreu no 13 de junho de 1231, em Arcella, perto de P\u00e1dua, com a idade de 36 anos. Ele foi canonizado santo, menos de um ano depois de sua morte, pelo Papa Greg\u00f3rio IX.<\/p>\n<hr \/>\n<p><em>Frei Jacir de Freitas Faria<\/em><\/p>\n<p>Doutor em Teologia B\u00edblica pela FAJE (BH). Mestre em Ci\u00eancias B\u00edblicas (Exegese) pelo Pontif\u00edcio Instituto B\u00edblico de Roma. Professor de Exegese B\u00edblica. \u00c9 membro da Associa\u00e7\u00e3o Brasileira de Pesquisa B\u00edblica (ABIB). Sacerdote Franciscano. Autor de doze livros e coautor de quinze. Canal no Youtube: Frei Jacir B\u00edblia e Ap\u00f3crifos. <a href=\"https:\/\/www.youtube.com\/channel\/UCwbSE97jnR6jQwHRigX1KlQ\">https:\/\/www.youtube.com\/channel\/UCwbSE97jnR6jQwHRigX1KlQ<\/a>\u00a0 \u00daltima publica\u00e7\u00e3o:<strong> Os murais do Santu\u00e1rio Santo Ant\u00f4nio, de Divin\u00f3polis (MG), no simbolismo do Tr\u00eas na Trindade e na Crucifix\u00e3o de Jesus<\/strong>:\u00a0 interpreta\u00e7\u00e3o b\u00edblica, teol\u00f3gica, catequ\u00e9tica e franciscana das pinturas de Frei Humberto Randang. Belo Horizonte: Provincia Santa Cruz, 2024.<\/p>\n<p><a href=\"#_ftnref1\" name=\"_ftn1\">[1]<\/a> Disponivel em: <a href=\"https:\/\/arteref.com\/educacao\/por-que-os-bebes-nas-pinturas-medievais-parecem-homens-velhos-e-feios\/\">https:\/\/arteref.com\/educacao\/por-que-os-bebes-nas-pinturas-medievais-parecem-homens-velhos-e-feios\/<\/a> Acesso em 10 mai 2024.<\/p>\n<p><a href=\"#_ftnref2\" name=\"_ftn2\">[2]<\/a> FARIA, Jacir de Freitas, <strong>Os murais do Santu\u00e1rio Santo Ant\u00f4nio, de Divin\u00f3polis (MG), no simbolismo do Tr\u00eas na Trindade e na Crucifix\u00e3o de Jesus<\/strong>: \u00a0interpreta\u00e7\u00e3o b\u00edblica, teol\u00f3gica, catequ\u00e9tica e franciscana das pinturas de Frei Humberto Randang. Belo Horizonte: Provincia Santa Cruz, 2024, p. 145-148.<\/p>\n<p><a href=\"#_ftnref3\" name=\"_ftn3\">[3]<\/a> Citado por FARIA, Jacir de Freitas, <strong>Os murais do Santu\u00e1rio Santo Ant\u00f4nio, de Divin\u00f3polis (MG), no simbolismo do Tr\u00eas na Trindade e na Crucifix\u00e3o de Jesus<\/strong>:\u00a0 interpreta\u00e7\u00e3o b\u00edblica, teol\u00f3gica, catequ\u00e9tica e franciscana das pinturas de Frei Humberto Randang. Belo Horizonte: Provincia Santa Cruz, 2024, p. 140-143.<\/p>\n","protected":false},"excerpt":{"rendered":"<p>Frei Jacir de Freitas Faria<\/p>\n","protected":false},"author":10,"featured_media":194739,"comment_status":"open","ping_status":"open","sticky":false,"template":"","format":"standard","meta":{"footnotes":""},"categories":[26],"tags":[43,391],"yoast_head":"<!-- This site is optimized with the Yoast SEO plugin v19.4 - https:\/\/yoast.com\/wordpress\/plugins\/seo\/ -->\n<title>Tradi\u00e7\u00f5es e hist\u00f3ria de Santo Ant\u00f4nio - Vida Crist\u00e3 - Franciscanos<\/title>\n<meta name=\"robots\" content=\"index, follow, max-snippet:-1, max-image-preview:large, max-video-preview:-1\" \/>\n<link rel=\"canonical\" href=\"https:\/\/franciscanos.org.br\/vidacrista\/tradicoes-e-historia-de-santo-antonio\/\" \/>\n<meta property=\"og:locale\" content=\"pt_BR\" \/>\n<meta property=\"og:type\" content=\"article\" \/>\n<meta property=\"og:title\" content=\"Tradi\u00e7\u00f5es e hist\u00f3ria de Santo Ant\u00f4nio - Vida Crist\u00e3 - Franciscanos\" \/>\n<meta property=\"og:description\" content=\"Frei Jacir de Freitas Faria\" \/>\n<meta property=\"og:url\" content=\"https:\/\/franciscanos.org.br\/vidacrista\/tradicoes-e-historia-de-santo-antonio\/\" \/>\n<meta property=\"og:site_name\" content=\"Vida Crist\u00e3 - Franciscanos\" \/>\n<meta property=\"article:published_time\" content=\"2024-06-12T14:00:47+00:00\" \/>\n<meta property=\"article:modified_time\" content=\"2024-06-19T14:01:28+00:00\" \/>\n<meta property=\"og:image\" content=\"https:\/\/franciscanos.org.br\/vidacrista\/wp-content\/uploads\/2024\/06\/Elpandesanantonio_13062017.jpg\" \/>\n\t<meta property=\"og:image:width\" content=\"900\" \/>\n\t<meta property=\"og:image:height\" content=\"500\" \/>\n\t<meta property=\"og:image:type\" content=\"image\/jpeg\" \/>\n<meta name=\"author\" content=\"Adriana Rabelo\" \/>\n<meta name=\"twitter:card\" content=\"summary_large_image\" \/>\n<meta name=\"twitter:label1\" content=\"Escrito por\" \/>\n\t<meta name=\"twitter:data1\" content=\"Adriana Rabelo\" \/>\n\t<meta name=\"twitter:label2\" content=\"Est. tempo de leitura\" \/>\n\t<meta name=\"twitter:data2\" content=\"12 minutos\" \/>\n<script type=\"application\/ld+json\" class=\"yoast-schema-graph\">{\"@context\":\"https:\/\/schema.org\",\"@graph\":[{\"@type\":\"WebSite\",\"@id\":\"https:\/\/franciscanos.org.br\/vidacrista\/#website\",\"url\":\"https:\/\/franciscanos.org.br\/vidacrista\/\",\"name\":\"Vida Crist\u00e3 - Franciscanos\",\"description\":\"Prov\u00edncia Franciscana da Imaculada Concei\u00e7\u00e3o do Brasil - Ordem dos Frades Menores\",\"potentialAction\":[{\"@type\":\"SearchAction\",\"target\":{\"@type\":\"EntryPoint\",\"urlTemplate\":\"https:\/\/franciscanos.org.br\/vidacrista\/?s={search_term_string}\"},\"query-input\":\"required name=search_term_string\"}],\"inLanguage\":\"pt-BR\"},{\"@type\":\"WebPage\",\"@id\":\"https:\/\/franciscanos.org.br\/vidacrista\/tradicoes-e-historia-de-santo-antonio\/\",\"url\":\"https:\/\/franciscanos.org.br\/vidacrista\/tradicoes-e-historia-de-santo-antonio\/\",\"name\":\"Tradi\u00e7\u00f5es e hist\u00f3ria de Santo Ant\u00f4nio - Vida Crist\u00e3 - Franciscanos\",\"isPartOf\":{\"@id\":\"https:\/\/franciscanos.org.br\/vidacrista\/#website\"},\"datePublished\":\"2024-06-12T14:00:47+00:00\",\"dateModified\":\"2024-06-19T14:01:28+00:00\",\"author\":{\"@id\":\"https:\/\/franciscanos.org.br\/vidacrista\/#\/schema\/person\/a0cbb2edfc0aecf8ac498802d1cb57b5\"},\"breadcrumb\":{\"@id\":\"https:\/\/franciscanos.org.br\/vidacrista\/tradicoes-e-historia-de-santo-antonio\/#breadcrumb\"},\"inLanguage\":\"pt-BR\",\"potentialAction\":[{\"@type\":\"ReadAction\",\"target\":[\"https:\/\/franciscanos.org.br\/vidacrista\/tradicoes-e-historia-de-santo-antonio\/\"]}]},{\"@type\":\"BreadcrumbList\",\"@id\":\"https:\/\/franciscanos.org.br\/vidacrista\/tradicoes-e-historia-de-santo-antonio\/#breadcrumb\",\"itemListElement\":[{\"@type\":\"ListItem\",\"position\":1,\"name\":\"Home\",\"item\":\"https:\/\/franciscanos.org.br\/vidacrista\/\"},{\"@type\":\"ListItem\",\"position\":2,\"name\":\"Tradi\u00e7\u00f5es e hist\u00f3ria de Santo Ant\u00f4nio\"}]},{\"@type\":\"Person\",\"@id\":\"https:\/\/franciscanos.org.br\/vidacrista\/#\/schema\/person\/a0cbb2edfc0aecf8ac498802d1cb57b5\",\"name\":\"Adriana Rabelo\",\"image\":{\"@type\":\"ImageObject\",\"inLanguage\":\"pt-BR\",\"@id\":\"https:\/\/franciscanos.org.br\/vidacrista\/#\/schema\/person\/image\/\",\"url\":\"https:\/\/secure.gravatar.com\/avatar\/0a937b7500cd7df77540cfb8bede877d?s=96&d=mm&r=g\",\"contentUrl\":\"https:\/\/secure.gravatar.com\/avatar\/0a937b7500cd7df77540cfb8bede877d?s=96&d=mm&r=g\",\"caption\":\"Adriana Rabelo\"},\"url\":\"https:\/\/franciscanos.org.br\/vidacrista\/author\/adrianarabelo\/\"}]}<\/script>\n<!-- \/ Yoast SEO plugin. -->","yoast_head_json":{"title":"Tradi\u00e7\u00f5es e hist\u00f3ria de Santo Ant\u00f4nio - Vida Crist\u00e3 - Franciscanos","robots":{"index":"index","follow":"follow","max-snippet":"max-snippet:-1","max-image-preview":"max-image-preview:large","max-video-preview":"max-video-preview:-1"},"canonical":"https:\/\/franciscanos.org.br\/vidacrista\/tradicoes-e-historia-de-santo-antonio\/","og_locale":"pt_BR","og_type":"article","og_title":"Tradi\u00e7\u00f5es e hist\u00f3ria de Santo Ant\u00f4nio - Vida Crist\u00e3 - Franciscanos","og_description":"Frei Jacir de Freitas Faria","og_url":"https:\/\/franciscanos.org.br\/vidacrista\/tradicoes-e-historia-de-santo-antonio\/","og_site_name":"Vida Crist\u00e3 - Franciscanos","article_published_time":"2024-06-12T14:00:47+00:00","article_modified_time":"2024-06-19T14:01:28+00:00","og_image":[{"width":900,"height":500,"url":"https:\/\/franciscanos.org.br\/vidacrista\/wp-content\/uploads\/2024\/06\/Elpandesanantonio_13062017.jpg","type":"image\/jpeg"}],"author":"Adriana Rabelo","twitter_card":"summary_large_image","twitter_misc":{"Escrito por":"Adriana Rabelo","Est. tempo de leitura":"12 minutos"},"schema":{"@context":"https:\/\/schema.org","@graph":[{"@type":"WebSite","@id":"https:\/\/franciscanos.org.br\/vidacrista\/#website","url":"https:\/\/franciscanos.org.br\/vidacrista\/","name":"Vida Crist\u00e3 - Franciscanos","description":"Prov\u00edncia Franciscana da Imaculada Concei\u00e7\u00e3o do Brasil - Ordem dos Frades Menores","potentialAction":[{"@type":"SearchAction","target":{"@type":"EntryPoint","urlTemplate":"https:\/\/franciscanos.org.br\/vidacrista\/?s={search_term_string}"},"query-input":"required name=search_term_string"}],"inLanguage":"pt-BR"},{"@type":"WebPage","@id":"https:\/\/franciscanos.org.br\/vidacrista\/tradicoes-e-historia-de-santo-antonio\/","url":"https:\/\/franciscanos.org.br\/vidacrista\/tradicoes-e-historia-de-santo-antonio\/","name":"Tradi\u00e7\u00f5es e hist\u00f3ria de Santo Ant\u00f4nio - Vida Crist\u00e3 - Franciscanos","isPartOf":{"@id":"https:\/\/franciscanos.org.br\/vidacrista\/#website"},"datePublished":"2024-06-12T14:00:47+00:00","dateModified":"2024-06-19T14:01:28+00:00","author":{"@id":"https:\/\/franciscanos.org.br\/vidacrista\/#\/schema\/person\/a0cbb2edfc0aecf8ac498802d1cb57b5"},"breadcrumb":{"@id":"https:\/\/franciscanos.org.br\/vidacrista\/tradicoes-e-historia-de-santo-antonio\/#breadcrumb"},"inLanguage":"pt-BR","potentialAction":[{"@type":"ReadAction","target":["https:\/\/franciscanos.org.br\/vidacrista\/tradicoes-e-historia-de-santo-antonio\/"]}]},{"@type":"BreadcrumbList","@id":"https:\/\/franciscanos.org.br\/vidacrista\/tradicoes-e-historia-de-santo-antonio\/#breadcrumb","itemListElement":[{"@type":"ListItem","position":1,"name":"Home","item":"https:\/\/franciscanos.org.br\/vidacrista\/"},{"@type":"ListItem","position":2,"name":"Tradi\u00e7\u00f5es e hist\u00f3ria de Santo Ant\u00f4nio"}]},{"@type":"Person","@id":"https:\/\/franciscanos.org.br\/vidacrista\/#\/schema\/person\/a0cbb2edfc0aecf8ac498802d1cb57b5","name":"Adriana Rabelo","image":{"@type":"ImageObject","inLanguage":"pt-BR","@id":"https:\/\/franciscanos.org.br\/vidacrista\/#\/schema\/person\/image\/","url":"https:\/\/secure.gravatar.com\/avatar\/0a937b7500cd7df77540cfb8bede877d?s=96&d=mm&r=g","contentUrl":"https:\/\/secure.gravatar.com\/avatar\/0a937b7500cd7df77540cfb8bede877d?s=96&d=mm&r=g","caption":"Adriana Rabelo"},"url":"https:\/\/franciscanos.org.br\/vidacrista\/author\/adrianarabelo\/"}]}},"_links":{"self":[{"href":"https:\/\/franciscanos.org.br\/vidacrista\/wp-json\/wp\/v2\/posts\/194736"}],"collection":[{"href":"https:\/\/franciscanos.org.br\/vidacrista\/wp-json\/wp\/v2\/posts"}],"about":[{"href":"https:\/\/franciscanos.org.br\/vidacrista\/wp-json\/wp\/v2\/types\/post"}],"author":[{"embeddable":true,"href":"https:\/\/franciscanos.org.br\/vidacrista\/wp-json\/wp\/v2\/users\/10"}],"replies":[{"embeddable":true,"href":"https:\/\/franciscanos.org.br\/vidacrista\/wp-json\/wp\/v2\/comments?post=194736"}],"version-history":[{"count":5,"href":"https:\/\/franciscanos.org.br\/vidacrista\/wp-json\/wp\/v2\/posts\/194736\/revisions"}],"predecessor-version":[{"id":194773,"href":"https:\/\/franciscanos.org.br\/vidacrista\/wp-json\/wp\/v2\/posts\/194736\/revisions\/194773"}],"wp:featuredmedia":[{"embeddable":true,"href":"https:\/\/franciscanos.org.br\/vidacrista\/wp-json\/wp\/v2\/media\/194739"}],"wp:attachment":[{"href":"https:\/\/franciscanos.org.br\/vidacrista\/wp-json\/wp\/v2\/media?parent=194736"}],"wp:term":[{"taxonomy":"category","embeddable":true,"href":"https:\/\/franciscanos.org.br\/vidacrista\/wp-json\/wp\/v2\/categories?post=194736"},{"taxonomy":"post_tag","embeddable":true,"href":"https:\/\/franciscanos.org.br\/vidacrista\/wp-json\/wp\/v2\/tags?post=194736"}],"curies":[{"name":"wp","href":"https:\/\/api.w.org\/{rel}","templated":true}]}}