{"id":194733,"date":"2024-06-11T11:36:47","date_gmt":"2024-06-11T14:36:47","guid":{"rendered":"https:\/\/franciscanos.org.br\/vidacrista\/?p=194733"},"modified":"2024-06-11T11:36:47","modified_gmt":"2024-06-11T14:36:47","slug":"interrogacao-ambiental","status":"publish","type":"post","link":"https:\/\/franciscanos.org.br\/vidacrista\/interrogacao-ambiental\/","title":{"rendered":"Interroga\u00e7\u00e3o ambiental"},"content":{"rendered":"<p><img decoding=\"async\" loading=\"lazy\" class=\"aligncenter wp-image-194734 size-full\" src=\"https:\/\/franciscanos.org.br\/vidacrista\/wp-content\/uploads\/2024\/06\/gramacrescendonaformadeumsmbolodepontodeinterrogao.jpg\" alt=\"\" width=\"1292\" height=\"1105\" srcset=\"https:\/\/franciscanos.org.br\/vidacrista\/wp-content\/uploads\/2024\/06\/gramacrescendonaformadeumsmbolodepontodeinterrogao.jpg 1292w, https:\/\/franciscanos.org.br\/vidacrista\/wp-content\/uploads\/2024\/06\/gramacrescendonaformadeumsmbolodepontodeinterrogao-450x385.jpg 450w, https:\/\/franciscanos.org.br\/vidacrista\/wp-content\/uploads\/2024\/06\/gramacrescendonaformadeumsmbolodepontodeinterrogao-1024x876.jpg 1024w, https:\/\/franciscanos.org.br\/vidacrista\/wp-content\/uploads\/2024\/06\/gramacrescendonaformadeumsmbolodepontodeinterrogao-768x657.jpg 768w, https:\/\/franciscanos.org.br\/vidacrista\/wp-content\/uploads\/2024\/06\/gramacrescendonaformadeumsmbolodepontodeinterrogao-150x128.jpg 150w\" sizes=\"(max-width: 1292px) 100vw, 1292px\" \/><\/p>\n<p><span data-contrast=\"auto\">A Campanha Junho Verde precisa sensibilizar os cora\u00e7\u00f5es para reconhecer o que ensina S\u00e3o Francisco de Assis: a Terra deve ser tratada como uma irm\u00e3 com quem se partilha a exist\u00eancia. Para alcan\u00e7ar esse objetivo, a Campanha ainda precisa ganhar mais espa\u00e7o e aten\u00e7\u00e3o, inclusive dos agentes que a institu\u00edram. A tem\u00e1tica ambiental, embora importante, n\u00e3o repercute com a necess\u00e1ria intensidade no conjunto da sociedade brasileira. \u00c9 verdade que tem crescido o interesse sobre quest\u00f5es ligadas ao meio ambiente, mas de modo ainda t\u00edmido, mesmo diante desta interroga\u00e7\u00e3o fundamental: O que a humanidade tem feito com o planeta, lugar de todos? Uma pergunta que ecoa mais forte durante a Campanha Junho Verde, lembrando que ningu\u00e9m pode permanecer indiferente diante do desafio de respond\u00ea-la, para que seja poss\u00edvel alcan\u00e7ar um novo estilo de vida mais sustent\u00e1vel. Mudan\u00e7as comportamentais s\u00e3o imprescind\u00edveis para que sejam evitadas cat\u00e1strofes que levam a perdas irrevers\u00edveis e a reconstru\u00e7\u00f5es demoradas, muito onerosas. Adverte o Papa Francisco, na Carta Enc\u00edclica Laudato Si\u2019, que a irm\u00e3 Terra clama contra o mal que lhe est\u00e1 sendo provocado por causa do uso irrespons\u00e1vel e do abuso dos bens que Deus nela colocou.\u00a0<\/span><span data-ccp-props=\"{&quot;201341983&quot;:0,&quot;335551550&quot;:6,&quot;335551620&quot;:6,&quot;335559739&quot;:0,&quot;335559740&quot;:240}\">\u00a0<\/span><\/p>\n<p><span data-contrast=\"auto\">Ainda persiste a mentalidade de que o ser humano \u00e9 propriet\u00e1rio ou dominador do planeta, podendo apropriar-se, ilimitadamente, dos recursos naturais. Por isso s\u00e3o t\u00e3o comuns atos e posturas sustentados por l\u00f3gicas extrativistas, que buscam somente o lucro e o enriquecimento de alguns, sem se preocupar com os preju\u00edzos que ser\u00e3o amargados por todos. Esses atos e posturas expressam a viol\u00eancia que habita o ser humano, ferido pelo pecado. Levam a adoecimentos que provocam sintomas tamb\u00e9m no solo, na \u00e1gua, no ar e nos seres vivos. \u00c9 preciso consolidar o entendimento de que tamb\u00e9m o corpo humano \u00e9 constitu\u00eddo pelos elementos do meio ambiente, podendo adoecer ou morrer, diante das contamina\u00e7\u00f5es que amea\u00e7am a natureza. O adoecimento do planeta repercute na sa\u00fade da humanidade. Por isso, dentre outros males, deve-se buscar a supera\u00e7\u00e3o do consumismo \u2013 \u201cbomba-rel\u00f3gio\u201d com detona\u00e7\u00e3o perigosa e destruidora, estilo de vida dif\u00edcil de ser vencido. Na verdade, o estilo de viver centralizado no consumo sem limites \u00e9 promovido de muitas formas, pois amplia o lucro de alguns. Ao mesmo tempo, traz graves consequ\u00eancias para a vida de todos, indistintamente. Buscar o bem-estar \u00e9 leg\u00edtimo e necess\u00e1rio, mas, para verdadeiramente alcan\u00e7\u00e1-lo, deve-se reconhecer a sua rela\u00e7\u00e3o com a prote\u00e7\u00e3o do meio ambiente.\u00a0<\/span><span data-ccp-props=\"{&quot;201341983&quot;:0,&quot;335551550&quot;:6,&quot;335551620&quot;:6,&quot;335559739&quot;:0,&quot;335559740&quot;:240}\">\u00a0<\/span><\/p>\n<p><span data-contrast=\"auto\">Quando se trata do cuidado da casa comum ningu\u00e9m pode permanecer indiferente. Esse entendimento precisa se consolidar cada vez mais, tornando oportuna a Campanha Junho Verde, que promove a sensibiliza\u00e7\u00e3o para o adequado tratamento da tem\u00e1tica ambiental. O meio ambiente n\u00e3o \u00e9 assunto exclusivo de alguns segmentos. Deve inspirar reflex\u00f5es envolvendo cada vez mais pessoas, pois a deteriora\u00e7\u00e3o ambiental precisa remeter a revis\u00f5es de posturas, superando explora\u00e7\u00f5es indevidas e degrada\u00e7\u00f5es perigosas. Esta sensibiliza\u00e7\u00e3o prim\u00e1ria \u00e9 urgente e precisa ser permanente. Nesse mesmo horizonte, \u00e9 preciso buscar avan\u00e7os cient\u00edficos que auxiliem na promo\u00e7\u00e3o de um desenvolvimento econ\u00f4mico sustent\u00e1vel, alavanquem o equil\u00edbrio essencial \u00e0 vida no planeta, o que contempla a elabora\u00e7\u00e3o de iniciativas capazes de contribuir com a supera\u00e7\u00e3o de injusti\u00e7as, pobreza e exclus\u00e3o. O mundo contempor\u00e2neo pede uma urgente e significativa convers\u00e3o ecol\u00f3gica global, capaz de inspirar o abandono dos modelos de produ\u00e7\u00e3o que est\u00e3o em confronto com a Cria\u00e7\u00e3o de Deus, o \u00fanico e absoluto Senhor de tudo. Ao ser humano, Deus confiou a Cria\u00e7\u00e3o, a ser cuidada a partir de princ\u00edpios morais que est\u00e3o na contram\u00e3o das l\u00f3gicas destrutivas do meio ambiente.\u00a0<\/span><span data-ccp-props=\"{&quot;201341983&quot;:0,&quot;335551550&quot;:6,&quot;335551620&quot;:6,&quot;335559739&quot;:0,&quot;335559740&quot;:240}\">\u00a0<\/span><\/p>\n<p><span data-contrast=\"auto\">H\u00e1 de ser questionado criticamente o que se considera progresso, pois, em vez de desenvolvimento, o que se pode obter \u00e9 um grave preju\u00edzo, com perdas de valores ecol\u00f3gicos inalien\u00e1veis.\u00a0 Pensar sobre o que est\u00e1 acontecendo com o planeta Terra deve inquietar o ser humano, fazendo-o buscar mais conhecimento t\u00e9cnico-cient\u00edfico a respeito de temas essenciais \u00e0 vida, a exemplo da rela\u00e7\u00e3o entre polui\u00e7\u00e3o e mudan\u00e7as clim\u00e1ticas. Sabe-se que avan\u00e7os t\u00e9cnicos orientados simplesmente para o ac\u00famulo de riquezas s\u00e3o incapazes de adequadamente tratar o mist\u00e9rio das rela\u00e7\u00f5es existentes entre tudo que habita o planeta. Buscar, simplesmente, mecanismos para intensificar, sempre mais, o consumo, alimenta a cultura do descarte, fazendo com que a casa comum se torne um grande dep\u00f3sito de lixo. Intensifica, consequentemente, o crime do desperd\u00edcio, alimentando uma grave insensibilidade social, na contram\u00e3o da necess\u00e1ria educa\u00e7\u00e3o solid\u00e1ria que precisa orientar a vida em sociedade. A revers\u00e3o do atual cen\u00e1rio de progressiva degrada\u00e7\u00e3o ambiental \u00e9 caminho longo que pede abordagens complexas. Conta muito a postura cidad\u00e3 ecol\u00f3gica de cada pessoa, que precisa se tornar aprendiz de estilos de vida sustent\u00e1veis, solid\u00e1rios. E o ponto de partida \u00e9 deixar-se inquietar por esta pertinente interroga\u00e7\u00e3o ambiental: o que a humanidade tem feito com o planeta, lugar de todos?\u00a0<\/span><span data-ccp-props=\"{&quot;201341983&quot;:0,&quot;335551550&quot;:6,&quot;335551620&quot;:6,&quot;335559739&quot;:0,&quot;335559740&quot;:240}\">\u00a0<\/span><\/p>\n<hr \/>\n<p><em>Dom Walmor Oliveira de Azevedo<\/em><\/p>\n","protected":false},"excerpt":{"rendered":"<p>Dom Walmor Oliveira de Azevedo<\/p>\n","protected":false},"author":10,"featured_media":194734,"comment_status":"open","ping_status":"open","sticky":false,"template":"","format":"standard","meta":{"footnotes":""},"categories":[26],"tags":[271,94],"yoast_head":"<!-- This site is optimized with the Yoast SEO plugin v19.4 - https:\/\/yoast.com\/wordpress\/plugins\/seo\/ -->\n<title>Interroga\u00e7\u00e3o ambiental - Vida Crist\u00e3 - Franciscanos<\/title>\n<meta name=\"robots\" content=\"index, follow, max-snippet:-1, max-image-preview:large, max-video-preview:-1\" \/>\n<link rel=\"canonical\" href=\"https:\/\/franciscanos.org.br\/vidacrista\/interrogacao-ambiental\/\" \/>\n<meta property=\"og:locale\" content=\"pt_BR\" \/>\n<meta property=\"og:type\" content=\"article\" \/>\n<meta property=\"og:title\" content=\"Interroga\u00e7\u00e3o ambiental - Vida Crist\u00e3 - Franciscanos\" \/>\n<meta property=\"og:description\" content=\"Dom Walmor Oliveira de Azevedo\" \/>\n<meta property=\"og:url\" content=\"https:\/\/franciscanos.org.br\/vidacrista\/interrogacao-ambiental\/\" \/>\n<meta property=\"og:site_name\" content=\"Vida Crist\u00e3 - Franciscanos\" \/>\n<meta property=\"article:published_time\" content=\"2024-06-11T14:36:47+00:00\" \/>\n<meta property=\"og:image\" content=\"https:\/\/franciscanos.org.br\/vidacrista\/wp-content\/uploads\/2024\/06\/gramacrescendonaformadeumsmbolodepontodeinterrogao.jpg\" \/>\n\t<meta property=\"og:image:width\" content=\"1292\" \/>\n\t<meta property=\"og:image:height\" content=\"1105\" \/>\n\t<meta property=\"og:image:type\" content=\"image\/jpeg\" \/>\n<meta name=\"author\" content=\"Adriana Rabelo\" \/>\n<meta name=\"twitter:card\" content=\"summary_large_image\" \/>\n<meta name=\"twitter:label1\" content=\"Escrito por\" \/>\n\t<meta name=\"twitter:data1\" content=\"Adriana Rabelo\" \/>\n\t<meta name=\"twitter:label2\" content=\"Est. tempo de leitura\" \/>\n\t<meta name=\"twitter:data2\" content=\"4 minutos\" \/>\n<script type=\"application\/ld+json\" class=\"yoast-schema-graph\">{\"@context\":\"https:\/\/schema.org\",\"@graph\":[{\"@type\":\"WebSite\",\"@id\":\"https:\/\/franciscanos.org.br\/vidacrista\/#website\",\"url\":\"https:\/\/franciscanos.org.br\/vidacrista\/\",\"name\":\"Vida Crist\u00e3 - Franciscanos\",\"description\":\"Prov\u00edncia Franciscana da Imaculada Concei\u00e7\u00e3o do Brasil - Ordem dos Frades Menores\",\"potentialAction\":[{\"@type\":\"SearchAction\",\"target\":{\"@type\":\"EntryPoint\",\"urlTemplate\":\"https:\/\/franciscanos.org.br\/vidacrista\/?s={search_term_string}\"},\"query-input\":\"required name=search_term_string\"}],\"inLanguage\":\"pt-BR\"},{\"@type\":\"WebPage\",\"@id\":\"https:\/\/franciscanos.org.br\/vidacrista\/interrogacao-ambiental\/\",\"url\":\"https:\/\/franciscanos.org.br\/vidacrista\/interrogacao-ambiental\/\",\"name\":\"Interroga\u00e7\u00e3o ambiental - Vida Crist\u00e3 - Franciscanos\",\"isPartOf\":{\"@id\":\"https:\/\/franciscanos.org.br\/vidacrista\/#website\"},\"datePublished\":\"2024-06-11T14:36:47+00:00\",\"dateModified\":\"2024-06-11T14:36:47+00:00\",\"author\":{\"@id\":\"https:\/\/franciscanos.org.br\/vidacrista\/#\/schema\/person\/a0cbb2edfc0aecf8ac498802d1cb57b5\"},\"breadcrumb\":{\"@id\":\"https:\/\/franciscanos.org.br\/vidacrista\/interrogacao-ambiental\/#breadcrumb\"},\"inLanguage\":\"pt-BR\",\"potentialAction\":[{\"@type\":\"ReadAction\",\"target\":[\"https:\/\/franciscanos.org.br\/vidacrista\/interrogacao-ambiental\/\"]}]},{\"@type\":\"BreadcrumbList\",\"@id\":\"https:\/\/franciscanos.org.br\/vidacrista\/interrogacao-ambiental\/#breadcrumb\",\"itemListElement\":[{\"@type\":\"ListItem\",\"position\":1,\"name\":\"Home\",\"item\":\"https:\/\/franciscanos.org.br\/vidacrista\/\"},{\"@type\":\"ListItem\",\"position\":2,\"name\":\"Interroga\u00e7\u00e3o ambiental\"}]},{\"@type\":\"Person\",\"@id\":\"https:\/\/franciscanos.org.br\/vidacrista\/#\/schema\/person\/a0cbb2edfc0aecf8ac498802d1cb57b5\",\"name\":\"Adriana Rabelo\",\"image\":{\"@type\":\"ImageObject\",\"inLanguage\":\"pt-BR\",\"@id\":\"https:\/\/franciscanos.org.br\/vidacrista\/#\/schema\/person\/image\/\",\"url\":\"https:\/\/secure.gravatar.com\/avatar\/0a937b7500cd7df77540cfb8bede877d?s=96&d=mm&r=g\",\"contentUrl\":\"https:\/\/secure.gravatar.com\/avatar\/0a937b7500cd7df77540cfb8bede877d?s=96&d=mm&r=g\",\"caption\":\"Adriana Rabelo\"},\"url\":\"https:\/\/franciscanos.org.br\/vidacrista\/author\/adrianarabelo\/\"}]}<\/script>\n<!-- \/ Yoast SEO plugin. -->","yoast_head_json":{"title":"Interroga\u00e7\u00e3o ambiental - Vida Crist\u00e3 - Franciscanos","robots":{"index":"index","follow":"follow","max-snippet":"max-snippet:-1","max-image-preview":"max-image-preview:large","max-video-preview":"max-video-preview:-1"},"canonical":"https:\/\/franciscanos.org.br\/vidacrista\/interrogacao-ambiental\/","og_locale":"pt_BR","og_type":"article","og_title":"Interroga\u00e7\u00e3o ambiental - Vida Crist\u00e3 - Franciscanos","og_description":"Dom Walmor Oliveira de Azevedo","og_url":"https:\/\/franciscanos.org.br\/vidacrista\/interrogacao-ambiental\/","og_site_name":"Vida Crist\u00e3 - Franciscanos","article_published_time":"2024-06-11T14:36:47+00:00","og_image":[{"width":1292,"height":1105,"url":"https:\/\/franciscanos.org.br\/vidacrista\/wp-content\/uploads\/2024\/06\/gramacrescendonaformadeumsmbolodepontodeinterrogao.jpg","type":"image\/jpeg"}],"author":"Adriana Rabelo","twitter_card":"summary_large_image","twitter_misc":{"Escrito por":"Adriana Rabelo","Est. tempo de leitura":"4 minutos"},"schema":{"@context":"https:\/\/schema.org","@graph":[{"@type":"WebSite","@id":"https:\/\/franciscanos.org.br\/vidacrista\/#website","url":"https:\/\/franciscanos.org.br\/vidacrista\/","name":"Vida Crist\u00e3 - Franciscanos","description":"Prov\u00edncia Franciscana da Imaculada Concei\u00e7\u00e3o do Brasil - Ordem dos Frades Menores","potentialAction":[{"@type":"SearchAction","target":{"@type":"EntryPoint","urlTemplate":"https:\/\/franciscanos.org.br\/vidacrista\/?s={search_term_string}"},"query-input":"required name=search_term_string"}],"inLanguage":"pt-BR"},{"@type":"WebPage","@id":"https:\/\/franciscanos.org.br\/vidacrista\/interrogacao-ambiental\/","url":"https:\/\/franciscanos.org.br\/vidacrista\/interrogacao-ambiental\/","name":"Interroga\u00e7\u00e3o ambiental - Vida Crist\u00e3 - Franciscanos","isPartOf":{"@id":"https:\/\/franciscanos.org.br\/vidacrista\/#website"},"datePublished":"2024-06-11T14:36:47+00:00","dateModified":"2024-06-11T14:36:47+00:00","author":{"@id":"https:\/\/franciscanos.org.br\/vidacrista\/#\/schema\/person\/a0cbb2edfc0aecf8ac498802d1cb57b5"},"breadcrumb":{"@id":"https:\/\/franciscanos.org.br\/vidacrista\/interrogacao-ambiental\/#breadcrumb"},"inLanguage":"pt-BR","potentialAction":[{"@type":"ReadAction","target":["https:\/\/franciscanos.org.br\/vidacrista\/interrogacao-ambiental\/"]}]},{"@type":"BreadcrumbList","@id":"https:\/\/franciscanos.org.br\/vidacrista\/interrogacao-ambiental\/#breadcrumb","itemListElement":[{"@type":"ListItem","position":1,"name":"Home","item":"https:\/\/franciscanos.org.br\/vidacrista\/"},{"@type":"ListItem","position":2,"name":"Interroga\u00e7\u00e3o ambiental"}]},{"@type":"Person","@id":"https:\/\/franciscanos.org.br\/vidacrista\/#\/schema\/person\/a0cbb2edfc0aecf8ac498802d1cb57b5","name":"Adriana Rabelo","image":{"@type":"ImageObject","inLanguage":"pt-BR","@id":"https:\/\/franciscanos.org.br\/vidacrista\/#\/schema\/person\/image\/","url":"https:\/\/secure.gravatar.com\/avatar\/0a937b7500cd7df77540cfb8bede877d?s=96&d=mm&r=g","contentUrl":"https:\/\/secure.gravatar.com\/avatar\/0a937b7500cd7df77540cfb8bede877d?s=96&d=mm&r=g","caption":"Adriana Rabelo"},"url":"https:\/\/franciscanos.org.br\/vidacrista\/author\/adrianarabelo\/"}]}},"_links":{"self":[{"href":"https:\/\/franciscanos.org.br\/vidacrista\/wp-json\/wp\/v2\/posts\/194733"}],"collection":[{"href":"https:\/\/franciscanos.org.br\/vidacrista\/wp-json\/wp\/v2\/posts"}],"about":[{"href":"https:\/\/franciscanos.org.br\/vidacrista\/wp-json\/wp\/v2\/types\/post"}],"author":[{"embeddable":true,"href":"https:\/\/franciscanos.org.br\/vidacrista\/wp-json\/wp\/v2\/users\/10"}],"replies":[{"embeddable":true,"href":"https:\/\/franciscanos.org.br\/vidacrista\/wp-json\/wp\/v2\/comments?post=194733"}],"version-history":[{"count":1,"href":"https:\/\/franciscanos.org.br\/vidacrista\/wp-json\/wp\/v2\/posts\/194733\/revisions"}],"predecessor-version":[{"id":194735,"href":"https:\/\/franciscanos.org.br\/vidacrista\/wp-json\/wp\/v2\/posts\/194733\/revisions\/194735"}],"wp:featuredmedia":[{"embeddable":true,"href":"https:\/\/franciscanos.org.br\/vidacrista\/wp-json\/wp\/v2\/media\/194734"}],"wp:attachment":[{"href":"https:\/\/franciscanos.org.br\/vidacrista\/wp-json\/wp\/v2\/media?parent=194733"}],"wp:term":[{"taxonomy":"category","embeddable":true,"href":"https:\/\/franciscanos.org.br\/vidacrista\/wp-json\/wp\/v2\/categories?post=194733"},{"taxonomy":"post_tag","embeddable":true,"href":"https:\/\/franciscanos.org.br\/vidacrista\/wp-json\/wp\/v2\/tags?post=194733"}],"curies":[{"name":"wp","href":"https:\/\/api.w.org\/{rel}","templated":true}]}}