{"id":194711,"date":"2024-06-07T10:39:49","date_gmt":"2024-06-07T13:39:49","guid":{"rendered":"https:\/\/franciscanos.org.br\/vidacrista\/?p=194711"},"modified":"2024-06-07T11:01:49","modified_gmt":"2024-06-07T14:01:49","slug":"devocao-ao-sagrado-de-jesus-o-desagravo-e-seu-sentido-ontem-e-hoje","status":"publish","type":"post","link":"https:\/\/franciscanos.org.br\/vidacrista\/devocao-ao-sagrado-de-jesus-o-desagravo-e-seu-sentido-ontem-e-hoje\/","title":{"rendered":"Devo\u00e7\u00e3o ao Sagrado de Jesus: o desagravo e seu sentido ontem e hoje!"},"content":{"rendered":"<p><img decoding=\"async\" loading=\"lazy\" class=\"size-medium wp-image-194712 alignleft\" src=\"https:\/\/franciscanos.org.br\/vidacrista\/wp-content\/uploads\/2024\/06\/Sagrado-Coracao-de-Jesus-321x450.jpg\" alt=\"\" width=\"321\" height=\"450\" srcset=\"https:\/\/franciscanos.org.br\/vidacrista\/wp-content\/uploads\/2024\/06\/Sagrado-Coracao-de-Jesus-321x450.jpg 321w, https:\/\/franciscanos.org.br\/vidacrista\/wp-content\/uploads\/2024\/06\/Sagrado-Coracao-de-Jesus-150x210.jpg 150w, https:\/\/franciscanos.org.br\/vidacrista\/wp-content\/uploads\/2024\/06\/Sagrado-Coracao-de-Jesus.jpg 411w\" sizes=\"(max-width: 321px) 100vw, 321px\" \/><\/p>\n<p><span style=\"font-weight: 400;\">A devo\u00e7\u00e3o ao Sagrado Cora\u00e7\u00e3o de Jesus tem origem no ano de 1675, com a religiosa\u00a0Margarida Maria Alacoque. Segundo a tradi\u00e7\u00e3o, ela teve uma vis\u00e3o de Jesus mostrando-lhe o seu\u00a0cora\u00e7\u00e3o\u00a0e pedindo que fosse realizada uma celebra\u00e7\u00e3o em honra ao\u00a0Sagrado Cora\u00e7\u00e3o de Jesus, no oitavo dia depois da festa de Corpus Christi, isto \u00e9, numa sexta-feira. Nesse dia, todos deveriam comungar e fazer o desagravo do Cora\u00e7\u00e3o de Jesus com muita piedade. O povo tinha medo de comungar. Havia um sentimento de poder comungar a pr\u00f3pria condena\u00e7\u00e3o ao\u00a0inferno.\u00a0<\/span><\/p>\n<p><span style=\"font-weight: 400;\">Essa vis\u00e3o \u00e9 fruto dos ensinamentos de um holand\u00eas, chamado\u00a0Corn\u00e9lio Jans\u00eanio. Ele pregava um Deus carrasco que punia os pecadores. O pedido de comungar e, mais tarde, de nove sextas-feiras ou o ano todo, em honra ao Sagrado Cora\u00e7\u00e3o de Jesus foi uma resposta ao jansenismo.<\/span><\/p>\n<p><span style=\"font-weight: 400;\">O outro pedido, o do desagravo do\u00a0Sagrado\u00a0Cora\u00e7\u00e3o, \u00e9 uma devo\u00e7\u00e3o, uma piedade popular antiga na Igreja que consiste em fazer um ato de repara\u00e7\u00e3o de algo que foi feito de maneira errada. Por exemplo: o\u00a0Sant\u00edssimo\u00a0foi profanado. Ent\u00e3o, era necess\u00e1rio fazer um ato de desagravo do Sant\u00edssimo. O desagravo do Sagrado Cora\u00e7\u00e3o de Jesus se justifica porque segundo o evangelho de Jo\u00e3o, e somente ele, Jesus recebeu um golpe indevido de lan\u00e7a no seu cora\u00e7\u00e3o, uma viola\u00e7\u00e3o (Jo 19,34), seu cora\u00e7\u00e3o foi dilacerado. O amor n\u00e3o foi amado. E o que \u00e9 pior, Jesus morreu na cruz sem ser culpado de nada. Esse \u00e9 o sentido origin\u00e1rio da festa do\u00a0Sagrado\u00a0Cora\u00e7\u00e3o, que logo se espalhou pela\u00a0Europa\u00a0e pelo mundo crist\u00e3o.<\/span><\/p>\n<p><span style=\"font-weight: 400;\">A devo\u00e7\u00e3o ao Sagrado Cora\u00e7\u00e3o s\u00f3 faz sentido na perspectiva da miseric\u00f3rdia e dos desagravos que assolam o nosso tempo. Cora\u00e7\u00e3o, a <\/span><i><span style=\"font-weight: 400;\">a\u00e7\u00e3o do cor<\/span><\/i><span style=\"font-weight: 400;\">, \u00e9 o da miseric\u00f3rdia, da solidariedade com os empobrecidos de nosso tempo. Miseric\u00f3rdia, como bem definiu o Papa Francisco, \u00e9 o \u201cato de sujar as m\u00e3os, de tocar, de p\u00f4r-se em jogo, de querer se envolver com o outro, de dirigir-se \u00e0quilo que \u00e9 pessoal com aquilo que mais pessoal, n\u00e3o se ocupar com um caso, mas se comprometer com uma pessoa, com sua ferida.\u201d Esse \u00e9 o sentido hoje da festa do Sagrado Cora\u00e7\u00e3o de Jesus.\u00a0<\/span><\/p>\n<hr \/>\n<p><em><span style=\"font-weight: 400;\">Frei Jacir de Freitas Faria, OFM<\/span><\/em><\/p>\n<p>&nbsp;<\/p>\n<p><iframe loading=\"lazy\" title=\"YouTube video player\" src=\"https:\/\/www.youtube.com\/embed\/9rm_XQdjzH0?si=wp-Wfetep3LZ1Peo\" width=\"560\" height=\"315\" frameborder=\"0\" allowfullscreen=\"allowfullscreen\"><\/iframe><\/p>\n","protected":false},"excerpt":{"rendered":"<p>Frei Jacir de Freitas Faria, OFM<\/p>\n","protected":false},"author":9,"featured_media":194712,"comment_status":"open","ping_status":"open","sticky":false,"template":"","format":"standard","meta":{"footnotes":""},"categories":[26],"tags":[40,43],"yoast_head":"<!-- This site is optimized with the Yoast SEO plugin v19.4 - https:\/\/yoast.com\/wordpress\/plugins\/seo\/ -->\n<title>Devo\u00e7\u00e3o ao Sagrado de Jesus: o desagravo e seu sentido ontem e hoje! - Vida Crist\u00e3 - Franciscanos<\/title>\n<meta name=\"robots\" content=\"index, follow, max-snippet:-1, max-image-preview:large, max-video-preview:-1\" \/>\n<link rel=\"canonical\" href=\"https:\/\/franciscanos.org.br\/vidacrista\/devocao-ao-sagrado-de-jesus-o-desagravo-e-seu-sentido-ontem-e-hoje\/\" \/>\n<meta property=\"og:locale\" content=\"pt_BR\" \/>\n<meta property=\"og:type\" content=\"article\" \/>\n<meta property=\"og:title\" content=\"Devo\u00e7\u00e3o ao Sagrado de Jesus: o desagravo e seu sentido ontem e hoje! - Vida Crist\u00e3 - Franciscanos\" \/>\n<meta property=\"og:description\" content=\"Frei Jacir de Freitas Faria, OFM\" \/>\n<meta property=\"og:url\" content=\"https:\/\/franciscanos.org.br\/vidacrista\/devocao-ao-sagrado-de-jesus-o-desagravo-e-seu-sentido-ontem-e-hoje\/\" \/>\n<meta property=\"og:site_name\" content=\"Vida Crist\u00e3 - Franciscanos\" \/>\n<meta property=\"article:published_time\" content=\"2024-06-07T13:39:49+00:00\" \/>\n<meta property=\"article:modified_time\" content=\"2024-06-07T14:01:49+00:00\" \/>\n<meta property=\"og:image\" content=\"https:\/\/franciscanos.org.br\/vidacrista\/wp-content\/uploads\/2024\/06\/Sagrado-Coracao-de-Jesus.jpg\" \/>\n\t<meta property=\"og:image:width\" content=\"411\" \/>\n\t<meta property=\"og:image:height\" content=\"576\" \/>\n\t<meta property=\"og:image:type\" content=\"image\/jpeg\" \/>\n<meta name=\"author\" content=\"Jo\u00e3o Vitor\" \/>\n<meta name=\"twitter:card\" content=\"summary_large_image\" \/>\n<meta name=\"twitter:label1\" content=\"Escrito por\" \/>\n\t<meta name=\"twitter:data1\" content=\"Jo\u00e3o Vitor\" \/>\n\t<meta name=\"twitter:label2\" content=\"Est. tempo de leitura\" \/>\n\t<meta name=\"twitter:data2\" content=\"2 minutos\" \/>\n<script type=\"application\/ld+json\" class=\"yoast-schema-graph\">{\"@context\":\"https:\/\/schema.org\",\"@graph\":[{\"@type\":\"WebSite\",\"@id\":\"https:\/\/franciscanos.org.br\/vidacrista\/#website\",\"url\":\"https:\/\/franciscanos.org.br\/vidacrista\/\",\"name\":\"Vida Crist\u00e3 - Franciscanos\",\"description\":\"Prov\u00edncia Franciscana da Imaculada Concei\u00e7\u00e3o do Brasil - Ordem dos Frades Menores\",\"potentialAction\":[{\"@type\":\"SearchAction\",\"target\":{\"@type\":\"EntryPoint\",\"urlTemplate\":\"https:\/\/franciscanos.org.br\/vidacrista\/?s={search_term_string}\"},\"query-input\":\"required name=search_term_string\"}],\"inLanguage\":\"pt-BR\"},{\"@type\":\"WebPage\",\"@id\":\"https:\/\/franciscanos.org.br\/vidacrista\/devocao-ao-sagrado-de-jesus-o-desagravo-e-seu-sentido-ontem-e-hoje\/\",\"url\":\"https:\/\/franciscanos.org.br\/vidacrista\/devocao-ao-sagrado-de-jesus-o-desagravo-e-seu-sentido-ontem-e-hoje\/\",\"name\":\"Devo\u00e7\u00e3o ao Sagrado de Jesus: o desagravo e seu sentido ontem e hoje! - Vida Crist\u00e3 - Franciscanos\",\"isPartOf\":{\"@id\":\"https:\/\/franciscanos.org.br\/vidacrista\/#website\"},\"datePublished\":\"2024-06-07T13:39:49+00:00\",\"dateModified\":\"2024-06-07T14:01:49+00:00\",\"author\":{\"@id\":\"https:\/\/franciscanos.org.br\/vidacrista\/#\/schema\/person\/d9f9482315d3f26b8e1be15d5fc373f1\"},\"breadcrumb\":{\"@id\":\"https:\/\/franciscanos.org.br\/vidacrista\/devocao-ao-sagrado-de-jesus-o-desagravo-e-seu-sentido-ontem-e-hoje\/#breadcrumb\"},\"inLanguage\":\"pt-BR\",\"potentialAction\":[{\"@type\":\"ReadAction\",\"target\":[\"https:\/\/franciscanos.org.br\/vidacrista\/devocao-ao-sagrado-de-jesus-o-desagravo-e-seu-sentido-ontem-e-hoje\/\"]}]},{\"@type\":\"BreadcrumbList\",\"@id\":\"https:\/\/franciscanos.org.br\/vidacrista\/devocao-ao-sagrado-de-jesus-o-desagravo-e-seu-sentido-ontem-e-hoje\/#breadcrumb\",\"itemListElement\":[{\"@type\":\"ListItem\",\"position\":1,\"name\":\"Home\",\"item\":\"https:\/\/franciscanos.org.br\/vidacrista\/\"},{\"@type\":\"ListItem\",\"position\":2,\"name\":\"Devo\u00e7\u00e3o ao Sagrado de Jesus: o desagravo e seu sentido ontem e hoje!\"}]},{\"@type\":\"Person\",\"@id\":\"https:\/\/franciscanos.org.br\/vidacrista\/#\/schema\/person\/d9f9482315d3f26b8e1be15d5fc373f1\",\"name\":\"Jo\u00e3o Vitor\",\"image\":{\"@type\":\"ImageObject\",\"inLanguage\":\"pt-BR\",\"@id\":\"https:\/\/franciscanos.org.br\/vidacrista\/#\/schema\/person\/image\/\",\"url\":\"https:\/\/secure.gravatar.com\/avatar\/10ba5c9713e0c323617b4309a19e3a46?s=96&d=mm&r=g\",\"contentUrl\":\"https:\/\/secure.gravatar.com\/avatar\/10ba5c9713e0c323617b4309a19e3a46?s=96&d=mm&r=g\",\"caption\":\"Jo\u00e3o Vitor\"},\"url\":\"https:\/\/franciscanos.org.br\/vidacrista\/author\/joaovitor\/\"}]}<\/script>\n<!-- \/ Yoast SEO plugin. -->","yoast_head_json":{"title":"Devo\u00e7\u00e3o ao Sagrado de Jesus: o desagravo e seu sentido ontem e hoje! - Vida Crist\u00e3 - Franciscanos","robots":{"index":"index","follow":"follow","max-snippet":"max-snippet:-1","max-image-preview":"max-image-preview:large","max-video-preview":"max-video-preview:-1"},"canonical":"https:\/\/franciscanos.org.br\/vidacrista\/devocao-ao-sagrado-de-jesus-o-desagravo-e-seu-sentido-ontem-e-hoje\/","og_locale":"pt_BR","og_type":"article","og_title":"Devo\u00e7\u00e3o ao Sagrado de Jesus: o desagravo e seu sentido ontem e hoje! - Vida Crist\u00e3 - Franciscanos","og_description":"Frei Jacir de Freitas Faria, OFM","og_url":"https:\/\/franciscanos.org.br\/vidacrista\/devocao-ao-sagrado-de-jesus-o-desagravo-e-seu-sentido-ontem-e-hoje\/","og_site_name":"Vida Crist\u00e3 - Franciscanos","article_published_time":"2024-06-07T13:39:49+00:00","article_modified_time":"2024-06-07T14:01:49+00:00","og_image":[{"width":411,"height":576,"url":"https:\/\/franciscanos.org.br\/vidacrista\/wp-content\/uploads\/2024\/06\/Sagrado-Coracao-de-Jesus.jpg","type":"image\/jpeg"}],"author":"Jo\u00e3o Vitor","twitter_card":"summary_large_image","twitter_misc":{"Escrito por":"Jo\u00e3o Vitor","Est. tempo de leitura":"2 minutos"},"schema":{"@context":"https:\/\/schema.org","@graph":[{"@type":"WebSite","@id":"https:\/\/franciscanos.org.br\/vidacrista\/#website","url":"https:\/\/franciscanos.org.br\/vidacrista\/","name":"Vida Crist\u00e3 - Franciscanos","description":"Prov\u00edncia Franciscana da Imaculada Concei\u00e7\u00e3o do Brasil - Ordem dos Frades Menores","potentialAction":[{"@type":"SearchAction","target":{"@type":"EntryPoint","urlTemplate":"https:\/\/franciscanos.org.br\/vidacrista\/?s={search_term_string}"},"query-input":"required name=search_term_string"}],"inLanguage":"pt-BR"},{"@type":"WebPage","@id":"https:\/\/franciscanos.org.br\/vidacrista\/devocao-ao-sagrado-de-jesus-o-desagravo-e-seu-sentido-ontem-e-hoje\/","url":"https:\/\/franciscanos.org.br\/vidacrista\/devocao-ao-sagrado-de-jesus-o-desagravo-e-seu-sentido-ontem-e-hoje\/","name":"Devo\u00e7\u00e3o ao Sagrado de Jesus: o desagravo e seu sentido ontem e hoje! - Vida Crist\u00e3 - Franciscanos","isPartOf":{"@id":"https:\/\/franciscanos.org.br\/vidacrista\/#website"},"datePublished":"2024-06-07T13:39:49+00:00","dateModified":"2024-06-07T14:01:49+00:00","author":{"@id":"https:\/\/franciscanos.org.br\/vidacrista\/#\/schema\/person\/d9f9482315d3f26b8e1be15d5fc373f1"},"breadcrumb":{"@id":"https:\/\/franciscanos.org.br\/vidacrista\/devocao-ao-sagrado-de-jesus-o-desagravo-e-seu-sentido-ontem-e-hoje\/#breadcrumb"},"inLanguage":"pt-BR","potentialAction":[{"@type":"ReadAction","target":["https:\/\/franciscanos.org.br\/vidacrista\/devocao-ao-sagrado-de-jesus-o-desagravo-e-seu-sentido-ontem-e-hoje\/"]}]},{"@type":"BreadcrumbList","@id":"https:\/\/franciscanos.org.br\/vidacrista\/devocao-ao-sagrado-de-jesus-o-desagravo-e-seu-sentido-ontem-e-hoje\/#breadcrumb","itemListElement":[{"@type":"ListItem","position":1,"name":"Home","item":"https:\/\/franciscanos.org.br\/vidacrista\/"},{"@type":"ListItem","position":2,"name":"Devo\u00e7\u00e3o ao Sagrado de Jesus: o desagravo e seu sentido ontem e hoje!"}]},{"@type":"Person","@id":"https:\/\/franciscanos.org.br\/vidacrista\/#\/schema\/person\/d9f9482315d3f26b8e1be15d5fc373f1","name":"Jo\u00e3o Vitor","image":{"@type":"ImageObject","inLanguage":"pt-BR","@id":"https:\/\/franciscanos.org.br\/vidacrista\/#\/schema\/person\/image\/","url":"https:\/\/secure.gravatar.com\/avatar\/10ba5c9713e0c323617b4309a19e3a46?s=96&d=mm&r=g","contentUrl":"https:\/\/secure.gravatar.com\/avatar\/10ba5c9713e0c323617b4309a19e3a46?s=96&d=mm&r=g","caption":"Jo\u00e3o Vitor"},"url":"https:\/\/franciscanos.org.br\/vidacrista\/author\/joaovitor\/"}]}},"_links":{"self":[{"href":"https:\/\/franciscanos.org.br\/vidacrista\/wp-json\/wp\/v2\/posts\/194711"}],"collection":[{"href":"https:\/\/franciscanos.org.br\/vidacrista\/wp-json\/wp\/v2\/posts"}],"about":[{"href":"https:\/\/franciscanos.org.br\/vidacrista\/wp-json\/wp\/v2\/types\/post"}],"author":[{"embeddable":true,"href":"https:\/\/franciscanos.org.br\/vidacrista\/wp-json\/wp\/v2\/users\/9"}],"replies":[{"embeddable":true,"href":"https:\/\/franciscanos.org.br\/vidacrista\/wp-json\/wp\/v2\/comments?post=194711"}],"version-history":[{"count":2,"href":"https:\/\/franciscanos.org.br\/vidacrista\/wp-json\/wp\/v2\/posts\/194711\/revisions"}],"predecessor-version":[{"id":194714,"href":"https:\/\/franciscanos.org.br\/vidacrista\/wp-json\/wp\/v2\/posts\/194711\/revisions\/194714"}],"wp:featuredmedia":[{"embeddable":true,"href":"https:\/\/franciscanos.org.br\/vidacrista\/wp-json\/wp\/v2\/media\/194712"}],"wp:attachment":[{"href":"https:\/\/franciscanos.org.br\/vidacrista\/wp-json\/wp\/v2\/media?parent=194711"}],"wp:term":[{"taxonomy":"category","embeddable":true,"href":"https:\/\/franciscanos.org.br\/vidacrista\/wp-json\/wp\/v2\/categories?post=194711"},{"taxonomy":"post_tag","embeddable":true,"href":"https:\/\/franciscanos.org.br\/vidacrista\/wp-json\/wp\/v2\/tags?post=194711"}],"curies":[{"name":"wp","href":"https:\/\/api.w.org\/{rel}","templated":true}]}}