{"id":194704,"date":"2024-06-05T11:00:50","date_gmt":"2024-06-05T14:00:50","guid":{"rendered":"https:\/\/franciscanos.org.br\/vidacrista\/?p=194704"},"modified":"2024-06-05T11:01:40","modified_gmt":"2024-06-05T14:01:40","slug":"junho-verde-convite","status":"publish","type":"post","link":"https:\/\/franciscanos.org.br\/vidacrista\/junho-verde-convite\/","title":{"rendered":"Junho verde: Convite"},"content":{"rendered":"<p>&nbsp;<\/p>\n<p>&nbsp;<\/p>\n<p>&nbsp;<\/p>\n<p><img decoding=\"async\" loading=\"lazy\" class=\"aligncenter wp-image-194708 size-full\" src=\"https:\/\/franciscanos.org.br\/vidacrista\/wp-content\/uploads\/2024\/06\/2151049525.jpg\" alt=\"\" width=\"1500\" height=\"1000\" srcset=\"https:\/\/franciscanos.org.br\/vidacrista\/wp-content\/uploads\/2024\/06\/2151049525.jpg 1500w, https:\/\/franciscanos.org.br\/vidacrista\/wp-content\/uploads\/2024\/06\/2151049525-450x300.jpg 450w, https:\/\/franciscanos.org.br\/vidacrista\/wp-content\/uploads\/2024\/06\/2151049525-1024x683.jpg 1024w, https:\/\/franciscanos.org.br\/vidacrista\/wp-content\/uploads\/2024\/06\/2151049525-768x512.jpg 768w, https:\/\/franciscanos.org.br\/vidacrista\/wp-content\/uploads\/2024\/06\/2151049525-150x100.jpg 150w\" sizes=\"(max-width: 1500px) 100vw, 1500px\" \/><\/p>\n<p><span data-contrast=\"auto\">Ainda no horizonte luminoso do m\u00eas de maio, reluz o an\u00fancio de um importante convite: a celebra\u00e7\u00e3o do \u201cJunho Verde\u201d que deve envolver a sociedade brasileira, interpelada a refletir sobre o que os seres humanos fazem com o planeta. A Confer\u00eancia Nacional dos Bispos do Brasil (CNBB) muito se dedicou, junto \u00e0s inst\u00e2ncias governamentais competentes, para alterar a Lei 9.795, de 27 de abril de 1999, que disp\u00f5e sobre a Pol\u00edtica Nacional de Educa\u00e7\u00e3o Ambiental, para instituir a Campanha Junho Verde. A iniciativa foi institu\u00edda com a Lei 14.393, de 27 de maio de 2022. Uma campanha anual que convoque a sociedade a investir mais em educa\u00e7\u00e3o ambiental, alinhando-se aos par\u00e2metros e propostas da ecologia integral, bem definida pelo Papa Francisco na Carta Enc\u00edclica Laudato Si\u2019 e na Exorta\u00e7\u00e3o Apost\u00f3lica Laudate Deum.\u00a0\u00a0<\/span><span data-ccp-props=\"{&quot;201341983&quot;:0,&quot;335551550&quot;:6,&quot;335551620&quot;:6,&quot;335559739&quot;:0,&quot;335559740&quot;:240}\">\u00a0<\/span><\/p>\n<p><span data-contrast=\"auto\">\u00c9 urgente avan\u00e7ar sempre mais nos prop\u00f3sitos do \u201cJunho Verde\u201d, para continuamente aperfei\u00e7oar o entendimento da popula\u00e7\u00e3o sobre a essencialidade de se conservar ecossistemas naturais, protegendo todos os seres vivos. Um compromisso que exige o controle da polui\u00e7\u00e3o e da degrada\u00e7\u00e3o dos recursos naturais. Viver os princ\u00edpios da ecologia integral \u00e9 seguir uma diretriz que precisa estar inscrita na alma dos cidad\u00e3os, ocupando a interioridade de cada um. Assim \u00e9 poss\u00edvel reagir \u00e0 degrada\u00e7\u00e3o do planeta, com a ado\u00e7\u00e3o de um novo estilo de vida, mais sustent\u00e1vel. O atual modelo de rela\u00e7\u00e3o que o ser humano estabelece com a Casa Comum est\u00e1 esgotando o meio ambiente. As consequ\u00eancias s\u00e3o as sucessivas trag\u00e9dias e cat\u00e1strofes, em diferentes lugares.\u00a0<\/span><span data-ccp-props=\"{&quot;201341983&quot;:0,&quot;335551550&quot;:6,&quot;335551620&quot;:6,&quot;335559739&quot;:0,&quot;335559740&quot;:240}\">\u00a0<\/span><\/p>\n<p><span data-contrast=\"auto\">A campanha Junho Verde \u00e9 tarefa do poder p\u00fablico em parceria com escolas, universidades, empresas p\u00fablicas e privadas, igrejas, com\u00e9rcio, entidades da sociedade civil, comunidades tradicionais e popula\u00e7\u00f5es ind\u00edgenas. H\u00e1 um amplo conjunto de possibilidades, quando se pensa nas muitas oportunidades oferecidas pela tem\u00e1tica ambiental. Por isso, n\u00e3o se pode correr o risco de deixar passar o m\u00eas de junho sem atitudes e comprometimentos capazes alimentar nova compreens\u00e3o e atitudes no tratamento da casa comum. Todos devem se convencer, cada vez mais, de que tudo est\u00e1 interligado, e perdas terr\u00edveis ocorrem quando essa realidade \u00e9 tratada com neglig\u00eancia ou desrespeito.<\/span><span data-ccp-props=\"{&quot;201341983&quot;:0,&quot;335551550&quot;:6,&quot;335551620&quot;:6,&quot;335559739&quot;:0,&quot;335559740&quot;:240}\">\u00a0<\/span><\/p>\n<p><span data-contrast=\"auto\">No atual contexto de devasta\u00e7\u00e3o ambiental, conta toda contribui\u00e7\u00e3o no sentido de reverter a deteriora\u00e7\u00e3o em curso. Assim, cada provid\u00eancia que inspire uma rea\u00e7\u00e3o diante da crise socioambiental \u00e9 significativa. A sociedade jamais pode considerar-se suficientemente dedicada \u00e0 ecologia integral. Ao contr\u00e1rio, deve reconhecer sua responsabilidade nos eventos clim\u00e1ticos catastr\u00f3ficos, com irrepar\u00e1veis perdas, especialmente de vidas humanas. H\u00e1 muito a ser feito para salvaguardar florestas e outros biomas brasileiros, que constituem uma riqueza singular, mas continuam amea\u00e7ados.\u00a0<\/span><span data-ccp-props=\"{&quot;201341983&quot;:0,&quot;335551550&quot;:6,&quot;335551620&quot;:6,&quot;335559739&quot;:0,&quot;335559740&quot;:240}\">\u00a0<\/span><\/p>\n<p><span data-contrast=\"auto\">A civiliza\u00e7\u00e3o \u00e9 chamada a aprender que tudo na casa comum tem relev\u00e2ncia. Esse aprendizado poderia se efetivar, por exemplo, a partir de iniciativas que eduquem sobre o uso e conserva\u00e7\u00e3o dos espa\u00e7os p\u00fablicos, a servi\u00e7o do bem de todos, como as pra\u00e7as e os parques. Os espa\u00e7os p\u00fablicos t\u00eam potencial, ainda inexplorado, para a realiza\u00e7\u00e3o de a\u00e7\u00f5es voltadas \u00e0 educa\u00e7\u00e3o ambiental. Essas a\u00e7\u00f5es precisam contemplar investimentos para inspirar a ado\u00e7\u00e3o de novos padr\u00f5es ligados ao consumo. O ser humano deve aprender a n\u00e3o desperdi\u00e7ar, a n\u00e3o agir com soberba diante dos bens da natureza. \u00c9 preciso se compadecer com os que n\u00e3o t\u00eam o essencial para viver dignamente.\u00a0<\/span><span data-ccp-props=\"{&quot;201341983&quot;:0,&quot;335551550&quot;:6,&quot;335551620&quot;:6,&quot;335559739&quot;:0,&quot;335559740&quot;:240}\">\u00a0<\/span><\/p>\n<p><span data-contrast=\"auto\">Dentro dos prop\u00f3sitos do \u201cJunho Verde\u201d, surge a oportunidade de conhecer mais sobre a biodiversidade brasileira, alcan\u00e7ando um encantamento que gera a nobreza de posturas cidad\u00e3s adequadas. Encantar-se com a biodiversidade nacional permite superar mentalidades extrativistas perversas e mesquinhas, regidas apenas pelos par\u00e2metros frios do lucro e de mercados. Uma atitude simples e bela, que pode ser intensificada neste m\u00eas, \u00e9 o plantio de esp\u00e9cies vegetais nativas em \u00e1reas urbanas ou rurais. Um gesto capaz de ensinar \u00e0s crian\u00e7as e aos jovens, pela for\u00e7a da exemplaridade, sobre a import\u00e2ncia de tratar a natureza com respeito.\u00a0<\/span><span data-ccp-props=\"{&quot;201341983&quot;:0,&quot;335551550&quot;:6,&quot;335551620&quot;:6,&quot;335559739&quot;:0,&quot;335559740&quot;:240}\">\u00a0<\/span><\/p>\n<p><span data-contrast=\"auto\">No horizonte educativo, \u00e9 preciso buscar estrat\u00e9gias para que a popula\u00e7\u00e3o saiba mais sobre a legisla\u00e7\u00e3o ambiental brasileira, capacitando os cidad\u00e3os para que possam contribuir tamb\u00e9m no aperfei\u00e7oamento e, at\u00e9, nas corre\u00e7\u00f5es, desse conjunto de leis. Esse horizonte educativo auxilia na supera\u00e7\u00e3o das permissividades e manipula\u00e7\u00f5es que buscam favorecer grupos depredadores do meio ambiente. A legisla\u00e7\u00e3o ambiental brasileira precisa avan\u00e7ar muito para contribuir efetivamente com o desenvolvimento integral.\u00a0 Esses avan\u00e7os dependem de maior amadurecimento cidad\u00e3o em temas t\u00e9cnicos de grande relev\u00e2ncia, a exemplo do debate sobre transi\u00e7\u00e3o ecol\u00f3gica das cadeias produtivas, economia de baixo carbono e carbono neutro. Outra frente de trabalho igualmente importante que precisa ganhar mais visibilidade no contexto do \u201cJunho Verde\u201d \u00e9 a busca pela preserva\u00e7\u00e3o da cultura dos povos tradicionais e ind\u00edgenas que habitam e protegem biomas brasileiros.\u00a0<\/span><span data-ccp-props=\"{&quot;201341983&quot;:0,&quot;335551550&quot;:6,&quot;335551620&quot;:6,&quot;335559739&quot;:0,&quot;335559740&quot;:240}\">\u00a0<\/span><\/p>\n<p><span data-contrast=\"auto\">As mudan\u00e7as clim\u00e1ticas devem inspirar um grande pacto para promover a preserva\u00e7\u00e3o do planeta. Espera-se mais dos poderes legislativos a promo\u00e7\u00e3o de debates sobre os impactos dessas mudan\u00e7as nas cidades e no ambiente rural, para fazer florescer uma sensibilidade que inspire pr\u00e1ticas de conserva\u00e7\u00e3o da natureza. A sociedade brasileira est\u00e1 convidada e convocada a promover a Campanha Junho Verde, semeando os princ\u00edpios da ecologia integral, nas suas variadas e ricas dimens\u00f5es \u2013 social, cultural, humana e espiritual \u2013 para avan\u00e7ar rumo a um novo tempo. O que est\u00e1 acontecendo com a casa comum, com o meio ambiente? Deixar-se inquietar por essa pergunta \u00e9 o primeiro passo no caminho de supera\u00e7\u00e3o da atual crise socioambiental.\u00a0<\/span><span data-ccp-props=\"{&quot;201341983&quot;:0,&quot;335551550&quot;:6,&quot;335551620&quot;:6,&quot;335559739&quot;:0,&quot;335559740&quot;:240}\">\u00a0<\/span><\/p>\n<hr \/>\n<p><em>Dom Walmor Oliveira de Azevedo<\/em><\/p>\n<p><span style=\"color: #808080;\"><em>Imagem:&lt;a href=&#8221;https:\/\/br.freepik.com\/fotos-gratis\/conceito-de-viagens-sustentaveis_95019419.htm#fromView=image_search_similar&amp;page=1&amp;position=19&amp;uuid=7de94d8a-9db2-4afc-8a11-457b3753c8e0&#8243;&gt;Imagem de freepik&lt;\/a&gt;<\/em><\/span><\/p>\n","protected":false},"excerpt":{"rendered":"<p>Dom Walmor Oliveira de Azevedo<\/p>\n","protected":false},"author":10,"featured_media":194708,"comment_status":"open","ping_status":"open","sticky":false,"template":"","format":"standard","meta":{"footnotes":""},"categories":[26],"tags":[271],"yoast_head":"<!-- This site is optimized with the Yoast SEO plugin v19.4 - https:\/\/yoast.com\/wordpress\/plugins\/seo\/ -->\n<title>Junho verde: Convite - Vida Crist\u00e3 - Franciscanos<\/title>\n<meta name=\"robots\" content=\"index, follow, max-snippet:-1, max-image-preview:large, max-video-preview:-1\" \/>\n<link rel=\"canonical\" href=\"https:\/\/franciscanos.org.br\/vidacrista\/junho-verde-convite\/\" \/>\n<meta property=\"og:locale\" content=\"pt_BR\" \/>\n<meta property=\"og:type\" content=\"article\" \/>\n<meta property=\"og:title\" content=\"Junho verde: Convite - Vida Crist\u00e3 - Franciscanos\" \/>\n<meta property=\"og:description\" content=\"Dom Walmor Oliveira de Azevedo\" \/>\n<meta property=\"og:url\" content=\"https:\/\/franciscanos.org.br\/vidacrista\/junho-verde-convite\/\" \/>\n<meta property=\"og:site_name\" content=\"Vida Crist\u00e3 - Franciscanos\" \/>\n<meta property=\"article:published_time\" content=\"2024-06-05T14:00:50+00:00\" \/>\n<meta property=\"article:modified_time\" content=\"2024-06-05T14:01:40+00:00\" \/>\n<meta property=\"og:image\" content=\"https:\/\/franciscanos.org.br\/vidacrista\/wp-content\/uploads\/2024\/06\/2151049525.jpg\" \/>\n\t<meta property=\"og:image:width\" content=\"1500\" \/>\n\t<meta property=\"og:image:height\" content=\"1000\" \/>\n\t<meta property=\"og:image:type\" content=\"image\/jpeg\" \/>\n<meta name=\"author\" content=\"Adriana Rabelo\" \/>\n<meta name=\"twitter:card\" content=\"summary_large_image\" \/>\n<meta name=\"twitter:label1\" content=\"Escrito por\" \/>\n\t<meta name=\"twitter:data1\" content=\"Adriana Rabelo\" \/>\n\t<meta name=\"twitter:label2\" content=\"Est. tempo de leitura\" \/>\n\t<meta name=\"twitter:data2\" content=\"5 minutos\" \/>\n<script type=\"application\/ld+json\" class=\"yoast-schema-graph\">{\"@context\":\"https:\/\/schema.org\",\"@graph\":[{\"@type\":\"WebSite\",\"@id\":\"https:\/\/franciscanos.org.br\/vidacrista\/#website\",\"url\":\"https:\/\/franciscanos.org.br\/vidacrista\/\",\"name\":\"Vida Crist\u00e3 - Franciscanos\",\"description\":\"Prov\u00edncia Franciscana da Imaculada Concei\u00e7\u00e3o do Brasil - Ordem dos Frades Menores\",\"potentialAction\":[{\"@type\":\"SearchAction\",\"target\":{\"@type\":\"EntryPoint\",\"urlTemplate\":\"https:\/\/franciscanos.org.br\/vidacrista\/?s={search_term_string}\"},\"query-input\":\"required name=search_term_string\"}],\"inLanguage\":\"pt-BR\"},{\"@type\":\"WebPage\",\"@id\":\"https:\/\/franciscanos.org.br\/vidacrista\/junho-verde-convite\/\",\"url\":\"https:\/\/franciscanos.org.br\/vidacrista\/junho-verde-convite\/\",\"name\":\"Junho verde: Convite - Vida Crist\u00e3 - Franciscanos\",\"isPartOf\":{\"@id\":\"https:\/\/franciscanos.org.br\/vidacrista\/#website\"},\"datePublished\":\"2024-06-05T14:00:50+00:00\",\"dateModified\":\"2024-06-05T14:01:40+00:00\",\"author\":{\"@id\":\"https:\/\/franciscanos.org.br\/vidacrista\/#\/schema\/person\/a0cbb2edfc0aecf8ac498802d1cb57b5\"},\"breadcrumb\":{\"@id\":\"https:\/\/franciscanos.org.br\/vidacrista\/junho-verde-convite\/#breadcrumb\"},\"inLanguage\":\"pt-BR\",\"potentialAction\":[{\"@type\":\"ReadAction\",\"target\":[\"https:\/\/franciscanos.org.br\/vidacrista\/junho-verde-convite\/\"]}]},{\"@type\":\"BreadcrumbList\",\"@id\":\"https:\/\/franciscanos.org.br\/vidacrista\/junho-verde-convite\/#breadcrumb\",\"itemListElement\":[{\"@type\":\"ListItem\",\"position\":1,\"name\":\"Home\",\"item\":\"https:\/\/franciscanos.org.br\/vidacrista\/\"},{\"@type\":\"ListItem\",\"position\":2,\"name\":\"Junho verde: Convite\"}]},{\"@type\":\"Person\",\"@id\":\"https:\/\/franciscanos.org.br\/vidacrista\/#\/schema\/person\/a0cbb2edfc0aecf8ac498802d1cb57b5\",\"name\":\"Adriana Rabelo\",\"image\":{\"@type\":\"ImageObject\",\"inLanguage\":\"pt-BR\",\"@id\":\"https:\/\/franciscanos.org.br\/vidacrista\/#\/schema\/person\/image\/\",\"url\":\"https:\/\/secure.gravatar.com\/avatar\/0a937b7500cd7df77540cfb8bede877d?s=96&d=mm&r=g\",\"contentUrl\":\"https:\/\/secure.gravatar.com\/avatar\/0a937b7500cd7df77540cfb8bede877d?s=96&d=mm&r=g\",\"caption\":\"Adriana Rabelo\"},\"url\":\"https:\/\/franciscanos.org.br\/vidacrista\/author\/adrianarabelo\/\"}]}<\/script>\n<!-- \/ Yoast SEO plugin. -->","yoast_head_json":{"title":"Junho verde: Convite - Vida Crist\u00e3 - Franciscanos","robots":{"index":"index","follow":"follow","max-snippet":"max-snippet:-1","max-image-preview":"max-image-preview:large","max-video-preview":"max-video-preview:-1"},"canonical":"https:\/\/franciscanos.org.br\/vidacrista\/junho-verde-convite\/","og_locale":"pt_BR","og_type":"article","og_title":"Junho verde: Convite - Vida Crist\u00e3 - Franciscanos","og_description":"Dom Walmor Oliveira de Azevedo","og_url":"https:\/\/franciscanos.org.br\/vidacrista\/junho-verde-convite\/","og_site_name":"Vida Crist\u00e3 - Franciscanos","article_published_time":"2024-06-05T14:00:50+00:00","article_modified_time":"2024-06-05T14:01:40+00:00","og_image":[{"width":1500,"height":1000,"url":"https:\/\/franciscanos.org.br\/vidacrista\/wp-content\/uploads\/2024\/06\/2151049525.jpg","type":"image\/jpeg"}],"author":"Adriana Rabelo","twitter_card":"summary_large_image","twitter_misc":{"Escrito por":"Adriana Rabelo","Est. tempo de leitura":"5 minutos"},"schema":{"@context":"https:\/\/schema.org","@graph":[{"@type":"WebSite","@id":"https:\/\/franciscanos.org.br\/vidacrista\/#website","url":"https:\/\/franciscanos.org.br\/vidacrista\/","name":"Vida Crist\u00e3 - Franciscanos","description":"Prov\u00edncia Franciscana da Imaculada Concei\u00e7\u00e3o do Brasil - Ordem dos Frades Menores","potentialAction":[{"@type":"SearchAction","target":{"@type":"EntryPoint","urlTemplate":"https:\/\/franciscanos.org.br\/vidacrista\/?s={search_term_string}"},"query-input":"required name=search_term_string"}],"inLanguage":"pt-BR"},{"@type":"WebPage","@id":"https:\/\/franciscanos.org.br\/vidacrista\/junho-verde-convite\/","url":"https:\/\/franciscanos.org.br\/vidacrista\/junho-verde-convite\/","name":"Junho verde: Convite - Vida Crist\u00e3 - Franciscanos","isPartOf":{"@id":"https:\/\/franciscanos.org.br\/vidacrista\/#website"},"datePublished":"2024-06-05T14:00:50+00:00","dateModified":"2024-06-05T14:01:40+00:00","author":{"@id":"https:\/\/franciscanos.org.br\/vidacrista\/#\/schema\/person\/a0cbb2edfc0aecf8ac498802d1cb57b5"},"breadcrumb":{"@id":"https:\/\/franciscanos.org.br\/vidacrista\/junho-verde-convite\/#breadcrumb"},"inLanguage":"pt-BR","potentialAction":[{"@type":"ReadAction","target":["https:\/\/franciscanos.org.br\/vidacrista\/junho-verde-convite\/"]}]},{"@type":"BreadcrumbList","@id":"https:\/\/franciscanos.org.br\/vidacrista\/junho-verde-convite\/#breadcrumb","itemListElement":[{"@type":"ListItem","position":1,"name":"Home","item":"https:\/\/franciscanos.org.br\/vidacrista\/"},{"@type":"ListItem","position":2,"name":"Junho verde: Convite"}]},{"@type":"Person","@id":"https:\/\/franciscanos.org.br\/vidacrista\/#\/schema\/person\/a0cbb2edfc0aecf8ac498802d1cb57b5","name":"Adriana Rabelo","image":{"@type":"ImageObject","inLanguage":"pt-BR","@id":"https:\/\/franciscanos.org.br\/vidacrista\/#\/schema\/person\/image\/","url":"https:\/\/secure.gravatar.com\/avatar\/0a937b7500cd7df77540cfb8bede877d?s=96&d=mm&r=g","contentUrl":"https:\/\/secure.gravatar.com\/avatar\/0a937b7500cd7df77540cfb8bede877d?s=96&d=mm&r=g","caption":"Adriana Rabelo"},"url":"https:\/\/franciscanos.org.br\/vidacrista\/author\/adrianarabelo\/"}]}},"_links":{"self":[{"href":"https:\/\/franciscanos.org.br\/vidacrista\/wp-json\/wp\/v2\/posts\/194704"}],"collection":[{"href":"https:\/\/franciscanos.org.br\/vidacrista\/wp-json\/wp\/v2\/posts"}],"about":[{"href":"https:\/\/franciscanos.org.br\/vidacrista\/wp-json\/wp\/v2\/types\/post"}],"author":[{"embeddable":true,"href":"https:\/\/franciscanos.org.br\/vidacrista\/wp-json\/wp\/v2\/users\/10"}],"replies":[{"embeddable":true,"href":"https:\/\/franciscanos.org.br\/vidacrista\/wp-json\/wp\/v2\/comments?post=194704"}],"version-history":[{"count":2,"href":"https:\/\/franciscanos.org.br\/vidacrista\/wp-json\/wp\/v2\/posts\/194704\/revisions"}],"predecessor-version":[{"id":194710,"href":"https:\/\/franciscanos.org.br\/vidacrista\/wp-json\/wp\/v2\/posts\/194704\/revisions\/194710"}],"wp:featuredmedia":[{"embeddable":true,"href":"https:\/\/franciscanos.org.br\/vidacrista\/wp-json\/wp\/v2\/media\/194708"}],"wp:attachment":[{"href":"https:\/\/franciscanos.org.br\/vidacrista\/wp-json\/wp\/v2\/media?parent=194704"}],"wp:term":[{"taxonomy":"category","embeddable":true,"href":"https:\/\/franciscanos.org.br\/vidacrista\/wp-json\/wp\/v2\/categories?post=194704"},{"taxonomy":"post_tag","embeddable":true,"href":"https:\/\/franciscanos.org.br\/vidacrista\/wp-json\/wp\/v2\/tags?post=194704"}],"curies":[{"name":"wp","href":"https:\/\/api.w.org\/{rel}","templated":true}]}}