{"id":194674,"date":"2024-05-29T11:12:34","date_gmt":"2024-05-29T14:12:34","guid":{"rendered":"https:\/\/franciscanos.org.br\/vidacrista\/?p=194674"},"modified":"2024-05-29T11:25:37","modified_gmt":"2024-05-29T14:25:37","slug":"nos-salvaremos-a-partir-do-principio-esperanca","status":"publish","type":"post","link":"https:\/\/franciscanos.org.br\/vidacrista\/nos-salvaremos-a-partir-do-principio-esperanca\/","title":{"rendered":"Nos salvaremos a partir do princ\u00edpio-esperan\u00e7a"},"content":{"rendered":"<p><img decoding=\"async\" loading=\"lazy\" class=\"aligncenter wp-image-194677 size-full\" src=\"https:\/\/franciscanos.org.br\/vidacrista\/wp-content\/uploads\/2024\/05\/16324.jpg\" alt=\"\" width=\"1500\" height=\"998\" srcset=\"https:\/\/franciscanos.org.br\/vidacrista\/wp-content\/uploads\/2024\/05\/16324.jpg 1500w, https:\/\/franciscanos.org.br\/vidacrista\/wp-content\/uploads\/2024\/05\/16324-450x299.jpg 450w, https:\/\/franciscanos.org.br\/vidacrista\/wp-content\/uploads\/2024\/05\/16324-1024x681.jpg 1024w, https:\/\/franciscanos.org.br\/vidacrista\/wp-content\/uploads\/2024\/05\/16324-768x511.jpg 768w, https:\/\/franciscanos.org.br\/vidacrista\/wp-content\/uploads\/2024\/05\/16324-150x100.jpg 150w\" sizes=\"(max-width: 1500px) 100vw, 1500px\" \/><\/p>\n<p>Ocorreu uma surpreendente acelera\u00e7\u00e3o do processo de aquecimento global e n\u00e3o se cumpriu o decidido no Acordo de Paris de 2015 segundo o qual se previa uma redu\u00e7\u00e3o dr\u00e1stica de \u00a0gazes de efeito estufa para n\u00e3o aumentarmos a temperatura de 1,5\u00baC at\u00e9 2030. Quase nada se fez: em 2022 foram lan\u00e7adas na atmosfera 37,5 bilh\u00f5es de toneladas de CO\u00b2 e em 2023 foram 40,8 bilh\u00f5es de toneladas.Tudo foi excessivo. Em raz\u00e3o disso \u00a0alguns climat\u00f3logo sustentam que antes de 2030 como previsto, o aquecimento se antecipou. Por volta de 2026-2028 o clima da Terra se estabilizaria em torno de 38-40\u00baC e em alguns lugares com n\u00fameros mais elevados.<\/p>\n<p>A temperatura de nosso corpo est\u00e1 por volta de 36,5\u00baC. Imaginem se pela noite a temperatura ambiente se mantiver por volta de 38\u00baC? Muitos, entre os idosos e crian\u00e7as, n\u00e3o aguentar\u00e3o e poder\u00e3o at\u00e9 morrer. E para todos ser\u00e1 uma grande agonia. Sem falar da perda da biodiversidade e das safras de alimentos,necess\u00e1rios para a sobreviv\u00eancia.<\/p>\n<p>Quem viu claro o estado da Terra foi um representante dos povos origin\u00e1rios, aqueles que se sentem Terra e parte da natureza, uma lideran\u00e7a yanomami D\u00e1rio Kopenawa:\u201d A Terra \u00e9 nossa m\u00e3e e sofre h\u00e1 muito tempo. Como um ser humano que sente dor, ela sente quando invasores, o agroneg\u00f3cio, mineradoras e petroleiras derrubam milhares de \u00e1rvores e cavam fundo no solo, no mar. Ela est\u00e1 pedindo ajuda e dando avisos para que os n\u00e3o ind\u00edgenas parem de arrancar a pele da Terra.\u201d<\/p>\n<p>Como continuamos arrancando a pele da Terra e agravando a mudan\u00e7a clim\u00e1tica, o potencial de esperan\u00e7a est\u00e1 chegando ao limite. Cientistas deixaram claro que a ci\u00eancia e a t\u00e9cnica n\u00e3o poder\u00e3o reverter esta situa\u00e7\u00e3o, apenas advertir da chegada de eventos extremos e mitigar suas consequ\u00eancias desastrosas.Chegamos \u00e0 atual situa\u00e7\u00e3o global simplesmente porque grande parte da popula\u00e7\u00e3o desconhece a real situa\u00e7\u00e3o da Terra e a maioria dos chefes de Estado e os CEOs das grandes empresas preferem continuar a l\u00f3gica da produ\u00e7\u00e3o ilimitada, arrancada da natureza e do consumo sem limites, a ouvir as advert\u00eancias das ci\u00eancias da Terra e da vida. N\u00e3o se fez a li\u00e7\u00e3o de casa. Agora a fatura amarga chegou.<\/p>\n<p>O que ocorreu no Sul do Brasil \u00e9 apenas o come\u00e7o. Os desastres ecol\u00f3gicos v\u00e3o se repetir com mais frequ\u00eancia e de forma cada vez mais grave em todas as partes do planeta.<\/p>\n<p>Onde vamos buscar energias para ainda crer e esperar? Como foi dito com sabedoria: \u201cquando n\u00e3o h\u00e1 mais raz\u00e3o para crer, ent\u00e3o come\u00e7a a f\u00e9; quando n\u00e3o h\u00e1 mais raz\u00e3o para esperar,ent\u00e3o come\u00e7a a esperan\u00e7a\u201d. Como disse com acerto o autor da ep\u00edstola aos Hebreus (por volta dos anos 80):\u201d\u00a0<em>A f\u00e9 \u00e9 o fundamento do que se espera e a convic\u00e7\u00e3o das realidades que n\u00e3o se veem<\/em>\u201d(11,1).A f\u00e9 v\u00ea o que n\u00e3o se v\u00ea com os simples olhos carnais. A f\u00e9 v\u00ea, com os olhos do esp\u00edrito que \u00e9 o nosso profundo, a possibilidade de um mundo que ainda vir\u00e1, mas que, seminalmente mas ainda invis\u00edvel, est\u00e1 entre n\u00f3s. Por isso a f\u00e9 se abre \u00e0 esperan\u00e7a que \u00e9 sempre ir al\u00e9m do que \u00e9 dado e verificado. A f\u00e9 e a esperan\u00e7a fundam o mundo das utopias que forcejam por se realizar historicamente.<\/p>\n<p>Aqui vale o princ\u00edpio-esperan\u00e7a. O fil\u00f3sofo alem\u00e3o Ernst Bloch cunhou a express\u00e3o\u00a0<em>principio-esperan\u00e7a.<\/em>\u00a0Ele representa um motor interior que sempre est\u00e1 funcionando e alimentando o imagin\u00e1rio e o inesgot\u00e1vel potencial da exist\u00eancia humana e da hist\u00f3ria. O Papa Francisco na\u00a0<em>Fratelli\u00a0<\/em>tutti afian\u00e7a: \u201ca esperan\u00e7a nos fala de uma realidade enraizada no profundo do ser humano, independentemente das circunst\u00e2ncias concretas e dos condicionamentos hist\u00f3ricos em que vive\u201d (n. 55). Assumir este princ\u00edpio-esperan\u00e7a hoje,nesta nova fase da Terra, \u00e9 extremamente urgente.<\/p>\n<p>O princ\u00edpio-esperan\u00e7a \u00e9 o nicho de todas as utopias. Ele permite continuamente projetar novas vis\u00f5es, novos caminhos ainda n\u00e3o trilhados e sonhos vi\u00e1veis. O sentido da utopia \u00e9 sempre nos fazer andar (Eduardo Galeano), sempre superar dificuldades e melhorar a realidade. Como humanos, somos seres ut\u00f3picos. \u00c9 o princ\u00edpio-esperan\u00e7a que nos poder\u00e1 salvar e abrir\u00a0 uma dire\u00e7\u00e3o nova para a Terra e seus filhos e filhas.<\/p>\n<p>Qual a nossa utopia m\u00ednima, vi\u00e1vel e necess\u00e1ria? Ela implica,\u00a0antes de mais nada, a busca da humaniza\u00e7\u00e3o do ser humano.Ele se desumanizou pois se transformou no anjo exterminador da natureza. S\u00f3 recuperar\u00e1 sua humanidade se come\u00e7ar \u00a0a viver a partir daquilo que \u00e9 de sua natureza: um ser de amoriza\u00e7\u00e3o, de cuidado, de comunh\u00e3o, de coopera\u00e7\u00e3o, de compaix\u00e3o, de ser \u00e9tico e de ser espiritual que se responsabiliza por seus atos para que sejam benfazejos para o todos. Pelo fato de n\u00e3o ter criado espa\u00e7o a esses valores e princ\u00edpios, fomos empurrados na crise atual que pode nos conduzir ao abismo.<\/p>\n<p>Essa utopia vi\u00e1vel e necess\u00e1ria se concretiza sempre, caso tenhamos tempo, dentro das contradi\u00e7\u00f5es, inevit\u00e1veis em todos os processos hist\u00f3ricos. Mas ela significar\u00e1 um novo horizonte de esperan\u00e7a que alimentar\u00e1 a caminhada da humanidade na dire\u00e7\u00e3o do futuro.<\/p>\n<p>Desta<em>\u00a0\u00f3tica<\/em>\u00a0nasce uma\u00a0<em>nova \u00e9tica<\/em>.\u00a0 Por todos os lados surgem for\u00e7as seminais que buscam e j\u00e1 ensaiam um novo padr\u00e3o de comportamento humano e ecol\u00f3gico. Representar\u00e1 aquilo que Pierre Teilhard de Chardin desde seu ex\u00edlio na China em 1933 chamava de\u00a0<em>noosfera.<\/em>\u00a0Seria aquela esfera na qual as mentes e os cora\u00e7\u00f5es (<em>noos<\/em>\u00a0em grego) entrariam numa nova sintonia fina, caracterizada pela amoriza\u00e7\u00e3o, pelo cuidado, pela mutualidade entre todos, pela espiritualiza\u00e7\u00e3o das intencionalidades coletivas.Dizia um aforismo antigo:\u201dquando n\u00e3o sabes para onde vais, regresse para saber de onde vens\u201d. Temos que regressar \u00e0 nossa pr\u00f3pria natureza de onde viemos, pois, ela cont\u00e9m as\u00a0 indica\u00e7\u00f5es para onde ir: pra aqueles valores acima enunciados que nos tirar\u00e3o da crise.<\/p>\n<p>No meio de tanto abatimento e melancolia pela situa\u00e7\u00e3o grave do mundo, nisso cremos e esperamos.<\/p>\n<hr \/>\n<p><em>Leonardo Boff\u00a0<\/em><\/p>\n<p><em>Imagem:&lt;a href=&#8221;https:\/\/br.freepik.com\/fotos-gratis\/menino-estao-em-pe-segurando-mudas-em-terra-firme-em-um-mundo-em-aquecimento_5469350.htm#fromView=search&amp;page=1&amp;position=50&amp;uuid=efb36fd0-a4fd-424c-9e05-daa7db152271&#8243;&gt;Imagem de jcomp no Freepik&lt;\/a&gt;<\/em><\/p>\n","protected":false},"excerpt":{"rendered":"<p>Leonardo Boff\u00a0<\/p>\n","protected":false},"author":10,"featured_media":194675,"comment_status":"open","ping_status":"open","sticky":false,"template":"","format":"standard","meta":{"footnotes":""},"categories":[26],"tags":[59],"yoast_head":"<!-- This site is optimized with the Yoast SEO plugin v19.4 - https:\/\/yoast.com\/wordpress\/plugins\/seo\/ -->\n<title>Nos salvaremos a partir do princ\u00edpio-esperan\u00e7a - Vida Crist\u00e3 - Franciscanos<\/title>\n<meta name=\"robots\" content=\"index, follow, max-snippet:-1, max-image-preview:large, max-video-preview:-1\" \/>\n<link rel=\"canonical\" href=\"https:\/\/franciscanos.org.br\/vidacrista\/nos-salvaremos-a-partir-do-principio-esperanca\/\" \/>\n<meta property=\"og:locale\" content=\"pt_BR\" \/>\n<meta property=\"og:type\" content=\"article\" \/>\n<meta property=\"og:title\" content=\"Nos salvaremos a partir do princ\u00edpio-esperan\u00e7a - Vida Crist\u00e3 - Franciscanos\" \/>\n<meta property=\"og:description\" content=\"Leonardo Boff\u00a0\" \/>\n<meta property=\"og:url\" content=\"https:\/\/franciscanos.org.br\/vidacrista\/nos-salvaremos-a-partir-do-principio-esperanca\/\" \/>\n<meta property=\"og:site_name\" content=\"Vida Crist\u00e3 - Franciscanos\" \/>\n<meta property=\"article:published_time\" content=\"2024-05-29T14:12:34+00:00\" \/>\n<meta property=\"article:modified_time\" content=\"2024-05-29T14:25:37+00:00\" \/>\n<meta property=\"og:image\" content=\"https:\/\/franciscanos.org.br\/vidacrista\/wp-content\/uploads\/2024\/05\/boy-are-stand-holding-seedlings-are-dry-land-warming-world-scaled.jpg\" \/>\n\t<meta property=\"og:image:width\" content=\"1920\" \/>\n\t<meta property=\"og:image:height\" content=\"1277\" \/>\n\t<meta property=\"og:image:type\" content=\"image\/jpeg\" \/>\n<meta name=\"author\" content=\"Adriana Rabelo\" \/>\n<meta name=\"twitter:card\" content=\"summary_large_image\" \/>\n<meta name=\"twitter:label1\" content=\"Escrito por\" \/>\n\t<meta name=\"twitter:data1\" content=\"Adriana Rabelo\" \/>\n\t<meta name=\"twitter:label2\" content=\"Est. tempo de leitura\" \/>\n\t<meta name=\"twitter:data2\" content=\"6 minutos\" \/>\n<script type=\"application\/ld+json\" class=\"yoast-schema-graph\">{\"@context\":\"https:\/\/schema.org\",\"@graph\":[{\"@type\":\"WebSite\",\"@id\":\"https:\/\/franciscanos.org.br\/vidacrista\/#website\",\"url\":\"https:\/\/franciscanos.org.br\/vidacrista\/\",\"name\":\"Vida Crist\u00e3 - Franciscanos\",\"description\":\"Prov\u00edncia Franciscana da Imaculada Concei\u00e7\u00e3o do Brasil - Ordem dos Frades Menores\",\"potentialAction\":[{\"@type\":\"SearchAction\",\"target\":{\"@type\":\"EntryPoint\",\"urlTemplate\":\"https:\/\/franciscanos.org.br\/vidacrista\/?s={search_term_string}\"},\"query-input\":\"required name=search_term_string\"}],\"inLanguage\":\"pt-BR\"},{\"@type\":\"WebPage\",\"@id\":\"https:\/\/franciscanos.org.br\/vidacrista\/nos-salvaremos-a-partir-do-principio-esperanca\/\",\"url\":\"https:\/\/franciscanos.org.br\/vidacrista\/nos-salvaremos-a-partir-do-principio-esperanca\/\",\"name\":\"Nos salvaremos a partir do princ\u00edpio-esperan\u00e7a - Vida Crist\u00e3 - Franciscanos\",\"isPartOf\":{\"@id\":\"https:\/\/franciscanos.org.br\/vidacrista\/#website\"},\"datePublished\":\"2024-05-29T14:12:34+00:00\",\"dateModified\":\"2024-05-29T14:25:37+00:00\",\"author\":{\"@id\":\"https:\/\/franciscanos.org.br\/vidacrista\/#\/schema\/person\/a0cbb2edfc0aecf8ac498802d1cb57b5\"},\"breadcrumb\":{\"@id\":\"https:\/\/franciscanos.org.br\/vidacrista\/nos-salvaremos-a-partir-do-principio-esperanca\/#breadcrumb\"},\"inLanguage\":\"pt-BR\",\"potentialAction\":[{\"@type\":\"ReadAction\",\"target\":[\"https:\/\/franciscanos.org.br\/vidacrista\/nos-salvaremos-a-partir-do-principio-esperanca\/\"]}]},{\"@type\":\"BreadcrumbList\",\"@id\":\"https:\/\/franciscanos.org.br\/vidacrista\/nos-salvaremos-a-partir-do-principio-esperanca\/#breadcrumb\",\"itemListElement\":[{\"@type\":\"ListItem\",\"position\":1,\"name\":\"Home\",\"item\":\"https:\/\/franciscanos.org.br\/vidacrista\/\"},{\"@type\":\"ListItem\",\"position\":2,\"name\":\"Nos salvaremos a partir do princ\u00edpio-esperan\u00e7a\"}]},{\"@type\":\"Person\",\"@id\":\"https:\/\/franciscanos.org.br\/vidacrista\/#\/schema\/person\/a0cbb2edfc0aecf8ac498802d1cb57b5\",\"name\":\"Adriana Rabelo\",\"image\":{\"@type\":\"ImageObject\",\"inLanguage\":\"pt-BR\",\"@id\":\"https:\/\/franciscanos.org.br\/vidacrista\/#\/schema\/person\/image\/\",\"url\":\"https:\/\/secure.gravatar.com\/avatar\/0a937b7500cd7df77540cfb8bede877d?s=96&d=mm&r=g\",\"contentUrl\":\"https:\/\/secure.gravatar.com\/avatar\/0a937b7500cd7df77540cfb8bede877d?s=96&d=mm&r=g\",\"caption\":\"Adriana Rabelo\"},\"url\":\"https:\/\/franciscanos.org.br\/vidacrista\/author\/adrianarabelo\/\"}]}<\/script>\n<!-- \/ Yoast SEO plugin. -->","yoast_head_json":{"title":"Nos salvaremos a partir do princ\u00edpio-esperan\u00e7a - Vida Crist\u00e3 - Franciscanos","robots":{"index":"index","follow":"follow","max-snippet":"max-snippet:-1","max-image-preview":"max-image-preview:large","max-video-preview":"max-video-preview:-1"},"canonical":"https:\/\/franciscanos.org.br\/vidacrista\/nos-salvaremos-a-partir-do-principio-esperanca\/","og_locale":"pt_BR","og_type":"article","og_title":"Nos salvaremos a partir do princ\u00edpio-esperan\u00e7a - Vida Crist\u00e3 - Franciscanos","og_description":"Leonardo Boff\u00a0","og_url":"https:\/\/franciscanos.org.br\/vidacrista\/nos-salvaremos-a-partir-do-principio-esperanca\/","og_site_name":"Vida Crist\u00e3 - Franciscanos","article_published_time":"2024-05-29T14:12:34+00:00","article_modified_time":"2024-05-29T14:25:37+00:00","og_image":[{"width":1920,"height":1277,"url":"https:\/\/franciscanos.org.br\/vidacrista\/wp-content\/uploads\/2024\/05\/boy-are-stand-holding-seedlings-are-dry-land-warming-world-scaled.jpg","type":"image\/jpeg"}],"author":"Adriana Rabelo","twitter_card":"summary_large_image","twitter_misc":{"Escrito por":"Adriana Rabelo","Est. tempo de leitura":"6 minutos"},"schema":{"@context":"https:\/\/schema.org","@graph":[{"@type":"WebSite","@id":"https:\/\/franciscanos.org.br\/vidacrista\/#website","url":"https:\/\/franciscanos.org.br\/vidacrista\/","name":"Vida Crist\u00e3 - Franciscanos","description":"Prov\u00edncia Franciscana da Imaculada Concei\u00e7\u00e3o do Brasil - Ordem dos Frades Menores","potentialAction":[{"@type":"SearchAction","target":{"@type":"EntryPoint","urlTemplate":"https:\/\/franciscanos.org.br\/vidacrista\/?s={search_term_string}"},"query-input":"required name=search_term_string"}],"inLanguage":"pt-BR"},{"@type":"WebPage","@id":"https:\/\/franciscanos.org.br\/vidacrista\/nos-salvaremos-a-partir-do-principio-esperanca\/","url":"https:\/\/franciscanos.org.br\/vidacrista\/nos-salvaremos-a-partir-do-principio-esperanca\/","name":"Nos salvaremos a partir do princ\u00edpio-esperan\u00e7a - Vida Crist\u00e3 - Franciscanos","isPartOf":{"@id":"https:\/\/franciscanos.org.br\/vidacrista\/#website"},"datePublished":"2024-05-29T14:12:34+00:00","dateModified":"2024-05-29T14:25:37+00:00","author":{"@id":"https:\/\/franciscanos.org.br\/vidacrista\/#\/schema\/person\/a0cbb2edfc0aecf8ac498802d1cb57b5"},"breadcrumb":{"@id":"https:\/\/franciscanos.org.br\/vidacrista\/nos-salvaremos-a-partir-do-principio-esperanca\/#breadcrumb"},"inLanguage":"pt-BR","potentialAction":[{"@type":"ReadAction","target":["https:\/\/franciscanos.org.br\/vidacrista\/nos-salvaremos-a-partir-do-principio-esperanca\/"]}]},{"@type":"BreadcrumbList","@id":"https:\/\/franciscanos.org.br\/vidacrista\/nos-salvaremos-a-partir-do-principio-esperanca\/#breadcrumb","itemListElement":[{"@type":"ListItem","position":1,"name":"Home","item":"https:\/\/franciscanos.org.br\/vidacrista\/"},{"@type":"ListItem","position":2,"name":"Nos salvaremos a partir do princ\u00edpio-esperan\u00e7a"}]},{"@type":"Person","@id":"https:\/\/franciscanos.org.br\/vidacrista\/#\/schema\/person\/a0cbb2edfc0aecf8ac498802d1cb57b5","name":"Adriana Rabelo","image":{"@type":"ImageObject","inLanguage":"pt-BR","@id":"https:\/\/franciscanos.org.br\/vidacrista\/#\/schema\/person\/image\/","url":"https:\/\/secure.gravatar.com\/avatar\/0a937b7500cd7df77540cfb8bede877d?s=96&d=mm&r=g","contentUrl":"https:\/\/secure.gravatar.com\/avatar\/0a937b7500cd7df77540cfb8bede877d?s=96&d=mm&r=g","caption":"Adriana Rabelo"},"url":"https:\/\/franciscanos.org.br\/vidacrista\/author\/adrianarabelo\/"}]}},"_links":{"self":[{"href":"https:\/\/franciscanos.org.br\/vidacrista\/wp-json\/wp\/v2\/posts\/194674"}],"collection":[{"href":"https:\/\/franciscanos.org.br\/vidacrista\/wp-json\/wp\/v2\/posts"}],"about":[{"href":"https:\/\/franciscanos.org.br\/vidacrista\/wp-json\/wp\/v2\/types\/post"}],"author":[{"embeddable":true,"href":"https:\/\/franciscanos.org.br\/vidacrista\/wp-json\/wp\/v2\/users\/10"}],"replies":[{"embeddable":true,"href":"https:\/\/franciscanos.org.br\/vidacrista\/wp-json\/wp\/v2\/comments?post=194674"}],"version-history":[{"count":3,"href":"https:\/\/franciscanos.org.br\/vidacrista\/wp-json\/wp\/v2\/posts\/194674\/revisions"}],"predecessor-version":[{"id":194681,"href":"https:\/\/franciscanos.org.br\/vidacrista\/wp-json\/wp\/v2\/posts\/194674\/revisions\/194681"}],"wp:featuredmedia":[{"embeddable":true,"href":"https:\/\/franciscanos.org.br\/vidacrista\/wp-json\/wp\/v2\/media\/194675"}],"wp:attachment":[{"href":"https:\/\/franciscanos.org.br\/vidacrista\/wp-json\/wp\/v2\/media?parent=194674"}],"wp:term":[{"taxonomy":"category","embeddable":true,"href":"https:\/\/franciscanos.org.br\/vidacrista\/wp-json\/wp\/v2\/categories?post=194674"},{"taxonomy":"post_tag","embeddable":true,"href":"https:\/\/franciscanos.org.br\/vidacrista\/wp-json\/wp\/v2\/tags?post=194674"}],"curies":[{"name":"wp","href":"https:\/\/api.w.org\/{rel}","templated":true}]}}