{"id":194609,"date":"2024-05-14T12:59:17","date_gmt":"2024-05-14T15:59:17","guid":{"rendered":"https:\/\/franciscanos.org.br\/vidacrista\/?p=194609"},"modified":"2024-05-14T13:11:00","modified_gmt":"2024-05-14T16:11:00","slug":"que-teria-sentido-e-que-imagens-teriam-vindo-a-cabeca-do-cavalo-caramelo","status":"publish","type":"post","link":"https:\/\/franciscanos.org.br\/vidacrista\/que-teria-sentido-e-que-imagens-teriam-vindo-a-cabeca-do-cavalo-caramelo\/","title":{"rendered":"Que teria sentido e que imagens teriam vindo \u00e0 cabe\u00e7a do cavalo Caramelo?"},"content":{"rendered":"<p><img decoding=\"async\" loading=\"lazy\" class=\"size-medium wp-image-194610 aligncenter\" src=\"https:\/\/franciscanos.org.br\/vidacrista\/wp-content\/uploads\/2024\/05\/1715271021_663cf56d259a6_hd-2-450x300.jpg\" alt=\"\" width=\"450\" height=\"300\" srcset=\"https:\/\/franciscanos.org.br\/vidacrista\/wp-content\/uploads\/2024\/05\/1715271021_663cf56d259a6_hd-2-450x300.jpg 450w, https:\/\/franciscanos.org.br\/vidacrista\/wp-content\/uploads\/2024\/05\/1715271021_663cf56d259a6_hd-2-1024x683.jpg 1024w, https:\/\/franciscanos.org.br\/vidacrista\/wp-content\/uploads\/2024\/05\/1715271021_663cf56d259a6_hd-2-768x512.jpg 768w, https:\/\/franciscanos.org.br\/vidacrista\/wp-content\/uploads\/2024\/05\/1715271021_663cf56d259a6_hd-2-1536x1024.jpg 1536w, https:\/\/franciscanos.org.br\/vidacrista\/wp-content\/uploads\/2024\/05\/1715271021_663cf56d259a6_hd-2-2048x1365.jpg 2048w, https:\/\/franciscanos.org.br\/vidacrista\/wp-content\/uploads\/2024\/05\/1715271021_663cf56d259a6_hd-2-150x100.jpg 150w, https:\/\/franciscanos.org.br\/vidacrista\/wp-content\/uploads\/2024\/05\/1715271021_663cf56d259a6_hd-2-scaled.jpg 1620w\" sizes=\"(max-width: 450px) 100vw, 450px\" \/><\/p>\n<p>Cena impactante e comovedora: ao redor s\u00f3 \u00e1guas turvas das enchentes,casas encobertas at\u00e9 ao telhado, e eis que sobre um telhado desponta um cavalo: dois p\u00e9s de um lado e outros dois no outro da cumieira da casa. Quedou-se a\u00ed,impass\u00edvel, por 2-3 dias, noite e dia, sem poder mover-se. Qualquer movimento poderia faz\u00ea-lo escorregar e se precipitar no mar de\u00a0 \u00e1guas barrentas.Teria morrido afogado.<\/p>\n<p>O cavalo representa uma met\u00e1fora da resili\u00eancia,da esperan\u00e7a esperante de salvamento por uma alma compassiva; met\u00e1fora tamb\u00e9m da natureza que posta sob risco de desaparecer, teima em ficar se sustentando com suas pr\u00f3prias for\u00e7as. Outra met\u00e1fora, e esta, sinistra, da inc\u00faria humana que permitiu as \u00e1guas se rebelarem e destru\u00edrem tudo o que encontrava pela frente: pessoas, casas, animais,igrejas, escolas,universidades, museus. A f\u00faria das \u00e1guas parece n\u00e3o se importar por\u00a0 tudo o que os seres humanos com suor e luta tenham constru\u00eddo.<\/p>\n<p>H\u00e1 que se admitir que n\u00f3s n\u00e3o temos respeitado os direitos da natureza com \u00a0seu valor intr\u00ednseco, nem posto sob controle nossa voracidade de devast\u00e1-la para o enriquecimento de alguns \u00e0 custa da mis\u00e9ria das grandes maiorias e do equil\u00edbrio ecol\u00f3gico do planeta. A consequ\u00eancia foi a mudan\u00e7a clim\u00e1tica, o escaldamento irrevers\u00edvel da Terra que causam eventos extremos como estas inunda\u00e7\u00f5es de grande parte das cidades do Rio Grande do Sul. Estas imagens, vindas do inconsciente do cavalo, de seus ancestrais, \u00a0n\u00e3o estariam passando pela cabe\u00e7a do Caramelo?<\/p>\n<p>As novas ci\u00eancias do universo, da Terra e da vida (apenas cito talvez o maior representante atual delas, o cosm\u00f3logo Brian Swimme da Calif\u00f3rnia, ao lado de Fitjof Ca\u00e1ra, Mark Hathaway, Humberto Maturana do Chile e Amit Goswami da India entre tantos outros), projetaram o paradigma cosmog\u00eanico que \u00e9 o imenso e complexo processo da evolu\u00e7\u00e3o do universo e da lenta emerg\u00eancia dentro dele de todos os seres.<\/p>\n<p>Estes cientistas sustentam que o esp\u00edrito \u00e9 um atributo do universo e n\u00e3o s\u00f3 dos seres humanos.Ele seria t\u00e3o ancestral quanto \u00e0 mat\u00e9ria. Desde o momento em que duas part\u00edculas elementares (b\u00f3sons,topquarks?) se formaram e entraram em rela\u00e7\u00e3o, estabeleceram o in\u00edcio daquilo que chamamos esp\u00edrito: a capacidade de intera\u00e7\u00e3o,de estabelecer rela\u00e7\u00f5es de todos com todos e de acumular informa\u00e7\u00f5es. A matriz relacional subjaz a todo\u00a0 o universo e a cada um dos seres nele existentes.\u00c9 a presen\u00e7a do esp\u00edrito H\u00e1 graus diferentes de realiza\u00e7\u00e3o do mesmo princ\u00edpio,mas o princ\u00edpio \u00e9 o mesmo: a panrelacionalidade universal.<\/p>\n<p>Um grau de esp\u00edrito se d\u00e1, por exemplo, na montanha,inconsciente e irrefletido; outro grau,\u00a0 talvez o mais elevado, no ser humano, consciente e reflexo. A montanha se relaciona com as energias do universo, com os raios do sol, com os ventos, as chuvas, os p\u00e1ssaros e com a pessoa que a contempla, extasiado.\u00c9 a presen\u00e7a de seu esp\u00edrito. N\u00f3s nos relacionamos conosco mesmos, com os outros, com a natureza, com o sol, com as estrelas\u00a0 e com todo o universo vis\u00edvel (s\u00f3 5%, o restante \u00e9 invis\u00edvel) e com o Infinito. Todo este feixe de rela\u00e7\u00f5es diferenciadas constituem a realidade do esp\u00edrito que perpassa todas as coisas.E o nosso de forma consciente e autorreflexsiva. No seu grau de esp\u00edrito o Caramelo percebeu a trag\u00e9dia que estava ocorrendo.<\/p>\n<p>Sabemos tamb\u00e9m que a\u00a0 realidade se apresenta sob tr\u00eas formas: como energia,como\u00a0 mat\u00e9ria e\u00a0 como informa\u00e7\u00e3o. Me atenho \u00e0 informa\u00e7\u00e3o. Toda vez que seres se relacionam deixam marcas uns nos outros, trocam informa\u00e7\u00f5es e as acumulam.<\/p>\n<p>Por se tratar de esp\u00edrito, em cada ser,especialmente nos vivos h\u00e1 imagens formadas por infindas rela\u00e7\u00f5es\/informa\u00e7\u00f5es, desde os mais ancestrais at\u00e9 os mais recentes. C.G.Jung chamaria de arqu\u00e9tipos.H\u00e1 momentos em que os mais ancestrais irrompem como imagens acumuladas no inconsciente coletivo de sua esp\u00e9cie \u201ccavalo\u201d.<\/p>\n<p>Aplicando ao cavalo Caramelo: nessa longa espera esperante, possivelmente imagens ancestrais inundaram sua mente: a vaga imagem de seu surgimento h\u00e1 56 milh\u00f5es de anos, como um pequeno erbivoro, de tamanho de um c\u00e3o. Vivia nas floresta e logo ap\u00f3s nas pastagens macias norte-americanas. Foi se desenvolvendo at\u00e9 se tornar um cavalo nas propor\u00e7\u00f5es atuais. A\u00ed atravessou, pelo p\u00f3lo norte, a ponte de terra de Bering e chegou \u00e0 Asia. Havia centenas de esp\u00e9cies de cavalos.<\/p>\n<p>Para n\u00f3s interessa o cavalo dom\u00e9stico como o Caramelo. Este surgiu \u00a0entre quatro e cinco mil anos atr\u00e1s, segundo dados arqueol\u00f3gicos, na Eur\u00e1sia Ocidental, mais precisamente no sul da R\u00fassia, na intersec\u00e7\u00e3o dos rios Volga e Don.Sua domestica\u00e7\u00e3o come\u00e7ou provavelmente no Cazaquist\u00e3o por volta de 4 mil anos atr\u00e1s.<\/p>\n<p>Ent\u00e3o come\u00e7ou a sua saga: em sua mente provavelmente emergirem as imagens das v\u00e1rias formas como foi tratado o cavalo dom\u00e9stico: como cavalo forte de tra\u00e7\u00e3o e uso na agricultura, cavalo mais esbelto, de charrete, a servi\u00e7o de reis e rainhas, \u00a0cavalo de corrida e de entretenimento, cavalo para a ca\u00e7a, por isso mais \u00e1gil e atento a qualquer ru\u00eddo. Mas principalmente foi usado para a guerra, como cavalos mais resistente e veloz.Em seguida foi usado como cavalo montado por policiais a fim de menter a ordem e reprimir manifesta\u00e7\u00f5es indesejadas pelos poderes estabelecidos. Mas \u00a0conv\u00edvio com os humanos o tornou um ser afetivo e at\u00e9 terap\u00eautico.<\/p>\n<p>Sempre esteve a servi\u00e7o dos seres humanos, com exce\u00e7\u00e3o dos cavalos selvagens que viviam e vivem em grupos nas florestas. Posso imaginar que tais imagens arquet\u00edpicas emergiram na mente do Caramelo, naquelas horas de solid\u00e3o e de medo, dormindo de p\u00e9\u00a0 como \u00e9 de\u00a0 praxe dos cavalos. Mas seguramente, com certo orgulho, se recordava que eles, os cavalos, realizaram a primeira globaliza\u00e7\u00e3o, pois eles estavam em todas as partes do planeta, tornando as dist\u00e2ncias mais pr\u00f3ximas e acess\u00edveis.<\/p>\n<p>Por fim, possivelmente na mente do Caramelo surgiu a figura do ser humano que sempre o usou e que se fez agressor, hostil aos ritmos da natureza, devastador dos bens e servi\u00e7os essenciais para a vida. O resultado deste comportamento ocasionou a mudan\u00e7a clim\u00e1tica, j\u00e1 irrevers\u00edvel que est\u00e1 na base da trag\u00e9dia que vitimou vidas e tantas bens materiais e culturais. Ele mesmo est\u00e1 sendo v\u00edtima, junto com seus irm\u00e3os cachorros e gatos. O Caramelo, herdeiro de experi\u00eancias de sua ra\u00e7a,dever\u00e1 ter sentido isso.<\/p>\n<p>Ele, em seu esp\u00edrito, teria se questionado: ser\u00e1 que nos seres humanos se extinguiu a compaix\u00e3o, a solidariedade e o amor? Quando viu que barcos se aproximavam para salv\u00e1-lo, sua mente se desanuviou. Deu-se conta de que neles ainda vigorava solidariedade e compaix\u00e3o. Por isso se moveram para me tirar s\u00e3o e salvo de cima deste telhado. Tais figuras surgiram provavelmente em seu esp\u00edrito.<\/p>\n<p>O Caramelo foi resgatado, sob grande dificuldade e risco. Recebeu a \u00e1gua indispens\u00e1vel e o alimento necess\u00e1rio. Que ele nos sirva de li\u00e7\u00e3o para n\u00e3o perdermos a esperan\u00e7a. Como ele foi salvo, n\u00f3s humanos podemos tamb\u00e9m nos salvar.<\/p>\n<hr \/>\n<p><em>Leonardo Boff\u00a0<\/em><\/p>\n<p>Imagem: reprodu\u00e7\u00e3o- Record TV<\/p>\n","protected":false},"excerpt":{"rendered":"<p>Artigo Leonardo Boff<\/p>\n","protected":false},"author":10,"featured_media":194610,"comment_status":"open","ping_status":"open","sticky":false,"template":"","format":"standard","meta":{"footnotes":""},"categories":[26],"tags":[59],"yoast_head":"<!-- This site is optimized with the Yoast SEO plugin v19.4 - https:\/\/yoast.com\/wordpress\/plugins\/seo\/ -->\n<title>Que teria sentido e que imagens teriam vindo \u00e0 cabe\u00e7a do cavalo Caramelo? - Vida Crist\u00e3 - Franciscanos<\/title>\n<meta name=\"robots\" content=\"index, follow, max-snippet:-1, max-image-preview:large, max-video-preview:-1\" \/>\n<link rel=\"canonical\" href=\"https:\/\/franciscanos.org.br\/vidacrista\/que-teria-sentido-e-que-imagens-teriam-vindo-a-cabeca-do-cavalo-caramelo\/\" \/>\n<meta property=\"og:locale\" content=\"pt_BR\" \/>\n<meta property=\"og:type\" content=\"article\" \/>\n<meta property=\"og:title\" content=\"Que teria sentido e que imagens teriam vindo \u00e0 cabe\u00e7a do cavalo Caramelo? - Vida Crist\u00e3 - Franciscanos\" \/>\n<meta property=\"og:description\" content=\"Artigo Leonardo Boff\" \/>\n<meta property=\"og:url\" content=\"https:\/\/franciscanos.org.br\/vidacrista\/que-teria-sentido-e-que-imagens-teriam-vindo-a-cabeca-do-cavalo-caramelo\/\" \/>\n<meta property=\"og:site_name\" content=\"Vida Crist\u00e3 - Franciscanos\" \/>\n<meta property=\"article:published_time\" content=\"2024-05-14T15:59:17+00:00\" \/>\n<meta property=\"article:modified_time\" content=\"2024-05-14T16:11:00+00:00\" \/>\n<meta property=\"og:image\" content=\"https:\/\/franciscanos.org.br\/vidacrista\/wp-content\/uploads\/2024\/05\/1715271021_663cf56d259a6_hd-2-scaled.jpg\" \/>\n\t<meta property=\"og:image:width\" content=\"1620\" \/>\n\t<meta property=\"og:image:height\" content=\"1080\" \/>\n\t<meta property=\"og:image:type\" content=\"image\/jpeg\" \/>\n<meta name=\"author\" content=\"Adriana Rabelo\" \/>\n<meta name=\"twitter:card\" content=\"summary_large_image\" \/>\n<meta name=\"twitter:label1\" content=\"Escrito por\" \/>\n\t<meta name=\"twitter:data1\" content=\"Adriana Rabelo\" \/>\n\t<meta name=\"twitter:label2\" content=\"Est. tempo de leitura\" \/>\n\t<meta name=\"twitter:data2\" content=\"6 minutos\" \/>\n<script type=\"application\/ld+json\" class=\"yoast-schema-graph\">{\"@context\":\"https:\/\/schema.org\",\"@graph\":[{\"@type\":\"WebSite\",\"@id\":\"https:\/\/franciscanos.org.br\/vidacrista\/#website\",\"url\":\"https:\/\/franciscanos.org.br\/vidacrista\/\",\"name\":\"Vida Crist\u00e3 - Franciscanos\",\"description\":\"Prov\u00edncia Franciscana da Imaculada Concei\u00e7\u00e3o do Brasil - Ordem dos Frades Menores\",\"potentialAction\":[{\"@type\":\"SearchAction\",\"target\":{\"@type\":\"EntryPoint\",\"urlTemplate\":\"https:\/\/franciscanos.org.br\/vidacrista\/?s={search_term_string}\"},\"query-input\":\"required name=search_term_string\"}],\"inLanguage\":\"pt-BR\"},{\"@type\":\"WebPage\",\"@id\":\"https:\/\/franciscanos.org.br\/vidacrista\/que-teria-sentido-e-que-imagens-teriam-vindo-a-cabeca-do-cavalo-caramelo\/\",\"url\":\"https:\/\/franciscanos.org.br\/vidacrista\/que-teria-sentido-e-que-imagens-teriam-vindo-a-cabeca-do-cavalo-caramelo\/\",\"name\":\"Que teria sentido e que imagens teriam vindo \u00e0 cabe\u00e7a do cavalo Caramelo? - Vida Crist\u00e3 - Franciscanos\",\"isPartOf\":{\"@id\":\"https:\/\/franciscanos.org.br\/vidacrista\/#website\"},\"datePublished\":\"2024-05-14T15:59:17+00:00\",\"dateModified\":\"2024-05-14T16:11:00+00:00\",\"author\":{\"@id\":\"https:\/\/franciscanos.org.br\/vidacrista\/#\/schema\/person\/a0cbb2edfc0aecf8ac498802d1cb57b5\"},\"breadcrumb\":{\"@id\":\"https:\/\/franciscanos.org.br\/vidacrista\/que-teria-sentido-e-que-imagens-teriam-vindo-a-cabeca-do-cavalo-caramelo\/#breadcrumb\"},\"inLanguage\":\"pt-BR\",\"potentialAction\":[{\"@type\":\"ReadAction\",\"target\":[\"https:\/\/franciscanos.org.br\/vidacrista\/que-teria-sentido-e-que-imagens-teriam-vindo-a-cabeca-do-cavalo-caramelo\/\"]}]},{\"@type\":\"BreadcrumbList\",\"@id\":\"https:\/\/franciscanos.org.br\/vidacrista\/que-teria-sentido-e-que-imagens-teriam-vindo-a-cabeca-do-cavalo-caramelo\/#breadcrumb\",\"itemListElement\":[{\"@type\":\"ListItem\",\"position\":1,\"name\":\"Home\",\"item\":\"https:\/\/franciscanos.org.br\/vidacrista\/\"},{\"@type\":\"ListItem\",\"position\":2,\"name\":\"Que teria sentido e que imagens teriam vindo \u00e0 cabe\u00e7a do cavalo Caramelo?\"}]},{\"@type\":\"Person\",\"@id\":\"https:\/\/franciscanos.org.br\/vidacrista\/#\/schema\/person\/a0cbb2edfc0aecf8ac498802d1cb57b5\",\"name\":\"Adriana Rabelo\",\"image\":{\"@type\":\"ImageObject\",\"inLanguage\":\"pt-BR\",\"@id\":\"https:\/\/franciscanos.org.br\/vidacrista\/#\/schema\/person\/image\/\",\"url\":\"https:\/\/secure.gravatar.com\/avatar\/0a937b7500cd7df77540cfb8bede877d?s=96&d=mm&r=g\",\"contentUrl\":\"https:\/\/secure.gravatar.com\/avatar\/0a937b7500cd7df77540cfb8bede877d?s=96&d=mm&r=g\",\"caption\":\"Adriana Rabelo\"},\"url\":\"https:\/\/franciscanos.org.br\/vidacrista\/author\/adrianarabelo\/\"}]}<\/script>\n<!-- \/ Yoast SEO plugin. -->","yoast_head_json":{"title":"Que teria sentido e que imagens teriam vindo \u00e0 cabe\u00e7a do cavalo Caramelo? - Vida Crist\u00e3 - Franciscanos","robots":{"index":"index","follow":"follow","max-snippet":"max-snippet:-1","max-image-preview":"max-image-preview:large","max-video-preview":"max-video-preview:-1"},"canonical":"https:\/\/franciscanos.org.br\/vidacrista\/que-teria-sentido-e-que-imagens-teriam-vindo-a-cabeca-do-cavalo-caramelo\/","og_locale":"pt_BR","og_type":"article","og_title":"Que teria sentido e que imagens teriam vindo \u00e0 cabe\u00e7a do cavalo Caramelo? - Vida Crist\u00e3 - Franciscanos","og_description":"Artigo Leonardo Boff","og_url":"https:\/\/franciscanos.org.br\/vidacrista\/que-teria-sentido-e-que-imagens-teriam-vindo-a-cabeca-do-cavalo-caramelo\/","og_site_name":"Vida Crist\u00e3 - Franciscanos","article_published_time":"2024-05-14T15:59:17+00:00","article_modified_time":"2024-05-14T16:11:00+00:00","og_image":[{"width":1620,"height":1080,"url":"https:\/\/franciscanos.org.br\/vidacrista\/wp-content\/uploads\/2024\/05\/1715271021_663cf56d259a6_hd-2-scaled.jpg","type":"image\/jpeg"}],"author":"Adriana Rabelo","twitter_card":"summary_large_image","twitter_misc":{"Escrito por":"Adriana Rabelo","Est. tempo de leitura":"6 minutos"},"schema":{"@context":"https:\/\/schema.org","@graph":[{"@type":"WebSite","@id":"https:\/\/franciscanos.org.br\/vidacrista\/#website","url":"https:\/\/franciscanos.org.br\/vidacrista\/","name":"Vida Crist\u00e3 - Franciscanos","description":"Prov\u00edncia Franciscana da Imaculada Concei\u00e7\u00e3o do Brasil - Ordem dos Frades Menores","potentialAction":[{"@type":"SearchAction","target":{"@type":"EntryPoint","urlTemplate":"https:\/\/franciscanos.org.br\/vidacrista\/?s={search_term_string}"},"query-input":"required name=search_term_string"}],"inLanguage":"pt-BR"},{"@type":"WebPage","@id":"https:\/\/franciscanos.org.br\/vidacrista\/que-teria-sentido-e-que-imagens-teriam-vindo-a-cabeca-do-cavalo-caramelo\/","url":"https:\/\/franciscanos.org.br\/vidacrista\/que-teria-sentido-e-que-imagens-teriam-vindo-a-cabeca-do-cavalo-caramelo\/","name":"Que teria sentido e que imagens teriam vindo \u00e0 cabe\u00e7a do cavalo Caramelo? - Vida Crist\u00e3 - Franciscanos","isPartOf":{"@id":"https:\/\/franciscanos.org.br\/vidacrista\/#website"},"datePublished":"2024-05-14T15:59:17+00:00","dateModified":"2024-05-14T16:11:00+00:00","author":{"@id":"https:\/\/franciscanos.org.br\/vidacrista\/#\/schema\/person\/a0cbb2edfc0aecf8ac498802d1cb57b5"},"breadcrumb":{"@id":"https:\/\/franciscanos.org.br\/vidacrista\/que-teria-sentido-e-que-imagens-teriam-vindo-a-cabeca-do-cavalo-caramelo\/#breadcrumb"},"inLanguage":"pt-BR","potentialAction":[{"@type":"ReadAction","target":["https:\/\/franciscanos.org.br\/vidacrista\/que-teria-sentido-e-que-imagens-teriam-vindo-a-cabeca-do-cavalo-caramelo\/"]}]},{"@type":"BreadcrumbList","@id":"https:\/\/franciscanos.org.br\/vidacrista\/que-teria-sentido-e-que-imagens-teriam-vindo-a-cabeca-do-cavalo-caramelo\/#breadcrumb","itemListElement":[{"@type":"ListItem","position":1,"name":"Home","item":"https:\/\/franciscanos.org.br\/vidacrista\/"},{"@type":"ListItem","position":2,"name":"Que teria sentido e que imagens teriam vindo \u00e0 cabe\u00e7a do cavalo Caramelo?"}]},{"@type":"Person","@id":"https:\/\/franciscanos.org.br\/vidacrista\/#\/schema\/person\/a0cbb2edfc0aecf8ac498802d1cb57b5","name":"Adriana Rabelo","image":{"@type":"ImageObject","inLanguage":"pt-BR","@id":"https:\/\/franciscanos.org.br\/vidacrista\/#\/schema\/person\/image\/","url":"https:\/\/secure.gravatar.com\/avatar\/0a937b7500cd7df77540cfb8bede877d?s=96&d=mm&r=g","contentUrl":"https:\/\/secure.gravatar.com\/avatar\/0a937b7500cd7df77540cfb8bede877d?s=96&d=mm&r=g","caption":"Adriana Rabelo"},"url":"https:\/\/franciscanos.org.br\/vidacrista\/author\/adrianarabelo\/"}]}},"_links":{"self":[{"href":"https:\/\/franciscanos.org.br\/vidacrista\/wp-json\/wp\/v2\/posts\/194609"}],"collection":[{"href":"https:\/\/franciscanos.org.br\/vidacrista\/wp-json\/wp\/v2\/posts"}],"about":[{"href":"https:\/\/franciscanos.org.br\/vidacrista\/wp-json\/wp\/v2\/types\/post"}],"author":[{"embeddable":true,"href":"https:\/\/franciscanos.org.br\/vidacrista\/wp-json\/wp\/v2\/users\/10"}],"replies":[{"embeddable":true,"href":"https:\/\/franciscanos.org.br\/vidacrista\/wp-json\/wp\/v2\/comments?post=194609"}],"version-history":[{"count":7,"href":"https:\/\/franciscanos.org.br\/vidacrista\/wp-json\/wp\/v2\/posts\/194609\/revisions"}],"predecessor-version":[{"id":194619,"href":"https:\/\/franciscanos.org.br\/vidacrista\/wp-json\/wp\/v2\/posts\/194609\/revisions\/194619"}],"wp:featuredmedia":[{"embeddable":true,"href":"https:\/\/franciscanos.org.br\/vidacrista\/wp-json\/wp\/v2\/media\/194610"}],"wp:attachment":[{"href":"https:\/\/franciscanos.org.br\/vidacrista\/wp-json\/wp\/v2\/media?parent=194609"}],"wp:term":[{"taxonomy":"category","embeddable":true,"href":"https:\/\/franciscanos.org.br\/vidacrista\/wp-json\/wp\/v2\/categories?post=194609"},{"taxonomy":"post_tag","embeddable":true,"href":"https:\/\/franciscanos.org.br\/vidacrista\/wp-json\/wp\/v2\/tags?post=194609"}],"curies":[{"name":"wp","href":"https:\/\/api.w.org\/{rel}","templated":true}]}}