{"id":194602,"date":"2024-05-12T22:55:01","date_gmt":"2024-05-13T01:55:01","guid":{"rendered":"https:\/\/franciscanos.org.br\/vidacrista\/?p=194602"},"modified":"2024-05-25T18:24:04","modified_gmt":"2024-05-25T21:24:04","slug":"a-mae-no-olhar-do-filho-gratidao-e-saudade","status":"publish","type":"post","link":"https:\/\/franciscanos.org.br\/vidacrista\/a-mae-no-olhar-do-filho-gratidao-e-saudade\/","title":{"rendered":"A M\u00e3e no Olhar do Filho: Gratid\u00e3o e Saudade"},"content":{"rendered":"<p><img decoding=\"async\" loading=\"lazy\" class=\"size-medium wp-image-194605 aligncenter\" src=\"https:\/\/franciscanos.org.br\/vidacrista\/wp-content\/uploads\/2024\/05\/e122dd31-e1b5-499b-9c3b-b7df4bf988d2-450x450.jpeg\" alt=\"\" width=\"450\" height=\"450\" srcset=\"https:\/\/franciscanos.org.br\/vidacrista\/wp-content\/uploads\/2024\/05\/e122dd31-e1b5-499b-9c3b-b7df4bf988d2-450x450.jpeg 450w, https:\/\/franciscanos.org.br\/vidacrista\/wp-content\/uploads\/2024\/05\/e122dd31-e1b5-499b-9c3b-b7df4bf988d2-300x300.jpeg 300w, https:\/\/franciscanos.org.br\/vidacrista\/wp-content\/uploads\/2024\/05\/e122dd31-e1b5-499b-9c3b-b7df4bf988d2-768x768.jpeg 768w, https:\/\/franciscanos.org.br\/vidacrista\/wp-content\/uploads\/2024\/05\/e122dd31-e1b5-499b-9c3b-b7df4bf988d2-150x150.jpeg 150w, https:\/\/franciscanos.org.br\/vidacrista\/wp-content\/uploads\/2024\/05\/e122dd31-e1b5-499b-9c3b-b7df4bf988d2-400x400.jpeg 400w, https:\/\/franciscanos.org.br\/vidacrista\/wp-content\/uploads\/2024\/05\/e122dd31-e1b5-499b-9c3b-b7df4bf988d2.jpeg 1024w\" sizes=\"(max-width: 450px) 100vw, 450px\" \/><\/p>\n<p>No olhar de um filho, encontramos um misto de gratid\u00e3o e saudade, duas emo\u00e7\u00f5es que se entrela\u00e7am e revelam a complexidade dessa conex\u00e3o t\u00e3o especial. A m\u00e3e, com sua dedica\u00e7\u00e3o e abnega\u00e7\u00e3o, \u00e9 o alicerce sobre o qual o filho constr\u00f3i sua vida. Seu amor incondicional e infinito permeia cada gesto, cada palavra e cada ato de cuidado.<\/p>\n<p>Na gratid\u00e3o do filho, encontra-se o reconhecimento pela m\u00e3e que o acolheu, guiou e apoiou em todas as etapas de sua jornada. \u00c9 a gratid\u00e3o por todas as noites em que ela velou seu sono, por cada alimento que ela lhe preparou, por cada palavra de encorajamento e por cada abra\u00e7o que transmitiu seguran\u00e7a. \u00c9 a gratid\u00e3o por ter sido amado incondicionalmente e ter tido uma figura materna t\u00e3o presente e significativa em sua vida.<\/p>\n<p>No entanto, junto com a gratid\u00e3o, vem a saudade. Quando o filho parte para trilhar seu pr\u00f3prio caminho, seja por necessidade, escolha ou destino, ele inevitavelmente sente a aus\u00eancia da m\u00e3e. A saudade se manifesta nos momentos em que ele anseia por seu abra\u00e7o, por suas palavras de conforto ou por seu conselho s\u00e1bio. \u00c9 a saudade de compartilhar a vida di\u00e1ria, de ter sua presen\u00e7a constante ao lado, de poder contar com sua sabedoria e afeto.<\/p>\n<p>Frei Jacir nos convida a refletir sobre essa dualidade de sentimentos e nos recorda que, embora a m\u00e3e possa n\u00e3o estar fisicamente presente, seu amor transcende as barreiras do tempo e do espa\u00e7o. A m\u00e3e permanece viva dentro do cora\u00e7\u00e3o do filho, sua influ\u00eancia e seus ensinamentos ecoam em cada passo dado.<\/p>\n<p>Nesse momento de reflex\u00e3o, somos convidados a expressar nossa gratid\u00e3o \u00e0s m\u00e3es que nos deram a vida, que nos amaram e que nos moldaram em quem somos. Ao mesmo tempo, somos encorajados a honrar sua mem\u00f3ria e a manter viva a chama do amor materno, transmitindo-o \u00e0s gera\u00e7\u00f5es futuras.<\/p>\n<p>Que possamos reconhecer e valorizar o olhar de uma m\u00e3e, pois nele reside um profundo e eterno sentimento de gratid\u00e3o e saudade. Que possamos ser gratos pelo amor incondicional que recebemos e, ao mesmo tempo, ter a sensibilidade de compreender a saudade que permeia essa rela\u00e7\u00e3o \u00fanica. Que o legado de amor materno nos inspire a sermos pessoas melhores e a espalhar o amor e a gratid\u00e3o por onde quer que caminhemos.<\/p>\n<div class=\"google-auto-placed ap_container\">\n<hr \/>\n<p class=\"post-title entry-title\"><em>Frei Jacir de Freitas Faria<\/em><\/p>\n<\/div>\n","protected":false},"excerpt":{"rendered":"<p>Frei Jacir de Freitas Faria<\/p>\n","protected":false},"author":9,"featured_media":194605,"comment_status":"open","ping_status":"open","sticky":false,"template":"","format":"standard","meta":{"footnotes":""},"categories":[26],"tags":[43],"yoast_head":"<!-- This site is optimized with the Yoast SEO plugin v19.4 - https:\/\/yoast.com\/wordpress\/plugins\/seo\/ -->\n<title>A M\u00e3e no Olhar do Filho: Gratid\u00e3o e Saudade - Vida Crist\u00e3 - Franciscanos<\/title>\n<meta name=\"robots\" content=\"index, follow, max-snippet:-1, max-image-preview:large, max-video-preview:-1\" \/>\n<link rel=\"canonical\" href=\"https:\/\/franciscanos.org.br\/vidacrista\/a-mae-no-olhar-do-filho-gratidao-e-saudade\/\" \/>\n<meta property=\"og:locale\" content=\"pt_BR\" \/>\n<meta property=\"og:type\" content=\"article\" \/>\n<meta property=\"og:title\" content=\"A M\u00e3e no Olhar do Filho: Gratid\u00e3o e Saudade - Vida Crist\u00e3 - Franciscanos\" \/>\n<meta property=\"og:description\" content=\"Frei Jacir de Freitas Faria\" \/>\n<meta property=\"og:url\" content=\"https:\/\/franciscanos.org.br\/vidacrista\/a-mae-no-olhar-do-filho-gratidao-e-saudade\/\" \/>\n<meta property=\"og:site_name\" content=\"Vida Crist\u00e3 - Franciscanos\" \/>\n<meta property=\"article:published_time\" content=\"2024-05-13T01:55:01+00:00\" \/>\n<meta property=\"article:modified_time\" content=\"2024-05-25T21:24:04+00:00\" \/>\n<meta property=\"og:image\" content=\"https:\/\/franciscanos.org.br\/vidacrista\/wp-content\/uploads\/2024\/05\/e122dd31-e1b5-499b-9c3b-b7df4bf988d2.jpeg\" \/>\n\t<meta property=\"og:image:width\" content=\"1024\" \/>\n\t<meta property=\"og:image:height\" content=\"1024\" \/>\n\t<meta property=\"og:image:type\" content=\"image\/jpeg\" \/>\n<meta name=\"author\" content=\"Jo\u00e3o Vitor\" \/>\n<meta name=\"twitter:card\" content=\"summary_large_image\" \/>\n<meta name=\"twitter:label1\" content=\"Escrito por\" \/>\n\t<meta name=\"twitter:data1\" content=\"Jo\u00e3o Vitor\" \/>\n\t<meta name=\"twitter:label2\" content=\"Est. tempo de leitura\" \/>\n\t<meta name=\"twitter:data2\" content=\"2 minutos\" \/>\n<script type=\"application\/ld+json\" class=\"yoast-schema-graph\">{\"@context\":\"https:\/\/schema.org\",\"@graph\":[{\"@type\":\"WebSite\",\"@id\":\"https:\/\/franciscanos.org.br\/vidacrista\/#website\",\"url\":\"https:\/\/franciscanos.org.br\/vidacrista\/\",\"name\":\"Vida Crist\u00e3 - Franciscanos\",\"description\":\"Prov\u00edncia Franciscana da Imaculada Concei\u00e7\u00e3o do Brasil - Ordem dos Frades Menores\",\"potentialAction\":[{\"@type\":\"SearchAction\",\"target\":{\"@type\":\"EntryPoint\",\"urlTemplate\":\"https:\/\/franciscanos.org.br\/vidacrista\/?s={search_term_string}\"},\"query-input\":\"required name=search_term_string\"}],\"inLanguage\":\"pt-BR\"},{\"@type\":\"WebPage\",\"@id\":\"https:\/\/franciscanos.org.br\/vidacrista\/a-mae-no-olhar-do-filho-gratidao-e-saudade\/\",\"url\":\"https:\/\/franciscanos.org.br\/vidacrista\/a-mae-no-olhar-do-filho-gratidao-e-saudade\/\",\"name\":\"A M\u00e3e no Olhar do Filho: Gratid\u00e3o e Saudade - Vida Crist\u00e3 - Franciscanos\",\"isPartOf\":{\"@id\":\"https:\/\/franciscanos.org.br\/vidacrista\/#website\"},\"datePublished\":\"2024-05-13T01:55:01+00:00\",\"dateModified\":\"2024-05-25T21:24:04+00:00\",\"author\":{\"@id\":\"https:\/\/franciscanos.org.br\/vidacrista\/#\/schema\/person\/d9f9482315d3f26b8e1be15d5fc373f1\"},\"breadcrumb\":{\"@id\":\"https:\/\/franciscanos.org.br\/vidacrista\/a-mae-no-olhar-do-filho-gratidao-e-saudade\/#breadcrumb\"},\"inLanguage\":\"pt-BR\",\"potentialAction\":[{\"@type\":\"ReadAction\",\"target\":[\"https:\/\/franciscanos.org.br\/vidacrista\/a-mae-no-olhar-do-filho-gratidao-e-saudade\/\"]}]},{\"@type\":\"BreadcrumbList\",\"@id\":\"https:\/\/franciscanos.org.br\/vidacrista\/a-mae-no-olhar-do-filho-gratidao-e-saudade\/#breadcrumb\",\"itemListElement\":[{\"@type\":\"ListItem\",\"position\":1,\"name\":\"Home\",\"item\":\"https:\/\/franciscanos.org.br\/vidacrista\/\"},{\"@type\":\"ListItem\",\"position\":2,\"name\":\"A M\u00e3e no Olhar do Filho: Gratid\u00e3o e Saudade\"}]},{\"@type\":\"Person\",\"@id\":\"https:\/\/franciscanos.org.br\/vidacrista\/#\/schema\/person\/d9f9482315d3f26b8e1be15d5fc373f1\",\"name\":\"Jo\u00e3o Vitor\",\"image\":{\"@type\":\"ImageObject\",\"inLanguage\":\"pt-BR\",\"@id\":\"https:\/\/franciscanos.org.br\/vidacrista\/#\/schema\/person\/image\/\",\"url\":\"https:\/\/secure.gravatar.com\/avatar\/10ba5c9713e0c323617b4309a19e3a46?s=96&d=mm&r=g\",\"contentUrl\":\"https:\/\/secure.gravatar.com\/avatar\/10ba5c9713e0c323617b4309a19e3a46?s=96&d=mm&r=g\",\"caption\":\"Jo\u00e3o Vitor\"},\"url\":\"https:\/\/franciscanos.org.br\/vidacrista\/author\/joaovitor\/\"}]}<\/script>\n<!-- \/ Yoast SEO plugin. -->","yoast_head_json":{"title":"A M\u00e3e no Olhar do Filho: Gratid\u00e3o e Saudade - Vida Crist\u00e3 - Franciscanos","robots":{"index":"index","follow":"follow","max-snippet":"max-snippet:-1","max-image-preview":"max-image-preview:large","max-video-preview":"max-video-preview:-1"},"canonical":"https:\/\/franciscanos.org.br\/vidacrista\/a-mae-no-olhar-do-filho-gratidao-e-saudade\/","og_locale":"pt_BR","og_type":"article","og_title":"A M\u00e3e no Olhar do Filho: Gratid\u00e3o e Saudade - Vida Crist\u00e3 - Franciscanos","og_description":"Frei Jacir de Freitas Faria","og_url":"https:\/\/franciscanos.org.br\/vidacrista\/a-mae-no-olhar-do-filho-gratidao-e-saudade\/","og_site_name":"Vida Crist\u00e3 - Franciscanos","article_published_time":"2024-05-13T01:55:01+00:00","article_modified_time":"2024-05-25T21:24:04+00:00","og_image":[{"width":1024,"height":1024,"url":"https:\/\/franciscanos.org.br\/vidacrista\/wp-content\/uploads\/2024\/05\/e122dd31-e1b5-499b-9c3b-b7df4bf988d2.jpeg","type":"image\/jpeg"}],"author":"Jo\u00e3o Vitor","twitter_card":"summary_large_image","twitter_misc":{"Escrito por":"Jo\u00e3o Vitor","Est. tempo de leitura":"2 minutos"},"schema":{"@context":"https:\/\/schema.org","@graph":[{"@type":"WebSite","@id":"https:\/\/franciscanos.org.br\/vidacrista\/#website","url":"https:\/\/franciscanos.org.br\/vidacrista\/","name":"Vida Crist\u00e3 - Franciscanos","description":"Prov\u00edncia Franciscana da Imaculada Concei\u00e7\u00e3o do Brasil - Ordem dos Frades Menores","potentialAction":[{"@type":"SearchAction","target":{"@type":"EntryPoint","urlTemplate":"https:\/\/franciscanos.org.br\/vidacrista\/?s={search_term_string}"},"query-input":"required name=search_term_string"}],"inLanguage":"pt-BR"},{"@type":"WebPage","@id":"https:\/\/franciscanos.org.br\/vidacrista\/a-mae-no-olhar-do-filho-gratidao-e-saudade\/","url":"https:\/\/franciscanos.org.br\/vidacrista\/a-mae-no-olhar-do-filho-gratidao-e-saudade\/","name":"A M\u00e3e no Olhar do Filho: Gratid\u00e3o e Saudade - Vida Crist\u00e3 - Franciscanos","isPartOf":{"@id":"https:\/\/franciscanos.org.br\/vidacrista\/#website"},"datePublished":"2024-05-13T01:55:01+00:00","dateModified":"2024-05-25T21:24:04+00:00","author":{"@id":"https:\/\/franciscanos.org.br\/vidacrista\/#\/schema\/person\/d9f9482315d3f26b8e1be15d5fc373f1"},"breadcrumb":{"@id":"https:\/\/franciscanos.org.br\/vidacrista\/a-mae-no-olhar-do-filho-gratidao-e-saudade\/#breadcrumb"},"inLanguage":"pt-BR","potentialAction":[{"@type":"ReadAction","target":["https:\/\/franciscanos.org.br\/vidacrista\/a-mae-no-olhar-do-filho-gratidao-e-saudade\/"]}]},{"@type":"BreadcrumbList","@id":"https:\/\/franciscanos.org.br\/vidacrista\/a-mae-no-olhar-do-filho-gratidao-e-saudade\/#breadcrumb","itemListElement":[{"@type":"ListItem","position":1,"name":"Home","item":"https:\/\/franciscanos.org.br\/vidacrista\/"},{"@type":"ListItem","position":2,"name":"A M\u00e3e no Olhar do Filho: Gratid\u00e3o e Saudade"}]},{"@type":"Person","@id":"https:\/\/franciscanos.org.br\/vidacrista\/#\/schema\/person\/d9f9482315d3f26b8e1be15d5fc373f1","name":"Jo\u00e3o Vitor","image":{"@type":"ImageObject","inLanguage":"pt-BR","@id":"https:\/\/franciscanos.org.br\/vidacrista\/#\/schema\/person\/image\/","url":"https:\/\/secure.gravatar.com\/avatar\/10ba5c9713e0c323617b4309a19e3a46?s=96&d=mm&r=g","contentUrl":"https:\/\/secure.gravatar.com\/avatar\/10ba5c9713e0c323617b4309a19e3a46?s=96&d=mm&r=g","caption":"Jo\u00e3o Vitor"},"url":"https:\/\/franciscanos.org.br\/vidacrista\/author\/joaovitor\/"}]}},"_links":{"self":[{"href":"https:\/\/franciscanos.org.br\/vidacrista\/wp-json\/wp\/v2\/posts\/194602"}],"collection":[{"href":"https:\/\/franciscanos.org.br\/vidacrista\/wp-json\/wp\/v2\/posts"}],"about":[{"href":"https:\/\/franciscanos.org.br\/vidacrista\/wp-json\/wp\/v2\/types\/post"}],"author":[{"embeddable":true,"href":"https:\/\/franciscanos.org.br\/vidacrista\/wp-json\/wp\/v2\/users\/9"}],"replies":[{"embeddable":true,"href":"https:\/\/franciscanos.org.br\/vidacrista\/wp-json\/wp\/v2\/comments?post=194602"}],"version-history":[{"count":3,"href":"https:\/\/franciscanos.org.br\/vidacrista\/wp-json\/wp\/v2\/posts\/194602\/revisions"}],"predecessor-version":[{"id":194666,"href":"https:\/\/franciscanos.org.br\/vidacrista\/wp-json\/wp\/v2\/posts\/194602\/revisions\/194666"}],"wp:featuredmedia":[{"embeddable":true,"href":"https:\/\/franciscanos.org.br\/vidacrista\/wp-json\/wp\/v2\/media\/194605"}],"wp:attachment":[{"href":"https:\/\/franciscanos.org.br\/vidacrista\/wp-json\/wp\/v2\/media?parent=194602"}],"wp:term":[{"taxonomy":"category","embeddable":true,"href":"https:\/\/franciscanos.org.br\/vidacrista\/wp-json\/wp\/v2\/categories?post=194602"},{"taxonomy":"post_tag","embeddable":true,"href":"https:\/\/franciscanos.org.br\/vidacrista\/wp-json\/wp\/v2\/tags?post=194602"}],"curies":[{"name":"wp","href":"https:\/\/api.w.org\/{rel}","templated":true}]}}