{"id":194551,"date":"2024-05-01T18:02:36","date_gmt":"2024-05-01T21:02:36","guid":{"rendered":"https:\/\/franciscanos.org.br\/vidacrista\/?p=194551"},"modified":"2024-05-01T18:05:05","modified_gmt":"2024-05-01T21:05:05","slug":"por-que-o-engajamento-socio-politico-hoje-e-tao-dificil","status":"publish","type":"post","link":"https:\/\/franciscanos.org.br\/vidacrista\/por-que-o-engajamento-socio-politico-hoje-e-tao-dificil\/","title":{"rendered":"Por que o engajamento s\u00f3cio-pol\u00edtico hoje \u00e9 t\u00e3o dif\u00edcil?"},"content":{"rendered":"<p><img decoding=\"async\" loading=\"lazy\" class=\"aligncenter wp-image-194552 size-full\" src=\"https:\/\/franciscanos.org.br\/vidacrista\/wp-content\/uploads\/2024\/05\/Artigo-Leonardo-Boff.jpg\" alt=\"\" width=\"730\" height=\"1000\" srcset=\"https:\/\/franciscanos.org.br\/vidacrista\/wp-content\/uploads\/2024\/05\/Artigo-Leonardo-Boff.jpg 730w, https:\/\/franciscanos.org.br\/vidacrista\/wp-content\/uploads\/2024\/05\/Artigo-Leonardo-Boff-329x450.jpg 329w, https:\/\/franciscanos.org.br\/vidacrista\/wp-content\/uploads\/2024\/05\/Artigo-Leonardo-Boff-150x205.jpg 150w\" sizes=\"(max-width: 730px) 100vw, 730px\" \/><\/p>\n<p>Estamos assistindo nos dias atuais a um preocupante recuo nas bases populares e em v\u00e1rios movimentos sociais, em particular, de cariz pol\u00edtico, do engajamento por uma transforma\u00e7\u00e3o da sociedade, seja a n\u00edvel nacional, seja a n\u00edvel mundial. Importa reconhecer que vigora pesado sentimento de impot\u00eancia e tamb\u00e9m de melancolia. \u00c0 parte desta constata\u00e7\u00e3o, estamos igualmente assistindo nos pa\u00edses centrais (USA e Europa) a juventude universit\u00e1ria se rebelando contra a desproporcional, indiscriminada e genocida rea\u00e7\u00e3o do estado de Israel contra a popula\u00e7\u00e3o\u00a0 da Faixa de Gaza como resposta ao ato terrorista do Hamas a 7 de outubro do ano passado.<\/p>\n<p>O\u00a0<em>stablishment\u00a0<\/em>pol\u00edtico, dominante no mundo, a partir do Norte Global, reage com viol\u00eancia inusitada contra os manifestantes. Na Alemanha qualquer manifesta\u00e7\u00e3o pro Palestina da Faixa de Gaza \u00e9 oficialmente proibida e logo reprimida ao menor sinal \u00a0de apoio\u00a0 \u00e0 causa\u00a0 palestina e contra o genoc\u00eddio que l\u00e1 est\u00e1 ocorrendo. Nos USA a repress\u00e3o policial ganha express\u00f5es violentas contra estudantes e professores universit\u00e1rios, at\u00e9 contra uma candidata \u00e0 presid\u00eancia do pa\u00eds.<\/p>\n<p>Entre n\u00f3s no Brasil e em geral na Am\u00e9rica Latina se nota marasmo e aus\u00eancia de manifesta\u00e7\u00f5es p\u00fablicas, sequer contra o genoc\u00eddio, em especial de 14 mil criancinhas e a morte de cerca 80\u00a0mil cidad\u00e3os sob os pesados bombardeios israelenses, usando de forma criminosa a Intelig\u00eancia Artificial (IA) para assassinar determinadas pessoas e sua inteira fam\u00edlia, dentro de suas pr\u00f3prias casas.<\/p>\n<p>Precisamos \u00a0tentar entender o porqu\u00ea dessa in\u00e9rcia. Aduzo alguns pontos que nos permitem vislumbrar algum entendimento da atual situa\u00e7\u00e3o seja face \u00e0 grave situa\u00e7\u00e3o concernente \u00e0 Ucr\u00e2nia sendo arrasada pela brutalidade russa e seja ao massacre e ao genoc\u00eddio na Faixa de Gaza.<\/p>\n<p>Vigora em grande parte da sociedade,\u00a0em particular no Sul Global mas n\u00e3o excluindo por\u00e7\u00f5es no Norte Global, um forte sentimento de impot\u00eancia. Em primeiro lugar,\u00a0<em>objetivamente<\/em>, o sistema capitalista em sua express\u00e3o mais exacerbada do neoliberalismo da escola de Viena\/Chicago \u00a0se imp\u00f4s no mundo todo. Quem resiste sofre repress\u00f5es pol\u00edticas, ideol\u00f3gicas e eventualmente golpes de estado como foi o caso do impeachment da Dilma Russeff. Procura-se impor o que Carl Polanyi j\u00e1 em 1944 chamou de \u201cA grande transforma\u00e7\u00e3o\u201d: passar de uma sociedade com mercado para uma sociedade de puro mercado. Vale dizer, tudo vira mercadoria, a vida humana, \u00f3rg\u00e3os, sementes, \u00e1gua, alimentos, tudo e tudo \u00e9 posto no mercado e ganha seu pre\u00e7o. Isso j\u00e1 fora previsto em 1847 por Marx em \u201cA mis\u00e9ria da filosofia\u201d.<\/p>\n<div class=\"wordads-ad-wrapper\">\n<div id=\"atatags-197054731-736149\" data-adtags-width=\"665\">Esse fato <em>objetivo<\/em>\u00a0gera uma rea\u00e7\u00e3o\u00a0<em>subjetiva<\/em>: come\u00e7a-se a ver o mundo sem esperan\u00e7a, de que n\u00e3o h\u00e1 alternativa vi\u00e1vel \u00e0 essa enormidade mundializada. Ela se exprime pela TINA(<em>There is no Alternative<\/em>): \u201cN\u00e3o h\u00e1 outra Alternativa\u201d. O efeito \u00e9 um sentimento de impot\u00eancia e de desencanto recalcado. Da\u00ed se deriva uma atitude derrotista de que n\u00e3o vale a pena ir contra o sistema, por ser grande demais e n\u00f3s pequenos demais. Obrigam-se a fazer concess\u00f5es para sobreviver num mundo profundamente desigual e injusto, produtor de melancolia. Esta irrompe quando n\u00e3o se percebe nenhuma luz no fim do t\u00fanel. Ent\u00e3o, por que se engajar por algo alternativo que n\u00e3o tem chance de triunfar? Este tipo de mundo n\u00e3o tem jeito mesmo, pensam n\u00e3o poucos. Devemos nos adaptar a ele para sofrer o menos poss\u00edvel.<\/div>\n<\/div>\n<p>Um segundo ponto \u00e9 a estrat\u00e9gia perversa de elaborada pelo sistema dominante: criar uma cultura do consumo. Oferecer o maior n\u00famero de objetos desej\u00e1veis, mesmo que mais de 90% sejam totalmente f\u00fateis e desnecess\u00e1rios. Trata-se de manipular uma das for\u00e7as mais poderosas da psiqu\u00e9 humana: o desejo, cuja natureza j\u00e1 vista por Arist\u00f3teles e confirmada por Freud \u00e9 a de ser ilimitada.J\u00e1 foi dito por not\u00e1veis psic\u00f3logos (exemplo:Mary Gomes e Allen Kenner) que \u201ceste \u00e9 o maior projeto psicol\u00f3gico jamais produzido pela esp\u00e9cie humana\u201d: impedir que os cidad\u00e3os deixem de se considerar cidad\u00e3os para se transformarem em simples consumidores e consumidores viciados no consumo.<\/p>\n<p>Para seduzi-los, gastam-se trilh\u00f5es de d\u00f3lares em propaganda pela m\u00eddia de massa e com todos os recursos poss\u00edveis da sedu\u00e7\u00e3o. Isto representa seis vezes mais investimento anual necess\u00e1rio para garantir alimenta\u00e7\u00e3o, sa\u00fade, \u00e1gua e educa\u00e7\u00e3o de qualidade para toda a humanidade. \u00c9 dif\u00edcil imaginar perversidade maior. Mas ela \u00e9 predominante no modo de vida geral \u00a0da humanidade que da\u00ed emergiu.<\/p>\n<p>A impot\u00eancia e a melancolia internalizadas fazem com que a maioria das pessoas, lastimavelmente, dos jovens, n\u00e3o se animem a engajar-se social e politicamente em algum movimento ou projeto de transforma\u00e7\u00e3o. A educa\u00e7\u00e3o em institui\u00e7\u00f5es formais \u00e9 decisiva para a socializa\u00e7\u00e3o desta leitura da realidade. Vandana Shiva, grande cientista e ecologista-feminista da \u00cdndia a chama de \u201c<em>monocultura das mentes<\/em>\u201d. Essa monocultura gera nos estudantes consci\u00eancias ing\u00eanuas que esse \u00e9 o mundo bom e desej\u00e1vel. N\u00e3o se d\u00e3o conta de que s\u00e3o cooptados pelo sistema imperante e feitos seus reprodutores.<\/p>\n<p>Contra tudo isso Paulo Freire lan\u00e7ou seu projeto educativo e libertador, a come\u00e7ar com a \u201cPedagogia do Oprimido\u201d, \u201cEduca\u00e7\u00e3o como pr\u00e1tica da Liberdade\u201d e concluindo com a\u00a0 educa\u00e7\u00e3o com amor e esperan\u00e7a. Cunhou a express\u00e3o \u201c<em>esperan\u00e7ar<\/em>\u201d: n\u00e3o cruzar os bra\u00e7os (esperar que as coisas por si mudem) mas criar as condi\u00e7\u00f5es para que a esperan\u00e7a alcance seus objetivos transformadores.<\/p>\n<p>Como se libertar da consci\u00eancia ing\u00eanua manipulada? N\u00e3o basta apenas o processo de conscientiza\u00e7\u00e3o, pois entender criticamente o que acontece, n\u00e3o quer dizer mudar o que acontece. Temos que passar a uma pr\u00e1tica alternativa, enfrentar o sistema dominante com um paradigma de sociedade diferente, igualit\u00e1ria, n\u00e3o consumista mas solid\u00e1ria com um\u00a0 modo de produ\u00e7\u00e3o fundado nos ritmos da natureza (agroeologia e economia circular) e outro tipo de democracia ecol\u00f3gico-social, de baixo para cima, na qual se reconhe\u00e7am os direitos da natureza e da M\u00e3e Terra, criando o Todo, a \u00a0humanidade e a natureza inclu\u00eddas na grande Casa Comum, a M\u00e3e Terra.<\/p>\n<p><em>(A reflex\u00e3o,buscando as alternativas, vir\u00e1 no pr\u00f3ximo artigo<\/em>)<\/p>\n<hr \/>\n<p><em>Leonardo Boff<\/em><\/p>\n","protected":false},"excerpt":{"rendered":"<p>Leonardo Boff<\/p>\n","protected":false},"author":10,"featured_media":194552,"comment_status":"open","ping_status":"open","sticky":false,"template":"","format":"standard","meta":{"footnotes":""},"categories":[26],"tags":[59],"yoast_head":"<!-- This site is optimized with the Yoast SEO plugin v19.4 - https:\/\/yoast.com\/wordpress\/plugins\/seo\/ -->\n<title>Por que o engajamento s\u00f3cio-pol\u00edtico hoje \u00e9 t\u00e3o dif\u00edcil? - Vida Crist\u00e3 - Franciscanos<\/title>\n<meta name=\"robots\" content=\"index, follow, max-snippet:-1, max-image-preview:large, max-video-preview:-1\" \/>\n<link rel=\"canonical\" href=\"https:\/\/franciscanos.org.br\/vidacrista\/por-que-o-engajamento-socio-politico-hoje-e-tao-dificil\/\" \/>\n<meta property=\"og:locale\" content=\"pt_BR\" \/>\n<meta property=\"og:type\" content=\"article\" \/>\n<meta property=\"og:title\" content=\"Por que o engajamento s\u00f3cio-pol\u00edtico hoje \u00e9 t\u00e3o dif\u00edcil? - Vida Crist\u00e3 - Franciscanos\" \/>\n<meta property=\"og:description\" content=\"Leonardo Boff\" \/>\n<meta property=\"og:url\" content=\"https:\/\/franciscanos.org.br\/vidacrista\/por-que-o-engajamento-socio-politico-hoje-e-tao-dificil\/\" \/>\n<meta property=\"og:site_name\" content=\"Vida Crist\u00e3 - Franciscanos\" \/>\n<meta property=\"article:published_time\" content=\"2024-05-01T21:02:36+00:00\" \/>\n<meta property=\"article:modified_time\" content=\"2024-05-01T21:05:05+00:00\" \/>\n<meta property=\"og:image\" content=\"https:\/\/franciscanos.org.br\/vidacrista\/wp-content\/uploads\/2024\/05\/Artigo-Leonardo-Boff.jpg\" \/>\n\t<meta property=\"og:image:width\" content=\"730\" \/>\n\t<meta property=\"og:image:height\" content=\"1000\" \/>\n\t<meta property=\"og:image:type\" content=\"image\/jpeg\" \/>\n<meta name=\"author\" content=\"Adriana Rabelo\" \/>\n<meta name=\"twitter:card\" content=\"summary_large_image\" \/>\n<meta name=\"twitter:label1\" content=\"Escrito por\" \/>\n\t<meta name=\"twitter:data1\" content=\"Adriana Rabelo\" \/>\n\t<meta name=\"twitter:label2\" content=\"Est. tempo de leitura\" \/>\n\t<meta name=\"twitter:data2\" content=\"5 minutos\" \/>\n<script type=\"application\/ld+json\" class=\"yoast-schema-graph\">{\"@context\":\"https:\/\/schema.org\",\"@graph\":[{\"@type\":\"WebSite\",\"@id\":\"https:\/\/franciscanos.org.br\/vidacrista\/#website\",\"url\":\"https:\/\/franciscanos.org.br\/vidacrista\/\",\"name\":\"Vida Crist\u00e3 - Franciscanos\",\"description\":\"Prov\u00edncia Franciscana da Imaculada Concei\u00e7\u00e3o do Brasil - Ordem dos Frades Menores\",\"potentialAction\":[{\"@type\":\"SearchAction\",\"target\":{\"@type\":\"EntryPoint\",\"urlTemplate\":\"https:\/\/franciscanos.org.br\/vidacrista\/?s={search_term_string}\"},\"query-input\":\"required name=search_term_string\"}],\"inLanguage\":\"pt-BR\"},{\"@type\":\"WebPage\",\"@id\":\"https:\/\/franciscanos.org.br\/vidacrista\/por-que-o-engajamento-socio-politico-hoje-e-tao-dificil\/\",\"url\":\"https:\/\/franciscanos.org.br\/vidacrista\/por-que-o-engajamento-socio-politico-hoje-e-tao-dificil\/\",\"name\":\"Por que o engajamento s\u00f3cio-pol\u00edtico hoje \u00e9 t\u00e3o dif\u00edcil? - Vida Crist\u00e3 - Franciscanos\",\"isPartOf\":{\"@id\":\"https:\/\/franciscanos.org.br\/vidacrista\/#website\"},\"datePublished\":\"2024-05-01T21:02:36+00:00\",\"dateModified\":\"2024-05-01T21:05:05+00:00\",\"author\":{\"@id\":\"https:\/\/franciscanos.org.br\/vidacrista\/#\/schema\/person\/a0cbb2edfc0aecf8ac498802d1cb57b5\"},\"breadcrumb\":{\"@id\":\"https:\/\/franciscanos.org.br\/vidacrista\/por-que-o-engajamento-socio-politico-hoje-e-tao-dificil\/#breadcrumb\"},\"inLanguage\":\"pt-BR\",\"potentialAction\":[{\"@type\":\"ReadAction\",\"target\":[\"https:\/\/franciscanos.org.br\/vidacrista\/por-que-o-engajamento-socio-politico-hoje-e-tao-dificil\/\"]}]},{\"@type\":\"BreadcrumbList\",\"@id\":\"https:\/\/franciscanos.org.br\/vidacrista\/por-que-o-engajamento-socio-politico-hoje-e-tao-dificil\/#breadcrumb\",\"itemListElement\":[{\"@type\":\"ListItem\",\"position\":1,\"name\":\"Home\",\"item\":\"https:\/\/franciscanos.org.br\/vidacrista\/\"},{\"@type\":\"ListItem\",\"position\":2,\"name\":\"Por que o engajamento s\u00f3cio-pol\u00edtico hoje \u00e9 t\u00e3o dif\u00edcil?\"}]},{\"@type\":\"Person\",\"@id\":\"https:\/\/franciscanos.org.br\/vidacrista\/#\/schema\/person\/a0cbb2edfc0aecf8ac498802d1cb57b5\",\"name\":\"Adriana Rabelo\",\"image\":{\"@type\":\"ImageObject\",\"inLanguage\":\"pt-BR\",\"@id\":\"https:\/\/franciscanos.org.br\/vidacrista\/#\/schema\/person\/image\/\",\"url\":\"https:\/\/secure.gravatar.com\/avatar\/0a937b7500cd7df77540cfb8bede877d?s=96&d=mm&r=g\",\"contentUrl\":\"https:\/\/secure.gravatar.com\/avatar\/0a937b7500cd7df77540cfb8bede877d?s=96&d=mm&r=g\",\"caption\":\"Adriana Rabelo\"},\"url\":\"https:\/\/franciscanos.org.br\/vidacrista\/author\/adrianarabelo\/\"}]}<\/script>\n<!-- \/ Yoast SEO plugin. -->","yoast_head_json":{"title":"Por que o engajamento s\u00f3cio-pol\u00edtico hoje \u00e9 t\u00e3o dif\u00edcil? - Vida Crist\u00e3 - Franciscanos","robots":{"index":"index","follow":"follow","max-snippet":"max-snippet:-1","max-image-preview":"max-image-preview:large","max-video-preview":"max-video-preview:-1"},"canonical":"https:\/\/franciscanos.org.br\/vidacrista\/por-que-o-engajamento-socio-politico-hoje-e-tao-dificil\/","og_locale":"pt_BR","og_type":"article","og_title":"Por que o engajamento s\u00f3cio-pol\u00edtico hoje \u00e9 t\u00e3o dif\u00edcil? - Vida Crist\u00e3 - Franciscanos","og_description":"Leonardo Boff","og_url":"https:\/\/franciscanos.org.br\/vidacrista\/por-que-o-engajamento-socio-politico-hoje-e-tao-dificil\/","og_site_name":"Vida Crist\u00e3 - Franciscanos","article_published_time":"2024-05-01T21:02:36+00:00","article_modified_time":"2024-05-01T21:05:05+00:00","og_image":[{"width":730,"height":1000,"url":"https:\/\/franciscanos.org.br\/vidacrista\/wp-content\/uploads\/2024\/05\/Artigo-Leonardo-Boff.jpg","type":"image\/jpeg"}],"author":"Adriana Rabelo","twitter_card":"summary_large_image","twitter_misc":{"Escrito por":"Adriana Rabelo","Est. tempo de leitura":"5 minutos"},"schema":{"@context":"https:\/\/schema.org","@graph":[{"@type":"WebSite","@id":"https:\/\/franciscanos.org.br\/vidacrista\/#website","url":"https:\/\/franciscanos.org.br\/vidacrista\/","name":"Vida Crist\u00e3 - Franciscanos","description":"Prov\u00edncia Franciscana da Imaculada Concei\u00e7\u00e3o do Brasil - Ordem dos Frades Menores","potentialAction":[{"@type":"SearchAction","target":{"@type":"EntryPoint","urlTemplate":"https:\/\/franciscanos.org.br\/vidacrista\/?s={search_term_string}"},"query-input":"required name=search_term_string"}],"inLanguage":"pt-BR"},{"@type":"WebPage","@id":"https:\/\/franciscanos.org.br\/vidacrista\/por-que-o-engajamento-socio-politico-hoje-e-tao-dificil\/","url":"https:\/\/franciscanos.org.br\/vidacrista\/por-que-o-engajamento-socio-politico-hoje-e-tao-dificil\/","name":"Por que o engajamento s\u00f3cio-pol\u00edtico hoje \u00e9 t\u00e3o dif\u00edcil? - Vida Crist\u00e3 - Franciscanos","isPartOf":{"@id":"https:\/\/franciscanos.org.br\/vidacrista\/#website"},"datePublished":"2024-05-01T21:02:36+00:00","dateModified":"2024-05-01T21:05:05+00:00","author":{"@id":"https:\/\/franciscanos.org.br\/vidacrista\/#\/schema\/person\/a0cbb2edfc0aecf8ac498802d1cb57b5"},"breadcrumb":{"@id":"https:\/\/franciscanos.org.br\/vidacrista\/por-que-o-engajamento-socio-politico-hoje-e-tao-dificil\/#breadcrumb"},"inLanguage":"pt-BR","potentialAction":[{"@type":"ReadAction","target":["https:\/\/franciscanos.org.br\/vidacrista\/por-que-o-engajamento-socio-politico-hoje-e-tao-dificil\/"]}]},{"@type":"BreadcrumbList","@id":"https:\/\/franciscanos.org.br\/vidacrista\/por-que-o-engajamento-socio-politico-hoje-e-tao-dificil\/#breadcrumb","itemListElement":[{"@type":"ListItem","position":1,"name":"Home","item":"https:\/\/franciscanos.org.br\/vidacrista\/"},{"@type":"ListItem","position":2,"name":"Por que o engajamento s\u00f3cio-pol\u00edtico hoje \u00e9 t\u00e3o dif\u00edcil?"}]},{"@type":"Person","@id":"https:\/\/franciscanos.org.br\/vidacrista\/#\/schema\/person\/a0cbb2edfc0aecf8ac498802d1cb57b5","name":"Adriana Rabelo","image":{"@type":"ImageObject","inLanguage":"pt-BR","@id":"https:\/\/franciscanos.org.br\/vidacrista\/#\/schema\/person\/image\/","url":"https:\/\/secure.gravatar.com\/avatar\/0a937b7500cd7df77540cfb8bede877d?s=96&d=mm&r=g","contentUrl":"https:\/\/secure.gravatar.com\/avatar\/0a937b7500cd7df77540cfb8bede877d?s=96&d=mm&r=g","caption":"Adriana Rabelo"},"url":"https:\/\/franciscanos.org.br\/vidacrista\/author\/adrianarabelo\/"}]}},"_links":{"self":[{"href":"https:\/\/franciscanos.org.br\/vidacrista\/wp-json\/wp\/v2\/posts\/194551"}],"collection":[{"href":"https:\/\/franciscanos.org.br\/vidacrista\/wp-json\/wp\/v2\/posts"}],"about":[{"href":"https:\/\/franciscanos.org.br\/vidacrista\/wp-json\/wp\/v2\/types\/post"}],"author":[{"embeddable":true,"href":"https:\/\/franciscanos.org.br\/vidacrista\/wp-json\/wp\/v2\/users\/10"}],"replies":[{"embeddable":true,"href":"https:\/\/franciscanos.org.br\/vidacrista\/wp-json\/wp\/v2\/comments?post=194551"}],"version-history":[{"count":2,"href":"https:\/\/franciscanos.org.br\/vidacrista\/wp-json\/wp\/v2\/posts\/194551\/revisions"}],"predecessor-version":[{"id":194554,"href":"https:\/\/franciscanos.org.br\/vidacrista\/wp-json\/wp\/v2\/posts\/194551\/revisions\/194554"}],"wp:featuredmedia":[{"embeddable":true,"href":"https:\/\/franciscanos.org.br\/vidacrista\/wp-json\/wp\/v2\/media\/194552"}],"wp:attachment":[{"href":"https:\/\/franciscanos.org.br\/vidacrista\/wp-json\/wp\/v2\/media?parent=194551"}],"wp:term":[{"taxonomy":"category","embeddable":true,"href":"https:\/\/franciscanos.org.br\/vidacrista\/wp-json\/wp\/v2\/categories?post=194551"},{"taxonomy":"post_tag","embeddable":true,"href":"https:\/\/franciscanos.org.br\/vidacrista\/wp-json\/wp\/v2\/tags?post=194551"}],"curies":[{"name":"wp","href":"https:\/\/api.w.org\/{rel}","templated":true}]}}