{"id":194542,"date":"2024-04-25T10:31:13","date_gmt":"2024-04-25T13:31:13","guid":{"rendered":"https:\/\/franciscanos.org.br\/vidacrista\/?p=194542"},"modified":"2024-04-25T10:31:13","modified_gmt":"2024-04-25T13:31:13","slug":"marcos-o-evangelista-da-esperanca-e-o-dificil-caminho-de-volta-as-origens-mc-1615-20","status":"publish","type":"post","link":"https:\/\/franciscanos.org.br\/vidacrista\/marcos-o-evangelista-da-esperanca-e-o-dificil-caminho-de-volta-as-origens-mc-1615-20\/","title":{"rendered":"Marcos: o evangelista da esperan\u00e7a e o dif\u00edcil caminho de volta \u00e0s origens! (Mc 16,15-20)"},"content":{"rendered":"<p><img decoding=\"async\" loading=\"lazy\" class=\"aligncenter wp-image-194543 size-full\" src=\"https:\/\/franciscanos.org.br\/vidacrista\/wp-content\/uploads\/2024\/04\/Valentin-de-Boulogne_Saint-Mark_Versailles-SAO-MARCOS-EVANGELISTA.jpg\" alt=\"\" width=\"1000\" height=\"824\" srcset=\"https:\/\/franciscanos.org.br\/vidacrista\/wp-content\/uploads\/2024\/04\/Valentin-de-Boulogne_Saint-Mark_Versailles-SAO-MARCOS-EVANGELISTA.jpg 1000w, https:\/\/franciscanos.org.br\/vidacrista\/wp-content\/uploads\/2024\/04\/Valentin-de-Boulogne_Saint-Mark_Versailles-SAO-MARCOS-EVANGELISTA-450x371.jpg 450w, https:\/\/franciscanos.org.br\/vidacrista\/wp-content\/uploads\/2024\/04\/Valentin-de-Boulogne_Saint-Mark_Versailles-SAO-MARCOS-EVANGELISTA-768x633.jpg 768w, https:\/\/franciscanos.org.br\/vidacrista\/wp-content\/uploads\/2024\/04\/Valentin-de-Boulogne_Saint-Mark_Versailles-SAO-MARCOS-EVANGELISTA-150x124.jpg 150w\" sizes=\"(max-width: 1000px) 100vw, 1000px\" \/><\/p>\n<p>O texto que inspira a nossa reflex\u00e3o \u00e9 Mc 16,15-20. A Igreja celebra, no dia 25 de abril, a mem\u00f3ria do evangelista Marcos, ou Jo\u00e3o Marcos, um judeu convertido ao cristianismo, oriundo da segunda gera\u00e7\u00e3o de crist\u00e3os. Marcos era filho de uma disc\u00edpula de Jesus, de Jerusal\u00e9m, chamada Maria (At 12,12.25).<\/p>\n<p>Ele teve uma rela\u00e7\u00e3o paternal com Pedro (1Pd 5,13). Juntamente com seu primo Barnab\u00e9 (Cl 4,10), Marcos acompanhou Paulo na sua primeira viagem mission\u00e1ria no sul da \u00c1sia Menor (At 13,1\u201414,28). Pelo fato de Marcos ter abandonado a viagem, quando eles estavam na Panf\u00edlia, Paulo ficou irritado e n\u00e3o o aceitou na sua segunda viagem mission\u00e1ria. Por isso, Barnab\u00e9 rompeu com Paulo, e seguiu com Marcos para Chipre. Mais tarde, Marcos e Paulo restabeleceram os la\u00e7os de amizade.<\/p>\n<p>O contexto hist\u00f3rico, no qual Marcos escreve o seu evangelho, pode ser situado entre os anos 60 e 70 E.C. Nesse per\u00edodo, a primeira gera\u00e7\u00e3o de crist\u00e3os, as testemunhas oculares, aquelas que conviveram com Jesus, dentre elas, os ap\u00f3stolos, j\u00e1 tinham morrido. Na segunda gera\u00e7\u00e3o de crist\u00e3os j\u00e1 estavam presentes gentios, pessoas que n\u00e3o conheciam as tradi\u00e7\u00f5es judaicas.<\/p>\n<p>Acrescente-se a isso o fato de que o juda\u00edsmo estava em guerra contra Roma. \u00a0O imp\u00e9rio romano dominava o pa\u00eds de Jesus, a Palestina, perseguia os crist\u00e3os, os quais morriam testemunhando a f\u00e9 em Jesus ressuscitado. Os judeus acreditavam que a solu\u00e7\u00e3o para se livrar dos romanos seria uma rebeli\u00e3o armada. Muitos judeus convertidos ao cristianismo n\u00e3o sabiam se deviam ou n\u00e3o entrar nessa guerra. Os judeus tamb\u00e9m diziam que Cristo n\u00e3o podia ser o Messias, pois ele tinha sido crucificado. Por causa da Teologia da Retribui\u00e7\u00e3o, eles pensavam que um crucificado era sempre um maldito de Deus.<\/p>\n<p>Entre os crist\u00e3os da comunidade de Marcos pairava a d\u00favida: ser\u00e1 que Jesus \u00e9 realmente o Messias e Filho de Deus? Uma nova gera\u00e7\u00e3o de l\u00edderes estava assumindo a coordena\u00e7\u00e3o da comunidade, o que causava tens\u00f5es, brigas e ci\u00fames no interior da comunidade (Mc 9,34.37; 10,41).<\/p>\n<p>Diante desse contexto, Marcos decidiu escrever um evangelho para devolver a esperan\u00e7a aos crist\u00e3os. Ele trazia uma certeza: a de que de Jesus era o Messias e Filho de Deus. Assim come\u00e7a o seu evangelho afirmando: \u201cPrinc\u00edpio (fazendo liga\u00e7\u00e3o com o livro de G\u00eanesis) do Evangelho de Jesus Cristo, Filho de Deus\u201d (1,1). Com Jesus, a humanidade renasce em Deus Criador. Mais tarde, Jo\u00e3o explicitou isso com mais clareza no seu evangelho de amor e fidelidade.<\/p>\n<p>No texto que antecede o cap\u00edtulo dezesseis, encontramos a eloquente afirma\u00e7\u00e3o do centuri\u00e3o romano, diante de Jesus crucificado e morto: \u201cVerdadeiramente este homem era Filho de Deus\u201d (Mc 15,39). A fala desse centuri\u00e3o an\u00f4nimo \u00e9 um convite para recome\u00e7ar, apesar do aparente fracasso da cruz.<\/p>\n<p>O evangelho de Marcos termina em Mc 16,8, mas \u00e9 seguido de dois acr\u00e9scimos conclusivos posteriores: Mc 16,9-14 e 16,15-20. O segundo \u00e9, possivelmente, de um presb\u00edtero, de nome Aristi\u00e3o, que julgou, nada oportuno, deixar o evangelho de Marcos terminar com a apari\u00e7\u00e3o de Jesus ressuscitado \u00e0s mulheres: Madalena, Maria, m\u00e3e de Tiago, e Salom\u00e9. Tudo parecia terminar com um t\u00famulo vazio. Jesus, ent\u00e3o, aparece aos onze e os convida a refazer o caminho de salva\u00e7\u00e3o que ele pregou, ainda que a cruz pudesse ser encontrada tamb\u00e9m no fim da jornada de cada um deles. Com isso, Aristi\u00e3o colocou o evangelho de Marcos em sintonia com os outros evangelhos, os quais narram as apari\u00e7\u00f5es de Jesus.<\/p>\n<p>O convite de Jesus consiste em anunciar o evangelho e batizar a todos. Quem cresse no an\u00fancio poderia expulsar dem\u00f4nios, falar novas l\u00ednguas, beber veneno e n\u00e3o morrer, curar doentes. A primeira leva de disc\u00edpulos era capaz de realizar tais proezas. A segunda gera\u00e7\u00e3o deveria se basear nessa f\u00e9 testemunhada, e seguir adiante para destruir o poder de Satan\u00e1s e vencer a morte. Ela tamb\u00e9m teria os mesmos poderes deixados por Jesus.<\/p>\n<p>Ap\u00f3s essas instru\u00e7\u00f5es, Jesus foi levado ao c\u00e9u, o que confirma sua plenitude em Deus. Na sequ\u00eancia, a miss\u00e3o \u00e9 com os novos crist\u00e3os. Em nossos dias, evangelizar n\u00e3o \u00e9 tarefa f\u00e1cil. A seara \u00e9 grande, faltam mission\u00e1rios. H\u00e1 mission\u00e1rios e mission\u00e1rios! A Igreja cat\u00f3lica est\u00e1 dividida, tanto na esfera hier\u00e1rquica, quanto na laical. Faltam profetas \u201cpaulinos\u201d e lideran\u00e7as \u201cpetrinas\u201d capazes de profetizar e de unir em torno de uma causa comum: o evangelho vivo! Queira Deus que surjam outros Marcos capazes de apontar o caminho de volta \u00e0s origens! Estejamos atentos aos sinais!<\/p>\n<hr \/>\n<p><em>Frei Jacir de Freitas Faria<\/em><\/p>\n<p><em>Doutor em Teologia B\u00edblica pela FAJE (BH). Mestre em Ci\u00eancias B\u00edblicas (Exegese) pelo Pontif\u00edcio Instituto B\u00edblico de Roma. Professor de Exegese B\u00edblica. \u00c9 membro da Associa\u00e7\u00e3o Brasileira de Pesquisa B\u00edblica (ABIB). Sacerdote Franciscano. Autor de doze livros e coautor de quinze. Youtube: Frei Jacir B\u00edblia e Ap\u00f3crifos.\u00a0<\/em><\/p>\n<p><iframe loading=\"lazy\" title=\"YouTube video player\" src=\"https:\/\/www.youtube.com\/embed\/oh54imiihK4?si=Iv6EHxaPsf9zQXt5\" width=\"560\" height=\"315\" frameborder=\"0\" allowfullscreen=\"allowfullscreen\"><\/iframe><\/p>\n","protected":false},"excerpt":{"rendered":"<p>Artigo: Frei Jacir de Freitas Faria <\/p>\n","protected":false},"author":10,"featured_media":194543,"comment_status":"open","ping_status":"open","sticky":false,"template":"","format":"standard","meta":{"footnotes":""},"categories":[26],"tags":[40],"yoast_head":"<!-- This site is optimized with the Yoast SEO plugin v19.4 - https:\/\/yoast.com\/wordpress\/plugins\/seo\/ -->\n<title>Marcos: o evangelista da esperan\u00e7a e o dif\u00edcil caminho de volta \u00e0s origens! (Mc 16,15-20) - Vida Crist\u00e3 - Franciscanos<\/title>\n<meta name=\"robots\" content=\"index, follow, max-snippet:-1, max-image-preview:large, max-video-preview:-1\" \/>\n<link rel=\"canonical\" href=\"https:\/\/franciscanos.org.br\/vidacrista\/marcos-o-evangelista-da-esperanca-e-o-dificil-caminho-de-volta-as-origens-mc-1615-20\/\" \/>\n<meta property=\"og:locale\" content=\"pt_BR\" \/>\n<meta property=\"og:type\" content=\"article\" \/>\n<meta property=\"og:title\" content=\"Marcos: o evangelista da esperan\u00e7a e o dif\u00edcil caminho de volta \u00e0s origens! (Mc 16,15-20) - Vida Crist\u00e3 - Franciscanos\" \/>\n<meta property=\"og:description\" content=\"Artigo: Frei Jacir de Freitas Faria\" \/>\n<meta property=\"og:url\" content=\"https:\/\/franciscanos.org.br\/vidacrista\/marcos-o-evangelista-da-esperanca-e-o-dificil-caminho-de-volta-as-origens-mc-1615-20\/\" \/>\n<meta property=\"og:site_name\" content=\"Vida Crist\u00e3 - Franciscanos\" \/>\n<meta property=\"article:published_time\" content=\"2024-04-25T13:31:13+00:00\" \/>\n<meta property=\"og:image\" content=\"https:\/\/franciscanos.org.br\/vidacrista\/wp-content\/uploads\/2024\/04\/Valentin-de-Boulogne_Saint-Mark_Versailles-SAO-MARCOS-EVANGELISTA.jpg\" \/>\n\t<meta property=\"og:image:width\" content=\"1000\" \/>\n\t<meta property=\"og:image:height\" content=\"824\" \/>\n\t<meta property=\"og:image:type\" content=\"image\/jpeg\" \/>\n<meta name=\"author\" content=\"Adriana Rabelo\" \/>\n<meta name=\"twitter:card\" content=\"summary_large_image\" \/>\n<meta name=\"twitter:label1\" content=\"Escrito por\" \/>\n\t<meta name=\"twitter:data1\" content=\"Adriana Rabelo\" \/>\n\t<meta name=\"twitter:label2\" content=\"Est. tempo de leitura\" \/>\n\t<meta name=\"twitter:data2\" content=\"4 minutos\" \/>\n<script type=\"application\/ld+json\" class=\"yoast-schema-graph\">{\"@context\":\"https:\/\/schema.org\",\"@graph\":[{\"@type\":\"WebSite\",\"@id\":\"https:\/\/franciscanos.org.br\/vidacrista\/#website\",\"url\":\"https:\/\/franciscanos.org.br\/vidacrista\/\",\"name\":\"Vida Crist\u00e3 - Franciscanos\",\"description\":\"Prov\u00edncia Franciscana da Imaculada Concei\u00e7\u00e3o do Brasil - Ordem dos Frades Menores\",\"potentialAction\":[{\"@type\":\"SearchAction\",\"target\":{\"@type\":\"EntryPoint\",\"urlTemplate\":\"https:\/\/franciscanos.org.br\/vidacrista\/?s={search_term_string}\"},\"query-input\":\"required name=search_term_string\"}],\"inLanguage\":\"pt-BR\"},{\"@type\":\"WebPage\",\"@id\":\"https:\/\/franciscanos.org.br\/vidacrista\/marcos-o-evangelista-da-esperanca-e-o-dificil-caminho-de-volta-as-origens-mc-1615-20\/\",\"url\":\"https:\/\/franciscanos.org.br\/vidacrista\/marcos-o-evangelista-da-esperanca-e-o-dificil-caminho-de-volta-as-origens-mc-1615-20\/\",\"name\":\"Marcos: o evangelista da esperan\u00e7a e o dif\u00edcil caminho de volta \u00e0s origens! (Mc 16,15-20) - Vida Crist\u00e3 - Franciscanos\",\"isPartOf\":{\"@id\":\"https:\/\/franciscanos.org.br\/vidacrista\/#website\"},\"datePublished\":\"2024-04-25T13:31:13+00:00\",\"dateModified\":\"2024-04-25T13:31:13+00:00\",\"author\":{\"@id\":\"https:\/\/franciscanos.org.br\/vidacrista\/#\/schema\/person\/a0cbb2edfc0aecf8ac498802d1cb57b5\"},\"breadcrumb\":{\"@id\":\"https:\/\/franciscanos.org.br\/vidacrista\/marcos-o-evangelista-da-esperanca-e-o-dificil-caminho-de-volta-as-origens-mc-1615-20\/#breadcrumb\"},\"inLanguage\":\"pt-BR\",\"potentialAction\":[{\"@type\":\"ReadAction\",\"target\":[\"https:\/\/franciscanos.org.br\/vidacrista\/marcos-o-evangelista-da-esperanca-e-o-dificil-caminho-de-volta-as-origens-mc-1615-20\/\"]}]},{\"@type\":\"BreadcrumbList\",\"@id\":\"https:\/\/franciscanos.org.br\/vidacrista\/marcos-o-evangelista-da-esperanca-e-o-dificil-caminho-de-volta-as-origens-mc-1615-20\/#breadcrumb\",\"itemListElement\":[{\"@type\":\"ListItem\",\"position\":1,\"name\":\"Home\",\"item\":\"https:\/\/franciscanos.org.br\/vidacrista\/\"},{\"@type\":\"ListItem\",\"position\":2,\"name\":\"Marcos: o evangelista da esperan\u00e7a e o dif\u00edcil caminho de volta \u00e0s origens! (Mc 16,15-20)\"}]},{\"@type\":\"Person\",\"@id\":\"https:\/\/franciscanos.org.br\/vidacrista\/#\/schema\/person\/a0cbb2edfc0aecf8ac498802d1cb57b5\",\"name\":\"Adriana Rabelo\",\"image\":{\"@type\":\"ImageObject\",\"inLanguage\":\"pt-BR\",\"@id\":\"https:\/\/franciscanos.org.br\/vidacrista\/#\/schema\/person\/image\/\",\"url\":\"https:\/\/secure.gravatar.com\/avatar\/0a937b7500cd7df77540cfb8bede877d?s=96&d=mm&r=g\",\"contentUrl\":\"https:\/\/secure.gravatar.com\/avatar\/0a937b7500cd7df77540cfb8bede877d?s=96&d=mm&r=g\",\"caption\":\"Adriana Rabelo\"},\"url\":\"https:\/\/franciscanos.org.br\/vidacrista\/author\/adrianarabelo\/\"}]}<\/script>\n<!-- \/ Yoast SEO plugin. -->","yoast_head_json":{"title":"Marcos: o evangelista da esperan\u00e7a e o dif\u00edcil caminho de volta \u00e0s origens! (Mc 16,15-20) - Vida Crist\u00e3 - Franciscanos","robots":{"index":"index","follow":"follow","max-snippet":"max-snippet:-1","max-image-preview":"max-image-preview:large","max-video-preview":"max-video-preview:-1"},"canonical":"https:\/\/franciscanos.org.br\/vidacrista\/marcos-o-evangelista-da-esperanca-e-o-dificil-caminho-de-volta-as-origens-mc-1615-20\/","og_locale":"pt_BR","og_type":"article","og_title":"Marcos: o evangelista da esperan\u00e7a e o dif\u00edcil caminho de volta \u00e0s origens! (Mc 16,15-20) - Vida Crist\u00e3 - Franciscanos","og_description":"Artigo: Frei Jacir de Freitas Faria","og_url":"https:\/\/franciscanos.org.br\/vidacrista\/marcos-o-evangelista-da-esperanca-e-o-dificil-caminho-de-volta-as-origens-mc-1615-20\/","og_site_name":"Vida Crist\u00e3 - Franciscanos","article_published_time":"2024-04-25T13:31:13+00:00","og_image":[{"width":1000,"height":824,"url":"https:\/\/franciscanos.org.br\/vidacrista\/wp-content\/uploads\/2024\/04\/Valentin-de-Boulogne_Saint-Mark_Versailles-SAO-MARCOS-EVANGELISTA.jpg","type":"image\/jpeg"}],"author":"Adriana Rabelo","twitter_card":"summary_large_image","twitter_misc":{"Escrito por":"Adriana Rabelo","Est. tempo de leitura":"4 minutos"},"schema":{"@context":"https:\/\/schema.org","@graph":[{"@type":"WebSite","@id":"https:\/\/franciscanos.org.br\/vidacrista\/#website","url":"https:\/\/franciscanos.org.br\/vidacrista\/","name":"Vida Crist\u00e3 - Franciscanos","description":"Prov\u00edncia Franciscana da Imaculada Concei\u00e7\u00e3o do Brasil - Ordem dos Frades Menores","potentialAction":[{"@type":"SearchAction","target":{"@type":"EntryPoint","urlTemplate":"https:\/\/franciscanos.org.br\/vidacrista\/?s={search_term_string}"},"query-input":"required name=search_term_string"}],"inLanguage":"pt-BR"},{"@type":"WebPage","@id":"https:\/\/franciscanos.org.br\/vidacrista\/marcos-o-evangelista-da-esperanca-e-o-dificil-caminho-de-volta-as-origens-mc-1615-20\/","url":"https:\/\/franciscanos.org.br\/vidacrista\/marcos-o-evangelista-da-esperanca-e-o-dificil-caminho-de-volta-as-origens-mc-1615-20\/","name":"Marcos: o evangelista da esperan\u00e7a e o dif\u00edcil caminho de volta \u00e0s origens! (Mc 16,15-20) - Vida Crist\u00e3 - Franciscanos","isPartOf":{"@id":"https:\/\/franciscanos.org.br\/vidacrista\/#website"},"datePublished":"2024-04-25T13:31:13+00:00","dateModified":"2024-04-25T13:31:13+00:00","author":{"@id":"https:\/\/franciscanos.org.br\/vidacrista\/#\/schema\/person\/a0cbb2edfc0aecf8ac498802d1cb57b5"},"breadcrumb":{"@id":"https:\/\/franciscanos.org.br\/vidacrista\/marcos-o-evangelista-da-esperanca-e-o-dificil-caminho-de-volta-as-origens-mc-1615-20\/#breadcrumb"},"inLanguage":"pt-BR","potentialAction":[{"@type":"ReadAction","target":["https:\/\/franciscanos.org.br\/vidacrista\/marcos-o-evangelista-da-esperanca-e-o-dificil-caminho-de-volta-as-origens-mc-1615-20\/"]}]},{"@type":"BreadcrumbList","@id":"https:\/\/franciscanos.org.br\/vidacrista\/marcos-o-evangelista-da-esperanca-e-o-dificil-caminho-de-volta-as-origens-mc-1615-20\/#breadcrumb","itemListElement":[{"@type":"ListItem","position":1,"name":"Home","item":"https:\/\/franciscanos.org.br\/vidacrista\/"},{"@type":"ListItem","position":2,"name":"Marcos: o evangelista da esperan\u00e7a e o dif\u00edcil caminho de volta \u00e0s origens! (Mc 16,15-20)"}]},{"@type":"Person","@id":"https:\/\/franciscanos.org.br\/vidacrista\/#\/schema\/person\/a0cbb2edfc0aecf8ac498802d1cb57b5","name":"Adriana Rabelo","image":{"@type":"ImageObject","inLanguage":"pt-BR","@id":"https:\/\/franciscanos.org.br\/vidacrista\/#\/schema\/person\/image\/","url":"https:\/\/secure.gravatar.com\/avatar\/0a937b7500cd7df77540cfb8bede877d?s=96&d=mm&r=g","contentUrl":"https:\/\/secure.gravatar.com\/avatar\/0a937b7500cd7df77540cfb8bede877d?s=96&d=mm&r=g","caption":"Adriana Rabelo"},"url":"https:\/\/franciscanos.org.br\/vidacrista\/author\/adrianarabelo\/"}]}},"_links":{"self":[{"href":"https:\/\/franciscanos.org.br\/vidacrista\/wp-json\/wp\/v2\/posts\/194542"}],"collection":[{"href":"https:\/\/franciscanos.org.br\/vidacrista\/wp-json\/wp\/v2\/posts"}],"about":[{"href":"https:\/\/franciscanos.org.br\/vidacrista\/wp-json\/wp\/v2\/types\/post"}],"author":[{"embeddable":true,"href":"https:\/\/franciscanos.org.br\/vidacrista\/wp-json\/wp\/v2\/users\/10"}],"replies":[{"embeddable":true,"href":"https:\/\/franciscanos.org.br\/vidacrista\/wp-json\/wp\/v2\/comments?post=194542"}],"version-history":[{"count":1,"href":"https:\/\/franciscanos.org.br\/vidacrista\/wp-json\/wp\/v2\/posts\/194542\/revisions"}],"predecessor-version":[{"id":194544,"href":"https:\/\/franciscanos.org.br\/vidacrista\/wp-json\/wp\/v2\/posts\/194542\/revisions\/194544"}],"wp:featuredmedia":[{"embeddable":true,"href":"https:\/\/franciscanos.org.br\/vidacrista\/wp-json\/wp\/v2\/media\/194543"}],"wp:attachment":[{"href":"https:\/\/franciscanos.org.br\/vidacrista\/wp-json\/wp\/v2\/media?parent=194542"}],"wp:term":[{"taxonomy":"category","embeddable":true,"href":"https:\/\/franciscanos.org.br\/vidacrista\/wp-json\/wp\/v2\/categories?post=194542"},{"taxonomy":"post_tag","embeddable":true,"href":"https:\/\/franciscanos.org.br\/vidacrista\/wp-json\/wp\/v2\/tags?post=194542"}],"curies":[{"name":"wp","href":"https:\/\/api.w.org\/{rel}","templated":true}]}}