{"id":194506,"date":"2024-04-15T17:26:03","date_gmt":"2024-04-15T20:26:03","guid":{"rendered":"https:\/\/franciscanos.org.br\/vidacrista\/?p=194506"},"modified":"2024-04-16T08:06:10","modified_gmt":"2024-04-16T11:06:10","slug":"mensagem-para-o-dia-mundial-de-oracao-pelas-vocacoes-2024","status":"publish","type":"post","link":"https:\/\/franciscanos.org.br\/vidacrista\/mensagem-para-o-dia-mundial-de-oracao-pelas-vocacoes-2024\/","title":{"rendered":"Mensagem para o Dia Mundial de Ora\u00e7\u00e3o pelas Voca\u00e7\u00f5es 2024"},"content":{"rendered":"<div class=\"abstract text parbase vaticanrichtext\">\n<div class=\"clearfix\"><img decoding=\"async\" loading=\"lazy\" class=\"aligncenter wp-image-194507 size-full\" src=\"https:\/\/franciscanos.org.br\/vidacrista\/wp-content\/uploads\/2024\/04\/front-view-male-hands-holding-soil-plant-scaled.jpg\" alt=\"\" width=\"1920\" height=\"1280\" srcset=\"https:\/\/franciscanos.org.br\/vidacrista\/wp-content\/uploads\/2024\/04\/front-view-male-hands-holding-soil-plant-scaled.jpg 1620w, https:\/\/franciscanos.org.br\/vidacrista\/wp-content\/uploads\/2024\/04\/front-view-male-hands-holding-soil-plant-scaled-450x300.jpg 450w, https:\/\/franciscanos.org.br\/vidacrista\/wp-content\/uploads\/2024\/04\/front-view-male-hands-holding-soil-plant-scaled-1024x683.jpg 1024w, https:\/\/franciscanos.org.br\/vidacrista\/wp-content\/uploads\/2024\/04\/front-view-male-hands-holding-soil-plant-scaled-768x512.jpg 768w, https:\/\/franciscanos.org.br\/vidacrista\/wp-content\/uploads\/2024\/04\/front-view-male-hands-holding-soil-plant-scaled-1536x1024.jpg 1536w, https:\/\/franciscanos.org.br\/vidacrista\/wp-content\/uploads\/2024\/04\/front-view-male-hands-holding-soil-plant-scaled-150x100.jpg 150w\" sizes=\"(max-width: 1920px) 100vw, 1920px\" \/><\/div>\n<\/div>\n<div><\/div>\n<div><strong>Chamados a semear a esperan\u00e7a e a construir a paz<\/strong><\/div>\n<div><em>21 de abril de 2024- IV Domingo da P\u00e1scoa<\/em><\/div>\n<div>\n<p>Queridos irm\u00e3os e irm\u00e3s!<\/p>\n<p>O Dia Mundial de Ora\u00e7\u00e3o pelas Voca\u00e7\u00f5es convida-nos, cada ano, a considerar o precioso dom da chamada que o Senhor dirige a cada um de n\u00f3s, seu povo fiel em caminho, pois d\u00e1-nos a possibilidade de tomar parte no seu projeto de amor e encarnar a beleza do Evangelho nos diferentes estados de vida. A escuta da chamada divina, longe de ser um dever imposto de fora \u2013 talvez em nome de um ideal religioso \u2013, \u00e9 antes o modo mais seguro que temos de alimentar o desejo de felicidade que trazemos no nosso \u00edntimo: a nossa vida realiza-se e torna-se plena quando descobrimos quem somos, as qualidades que temos e o campo onde \u00e9 poss\u00edvel p\u00f4-las a render, quando descobrimos que estrada podemos percorrer para nos tornarmos sinal e instrumento de amor, acolhimento, beleza e paz nos contextos onde vivemos.<\/p>\n<p>Assim, este Dia proporciona-nos sempre uma boa ocasi\u00e3o para recordar, com gratid\u00e3o, diante do Senhor o compromisso fiel, quotidiano e muitas vezes escondido daqueles que abra\u00e7aram uma voca\u00e7\u00e3o que envolve toda a sua vida. Penso nas m\u00e3es e nos pais que n\u00e3o olham primeiro para si mesmos, nem seguem a tend\u00eancia dum estilo superficial, mas organizam a sua exist\u00eancia cuidando das rela\u00e7\u00f5es com amor e gratuidade, abrindo-se ao dom da vida e pondo-se ao servi\u00e7o dos filhos e seu crescimento. Penso em todos aqueles que realizam, dedicadamente e em esp\u00edrito de colabora\u00e7\u00e3o, o seu trabalho; naqueles que, em diferentes campos e de v\u00e1rios modos, se empenham por construir um mundo mais justo, uma economia mais solid\u00e1ria, uma pol\u00edtica mais equitativa, uma sociedade mais humana, isto \u00e9, em todos os homens e mulheres de boa vontade que se dedicam ao bem comum. Penso nas pessoas consagradas, que oferecem a sua exist\u00eancia ao Senhor quer no sil\u00eancio da ora\u00e7\u00e3o quer na atividade apost\u00f3lica, \u00e0s vezes na linha de vanguarda e sem poupar energias, servindo com criatividade o seu carisma e colocando-o \u00e0 disposi\u00e7\u00e3o de quantos encontram. E penso naqueles que acolheram a chamada ao sacerd\u00f3cio ordenado, se dedicam ao an\u00fancio do Evangelho, repartem a sua vida \u2013 juntamente com o P\u00e3o Eucar\u00edstico \u2013 pelos irm\u00e3os, semeiam esperan\u00e7a e mostram a todos a beleza do Reino de Deus.<\/p>\n<p>Aos jovens, especialmente a quantos se sentem distantes ou olham a Igreja com desconfian\u00e7a, gostaria de dizer: deixai-vos fascinar por Jesus, dirigi-Lhe as vossas perguntas importantes, atrav\u00e9s das p\u00e1ginas do Evangelho, deixai-vos desinquietar pela sua presen\u00e7a que sempre nos coloca, de forma benfazeja, em crise. Ele respeita mais do que ningu\u00e9m a nossa liberdade, n\u00e3o Se imp\u00f5e mas prop\u00f5e-Se: dai-Lhe espa\u00e7o e encontrareis a vossa felicidade no seu seguimento e, se vo-la pedir, na entrega total a Ele.<\/p>\n<p><strong><i>Um povo em caminho<\/i><\/strong><\/p>\n<p>A polifonia dos carismas e das voca\u00e7\u00f5es, que a Comunidade Crist\u00e3 reconhece e acompanha, ajuda-nos a compreender plenamente a nossa identidade de crist\u00e3os: como povo de Deus em caminho pelas estradas do mundo, animados pelo Esp\u00edrito Santo e inseridos como pedras vivas no Corpo de Cristo, cada um de n\u00f3s descobre-se membro duma grande fam\u00edlia, filho do Pai e irm\u00e3o e irm\u00e3 de seus semelhantes. N\u00e3o somos ilhas fechadas em si mesmas, mas partes do todo. Por isso, o Dia Mundial de Ora\u00e7\u00e3o pelas Voca\u00e7\u00f5es traz gravada a marca da sinodalidade: h\u00e1 muitos carismas e somos chamados a escutar-nos reciprocamente e a caminhar juntos para os descobrir discernindo aquilo a que nos chama o Esp\u00edrito para o bem de todos.<\/p>\n<p>Al\u00e9m disso, no momento hist\u00f3rico presente, o caminho comum conduz-nos para o Ano Jubilar de 2025. Caminhamos como\u00a0<i>peregrinos de esperan\u00e7a<\/i>\u00a0rumo ao Ano Santo, para, na descoberta da pr\u00f3pria voca\u00e7\u00e3o e pondo em rela\u00e7\u00e3o os diversos dons do Esp\u00edrito, podermos ser no mundo portadores e testemunhas do sonho de Jesus: formar uma s\u00f3 fam\u00edlia, unida no amor de Deus e interligada pelo v\u00ednculo da caridade, da partilha e da fraternidade.<\/p>\n<p>Este Dia \u00e9 dedicado de modo particular \u00e0 ora\u00e7\u00e3o para implorar do Pai o dom de santas voca\u00e7\u00f5es para a edifica\u00e7\u00e3o do seu Reino: \u00abRogai ao dono da messe que mande trabalhadores para a sua messe\u00bb (<i>Lc<\/i>\u00a010, 2). E, como sabemos, a ora\u00e7\u00e3o \u00e9 feita mais de escuta que de palavras dirigidas a Deus. O Senhor fala ao nosso cora\u00e7\u00e3o e quer encontr\u00e1-lo aberto, sincero e generoso. A sua Palavra fez-Se carne em Jesus Cristo, que nos revela e comunica toda a vontade do Pai. Neste ano de 2024, dedicado precisamente \u00e0 ora\u00e7\u00e3o como prepara\u00e7\u00e3o para o Jubileu, somos chamados a descobrir o dom inestim\u00e1vel de poder dialogar com o Senhor, de cora\u00e7\u00e3o a cora\u00e7\u00e3o, tornando-nos assim peregrinos de esperan\u00e7a, porque \u00aba ora\u00e7\u00e3o \u00e9 a primeira for\u00e7a da esperan\u00e7a. Tu rezas e a esperan\u00e7a cresce, avan\u00e7a. Diria que a ora\u00e7\u00e3o abre a porta \u00e0 esperan\u00e7a. A esperan\u00e7a existe, mas com a minha ora\u00e7\u00e3o abro a porta\u00bb (Francisco,\u00a0<i><a href=\"https:\/\/www.vatican.va\/content\/francesco\/pt\/audiences\/2020\/documents\/papa-francesco_20200520_udienza-generale.html\">Catequese<\/a><\/i>, 20\/V\/2020).<\/p>\n<p><strong><i>Peregrinos de esperan\u00e7a e construtores de paz<\/i><\/strong><\/p>\n<p>Mas que significa\u00a0<i>ser peregrinos<\/i>? Quem empreende uma peregrina\u00e7\u00e3o procura, antes de mais nada, ter clara\u00a0<i>a meta,\u00a0<\/i>e conserva-a sempre no cora\u00e7\u00e3o e na mente. Mas, para atingir esse destino, \u00e9 preciso ao mesmo tempo concentrar-se no\u00a0<i>passo presente<\/i>: para o realizar, \u00e9 necess\u00e1rio estar leve, despojar-se dos pesos in\u00fateis, levar consigo apenas o essencial e esfor\u00e7ar-se cada dia por que o cansa\u00e7o, o medo, a incerteza e a escurid\u00e3o n\u00e3o bloqueiem o caminho iniciado. Por isso ser peregrino significa partir todos os dias,\u00a0<i>recome\u00e7ar sempre<\/i>, reencontrar o entusiasmo e a for\u00e7a de percorrer as v\u00e1rias etapas do percurso que, apesar das fadigas e dificuldades, sempre abrem diante de n\u00f3s novos horizontes e panoramas desconhecidos.<\/p>\n<p>Este \u00e9 precisamente o sentido da peregrina\u00e7\u00e3o crist\u00e3: estamos em caminho \u00e0 descoberta do amor de Deus e, ao mesmo tempo, \u00e0 descoberta de n\u00f3s mesmos, atrav\u00e9s duma viagem interior, mas sempre estimulados pela multiplicidade das rela\u00e7\u00f5es. Portanto,\u00a0<i>peregrinos porque chamados<\/i>: chamados a amar a Deus e a amar-nos uns aos outros. Assim, o nosso caminho sobre esta terra nunca se reduz a uma labuta sem objetivo nem a um vaguear sem meta; pelo contr\u00e1rio, cada dia, respondendo \u00e0 nossa chamada, procuramos realizar os passos poss\u00edveis rumo a um mundo novo, onde se viva em paz, na justi\u00e7a e no amor. Somos peregrinos de esperan\u00e7a, porque tendemos para um futuro melhor e empenhamo-nos na sua constru\u00e7\u00e3o ao longo do caminho.<\/p>\n<p>Tal \u00e9, em \u00faltima an\u00e1lise, a finalidade de cada voca\u00e7\u00e3o: tornar-se homens e mulheres de esperan\u00e7a. Como indiv\u00edduos e como comunidade, na variedade dos carismas e minist\u00e9rios, todos somos chamados a \u00abdar corpo e cora\u00e7\u00e3o\u00bb \u00e0 esperan\u00e7a do Evangelho neste mundo marcado por desafios epocais: o avan\u00e7o amea\u00e7ador duma terceira guerra mundial aos peda\u00e7os, as multid\u00f5es de migrantes que fogem da sua terra \u00e0 procura dum futuro melhor, o aumento constante dos pobres, o perigo de comprometer irreversivelmente a sa\u00fade do nosso planeta. E a tudo isto v\u00eam ainda juntar-se as dificuldades que encontramos diariamente com o risco de nos precipitar, \u00e0s vezes, na resigna\u00e7\u00e3o ou no derrotismo.<\/p>\n<p>Por isso \u00e9 decisivo, para n\u00f3s crist\u00e3os, cultivar um olhar cheio de esperan\u00e7a no nosso tempo, para podermos trabalhar frutuosamente respondendo \u00e0 voca\u00e7\u00e3o que nos foi dada ao servi\u00e7o do Reino de Deus, Reino do amor, de justi\u00e7a e de paz. Esta esperan\u00e7a \u2013 assegura-nos S\u00e3o Paulo \u2013 \u00abn\u00e3o engana\u00bb (<i>Rm<\/i>\u00a05, 5), porque se trata da promessa que o Senhor Jesus nos fez de permanecer sempre connosco e de nos envolver na obra de reden\u00e7\u00e3o que Ele quer realizar no cora\u00e7\u00e3o de cada pessoa e no \u00abcora\u00e7\u00e3o\u00bb da cria\u00e7\u00e3o. Tal esperan\u00e7a encontra o seu centro propulsor na Ressurrei\u00e7\u00e3o de Cristo, que \u00abcont\u00e9m uma for\u00e7a de vida que penetrou o mundo. Onde parecia que tudo morreu, voltam a aparecer por todo o lado os rebentos da ressurrei\u00e7\u00e3o. \u00c9 uma for\u00e7a sem igual. \u00c9 verdade que muitas vezes parece que Deus n\u00e3o existe: vemos injusti\u00e7as, maldades, indiferen\u00e7as e crueldades que n\u00e3o cedem. Mas tamb\u00e9m \u00e9 certo que, no meio da obscuridade, sempre come\u00e7a a desabrochar algo de novo que, mais cedo ou mais tarde, produz fruto\u00bb (Francisco, Exort. ap.\u00a0<a href=\"https:\/\/www.vatican.va\/content\/francesco\/pt\/apost_exhortations\/documents\/papa-francesco_esortazione-ap_20131124_evangelii-gaudium.html#A_ac%C3%A7%C3%A3o_misteriosa_do_Ressuscitado_e_do_seu_Esp%C3%ADrito\"><i>Evangelii<\/i>\u00a0<i>gaudium<\/i><\/a>, 276). E o ap\u00f3stolo Paulo afirma ainda que fomos salvos na esperan\u00e7a (cf.\u00a0<i>Rm<\/i>\u00a08, 24). A reden\u00e7\u00e3o realizada na P\u00e1scoa d\u00e1 a esperan\u00e7a, uma esperan\u00e7a certa, fi\u00e1vel, com a qual podemos enfrentar os desafios do presente.<\/p>\n<p>Ent\u00e3o ser peregrinos de esperan\u00e7a e construtores de paz significa fundar a pr\u00f3pria exist\u00eancia sobre a rocha da ressurrei\u00e7\u00e3o de Cristo, sabendo que todos os nossos compromissos, na voca\u00e7\u00e3o que abra\u00e7amos e levamos por diante, n\u00e3o caiem no vazio. Apesar dos fracassos e retrocessos, o bem que semeamos cresce de modo silencioso e nada pode separar-nos da meta \u00faltima: o encontro com Cristo e a alegria de viver na fraternidade entre n\u00f3s por toda a eternidade. Esta voca\u00e7\u00e3o final, devemos antecip\u00e1-la cada dia: a rela\u00e7\u00e3o de amor com Deus e com os irm\u00e3os e irm\u00e3s come\u00e7a desde agora a realizar o sonho de Deus, o sonho da unidade, da paz e da fraternidade. Que ningu\u00e9m se sinta exclu\u00eddo desta chamada! Cada um de n\u00f3s, no seu lugar pr\u00f3prio, no seu estado de vida, pode ser, com a ajuda do Esp\u00edrito Santo, um semeador de esperan\u00e7a e de paz.<\/p>\n<p><strong><i>A coragem de se envolver<\/i><\/strong><\/p>\n<p>Por tudo isso digo mais uma vez, como durante a Jornada Mundial da Juventude em Lisboa: \u00ab<i>rise up \u2013 levantai-vos<\/i>!\u00bb Despertemos do sono, saiamos da indiferen\u00e7a, abramos as grades da pris\u00e3o em que por vezes nos encerramos, para que possa cada um de n\u00f3s descobrir a pr\u00f3pria voca\u00e7\u00e3o na Igreja e no mundo e tornar-se peregrino de esperan\u00e7a e art\u00edfice de paz! Apaixonemo-nos pela vida e comprometamo-nos no cuidado amoroso daqueles que vivem ao nosso lado e do ambiente que habitamos. Repito-vos: tende a coragem de vos envolver! Padre Oreste Benzi, ap\u00f3stolo incans\u00e1vel da caridade, sempre da parte dos \u00faltimos e indefesos, repetia que ningu\u00e9m \u00e9 t\u00e3o pobre que n\u00e3o tenha algo para dar, e ningu\u00e9m \u00e9 t\u00e3o rico que n\u00e3o precise de receber alguma coisa.<\/p>\n<p>Levantemo-nos, pois, e ponhamo-nos a caminho como peregrinos de esperan\u00e7a, para que tamb\u00e9m n\u00f3s, como fez Maria com Santa Isabel, possamos comunicar boas-novas de alegria, gerar vida nova e ser artes\u00e3os de fraternidade e de paz.<\/p>\n<hr \/>\n<p><i>Roma, S\u00e3o Jo\u00e3o de Latr\u00e3o, no IV Domingo de P\u00e1scoa, 21 de abril de 2024.<\/i><\/p>\n<p>Papa Francisco<\/p>\n<\/div>\n","protected":false},"excerpt":{"rendered":"<p>Dia Mundial de Ora\u00e7\u00e3o pelas Voca\u00e7\u00f5es<\/p>\n","protected":false},"author":10,"featured_media":0,"comment_status":"open","ping_status":"open","sticky":false,"template":"","format":"standard","meta":{"footnotes":""},"categories":[22],"tags":[329,65],"yoast_head":"<!-- This site is optimized with the Yoast SEO plugin v19.4 - https:\/\/yoast.com\/wordpress\/plugins\/seo\/ -->\n<title>Mensagem para o Dia Mundial de Ora\u00e7\u00e3o pelas Voca\u00e7\u00f5es 2024 - Vida Crist\u00e3 - Franciscanos<\/title>\n<meta name=\"robots\" content=\"index, follow, max-snippet:-1, max-image-preview:large, max-video-preview:-1\" \/>\n<link rel=\"canonical\" href=\"https:\/\/franciscanos.org.br\/vidacrista\/mensagem-para-o-dia-mundial-de-oracao-pelas-vocacoes-2024\/\" \/>\n<meta property=\"og:locale\" content=\"pt_BR\" \/>\n<meta property=\"og:type\" content=\"article\" \/>\n<meta property=\"og:title\" content=\"Mensagem para o Dia Mundial de Ora\u00e7\u00e3o pelas Voca\u00e7\u00f5es 2024 - Vida Crist\u00e3 - Franciscanos\" \/>\n<meta property=\"og:description\" content=\"Dia Mundial de Ora\u00e7\u00e3o pelas Voca\u00e7\u00f5es\" \/>\n<meta property=\"og:url\" content=\"https:\/\/franciscanos.org.br\/vidacrista\/mensagem-para-o-dia-mundial-de-oracao-pelas-vocacoes-2024\/\" \/>\n<meta property=\"og:site_name\" content=\"Vida Crist\u00e3 - Franciscanos\" \/>\n<meta property=\"article:published_time\" content=\"2024-04-15T20:26:03+00:00\" \/>\n<meta property=\"article:modified_time\" content=\"2024-04-16T11:06:10+00:00\" \/>\n<meta property=\"og:image\" content=\"https:\/\/franciscanos.org.br\/vidacrista\/wp-content\/uploads\/2024\/04\/front-view-male-hands-holding-soil-plant-scaled.jpg\" \/>\n<meta name=\"author\" content=\"Adriana Rabelo\" \/>\n<meta name=\"twitter:card\" content=\"summary_large_image\" \/>\n<meta name=\"twitter:label1\" content=\"Escrito por\" \/>\n\t<meta name=\"twitter:data1\" content=\"Adriana Rabelo\" \/>\n\t<meta name=\"twitter:label2\" content=\"Est. tempo de leitura\" \/>\n\t<meta name=\"twitter:data2\" content=\"9 minutos\" \/>\n<script type=\"application\/ld+json\" class=\"yoast-schema-graph\">{\"@context\":\"https:\/\/schema.org\",\"@graph\":[{\"@type\":\"WebSite\",\"@id\":\"https:\/\/franciscanos.org.br\/vidacrista\/#website\",\"url\":\"https:\/\/franciscanos.org.br\/vidacrista\/\",\"name\":\"Vida Crist\u00e3 - Franciscanos\",\"description\":\"Prov\u00edncia Franciscana da Imaculada Concei\u00e7\u00e3o do Brasil - Ordem dos Frades Menores\",\"potentialAction\":[{\"@type\":\"SearchAction\",\"target\":{\"@type\":\"EntryPoint\",\"urlTemplate\":\"https:\/\/franciscanos.org.br\/vidacrista\/?s={search_term_string}\"},\"query-input\":\"required name=search_term_string\"}],\"inLanguage\":\"pt-BR\"},{\"@type\":\"WebPage\",\"@id\":\"https:\/\/franciscanos.org.br\/vidacrista\/mensagem-para-o-dia-mundial-de-oracao-pelas-vocacoes-2024\/\",\"url\":\"https:\/\/franciscanos.org.br\/vidacrista\/mensagem-para-o-dia-mundial-de-oracao-pelas-vocacoes-2024\/\",\"name\":\"Mensagem para o Dia Mundial de Ora\u00e7\u00e3o pelas Voca\u00e7\u00f5es 2024 - Vida Crist\u00e3 - Franciscanos\",\"isPartOf\":{\"@id\":\"https:\/\/franciscanos.org.br\/vidacrista\/#website\"},\"datePublished\":\"2024-04-15T20:26:03+00:00\",\"dateModified\":\"2024-04-16T11:06:10+00:00\",\"author\":{\"@id\":\"https:\/\/franciscanos.org.br\/vidacrista\/#\/schema\/person\/a0cbb2edfc0aecf8ac498802d1cb57b5\"},\"breadcrumb\":{\"@id\":\"https:\/\/franciscanos.org.br\/vidacrista\/mensagem-para-o-dia-mundial-de-oracao-pelas-vocacoes-2024\/#breadcrumb\"},\"inLanguage\":\"pt-BR\",\"potentialAction\":[{\"@type\":\"ReadAction\",\"target\":[\"https:\/\/franciscanos.org.br\/vidacrista\/mensagem-para-o-dia-mundial-de-oracao-pelas-vocacoes-2024\/\"]}]},{\"@type\":\"BreadcrumbList\",\"@id\":\"https:\/\/franciscanos.org.br\/vidacrista\/mensagem-para-o-dia-mundial-de-oracao-pelas-vocacoes-2024\/#breadcrumb\",\"itemListElement\":[{\"@type\":\"ListItem\",\"position\":1,\"name\":\"Home\",\"item\":\"https:\/\/franciscanos.org.br\/vidacrista\/\"},{\"@type\":\"ListItem\",\"position\":2,\"name\":\"Mensagem para o Dia Mundial de Ora\u00e7\u00e3o pelas Voca\u00e7\u00f5es 2024\"}]},{\"@type\":\"Person\",\"@id\":\"https:\/\/franciscanos.org.br\/vidacrista\/#\/schema\/person\/a0cbb2edfc0aecf8ac498802d1cb57b5\",\"name\":\"Adriana Rabelo\",\"image\":{\"@type\":\"ImageObject\",\"inLanguage\":\"pt-BR\",\"@id\":\"https:\/\/franciscanos.org.br\/vidacrista\/#\/schema\/person\/image\/\",\"url\":\"https:\/\/secure.gravatar.com\/avatar\/0a937b7500cd7df77540cfb8bede877d?s=96&d=mm&r=g\",\"contentUrl\":\"https:\/\/secure.gravatar.com\/avatar\/0a937b7500cd7df77540cfb8bede877d?s=96&d=mm&r=g\",\"caption\":\"Adriana Rabelo\"},\"url\":\"https:\/\/franciscanos.org.br\/vidacrista\/author\/adrianarabelo\/\"}]}<\/script>\n<!-- \/ Yoast SEO plugin. -->","yoast_head_json":{"title":"Mensagem para o Dia Mundial de Ora\u00e7\u00e3o pelas Voca\u00e7\u00f5es 2024 - Vida Crist\u00e3 - Franciscanos","robots":{"index":"index","follow":"follow","max-snippet":"max-snippet:-1","max-image-preview":"max-image-preview:large","max-video-preview":"max-video-preview:-1"},"canonical":"https:\/\/franciscanos.org.br\/vidacrista\/mensagem-para-o-dia-mundial-de-oracao-pelas-vocacoes-2024\/","og_locale":"pt_BR","og_type":"article","og_title":"Mensagem para o Dia Mundial de Ora\u00e7\u00e3o pelas Voca\u00e7\u00f5es 2024 - Vida Crist\u00e3 - Franciscanos","og_description":"Dia Mundial de Ora\u00e7\u00e3o pelas Voca\u00e7\u00f5es","og_url":"https:\/\/franciscanos.org.br\/vidacrista\/mensagem-para-o-dia-mundial-de-oracao-pelas-vocacoes-2024\/","og_site_name":"Vida Crist\u00e3 - Franciscanos","article_published_time":"2024-04-15T20:26:03+00:00","article_modified_time":"2024-04-16T11:06:10+00:00","og_image":[{"url":"https:\/\/franciscanos.org.br\/vidacrista\/wp-content\/uploads\/2024\/04\/front-view-male-hands-holding-soil-plant-scaled.jpg"}],"author":"Adriana Rabelo","twitter_card":"summary_large_image","twitter_misc":{"Escrito por":"Adriana Rabelo","Est. tempo de leitura":"9 minutos"},"schema":{"@context":"https:\/\/schema.org","@graph":[{"@type":"WebSite","@id":"https:\/\/franciscanos.org.br\/vidacrista\/#website","url":"https:\/\/franciscanos.org.br\/vidacrista\/","name":"Vida Crist\u00e3 - Franciscanos","description":"Prov\u00edncia Franciscana da Imaculada Concei\u00e7\u00e3o do Brasil - Ordem dos Frades Menores","potentialAction":[{"@type":"SearchAction","target":{"@type":"EntryPoint","urlTemplate":"https:\/\/franciscanos.org.br\/vidacrista\/?s={search_term_string}"},"query-input":"required name=search_term_string"}],"inLanguage":"pt-BR"},{"@type":"WebPage","@id":"https:\/\/franciscanos.org.br\/vidacrista\/mensagem-para-o-dia-mundial-de-oracao-pelas-vocacoes-2024\/","url":"https:\/\/franciscanos.org.br\/vidacrista\/mensagem-para-o-dia-mundial-de-oracao-pelas-vocacoes-2024\/","name":"Mensagem para o Dia Mundial de Ora\u00e7\u00e3o pelas Voca\u00e7\u00f5es 2024 - Vida Crist\u00e3 - Franciscanos","isPartOf":{"@id":"https:\/\/franciscanos.org.br\/vidacrista\/#website"},"datePublished":"2024-04-15T20:26:03+00:00","dateModified":"2024-04-16T11:06:10+00:00","author":{"@id":"https:\/\/franciscanos.org.br\/vidacrista\/#\/schema\/person\/a0cbb2edfc0aecf8ac498802d1cb57b5"},"breadcrumb":{"@id":"https:\/\/franciscanos.org.br\/vidacrista\/mensagem-para-o-dia-mundial-de-oracao-pelas-vocacoes-2024\/#breadcrumb"},"inLanguage":"pt-BR","potentialAction":[{"@type":"ReadAction","target":["https:\/\/franciscanos.org.br\/vidacrista\/mensagem-para-o-dia-mundial-de-oracao-pelas-vocacoes-2024\/"]}]},{"@type":"BreadcrumbList","@id":"https:\/\/franciscanos.org.br\/vidacrista\/mensagem-para-o-dia-mundial-de-oracao-pelas-vocacoes-2024\/#breadcrumb","itemListElement":[{"@type":"ListItem","position":1,"name":"Home","item":"https:\/\/franciscanos.org.br\/vidacrista\/"},{"@type":"ListItem","position":2,"name":"Mensagem para o Dia Mundial de Ora\u00e7\u00e3o pelas Voca\u00e7\u00f5es 2024"}]},{"@type":"Person","@id":"https:\/\/franciscanos.org.br\/vidacrista\/#\/schema\/person\/a0cbb2edfc0aecf8ac498802d1cb57b5","name":"Adriana Rabelo","image":{"@type":"ImageObject","inLanguage":"pt-BR","@id":"https:\/\/franciscanos.org.br\/vidacrista\/#\/schema\/person\/image\/","url":"https:\/\/secure.gravatar.com\/avatar\/0a937b7500cd7df77540cfb8bede877d?s=96&d=mm&r=g","contentUrl":"https:\/\/secure.gravatar.com\/avatar\/0a937b7500cd7df77540cfb8bede877d?s=96&d=mm&r=g","caption":"Adriana Rabelo"},"url":"https:\/\/franciscanos.org.br\/vidacrista\/author\/adrianarabelo\/"}]}},"_links":{"self":[{"href":"https:\/\/franciscanos.org.br\/vidacrista\/wp-json\/wp\/v2\/posts\/194506"}],"collection":[{"href":"https:\/\/franciscanos.org.br\/vidacrista\/wp-json\/wp\/v2\/posts"}],"about":[{"href":"https:\/\/franciscanos.org.br\/vidacrista\/wp-json\/wp\/v2\/types\/post"}],"author":[{"embeddable":true,"href":"https:\/\/franciscanos.org.br\/vidacrista\/wp-json\/wp\/v2\/users\/10"}],"replies":[{"embeddable":true,"href":"https:\/\/franciscanos.org.br\/vidacrista\/wp-json\/wp\/v2\/comments?post=194506"}],"version-history":[{"count":4,"href":"https:\/\/franciscanos.org.br\/vidacrista\/wp-json\/wp\/v2\/posts\/194506\/revisions"}],"predecessor-version":[{"id":194511,"href":"https:\/\/franciscanos.org.br\/vidacrista\/wp-json\/wp\/v2\/posts\/194506\/revisions\/194511"}],"wp:attachment":[{"href":"https:\/\/franciscanos.org.br\/vidacrista\/wp-json\/wp\/v2\/media?parent=194506"}],"wp:term":[{"taxonomy":"category","embeddable":true,"href":"https:\/\/franciscanos.org.br\/vidacrista\/wp-json\/wp\/v2\/categories?post=194506"},{"taxonomy":"post_tag","embeddable":true,"href":"https:\/\/franciscanos.org.br\/vidacrista\/wp-json\/wp\/v2\/tags?post=194506"}],"curies":[{"name":"wp","href":"https:\/\/api.w.org\/{rel}","templated":true}]}}