{"id":194501,"date":"2024-04-15T11:50:52","date_gmt":"2024-04-15T14:50:52","guid":{"rendered":"https:\/\/franciscanos.org.br\/vidacrista\/?p=194501"},"modified":"2024-05-01T18:06:07","modified_gmt":"2024-05-01T21:06:07","slug":"o-silencio-de-deus-e-a-morte-dos-inocentesdeus-por-que-te-calas","status":"publish","type":"post","link":"https:\/\/franciscanos.org.br\/vidacrista\/o-silencio-de-deus-e-a-morte-dos-inocentesdeus-por-que-te-calas\/","title":{"rendered":"O sil\u00eancio de Deus e a morte dos inocentes:Deus por que te calas?"},"content":{"rendered":"<p><img decoding=\"async\" loading=\"lazy\" class=\"aligncenter wp-image-194502 size-full\" src=\"https:\/\/franciscanos.org.br\/vidacrista\/wp-content\/uploads\/2024\/04\/FREI-LEONARDO-BOFF-scaled.jpg\" alt=\"\" width=\"1920\" height=\"1076\" srcset=\"https:\/\/franciscanos.org.br\/vidacrista\/wp-content\/uploads\/2024\/04\/FREI-LEONARDO-BOFF-scaled.jpg 1920w, https:\/\/franciscanos.org.br\/vidacrista\/wp-content\/uploads\/2024\/04\/FREI-LEONARDO-BOFF-450x252.jpg 450w, https:\/\/franciscanos.org.br\/vidacrista\/wp-content\/uploads\/2024\/04\/FREI-LEONARDO-BOFF-1024x574.jpg 1024w, https:\/\/franciscanos.org.br\/vidacrista\/wp-content\/uploads\/2024\/04\/FREI-LEONARDO-BOFF-768x430.jpg 768w, https:\/\/franciscanos.org.br\/vidacrista\/wp-content\/uploads\/2024\/04\/FREI-LEONARDO-BOFF-1536x861.jpg 1536w, https:\/\/franciscanos.org.br\/vidacrista\/wp-content\/uploads\/2024\/04\/FREI-LEONARDO-BOFF-2048x1148.jpg 2048w, https:\/\/franciscanos.org.br\/vidacrista\/wp-content\/uploads\/2024\/04\/FREI-LEONARDO-BOFF-150x84.jpg 150w\" sizes=\"(max-width: 1920px) 100vw, 1920px\" \/><\/p>\n<p>Vivemos globalmente num mundo tr\u00e1gico, cheio de incertezas, de amea\u00e7as e de perguntas para as quais n\u00e3o temos respostas que nos satisfa\u00e7am. Ningu\u00e9m nos poder\u00e1 dizer para onde estamos indo: para o prolongamento do atual modo de habitar a Terra, devastando-a em nome de um maior enriquecimento de poucos. Ou mudaremos de rumo?<\/p>\n<p>No primeiro caso, seguramente a Terra n\u00e3o aguentar\u00e1 a voracidade dos consumistas (j\u00e1 agora precisamos de uma Terra e meia para atender o n\u00edvel atual de consumo\u00a0dos pa\u00edses ricos) e nos confrontaremos com crises e mais crise, como\u00a0 o Corona-virus e o aquecimento global j\u00e1 irrefre\u00e1vel (lan\u00e7amos na atmosfera por ano 40 bilh\u00f5es de toneladas de gazes de efeito estufa). Poderemos n\u00e3o ter mais retorno e iremos ao encontro do pior.<\/p>\n<p>Ou, for\u00e7ados pela situa\u00e7\u00e3o, recuperaremos a raz\u00e3o sens\u00edvel e sensata, pois agora est\u00e1 enlouquecida, definimos um novo rumo mais amig\u00e1vel para com a natureza e a Terra, mais justo e participativo de todos os humanos.Trabalharemos a partir do territ\u00f3rio, desenhado pela natureza, pois ai poder\u00e1 ser sustent\u00e1vel e criar uma verdadeira participa\u00e7\u00e3o de todos. Ent\u00e3o come\u00e7ar\u00e1 um novo tipo de hist\u00f3ria com um futuro para o sistema-vida e\u00a0 o sistema- Terra.<\/p>\n<p>Teremos tempo, coragem e sabedoria para esta convers\u00e3o ecol\u00f3gica? O ser humano \u00e9 flex\u00edvel, tem mudado muito e se adaptado aos v\u00e1rios climas. Ademais a hist\u00f3ria n\u00e3o \u00e9 linear.\u00a0 De repente surge o inesperado e o impens\u00e1vel (um salto para cima em nossa consci\u00eancia) que inaugurariam um novo rumo para a hist\u00f3ria.<\/p>\n<p>Enquanto esperamos, sofremos pelos males que est\u00e3o ocorrendo na Terra: h\u00e1 17 lugares de guerra. O Papa Francisco falou muitas vezes que estamos j\u00e1 na terceira guerra mundial aos peda\u00e7os.\u00a0 N\u00e3o \u00e9 imposs\u00edvel que irrompa um conflito nuclear inteiro e leve a perder toda a humanidade.<\/p>\n<p>Neste contexto nos colocamos no lugar de J\u00f3 e clamamos a Deus no meio de tantas mortes de inocentes, de genoc\u00eddios e de guerras altamente letais.<\/p>\n<p>\u201cDeus, onde estavas naqueles momentos aterradores em que a f\u00faria genocida de Netanyahu dizimou 13 mil crian\u00e7as inocentes e mais de 80 mil\u00a0 pessoas e m\u00e3es na Faixa de Gaza? Por que n\u00e3o intervieste, se podias faz\u00ea-lo? Mais de 500 mil casas, hospitais escolas,\u00a0 universidades, mesquitas e igrejas foram arrasadas. Por que n\u00e3o detiveste aquele abra\u00e7o assassino? Teu Filho bem-amado, Jesus, saciou cerca de 5 mil pessoas famintas. Por que permites que centenas e centenas morram de sede e de fome?<\/p>\n<p>Onde est\u00e1 a tua piedade? Estas vitimas n\u00e3o s\u00e3o tamb\u00e9m teus filhos e filhas, especialmente queridos, porque representam teu Filho crucificado.<\/p>\n<p>Recordo com dor as palavras do Papa Bento XVI quando visitou\u00a0 o campo de exterm\u00ednio de judeus em Auschwitz-Birkenau:<\/p>\n<p><em>\u201dQuantas perguntas surgem neste lugar. Onde estava Deus naqueles dias? Por que Ele silenciou?\u00a0Como p\u00f4de tolerar esse excesso de destrui\u00e7\u00e3o,\u00a0\u00a0este triunfo do mal?<\/em><\/p>\n<p>J\u00f3 tinha raz\u00e3o em reconhecer que\u201dDeus \u00e9 grande demais para que possamos conhece-lo\u201d(J\u00f3 36,26). Ele pode ser e fazer aquilo que n\u00e3o entendemos, pois somos limitados. N\u00e3o obstante teimosamente J\u00f3 professa sua f\u00e9, dizendo a Deus:\u201dMesmo que me mates, ainda assim creio em ti\u201d(Jo 15,13)? Inesquec\u00edvel \u00e9 o testemunho do judeu antes de ser exterminado no Gueto de Vars\u00f3via em 1943. Deixou escrito num papelzinho posto dentro de uma garrafa: \u201cCreio no Deus de Israel, mesmo que Ele tenha feito tudo para que n\u00e3o creia nEle. Escondeu seu rosto\u2026Se, um dia, algu\u00e9m a encontrar esse papelzinho e o ler\u00e1, vai entender, talvez, o sentimento de um judeu\u00a0 que morreu abandonado por Deus, esse Deus em quem continuo a crer firmemente\u201d.<\/p>\n<p>N\u00e3o \u00a0pretendemos ser ju\u00edzes de Deus. Mas podemos como\u00a0 o Filho do Homem no Jardim das Oliveiras e no alto da cruz. Jesus, quase desesperado, clamou: \u201cMeu Deus meu Deus, por que me abandonaste (Marcos 15,34)?<\/p>\n<p>Nossos lamentos n\u00e3o s\u00e3o blasf\u00eamias, mas um grito doloroso e insistente a Deus: \u201cDesperta! N\u00e3o tolere mais o sofrimento, o desespero e o genoc\u00eddio de inocentes. Acorda,\u00a0 vem libertar aqueles que criaste no amor. Acorda e venha, Senhor, para salvar-los.<\/p>\n<p>No meio desta melancolia, nosssa esperan\u00e7a prevalece, porque pela ressurrei\u00e7\u00e3o de um irm\u00e3o nosso, Jesus de Nazar\u00e9,se antecipou nosso fim bom. \u00c9 isso que nos confere algum sentido e de n\u00e3o desesperar face \u00e0 dram\u00e1tica situa\u00e7\u00e3o em que se encontra a Terra e a humanidade.<\/p>\n<hr \/>\n<p>Leonardo Boff escreveu\u00a0<em>Paix\u00e3o de Cristo-paix\u00e3o do mundo<\/em>, Vozes 2012.<\/p>\n","protected":false},"excerpt":{"rendered":"<p>Leonardo Boff<\/p>\n","protected":false},"author":10,"featured_media":194502,"comment_status":"open","ping_status":"open","sticky":false,"template":"","format":"standard","meta":{"footnotes":""},"categories":[26],"tags":[59],"yoast_head":"<!-- This site is optimized with the Yoast SEO plugin v19.4 - https:\/\/yoast.com\/wordpress\/plugins\/seo\/ -->\n<title>O sil\u00eancio de Deus e a morte dos inocentes:Deus por que te calas? - Vida Crist\u00e3 - Franciscanos<\/title>\n<meta name=\"robots\" content=\"index, follow, max-snippet:-1, max-image-preview:large, max-video-preview:-1\" \/>\n<link rel=\"canonical\" href=\"https:\/\/franciscanos.org.br\/vidacrista\/o-silencio-de-deus-e-a-morte-dos-inocentesdeus-por-que-te-calas\/\" \/>\n<meta property=\"og:locale\" content=\"pt_BR\" \/>\n<meta property=\"og:type\" content=\"article\" \/>\n<meta property=\"og:title\" content=\"O sil\u00eancio de Deus e a morte dos inocentes:Deus por que te calas? - Vida Crist\u00e3 - Franciscanos\" \/>\n<meta property=\"og:description\" content=\"Leonardo Boff\" \/>\n<meta property=\"og:url\" content=\"https:\/\/franciscanos.org.br\/vidacrista\/o-silencio-de-deus-e-a-morte-dos-inocentesdeus-por-que-te-calas\/\" \/>\n<meta property=\"og:site_name\" content=\"Vida Crist\u00e3 - Franciscanos\" \/>\n<meta property=\"article:published_time\" content=\"2024-04-15T14:50:52+00:00\" \/>\n<meta property=\"article:modified_time\" content=\"2024-05-01T21:06:07+00:00\" \/>\n<meta property=\"og:image\" content=\"https:\/\/franciscanos.org.br\/vidacrista\/wp-content\/uploads\/2024\/04\/FREI-LEONARDO-BOFF-scaled.jpg\" \/>\n\t<meta property=\"og:image:width\" content=\"1920\" \/>\n\t<meta property=\"og:image:height\" content=\"1076\" \/>\n\t<meta property=\"og:image:type\" content=\"image\/jpeg\" \/>\n<meta name=\"author\" content=\"Adriana Rabelo\" \/>\n<meta name=\"twitter:card\" content=\"summary_large_image\" \/>\n<meta name=\"twitter:label1\" content=\"Escrito por\" \/>\n\t<meta name=\"twitter:data1\" content=\"Adriana Rabelo\" \/>\n\t<meta name=\"twitter:label2\" content=\"Est. tempo de leitura\" \/>\n\t<meta name=\"twitter:data2\" content=\"4 minutos\" \/>\n<script type=\"application\/ld+json\" class=\"yoast-schema-graph\">{\"@context\":\"https:\/\/schema.org\",\"@graph\":[{\"@type\":\"WebSite\",\"@id\":\"https:\/\/franciscanos.org.br\/vidacrista\/#website\",\"url\":\"https:\/\/franciscanos.org.br\/vidacrista\/\",\"name\":\"Vida Crist\u00e3 - Franciscanos\",\"description\":\"Prov\u00edncia Franciscana da Imaculada Concei\u00e7\u00e3o do Brasil - Ordem dos Frades Menores\",\"potentialAction\":[{\"@type\":\"SearchAction\",\"target\":{\"@type\":\"EntryPoint\",\"urlTemplate\":\"https:\/\/franciscanos.org.br\/vidacrista\/?s={search_term_string}\"},\"query-input\":\"required name=search_term_string\"}],\"inLanguage\":\"pt-BR\"},{\"@type\":\"WebPage\",\"@id\":\"https:\/\/franciscanos.org.br\/vidacrista\/o-silencio-de-deus-e-a-morte-dos-inocentesdeus-por-que-te-calas\/\",\"url\":\"https:\/\/franciscanos.org.br\/vidacrista\/o-silencio-de-deus-e-a-morte-dos-inocentesdeus-por-que-te-calas\/\",\"name\":\"O sil\u00eancio de Deus e a morte dos inocentes:Deus por que te calas? - Vida Crist\u00e3 - Franciscanos\",\"isPartOf\":{\"@id\":\"https:\/\/franciscanos.org.br\/vidacrista\/#website\"},\"datePublished\":\"2024-04-15T14:50:52+00:00\",\"dateModified\":\"2024-05-01T21:06:07+00:00\",\"author\":{\"@id\":\"https:\/\/franciscanos.org.br\/vidacrista\/#\/schema\/person\/a0cbb2edfc0aecf8ac498802d1cb57b5\"},\"breadcrumb\":{\"@id\":\"https:\/\/franciscanos.org.br\/vidacrista\/o-silencio-de-deus-e-a-morte-dos-inocentesdeus-por-que-te-calas\/#breadcrumb\"},\"inLanguage\":\"pt-BR\",\"potentialAction\":[{\"@type\":\"ReadAction\",\"target\":[\"https:\/\/franciscanos.org.br\/vidacrista\/o-silencio-de-deus-e-a-morte-dos-inocentesdeus-por-que-te-calas\/\"]}]},{\"@type\":\"BreadcrumbList\",\"@id\":\"https:\/\/franciscanos.org.br\/vidacrista\/o-silencio-de-deus-e-a-morte-dos-inocentesdeus-por-que-te-calas\/#breadcrumb\",\"itemListElement\":[{\"@type\":\"ListItem\",\"position\":1,\"name\":\"Home\",\"item\":\"https:\/\/franciscanos.org.br\/vidacrista\/\"},{\"@type\":\"ListItem\",\"position\":2,\"name\":\"O sil\u00eancio de Deus e a morte dos inocentes:Deus por que te calas?\"}]},{\"@type\":\"Person\",\"@id\":\"https:\/\/franciscanos.org.br\/vidacrista\/#\/schema\/person\/a0cbb2edfc0aecf8ac498802d1cb57b5\",\"name\":\"Adriana Rabelo\",\"image\":{\"@type\":\"ImageObject\",\"inLanguage\":\"pt-BR\",\"@id\":\"https:\/\/franciscanos.org.br\/vidacrista\/#\/schema\/person\/image\/\",\"url\":\"https:\/\/secure.gravatar.com\/avatar\/0a937b7500cd7df77540cfb8bede877d?s=96&d=mm&r=g\",\"contentUrl\":\"https:\/\/secure.gravatar.com\/avatar\/0a937b7500cd7df77540cfb8bede877d?s=96&d=mm&r=g\",\"caption\":\"Adriana Rabelo\"},\"url\":\"https:\/\/franciscanos.org.br\/vidacrista\/author\/adrianarabelo\/\"}]}<\/script>\n<!-- \/ Yoast SEO plugin. -->","yoast_head_json":{"title":"O sil\u00eancio de Deus e a morte dos inocentes:Deus por que te calas? - Vida Crist\u00e3 - Franciscanos","robots":{"index":"index","follow":"follow","max-snippet":"max-snippet:-1","max-image-preview":"max-image-preview:large","max-video-preview":"max-video-preview:-1"},"canonical":"https:\/\/franciscanos.org.br\/vidacrista\/o-silencio-de-deus-e-a-morte-dos-inocentesdeus-por-que-te-calas\/","og_locale":"pt_BR","og_type":"article","og_title":"O sil\u00eancio de Deus e a morte dos inocentes:Deus por que te calas? - Vida Crist\u00e3 - Franciscanos","og_description":"Leonardo Boff","og_url":"https:\/\/franciscanos.org.br\/vidacrista\/o-silencio-de-deus-e-a-morte-dos-inocentesdeus-por-que-te-calas\/","og_site_name":"Vida Crist\u00e3 - Franciscanos","article_published_time":"2024-04-15T14:50:52+00:00","article_modified_time":"2024-05-01T21:06:07+00:00","og_image":[{"width":1920,"height":1076,"url":"https:\/\/franciscanos.org.br\/vidacrista\/wp-content\/uploads\/2024\/04\/FREI-LEONARDO-BOFF-scaled.jpg","type":"image\/jpeg"}],"author":"Adriana Rabelo","twitter_card":"summary_large_image","twitter_misc":{"Escrito por":"Adriana Rabelo","Est. tempo de leitura":"4 minutos"},"schema":{"@context":"https:\/\/schema.org","@graph":[{"@type":"WebSite","@id":"https:\/\/franciscanos.org.br\/vidacrista\/#website","url":"https:\/\/franciscanos.org.br\/vidacrista\/","name":"Vida Crist\u00e3 - Franciscanos","description":"Prov\u00edncia Franciscana da Imaculada Concei\u00e7\u00e3o do Brasil - Ordem dos Frades Menores","potentialAction":[{"@type":"SearchAction","target":{"@type":"EntryPoint","urlTemplate":"https:\/\/franciscanos.org.br\/vidacrista\/?s={search_term_string}"},"query-input":"required name=search_term_string"}],"inLanguage":"pt-BR"},{"@type":"WebPage","@id":"https:\/\/franciscanos.org.br\/vidacrista\/o-silencio-de-deus-e-a-morte-dos-inocentesdeus-por-que-te-calas\/","url":"https:\/\/franciscanos.org.br\/vidacrista\/o-silencio-de-deus-e-a-morte-dos-inocentesdeus-por-que-te-calas\/","name":"O sil\u00eancio de Deus e a morte dos inocentes:Deus por que te calas? - Vida Crist\u00e3 - Franciscanos","isPartOf":{"@id":"https:\/\/franciscanos.org.br\/vidacrista\/#website"},"datePublished":"2024-04-15T14:50:52+00:00","dateModified":"2024-05-01T21:06:07+00:00","author":{"@id":"https:\/\/franciscanos.org.br\/vidacrista\/#\/schema\/person\/a0cbb2edfc0aecf8ac498802d1cb57b5"},"breadcrumb":{"@id":"https:\/\/franciscanos.org.br\/vidacrista\/o-silencio-de-deus-e-a-morte-dos-inocentesdeus-por-que-te-calas\/#breadcrumb"},"inLanguage":"pt-BR","potentialAction":[{"@type":"ReadAction","target":["https:\/\/franciscanos.org.br\/vidacrista\/o-silencio-de-deus-e-a-morte-dos-inocentesdeus-por-que-te-calas\/"]}]},{"@type":"BreadcrumbList","@id":"https:\/\/franciscanos.org.br\/vidacrista\/o-silencio-de-deus-e-a-morte-dos-inocentesdeus-por-que-te-calas\/#breadcrumb","itemListElement":[{"@type":"ListItem","position":1,"name":"Home","item":"https:\/\/franciscanos.org.br\/vidacrista\/"},{"@type":"ListItem","position":2,"name":"O sil\u00eancio de Deus e a morte dos inocentes:Deus por que te calas?"}]},{"@type":"Person","@id":"https:\/\/franciscanos.org.br\/vidacrista\/#\/schema\/person\/a0cbb2edfc0aecf8ac498802d1cb57b5","name":"Adriana Rabelo","image":{"@type":"ImageObject","inLanguage":"pt-BR","@id":"https:\/\/franciscanos.org.br\/vidacrista\/#\/schema\/person\/image\/","url":"https:\/\/secure.gravatar.com\/avatar\/0a937b7500cd7df77540cfb8bede877d?s=96&d=mm&r=g","contentUrl":"https:\/\/secure.gravatar.com\/avatar\/0a937b7500cd7df77540cfb8bede877d?s=96&d=mm&r=g","caption":"Adriana Rabelo"},"url":"https:\/\/franciscanos.org.br\/vidacrista\/author\/adrianarabelo\/"}]}},"_links":{"self":[{"href":"https:\/\/franciscanos.org.br\/vidacrista\/wp-json\/wp\/v2\/posts\/194501"}],"collection":[{"href":"https:\/\/franciscanos.org.br\/vidacrista\/wp-json\/wp\/v2\/posts"}],"about":[{"href":"https:\/\/franciscanos.org.br\/vidacrista\/wp-json\/wp\/v2\/types\/post"}],"author":[{"embeddable":true,"href":"https:\/\/franciscanos.org.br\/vidacrista\/wp-json\/wp\/v2\/users\/10"}],"replies":[{"embeddable":true,"href":"https:\/\/franciscanos.org.br\/vidacrista\/wp-json\/wp\/v2\/comments?post=194501"}],"version-history":[{"count":2,"href":"https:\/\/franciscanos.org.br\/vidacrista\/wp-json\/wp\/v2\/posts\/194501\/revisions"}],"predecessor-version":[{"id":194555,"href":"https:\/\/franciscanos.org.br\/vidacrista\/wp-json\/wp\/v2\/posts\/194501\/revisions\/194555"}],"wp:featuredmedia":[{"embeddable":true,"href":"https:\/\/franciscanos.org.br\/vidacrista\/wp-json\/wp\/v2\/media\/194502"}],"wp:attachment":[{"href":"https:\/\/franciscanos.org.br\/vidacrista\/wp-json\/wp\/v2\/media?parent=194501"}],"wp:term":[{"taxonomy":"category","embeddable":true,"href":"https:\/\/franciscanos.org.br\/vidacrista\/wp-json\/wp\/v2\/categories?post=194501"},{"taxonomy":"post_tag","embeddable":true,"href":"https:\/\/franciscanos.org.br\/vidacrista\/wp-json\/wp\/v2\/tags?post=194501"}],"curies":[{"name":"wp","href":"https:\/\/api.w.org\/{rel}","templated":true}]}}