{"id":194393,"date":"2024-03-01T09:09:40","date_gmt":"2024-03-01T12:09:40","guid":{"rendered":"https:\/\/franciscanos.org.br\/vidacrista\/?p=194393"},"modified":"2024-05-01T18:14:01","modified_gmt":"2024-05-01T21:14:01","slug":"quaresma-conversao-a-fraternidade-e-a-amizade-social","status":"publish","type":"post","link":"https:\/\/franciscanos.org.br\/vidacrista\/quaresma-conversao-a-fraternidade-e-a-amizade-social\/","title":{"rendered":"\u00a0Quaresma, convers\u00e3o \u00e0 Fraternidade e \u00e0 Amizade Social"},"content":{"rendered":"<p><img decoding=\"async\" loading=\"lazy\" class=\"aligncenter wp-image-194396 size-full\" src=\"https:\/\/franciscanos.org.br\/vidacrista\/wp-content\/uploads\/2024\/03\/Sem-Titulo-2.jpg\" alt=\"\" width=\"1280\" height=\"720\" srcset=\"https:\/\/franciscanos.org.br\/vidacrista\/wp-content\/uploads\/2024\/03\/Sem-Titulo-2.jpg 1280w, https:\/\/franciscanos.org.br\/vidacrista\/wp-content\/uploads\/2024\/03\/Sem-Titulo-2-450x253.jpg 450w, https:\/\/franciscanos.org.br\/vidacrista\/wp-content\/uploads\/2024\/03\/Sem-Titulo-2-1024x576.jpg 1024w, https:\/\/franciscanos.org.br\/vidacrista\/wp-content\/uploads\/2024\/03\/Sem-Titulo-2-768x432.jpg 768w, https:\/\/franciscanos.org.br\/vidacrista\/wp-content\/uploads\/2024\/03\/Sem-Titulo-2-150x84.jpg 150w\" sizes=\"(max-width: 1280px) 100vw, 1280px\" \/><\/p>\n<p><strong>\u201cTodos v\u00f3s sois irm\u00e3os e irm\u00e3s\u201d<\/strong><\/p>\n<p>A Campanha da Fraternidade deste ano coloca em evid\u00eancia a import\u00e2ncia da \u201cFraternidade e Amizade Social\u201d, assim como nos vem apresentado pelo Papa Francisco na Enc\u00edclica Fratelli Tutti. Fraternidade e amizade social \u00e9 um sonho, uma provoca\u00e7\u00e3o e convite \u00e0 convers\u00e3o quando nos deparamos com tantos males que afetam a paz da humanidade e a harmonia de toda a cria\u00e7\u00e3o.<\/p>\n<p>Sabemos que todas as formas de discrimina\u00e7\u00e3o e exclus\u00e3o, de domina\u00e7\u00e3o e sede de poder, de autorreferencialidade e autossufici\u00eancia, de competi\u00e7\u00e3o e meritocracia, de constru\u00e7\u00e3o de muros e \u00f3dios etnorraciais, de descarte e cultura de armas, de bullying e abusos, etc., atentam contra o dom mais precioso que \u00e9 a fraternidade e a amizade social, vistas como harmonia perfeita das criaturas com o Criador e das criaturas entre si, da forma como a Cria\u00e7\u00e3o foi concebida na sua originalidade: \u201cDeus viu tudo quanto havia feito e achou que estava muito bom\u201d (Gn 1,31).<\/p>\n<p>Jesus, ao anunciar o Reino de Deus, tamb\u00e9m se depara com gritantes desigualdades e exclus\u00f5es como, por exemplo, a arrog\u00e2ncia autorit\u00e1ria dos escribas e fariseus. Na sua miss\u00e3o evangelizadora, numa breve senten\u00e7a que resume um ideal de vida, Jesus apresenta aos disc\u00edpulos um comportamento novo, centrado na autoridade do \u00fanico Pai, Mestre e Guia, e convida a humanidade a recriar novas rela\u00e7\u00f5es fraternas: \u201cTodos v\u00f3s sois irm\u00e3os\u201d (Mt 23,8). Assim, de diferentes modos, principalmente nas imagens e par\u00e1bolas dos banquetes, perpassa a concep\u00e7\u00e3o da inclus\u00e3o fraterna de todas as pessoas.<\/p>\n<p>A resposta e pergunta cruel de Caim, ao ser interrogado por Deus acerca do irm\u00e3o por ele assassinado, \u201cpor acaso sou o guarda do meu irm\u00e3o?\u201d (Gn 4,9), se repete no tempo de Jesus na dureza de cora\u00e7\u00e3o do doutor da Lei ao justificar-se diante das exig\u00eancias radicais do mandamento do amor que o interpelavam a ir para al\u00e9m do \u201cpr\u00f3ximo\u201d do seu cercadinho: \u201cE quem \u00e9 o meu pr\u00f3ximo?\u201d (Lc 10,29). Por isso, o<\/p>\n<p>paradigma do Bom Samaritano, na par\u00e1bola de Jesus, evoca atitudes e disposi\u00e7\u00f5es permanentes para se construir a verdadeira Fraternidade e Amizade Social: ver, sentir compaix\u00e3o, cuidar&#8230;Assim, \u201camar o teu pr\u00f3ximo como a ti mesmo\u201d (Lc 10,27) s\u00f3 \u00e9 poss\u00edvel quando a humanidade passa a acreditar que \u201ctodos somos irm\u00e3os e irm\u00e3s\u201d.<\/p>\n<p>S\u00e3o Francisco de Assis, na Idade M\u00e9dia, tamb\u00e9m experimentou o oposto da fraternidade e da amizade social, a come\u00e7ar pela guerra entre Assis e Perusa da qual participou e, ao ser derrotado, experimentou a amargura do c\u00e1rcere. Ele n\u00e3o estava isento dos conflitos sociais existentes entre nobres e plebeus. Armou-se fortemente para guerrear na Ap\u00falia. Resistiu e teve avers\u00e3o \u00e0queles que lhe causavam amargor e medo: os leprosos. Acompanhou e viu de perto o \u00f3dio rec\u00edproco de uma \u201cguerra santa\u201d entre crist\u00e3os e mu\u00e7ulmanos. Ouviu relatos acerca do desprezo, preconceito, \u00f3dio e o mart\u00edrio que os frades sofreram ao atravessarem as fronteiras da It\u00e1lia para ir em miss\u00e3o em terras estrangeiras (Alemanha, Hungria e Marrocos). Viu e ouviu a prepot\u00eancia dos soldados que abusavam do poder. Condenou a gan\u00e2ncia humana pelo poder, inclusive dentro da Igreja, repropondo o exemplo de Cristo no lava-p\u00e9s.<\/p>\n<p>Por outro lado, depois de experimentar em si a presen\u00e7a amorosa e misericordiosa de Deus, o Pobre de Assis passou a contemplar a vida com o ocular da ternura e do afeto, tornando-se o arauto do Grande Rei e do amor humano, onde a fraternidade passa a ser o valor mais precioso a ser constru\u00eddo. Os qualificativos dados a Frei Bernardo na sua chegada e acolhida na Ordem (cf. 1Cel 24,8), vale para Clara de Assis, Frei Le\u00e3o, In\u00eas de Assis, Frei Elias, Fra Jacoba, Luquesio e Buonadona e demais companheiros e companheiras. Cada pessoa, por ser irm\u00e3o e irm\u00e3, \u00e9 pessoa de grande valor \u2013 \u201ct\u00e3o grande homem\u201d \u2013 porque feita \u00e0 imagem e semelhan\u00e7a de Deus; \u00e9 \u201ccompanheiro necess\u00e1rio\u201d porque \u201cjuntos se constroem os sonhos enquanto sozinhos corremos o risco de ter miragens, de ver aquilo que n\u00e3o existe\u201d, nos lembra o Papa Francisco (Fratelli Tutti 8); \u00e9 \u201camigo fiel\u201d porque na amizade aprimoramos e plenificamos a riqueza dos nossos relacionamentos humanos.<\/p>\n<p>A fraternidade sonhada e querida por S\u00e3o Francisco \u00e9 antes de tudo a acolhida do amor de Deus e a restitui\u00e7\u00e3o desse amor por parte de toda a Cria\u00e7\u00e3o: \u201cLouvado sejas, meu Senhor, com todas as tuas criaturas\u201d (Cnt 2). Por isso, em suas ora\u00e7\u00f5es, no ritmo do salmista b\u00edblico, ele n\u00e3o se cansa em convidar a Cria\u00e7\u00e3o inteira a louvar<\/p>\n<p>o Criador: \u201cObras todas do Senhor, bendizei o Senhor Deus. E louvemo-lo e superexaltemo-lo pelos s\u00e9culos\u201d (LD 5). Da mesma forma, quando o Santo de Assis nos convida a refletir acerca da grandeza da nossa condi\u00e7\u00e3o de criaturas feitas \u00e0 imagem e semelhan\u00e7a de Deus, n\u00e3o ignora que o pecado do orgulho nos desloca do sonho divino de sermos irm\u00e3os, amigos e fraternos entre n\u00f3s e com toda a cria\u00e7\u00e3o: \u201cTodas as criaturas que h\u00e1 sob o c\u00e9u, \u00e0 sua maneira, servem, reconhecem e obedecem ao seu Criador melhor do que tu\u201d (Ad 5,1-2). O servir, reconhecer e obedecer a Deus s\u00f3 s\u00e3o verdadeiros quando os mesmos verbos s\u00e3o conjugados no cotidiano das nossas rela\u00e7\u00f5es fraternas, e com a mesma intensidade e atitudes do samaritano em rela\u00e7\u00e3o ao seu pr\u00f3ximo: ver, sentir compaix\u00e3o e cuidar.<\/p>\n<p>O texto-base da Campanha da Fraternidade, no III Cap\u00edtulo, ao propor a a\u00e7\u00e3o (agir), busca a inspira\u00e7\u00e3o no profeta Isa\u00edas: \u201cAlarga o espa\u00e7o da tua tenda\u201d (Is 54,2-4). N\u00e3o \u00e9 aqui o lugar de repetir as a\u00e7\u00f5es propostas a cada pessoa (minha tenda), grupos, comunidades e institui\u00e7\u00f5es (nossa tenda). Quero simplesmente concluir esta medita\u00e7\u00e3o e convid\u00e1-lo a abra\u00e7ar as mesmas a\u00e7\u00f5es e aprofund\u00e1-las. Alargar o espa\u00e7o da nossa tenda faz parte da din\u00e2mica da nossa voca\u00e7\u00e3o e miss\u00e3o:<\/p>\n<ul>\n<li>Alargar o espa\u00e7o da tenda na proposta mission\u00e1ria: \u201cIde,car\u00edssimos, dois a dois, pelas diversas partes do mundo, anunciando aos homens a paz e a penit\u00eancia para a remiss\u00e3o dos pecados\u201d (Cf. 1Cel 29,3).<\/li>\n<li>Alargar o espa\u00e7o da tenda pobre e ampla: quando interpelados pela Senhora Pobreza a terem coragem de mostrar o sem-limite da nossa clausura, S\u00e3o Francisco e companheiros, \u201cconduzindo-a a uma colina, mostraram-lhe todo o orbe que podiam ver, dizendo: \u2018Senhora. Este \u00e9 o nosso claustro\u2019\u201d (Al 30,25).<\/li>\n<li>Alargar o espa\u00e7o da tenda na nossa identidade: porque identificados como \u201cpobres do Crucificado\u201d que peregrinam pelas cidades e aldeias, percorrendo a \u201camplid\u00e3o de t\u00e3o espa\u00e7oso claustro\u201d que \u201cn\u00e3o conv\u00e9m aos fracos e imperfeitos\u201d (J. Vitry, Ordem e prega\u00e7\u00e3o dos Frades Menores).<\/li>\n<li>Alargar o espa\u00e7o da tenda na nossa linguajem: \u201cNas prega\u00e7\u00f5es que fazem, seja a linguagem examinada e casta, para a utilidade e edifica\u00e7\u00e3o do povo\u201d (RB 9).<\/li>\n<li>Alargar o espa\u00e7o da tenda de pobres peregrinos: \u201cComo peregrinos e forasteiros nesse mundo&#8230; mostrem-se mutuamente familiares entre si\u201d (RB 6).<\/li>\n<li>Alargar o espa\u00e7o da tenda no alegre acolhimento de todos: \u201cE devem alegrar-se quando conviverem entre pessoas insignificantes e desprezadas, entre pobres, fracos, enfermos e leprosos e os que mendigam pela rua\u201d (RnB 9,2).<\/li>\n<li>Alargar o espa\u00e7o da tenda da fraternidade: \u201cDevem acautelar-se para n\u00e3o se irar ou se perturbar por causa do pecado de algu\u00e9m, porque a ira e a perturba\u00e7\u00e3o impedem a caridade em si e nos outros\u201d (RB 7,4).<\/li>\n<li>Alargar o espa\u00e7o da tenda da amizade: \u201cN\u00e3o briguem entre si nem com os outros, mas procurem responder humildemente, dizendo: sou servo in\u00fatil&#8230; E amem-se uns aos outros, como diz o Senhor: Este \u00e9 o meu mandamento\u2026 E mostrem por obras o amor que t\u00eam uns aos outros&#8230; N\u00e3o murmurem nem difamem os outros&#8230; N\u00e3o julguem, n\u00e3o condenem\u201d (cf. RnB 11).<\/li>\n<\/ul>\n<p>O alargado espa\u00e7o da tenda da fraternidade e da amizade, poderia contemplar esta bel\u00edssima descri\u00e7\u00e3o de Frei Tom\u00e1s de Celano: \u201cQuando se reuniam em algum lugar, ou quando se encontravam na estrada, reacendia-se o fogo do amor espiritual, espargindo suas sementes de amizade verdadeira sobre todo o amor. E como? Com castos abra\u00e7os, com terno afeto, com \u00f3sculos santos, uma conversa amiga, sorrisos modestos, semblante alegre, olhar simples, \u00e2nimo suplicante, l\u00edngua moderada, respostas af\u00e1veis, o mesmo desejo, pronto obs\u00e9quio e disponibilidade incans\u00e1vel\u201d (1Cel 38).<\/p>\n<p>Para o louvor de Cristo, am\u00e9m!<\/p>\n<p>S\u00e3o Paulo, Quaresma de 2024.<\/p>\n<hr \/>\n<p>Frei Fid\u00eancio Vanboemmel, OFM<\/p>\n<p>Moderador da Forma\u00e7\u00e3o Permanente<\/p>\n","protected":false},"excerpt":{"rendered":"<p>Frei Fid\u00eancio Vanboemmel<\/p>\n","protected":false},"author":9,"featured_media":194396,"comment_status":"open","ping_status":"open","sticky":false,"template":"","format":"standard","meta":{"footnotes":""},"categories":[26],"tags":[40,388,255],"yoast_head":"<!-- This site is optimized with the Yoast SEO plugin v19.4 - https:\/\/yoast.com\/wordpress\/plugins\/seo\/ -->\n<title>\u00a0Quaresma, convers\u00e3o \u00e0 Fraternidade e \u00e0 Amizade Social - Vida Crist\u00e3 - Franciscanos<\/title>\n<meta name=\"robots\" content=\"index, follow, max-snippet:-1, max-image-preview:large, max-video-preview:-1\" \/>\n<link rel=\"canonical\" href=\"https:\/\/franciscanos.org.br\/vidacrista\/quaresma-conversao-a-fraternidade-e-a-amizade-social\/\" \/>\n<meta property=\"og:locale\" content=\"pt_BR\" \/>\n<meta property=\"og:type\" content=\"article\" \/>\n<meta property=\"og:title\" content=\"\u00a0Quaresma, convers\u00e3o \u00e0 Fraternidade e \u00e0 Amizade Social - Vida Crist\u00e3 - Franciscanos\" \/>\n<meta property=\"og:description\" content=\"Frei Fid\u00eancio Vanboemmel\" \/>\n<meta property=\"og:url\" content=\"https:\/\/franciscanos.org.br\/vidacrista\/quaresma-conversao-a-fraternidade-e-a-amizade-social\/\" \/>\n<meta property=\"og:site_name\" content=\"Vida Crist\u00e3 - Franciscanos\" \/>\n<meta property=\"article:published_time\" content=\"2024-03-01T12:09:40+00:00\" \/>\n<meta property=\"article:modified_time\" content=\"2024-05-01T21:14:01+00:00\" \/>\n<meta property=\"og:image\" content=\"https:\/\/franciscanos.org.br\/vidacrista\/wp-content\/uploads\/2024\/03\/Sem-Titulo-2.jpg\" \/>\n\t<meta property=\"og:image:width\" content=\"1280\" \/>\n\t<meta property=\"og:image:height\" content=\"720\" \/>\n\t<meta property=\"og:image:type\" content=\"image\/jpeg\" \/>\n<meta name=\"author\" content=\"Jo\u00e3o Vitor\" \/>\n<meta name=\"twitter:card\" content=\"summary_large_image\" \/>\n<meta name=\"twitter:label1\" content=\"Escrito por\" \/>\n\t<meta name=\"twitter:data1\" content=\"Jo\u00e3o Vitor\" \/>\n\t<meta name=\"twitter:label2\" content=\"Est. tempo de leitura\" \/>\n\t<meta name=\"twitter:data2\" content=\"7 minutos\" \/>\n<script type=\"application\/ld+json\" class=\"yoast-schema-graph\">{\"@context\":\"https:\/\/schema.org\",\"@graph\":[{\"@type\":\"WebSite\",\"@id\":\"https:\/\/franciscanos.org.br\/vidacrista\/#website\",\"url\":\"https:\/\/franciscanos.org.br\/vidacrista\/\",\"name\":\"Vida Crist\u00e3 - Franciscanos\",\"description\":\"Prov\u00edncia Franciscana da Imaculada Concei\u00e7\u00e3o do Brasil - Ordem dos Frades Menores\",\"potentialAction\":[{\"@type\":\"SearchAction\",\"target\":{\"@type\":\"EntryPoint\",\"urlTemplate\":\"https:\/\/franciscanos.org.br\/vidacrista\/?s={search_term_string}\"},\"query-input\":\"required name=search_term_string\"}],\"inLanguage\":\"pt-BR\"},{\"@type\":\"WebPage\",\"@id\":\"https:\/\/franciscanos.org.br\/vidacrista\/quaresma-conversao-a-fraternidade-e-a-amizade-social\/\",\"url\":\"https:\/\/franciscanos.org.br\/vidacrista\/quaresma-conversao-a-fraternidade-e-a-amizade-social\/\",\"name\":\"\u00a0Quaresma, convers\u00e3o \u00e0 Fraternidade e \u00e0 Amizade Social - Vida Crist\u00e3 - Franciscanos\",\"isPartOf\":{\"@id\":\"https:\/\/franciscanos.org.br\/vidacrista\/#website\"},\"datePublished\":\"2024-03-01T12:09:40+00:00\",\"dateModified\":\"2024-05-01T21:14:01+00:00\",\"author\":{\"@id\":\"https:\/\/franciscanos.org.br\/vidacrista\/#\/schema\/person\/d9f9482315d3f26b8e1be15d5fc373f1\"},\"breadcrumb\":{\"@id\":\"https:\/\/franciscanos.org.br\/vidacrista\/quaresma-conversao-a-fraternidade-e-a-amizade-social\/#breadcrumb\"},\"inLanguage\":\"pt-BR\",\"potentialAction\":[{\"@type\":\"ReadAction\",\"target\":[\"https:\/\/franciscanos.org.br\/vidacrista\/quaresma-conversao-a-fraternidade-e-a-amizade-social\/\"]}]},{\"@type\":\"BreadcrumbList\",\"@id\":\"https:\/\/franciscanos.org.br\/vidacrista\/quaresma-conversao-a-fraternidade-e-a-amizade-social\/#breadcrumb\",\"itemListElement\":[{\"@type\":\"ListItem\",\"position\":1,\"name\":\"Home\",\"item\":\"https:\/\/franciscanos.org.br\/vidacrista\/\"},{\"@type\":\"ListItem\",\"position\":2,\"name\":\"\u00a0Quaresma, convers\u00e3o \u00e0 Fraternidade e \u00e0 Amizade Social\"}]},{\"@type\":\"Person\",\"@id\":\"https:\/\/franciscanos.org.br\/vidacrista\/#\/schema\/person\/d9f9482315d3f26b8e1be15d5fc373f1\",\"name\":\"Jo\u00e3o Vitor\",\"image\":{\"@type\":\"ImageObject\",\"inLanguage\":\"pt-BR\",\"@id\":\"https:\/\/franciscanos.org.br\/vidacrista\/#\/schema\/person\/image\/\",\"url\":\"https:\/\/secure.gravatar.com\/avatar\/10ba5c9713e0c323617b4309a19e3a46?s=96&d=mm&r=g\",\"contentUrl\":\"https:\/\/secure.gravatar.com\/avatar\/10ba5c9713e0c323617b4309a19e3a46?s=96&d=mm&r=g\",\"caption\":\"Jo\u00e3o Vitor\"},\"url\":\"https:\/\/franciscanos.org.br\/vidacrista\/author\/joaovitor\/\"}]}<\/script>\n<!-- \/ Yoast SEO plugin. -->","yoast_head_json":{"title":"\u00a0Quaresma, convers\u00e3o \u00e0 Fraternidade e \u00e0 Amizade Social - Vida Crist\u00e3 - Franciscanos","robots":{"index":"index","follow":"follow","max-snippet":"max-snippet:-1","max-image-preview":"max-image-preview:large","max-video-preview":"max-video-preview:-1"},"canonical":"https:\/\/franciscanos.org.br\/vidacrista\/quaresma-conversao-a-fraternidade-e-a-amizade-social\/","og_locale":"pt_BR","og_type":"article","og_title":"\u00a0Quaresma, convers\u00e3o \u00e0 Fraternidade e \u00e0 Amizade Social - Vida Crist\u00e3 - Franciscanos","og_description":"Frei Fid\u00eancio Vanboemmel","og_url":"https:\/\/franciscanos.org.br\/vidacrista\/quaresma-conversao-a-fraternidade-e-a-amizade-social\/","og_site_name":"Vida Crist\u00e3 - Franciscanos","article_published_time":"2024-03-01T12:09:40+00:00","article_modified_time":"2024-05-01T21:14:01+00:00","og_image":[{"width":1280,"height":720,"url":"https:\/\/franciscanos.org.br\/vidacrista\/wp-content\/uploads\/2024\/03\/Sem-Titulo-2.jpg","type":"image\/jpeg"}],"author":"Jo\u00e3o Vitor","twitter_card":"summary_large_image","twitter_misc":{"Escrito por":"Jo\u00e3o Vitor","Est. tempo de leitura":"7 minutos"},"schema":{"@context":"https:\/\/schema.org","@graph":[{"@type":"WebSite","@id":"https:\/\/franciscanos.org.br\/vidacrista\/#website","url":"https:\/\/franciscanos.org.br\/vidacrista\/","name":"Vida Crist\u00e3 - Franciscanos","description":"Prov\u00edncia Franciscana da Imaculada Concei\u00e7\u00e3o do Brasil - Ordem dos Frades Menores","potentialAction":[{"@type":"SearchAction","target":{"@type":"EntryPoint","urlTemplate":"https:\/\/franciscanos.org.br\/vidacrista\/?s={search_term_string}"},"query-input":"required name=search_term_string"}],"inLanguage":"pt-BR"},{"@type":"WebPage","@id":"https:\/\/franciscanos.org.br\/vidacrista\/quaresma-conversao-a-fraternidade-e-a-amizade-social\/","url":"https:\/\/franciscanos.org.br\/vidacrista\/quaresma-conversao-a-fraternidade-e-a-amizade-social\/","name":"\u00a0Quaresma, convers\u00e3o \u00e0 Fraternidade e \u00e0 Amizade Social - Vida Crist\u00e3 - Franciscanos","isPartOf":{"@id":"https:\/\/franciscanos.org.br\/vidacrista\/#website"},"datePublished":"2024-03-01T12:09:40+00:00","dateModified":"2024-05-01T21:14:01+00:00","author":{"@id":"https:\/\/franciscanos.org.br\/vidacrista\/#\/schema\/person\/d9f9482315d3f26b8e1be15d5fc373f1"},"breadcrumb":{"@id":"https:\/\/franciscanos.org.br\/vidacrista\/quaresma-conversao-a-fraternidade-e-a-amizade-social\/#breadcrumb"},"inLanguage":"pt-BR","potentialAction":[{"@type":"ReadAction","target":["https:\/\/franciscanos.org.br\/vidacrista\/quaresma-conversao-a-fraternidade-e-a-amizade-social\/"]}]},{"@type":"BreadcrumbList","@id":"https:\/\/franciscanos.org.br\/vidacrista\/quaresma-conversao-a-fraternidade-e-a-amizade-social\/#breadcrumb","itemListElement":[{"@type":"ListItem","position":1,"name":"Home","item":"https:\/\/franciscanos.org.br\/vidacrista\/"},{"@type":"ListItem","position":2,"name":"\u00a0Quaresma, convers\u00e3o \u00e0 Fraternidade e \u00e0 Amizade Social"}]},{"@type":"Person","@id":"https:\/\/franciscanos.org.br\/vidacrista\/#\/schema\/person\/d9f9482315d3f26b8e1be15d5fc373f1","name":"Jo\u00e3o Vitor","image":{"@type":"ImageObject","inLanguage":"pt-BR","@id":"https:\/\/franciscanos.org.br\/vidacrista\/#\/schema\/person\/image\/","url":"https:\/\/secure.gravatar.com\/avatar\/10ba5c9713e0c323617b4309a19e3a46?s=96&d=mm&r=g","contentUrl":"https:\/\/secure.gravatar.com\/avatar\/10ba5c9713e0c323617b4309a19e3a46?s=96&d=mm&r=g","caption":"Jo\u00e3o Vitor"},"url":"https:\/\/franciscanos.org.br\/vidacrista\/author\/joaovitor\/"}]}},"_links":{"self":[{"href":"https:\/\/franciscanos.org.br\/vidacrista\/wp-json\/wp\/v2\/posts\/194393"}],"collection":[{"href":"https:\/\/franciscanos.org.br\/vidacrista\/wp-json\/wp\/v2\/posts"}],"about":[{"href":"https:\/\/franciscanos.org.br\/vidacrista\/wp-json\/wp\/v2\/types\/post"}],"author":[{"embeddable":true,"href":"https:\/\/franciscanos.org.br\/vidacrista\/wp-json\/wp\/v2\/users\/9"}],"replies":[{"embeddable":true,"href":"https:\/\/franciscanos.org.br\/vidacrista\/wp-json\/wp\/v2\/comments?post=194393"}],"version-history":[{"count":4,"href":"https:\/\/franciscanos.org.br\/vidacrista\/wp-json\/wp\/v2\/posts\/194393\/revisions"}],"predecessor-version":[{"id":194564,"href":"https:\/\/franciscanos.org.br\/vidacrista\/wp-json\/wp\/v2\/posts\/194393\/revisions\/194564"}],"wp:featuredmedia":[{"embeddable":true,"href":"https:\/\/franciscanos.org.br\/vidacrista\/wp-json\/wp\/v2\/media\/194396"}],"wp:attachment":[{"href":"https:\/\/franciscanos.org.br\/vidacrista\/wp-json\/wp\/v2\/media?parent=194393"}],"wp:term":[{"taxonomy":"category","embeddable":true,"href":"https:\/\/franciscanos.org.br\/vidacrista\/wp-json\/wp\/v2\/categories?post=194393"},{"taxonomy":"post_tag","embeddable":true,"href":"https:\/\/franciscanos.org.br\/vidacrista\/wp-json\/wp\/v2\/tags?post=194393"}],"curies":[{"name":"wp","href":"https:\/\/api.w.org\/{rel}","templated":true}]}}