{"id":194372,"date":"2024-02-26T09:14:14","date_gmt":"2024-02-26T12:14:14","guid":{"rendered":"https:\/\/franciscanos.org.br\/vidacrista\/?p=194372"},"modified":"2024-05-01T18:15:04","modified_gmt":"2024-05-01T21:15:04","slug":"agente-da-amizade-social","status":"publish","type":"post","link":"https:\/\/franciscanos.org.br\/vidacrista\/agente-da-amizade-social\/","title":{"rendered":"Agente da amizade social"},"content":{"rendered":"<p><img decoding=\"async\" loading=\"lazy\" class=\"aligncenter wp-image-194373 size-full\" src=\"https:\/\/franciscanos.org.br\/vidacrista\/wp-content\/uploads\/2024\/02\/Sem-Titulo-1.png\" alt=\"\" width=\"1920\" height=\"1080\" srcset=\"https:\/\/franciscanos.org.br\/vidacrista\/wp-content\/uploads\/2024\/02\/Sem-Titulo-1.png 1920w, https:\/\/franciscanos.org.br\/vidacrista\/wp-content\/uploads\/2024\/02\/Sem-Titulo-1-450x253.png 450w, https:\/\/franciscanos.org.br\/vidacrista\/wp-content\/uploads\/2024\/02\/Sem-Titulo-1-1024x576.png 1024w, https:\/\/franciscanos.org.br\/vidacrista\/wp-content\/uploads\/2024\/02\/Sem-Titulo-1-768x432.png 768w, https:\/\/franciscanos.org.br\/vidacrista\/wp-content\/uploads\/2024\/02\/Sem-Titulo-1-1536x864.png 1536w, https:\/\/franciscanos.org.br\/vidacrista\/wp-content\/uploads\/2024\/02\/Sem-Titulo-1-150x84.png 150w\" sizes=\"(max-width: 1920px) 100vw, 1920px\" \/><\/p>\n<p><strong>Dom Walmor Oliveira de Azevedo<\/strong><\/p>\n<p>A Quaresma \u00e9 um caminho de convers\u00e3o e purifica\u00e7\u00e3o, possibilidade de fortalecer a interioridade humana, fragilizada pelas dificuldades cotidianas e pela realidade do pecado. O esfor\u00e7o para revestir o cora\u00e7\u00e3o com tecido de qualidade, \u00e0 altura de uma conduta cidad\u00e3 e crist\u00e3, inclui a ado\u00e7\u00e3o de novos prop\u00f3sitos que alavanquem o bem comum e a felicidade de cada dia. Neste ano, o horizonte do caminho quaresmal est\u00e1 estrelado por um convite instigante: cada pessoa se torne agente da amizade social, cultivando\u00a0 \u00a0rela\u00e7\u00f5es humanas mais qualificadas. Um percurso que contempla enfrentar preconceitos, discrimina\u00e7\u00f5es e desaven\u00e7as \u2013 males que desfiguram a identidade do ser humano, marcada pela filia\u00e7\u00e3o de todos ao mesmo Pai, irm\u00e3os e irm\u00e3s uns dos outros. Trata-se de nobre prop\u00f3sito, caminho de santifica\u00e7\u00e3o, com incid\u00eancias transformadoras em n\u00edveis muito profundos. Sinal de esperan\u00e7a para vencer cen\u00e1rios de exclus\u00f5es, persegui\u00e7\u00f5es e guerras \u2013 \u00e9 como se o mundo vivesse a terceira guerra mundial, em peda\u00e7os, nas palavras do Papa Francisco.<\/p>\n<p>V\u00e1lida para todos, sem exce\u00e7\u00e3o, \u00e9 a advert\u00eancia quanto ao risco de se adotar, patologicamente, a \u201cs\u00edndrome de Caim\u201d. A narrativa do Livro do G\u00eanesis, cap\u00edtulo quarto, tem \u00e1pice na pergunta de Deus, em di\u00e1logo com Caim: \u2018Onde est\u00e1 teu irm\u00e3o?\u2019 A resposta do assassino \u00e9 o extremo da indiferen\u00e7a e da crueldade de um cora\u00e7\u00e3o humano. Caim respondeu: \u2018N\u00e3o sei\u2019. E completa com a insol\u00eancia perversa de quem est\u00e1 enjaulado em si mesmo: \u2018Acaso sou guarda do meu irm\u00e3o?\u2019 Uma afronta a Deus, o Pai de todos, que s\u00e3o irm\u00e3os e irm\u00e3s uns dos outros. Com suas atitudes, Caim agrada ao maligno, tornando-se seu servo na calculista elimina\u00e7\u00e3o do outro, de seu irm\u00e3o, por orgulho, ci\u00fames e ressentimentos. O orgulho, o ci\u00fame e o ressentimento constituem perigos\u00edssimo risco com for\u00e7a para ampliar, diariamente, a inimizade entre as pessoas, inviabilizando a compet\u00eancia humana para o cuidado uns dos outros. S\u00e3o, pois, um veneno, com propriedades para eliminar, sorrateiramente, a capacidade para enxergar e reconhecer todo o bem recebido. Ao inv\u00e9s de reconhecer gestos de bondade, ocupa-se com estrat\u00e9gias de boicotes, com sil\u00eancios maliciosos que representam ataques, para que a maldade saia vitoriosa.<\/p>\n<p>Mesmo as mentes iluminadas, com discursos apreci\u00e1veis, podem estar contaminadas por ressentimentos e outros males, dedicando-se a revides, cultivando disputas. Um horizonte sombrio e amargo se configura, camuflando-se de razoabilidades e, consequentemente, prejudicando a abertura de novos ciclos. Cristaliza-se uma cegueira que n\u00e3o permite encontrar a via da reconcilia\u00e7\u00e3o. E sem essa via, torna-se mais distante a consolida\u00e7\u00e3o da amizade social, que n\u00e3o pode ser constru\u00edda simplesmente por palavras e frases de efeito. \u00c9 sempre essencial se lembrar do que Jesus, na sua maestria, recomenda aos seus disc\u00edpulos, no Serm\u00e3o da Montanha: estando a caminho de se fazer uma oferta a Deus, \u00e9 preciso lembrar se h\u00e1 algum sen\u00e3o no relacionamento com o semelhante. Se houver, deve-se deixar a oferta e, primeiramente, buscar se reconciliar com o irm\u00e3o. Acolher o ensinamento de Jesus \u00e9 reconhecer o valor da amizade social, dom a ser vivido por todos os seres humanos. Quem verdadeiramente aprende a li\u00e7\u00e3o do Mestre corrige rumos na constru\u00e7\u00e3o das rela\u00e7\u00f5es sociais, deixando-se guiar por uma luz que permite enxergar escolhas adequadas, fi\u00e9is ao princ\u00edpio da fraternidade universal, de modo sens\u00edvel, principalmente, \u00e0s urg\u00eancias dos mais pobres.<\/p>\n<p>Mudan\u00e7as profundas, radicais, sist\u00eamicas e globais, muito necess\u00e1rias, dependem da compet\u00eancia humana e espiritual para agir reconhecendo-se irm\u00e3o e irm\u00e3 uns dos outros. \u00a0Um reconhecimento que \u00e9 exig\u00eancia da f\u00e9 crist\u00e3, que ensina: todos t\u00eam a mesma dignidade, uma igualdade fundamental, conforme vem ensinando o magist\u00e9rio da Igreja Cat\u00f3lica. Cada pessoa tem uma alma racional, \u00e9 criada \u00e0 imagem de Deus, partilhando a mesma natureza de toda a humanidade, remida por Cristo, tendo o seu mesmo destino. \u00c9 preciso enfrentar a \u201cs\u00edndrome de Caim\u201d, que elimina vidas, contribuindo para disseminar, no mundo, agress\u00f5es e amea\u00e7as de todo tipo. O Papa Francisco alerta para o risco destrutivo da globaliza\u00e7\u00e3o da indiferen\u00e7a, advertindo sobre a insensibilidade diante daqueles que sofrem. Esta situa\u00e7\u00e3o tem se agravado em todos os ambientes e institui\u00e7\u00f5es. Para super\u00e1-la, \u00e9 preciso um grande mutir\u00e3o dedicado \u00e0 amizade social. Isto significa buscar recuperar o sentido de corresponsabilidade de uns pelos outros.<\/p>\n<p>Conclama-se ao cultivo do perd\u00e3o, para se priorizar a fraternidade. Sem avan\u00e7os na constru\u00e7\u00e3o da amizade social n\u00e3o se avan\u00e7ar\u00e1 na edifica\u00e7\u00e3o de uma civiliza\u00e7\u00e3o mais justa. O caminho da amizade social \u00e9 indispens\u00e1vel para facilitar di\u00e1logos, derrubando muros erguidos pela inimizade. Constitui, pois, itiner\u00e1rio para a liberdade de cada pessoa e da pr\u00f3pria humanidade. Um itiner\u00e1rio que, para ser trilhado, exige disponibilidade para tecer a reconcilia\u00e7\u00e3o, exercitar o perd\u00e3o \u2013 pr\u00e1ticas essenciais \u00e0 efetiva\u00e7\u00e3o de um novo tempo, compromissos de quem, de fato, \u00e9 agente da amizade social.<\/p>\n<hr \/>\n<p><em><strong>Dom Walmor Oliveira de Azevedo<\/strong>\u00a0\u00e9 Arcebispo metropolitano de Belo Horizonte<\/em><\/p>\n","protected":false},"excerpt":{"rendered":"<p>Dom Walmor Oliveira de Azevedo\u00a0<\/p>\n","protected":false},"author":9,"featured_media":194373,"comment_status":"open","ping_status":"open","sticky":false,"template":"","format":"standard","meta":{"footnotes":""},"categories":[26],"tags":[271],"yoast_head":"<!-- This site is optimized with the Yoast SEO plugin v19.4 - https:\/\/yoast.com\/wordpress\/plugins\/seo\/ -->\n<title>Agente da amizade social - Vida Crist\u00e3 - Franciscanos<\/title>\n<meta name=\"description\" content=\"Dom Walmor Oliveira de Azevedo\" \/>\n<meta name=\"robots\" content=\"index, follow, max-snippet:-1, max-image-preview:large, max-video-preview:-1\" \/>\n<link rel=\"canonical\" href=\"https:\/\/franciscanos.org.br\/vidacrista\/agente-da-amizade-social\/\" \/>\n<meta property=\"og:locale\" content=\"pt_BR\" \/>\n<meta property=\"og:type\" content=\"article\" \/>\n<meta property=\"og:title\" content=\"Agente da amizade social - Vida Crist\u00e3 - Franciscanos\" \/>\n<meta property=\"og:description\" content=\"Dom Walmor Oliveira de Azevedo\" \/>\n<meta property=\"og:url\" content=\"https:\/\/franciscanos.org.br\/vidacrista\/agente-da-amizade-social\/\" \/>\n<meta property=\"og:site_name\" content=\"Vida Crist\u00e3 - Franciscanos\" \/>\n<meta property=\"article:published_time\" content=\"2024-02-26T12:14:14+00:00\" \/>\n<meta property=\"article:modified_time\" content=\"2024-05-01T21:15:04+00:00\" \/>\n<meta property=\"og:image\" content=\"https:\/\/franciscanos.org.br\/vidacrista\/wp-content\/uploads\/2024\/02\/Sem-Titulo-1.png\" \/>\n\t<meta property=\"og:image:width\" content=\"1920\" \/>\n\t<meta property=\"og:image:height\" content=\"1080\" \/>\n\t<meta property=\"og:image:type\" content=\"image\/png\" \/>\n<meta name=\"author\" content=\"Jo\u00e3o Vitor\" \/>\n<meta name=\"twitter:card\" content=\"summary_large_image\" \/>\n<meta name=\"twitter:label1\" content=\"Escrito por\" \/>\n\t<meta name=\"twitter:data1\" content=\"Jo\u00e3o Vitor\" \/>\n\t<meta name=\"twitter:label2\" content=\"Est. tempo de leitura\" \/>\n\t<meta name=\"twitter:data2\" content=\"4 minutos\" \/>\n<script type=\"application\/ld+json\" class=\"yoast-schema-graph\">{\"@context\":\"https:\/\/schema.org\",\"@graph\":[{\"@type\":\"WebSite\",\"@id\":\"https:\/\/franciscanos.org.br\/vidacrista\/#website\",\"url\":\"https:\/\/franciscanos.org.br\/vidacrista\/\",\"name\":\"Vida Crist\u00e3 - Franciscanos\",\"description\":\"Prov\u00edncia Franciscana da Imaculada Concei\u00e7\u00e3o do Brasil - Ordem dos Frades Menores\",\"potentialAction\":[{\"@type\":\"SearchAction\",\"target\":{\"@type\":\"EntryPoint\",\"urlTemplate\":\"https:\/\/franciscanos.org.br\/vidacrista\/?s={search_term_string}\"},\"query-input\":\"required name=search_term_string\"}],\"inLanguage\":\"pt-BR\"},{\"@type\":\"WebPage\",\"@id\":\"https:\/\/franciscanos.org.br\/vidacrista\/agente-da-amizade-social\/\",\"url\":\"https:\/\/franciscanos.org.br\/vidacrista\/agente-da-amizade-social\/\",\"name\":\"Agente da amizade social - Vida Crist\u00e3 - Franciscanos\",\"isPartOf\":{\"@id\":\"https:\/\/franciscanos.org.br\/vidacrista\/#website\"},\"datePublished\":\"2024-02-26T12:14:14+00:00\",\"dateModified\":\"2024-05-01T21:15:04+00:00\",\"author\":{\"@id\":\"https:\/\/franciscanos.org.br\/vidacrista\/#\/schema\/person\/d9f9482315d3f26b8e1be15d5fc373f1\"},\"description\":\"Dom Walmor Oliveira de Azevedo\",\"breadcrumb\":{\"@id\":\"https:\/\/franciscanos.org.br\/vidacrista\/agente-da-amizade-social\/#breadcrumb\"},\"inLanguage\":\"pt-BR\",\"potentialAction\":[{\"@type\":\"ReadAction\",\"target\":[\"https:\/\/franciscanos.org.br\/vidacrista\/agente-da-amizade-social\/\"]}]},{\"@type\":\"BreadcrumbList\",\"@id\":\"https:\/\/franciscanos.org.br\/vidacrista\/agente-da-amizade-social\/#breadcrumb\",\"itemListElement\":[{\"@type\":\"ListItem\",\"position\":1,\"name\":\"Home\",\"item\":\"https:\/\/franciscanos.org.br\/vidacrista\/\"},{\"@type\":\"ListItem\",\"position\":2,\"name\":\"Agente da amizade social\"}]},{\"@type\":\"Person\",\"@id\":\"https:\/\/franciscanos.org.br\/vidacrista\/#\/schema\/person\/d9f9482315d3f26b8e1be15d5fc373f1\",\"name\":\"Jo\u00e3o Vitor\",\"image\":{\"@type\":\"ImageObject\",\"inLanguage\":\"pt-BR\",\"@id\":\"https:\/\/franciscanos.org.br\/vidacrista\/#\/schema\/person\/image\/\",\"url\":\"https:\/\/secure.gravatar.com\/avatar\/10ba5c9713e0c323617b4309a19e3a46?s=96&d=mm&r=g\",\"contentUrl\":\"https:\/\/secure.gravatar.com\/avatar\/10ba5c9713e0c323617b4309a19e3a46?s=96&d=mm&r=g\",\"caption\":\"Jo\u00e3o Vitor\"},\"url\":\"https:\/\/franciscanos.org.br\/vidacrista\/author\/joaovitor\/\"}]}<\/script>\n<!-- \/ Yoast SEO plugin. -->","yoast_head_json":{"title":"Agente da amizade social - Vida Crist\u00e3 - Franciscanos","description":"Dom Walmor Oliveira de Azevedo","robots":{"index":"index","follow":"follow","max-snippet":"max-snippet:-1","max-image-preview":"max-image-preview:large","max-video-preview":"max-video-preview:-1"},"canonical":"https:\/\/franciscanos.org.br\/vidacrista\/agente-da-amizade-social\/","og_locale":"pt_BR","og_type":"article","og_title":"Agente da amizade social - Vida Crist\u00e3 - Franciscanos","og_description":"Dom Walmor Oliveira de Azevedo","og_url":"https:\/\/franciscanos.org.br\/vidacrista\/agente-da-amizade-social\/","og_site_name":"Vida Crist\u00e3 - Franciscanos","article_published_time":"2024-02-26T12:14:14+00:00","article_modified_time":"2024-05-01T21:15:04+00:00","og_image":[{"width":1920,"height":1080,"url":"https:\/\/franciscanos.org.br\/vidacrista\/wp-content\/uploads\/2024\/02\/Sem-Titulo-1.png","type":"image\/png"}],"author":"Jo\u00e3o Vitor","twitter_card":"summary_large_image","twitter_misc":{"Escrito por":"Jo\u00e3o Vitor","Est. tempo de leitura":"4 minutos"},"schema":{"@context":"https:\/\/schema.org","@graph":[{"@type":"WebSite","@id":"https:\/\/franciscanos.org.br\/vidacrista\/#website","url":"https:\/\/franciscanos.org.br\/vidacrista\/","name":"Vida Crist\u00e3 - Franciscanos","description":"Prov\u00edncia Franciscana da Imaculada Concei\u00e7\u00e3o do Brasil - Ordem dos Frades Menores","potentialAction":[{"@type":"SearchAction","target":{"@type":"EntryPoint","urlTemplate":"https:\/\/franciscanos.org.br\/vidacrista\/?s={search_term_string}"},"query-input":"required name=search_term_string"}],"inLanguage":"pt-BR"},{"@type":"WebPage","@id":"https:\/\/franciscanos.org.br\/vidacrista\/agente-da-amizade-social\/","url":"https:\/\/franciscanos.org.br\/vidacrista\/agente-da-amizade-social\/","name":"Agente da amizade social - Vida Crist\u00e3 - Franciscanos","isPartOf":{"@id":"https:\/\/franciscanos.org.br\/vidacrista\/#website"},"datePublished":"2024-02-26T12:14:14+00:00","dateModified":"2024-05-01T21:15:04+00:00","author":{"@id":"https:\/\/franciscanos.org.br\/vidacrista\/#\/schema\/person\/d9f9482315d3f26b8e1be15d5fc373f1"},"description":"Dom Walmor Oliveira de Azevedo","breadcrumb":{"@id":"https:\/\/franciscanos.org.br\/vidacrista\/agente-da-amizade-social\/#breadcrumb"},"inLanguage":"pt-BR","potentialAction":[{"@type":"ReadAction","target":["https:\/\/franciscanos.org.br\/vidacrista\/agente-da-amizade-social\/"]}]},{"@type":"BreadcrumbList","@id":"https:\/\/franciscanos.org.br\/vidacrista\/agente-da-amizade-social\/#breadcrumb","itemListElement":[{"@type":"ListItem","position":1,"name":"Home","item":"https:\/\/franciscanos.org.br\/vidacrista\/"},{"@type":"ListItem","position":2,"name":"Agente da amizade social"}]},{"@type":"Person","@id":"https:\/\/franciscanos.org.br\/vidacrista\/#\/schema\/person\/d9f9482315d3f26b8e1be15d5fc373f1","name":"Jo\u00e3o Vitor","image":{"@type":"ImageObject","inLanguage":"pt-BR","@id":"https:\/\/franciscanos.org.br\/vidacrista\/#\/schema\/person\/image\/","url":"https:\/\/secure.gravatar.com\/avatar\/10ba5c9713e0c323617b4309a19e3a46?s=96&d=mm&r=g","contentUrl":"https:\/\/secure.gravatar.com\/avatar\/10ba5c9713e0c323617b4309a19e3a46?s=96&d=mm&r=g","caption":"Jo\u00e3o Vitor"},"url":"https:\/\/franciscanos.org.br\/vidacrista\/author\/joaovitor\/"}]}},"_links":{"self":[{"href":"https:\/\/franciscanos.org.br\/vidacrista\/wp-json\/wp\/v2\/posts\/194372"}],"collection":[{"href":"https:\/\/franciscanos.org.br\/vidacrista\/wp-json\/wp\/v2\/posts"}],"about":[{"href":"https:\/\/franciscanos.org.br\/vidacrista\/wp-json\/wp\/v2\/types\/post"}],"author":[{"embeddable":true,"href":"https:\/\/franciscanos.org.br\/vidacrista\/wp-json\/wp\/v2\/users\/9"}],"replies":[{"embeddable":true,"href":"https:\/\/franciscanos.org.br\/vidacrista\/wp-json\/wp\/v2\/comments?post=194372"}],"version-history":[{"count":5,"href":"https:\/\/franciscanos.org.br\/vidacrista\/wp-json\/wp\/v2\/posts\/194372\/revisions"}],"predecessor-version":[{"id":194565,"href":"https:\/\/franciscanos.org.br\/vidacrista\/wp-json\/wp\/v2\/posts\/194372\/revisions\/194565"}],"wp:featuredmedia":[{"embeddable":true,"href":"https:\/\/franciscanos.org.br\/vidacrista\/wp-json\/wp\/v2\/media\/194373"}],"wp:attachment":[{"href":"https:\/\/franciscanos.org.br\/vidacrista\/wp-json\/wp\/v2\/media?parent=194372"}],"wp:term":[{"taxonomy":"category","embeddable":true,"href":"https:\/\/franciscanos.org.br\/vidacrista\/wp-json\/wp\/v2\/categories?post=194372"},{"taxonomy":"post_tag","embeddable":true,"href":"https:\/\/franciscanos.org.br\/vidacrista\/wp-json\/wp\/v2\/tags?post=194372"}],"curies":[{"name":"wp","href":"https:\/\/api.w.org\/{rel}","templated":true}]}}