{"id":194339,"date":"2024-02-14T08:00:25","date_gmt":"2024-02-14T11:00:25","guid":{"rendered":"https:\/\/franciscanos.org.br\/vidacrista\/?p=194339"},"modified":"2024-02-14T08:00:25","modified_gmt":"2024-02-14T11:00:25","slug":"propostas-enganosas-e-verdadeiras-para-a-crise-planetaria","status":"publish","type":"post","link":"https:\/\/franciscanos.org.br\/vidacrista\/propostas-enganosas-e-verdadeiras-para-a-crise-planetaria\/","title":{"rendered":"Propostas enganosas e verdadeiras para a crise planet\u00e1ria"},"content":{"rendered":"<div id=\"attachment_194340\" style=\"width: 850px\" class=\"wp-caption alignnone\"><img aria-describedby=\"caption-attachment-194340\" decoding=\"async\" loading=\"lazy\" class=\"wp-image-194340 size-full\" src=\"https:\/\/franciscanos.org.br\/vidacrista\/wp-content\/uploads\/2024\/02\/criseclimatica_1402.png\" alt=\"\" width=\"840\" height=\"450\" srcset=\"https:\/\/franciscanos.org.br\/vidacrista\/wp-content\/uploads\/2024\/02\/criseclimatica_1402.png 840w, https:\/\/franciscanos.org.br\/vidacrista\/wp-content\/uploads\/2024\/02\/criseclimatica_1402-450x241.png 450w, https:\/\/franciscanos.org.br\/vidacrista\/wp-content\/uploads\/2024\/02\/criseclimatica_1402-768x411.png 768w, https:\/\/franciscanos.org.br\/vidacrista\/wp-content\/uploads\/2024\/02\/criseclimatica_1402-150x80.png 150w\" sizes=\"(max-width: 840px) 100vw, 840px\" \/><p id=\"caption-attachment-194340\" class=\"wp-caption-text\">Imagem ilustrativa: <strong>Canva<\/strong> (<a href=\"http:\/\/www.canva.com\/pt_br\/modelos\">www.canva.com\/pt_br\/modelos<\/a>)<\/p><\/div>\n<p><strong>Leonardo Boff<\/strong><\/p>\n<p>\u00c9 j\u00e1 uma obviedade reconhecer que estamos mergulhados numa perigosa crise planet\u00e1ria. At\u00e9 os negacionistas mais ferrenhos est\u00e3o sentindo na pr\u00f3pria pele (tuf\u00f5es, enchentes, nevascas inimagin\u00e1veis, secas severas, desertifica\u00e7\u00e3o, guerras e genoc\u00eddios a c\u00e9u aberto e outros fen\u00f4menos) os efeitos da crise atual. A mudan\u00e7a clim\u00e1tica n\u00e3o poupa ningu\u00e9m, chegando nos pa\u00edses n\u00f3rdicos a mais de 40 graus C abaixo de zero e entre n\u00f3s, como no Rio de Janeiro, a 50 graus C com percep\u00e7\u00e3o de 70 graus C acima de zero. Tais eventos n\u00e3o permitem tergiversa\u00e7\u00f5es. Muitos est\u00e3o percebendo que est\u00e3o embarcados num navio indo a pique e procuram solu\u00e7\u00f5es de todo tipo, algumas de grande perversidade.<\/p>\n<p>A primeira foi excogitada no interior dos trilhard\u00e1rios (0,1% da humanidade) que se encontram anualmente em Davos. Projetaram a <em>Great Reset<\/em> do capitalismo, vale dizer, a grande e radical retomada do capitalismo levado ao extremo. Por meio da Intelig\u00eancia Artificial, eles prop\u00f5em uma esp\u00e9cie de despotismo cibern\u00e9tico, pelo qual controlam cada pessoa, todo um povo, os celulares e computadores desligados e at\u00e9 a pasta de dente que estou usando. Imporiam seu tipo de produ\u00e7\u00e3o, distribui\u00e7\u00e3o e consumo a toda a humanidade. Esse projeto \u00e9 t\u00e3o perverso que n\u00e3o tem chance nenhuma de ser realiza\u00e7\u00e3o. A todo poder se oporia um antipoder da humanidade inteira e inviabilizaria seu intento.<\/p>\n<p>A segunda proposta \u00e9 o capitalismo verde. Ele se prop\u00f5e reflorestar todas as \u00e1reas devastadas e a conservar todas as \u00e1reas verdes, o que parece muito atraente. Mas o capitalismo \u00e9 sempre capitalismo. Este projeto n\u00e3o muda o sistema produtor de mercadorias, visando o lucro. O verde n\u00e3o questiona a perversa desigualdade social. Antes mercantiliza toda a natureza. Exemplo: n\u00e3o apenas lucra com a venda do mel de abelhas mas cobra por sua capacidade de poliniza\u00e7\u00e3o. Como diz com acerto Michael L\u00f6wy, diretor de pesquisa em sociologia na SNRS de Paris, num artigo sobre o decrescimento (veja no meu site): &#8220;N\u00e3o h\u00e1 solu\u00e7\u00e3o para a crise ecol\u00f3gica no marco do capitalismo, um sistema inteiramente dedicado ao produtivismo, ao consumismo e \u00e0 luta feroz por &#8216;fatias de mercado&#8217;. Sua l\u00f3gica intrinsecamente perversa conduz inevitavelmente \u00e0 ruptura do equil\u00edbrio ecol\u00f3gico e \u00e0 destrui\u00e7\u00e3o dos ecossistemas\u201d.<\/p>\n<p>Mas h\u00e1 propostas promissoras, no pressuposto de que tenhamos tempo para isso. Apontaremos apenas algumas. A que mais futuro projeta \u00e9 aquela economia que trabalha o territ\u00f3rio (biorregionalismo).Define o territ\u00f3rio n\u00e3o pela divis\u00e3o convencional em munic\u00edpios, mas pela configura\u00e7\u00e3o que a pr\u00f3pria natureza oferece: tipo de fauna e flora, de bacias h\u00eddricas, lagos, montanhas e vales e tipo de popula\u00e7\u00e3o. No \u00e2mbito do terreno pode-se construir uma economia realmente sustent\u00e1vel com a utiliza\u00e7\u00e3o racional dos bens e servi\u00e7os naturais, com redes de cooperativas de produ\u00e7\u00e3o solid\u00e1ria, integra\u00e7\u00e3o de toda a popula\u00e7\u00e3o, permitindo uma democracia de fato representativa, valoriza\u00e7\u00e3o dos bens culturais como as tradi\u00e7\u00f5es e festas locais e a celebra\u00e7\u00e3o dos personagens not\u00e1veis que viveram na regi\u00e3o. Como tudo \u00e9 produzido no local, evita-se o transporte longo. Poder\u00edamos imaginar o planeta Terra como um tapete de milh\u00f5es de territ\u00f3rios com economia integrada e sustent\u00e1vel, com mais equidade ou real diminui\u00e7\u00e3o da pobreza.<\/p>\n<p>Outro modelo vem sob o nome de economia solid\u00e1ria e agroecol\u00f3gica. Como o nome indica, trata-se de cooperativas que trabalham solidariamente \u00e0 base da agroecologia, em sintonia com os ritmos na natureza, diversificando a produ\u00e7\u00e3o para permitir a regenera\u00e7\u00e3o do territ\u00f3rio. Elas se desdobraram com ONGs, Cidades sem Fome, hortas urbanas e escolares. Aproveitam-se espa\u00e7os n\u00e3o utilizados das cidades ou inteiros terra\u00e7os para uma produ\u00e7\u00e3o de consumo local, com a participa\u00e7\u00e3o de todos. N\u00e3o se apresenta como um projeto total mas como forma de garantir alimentos saud\u00e1veis \u00e0s popula\u00e7\u00f5es. O MST tem mostrado os efeitos ben\u00e9ficos e integradores deste tipo de economia solid\u00e1ria.<\/p>\n<p>Outro modelo se apresenta como economia circular. Ela se baseia na redu\u00e7\u00e3o, reutiliza\u00e7\u00e3o, recupera\u00e7\u00e3o e reciclagem e energia. Especialmente se reciclam embalagens, vidros, PET, PP e papel. Poupam-se os recursos naturais, aproveita-se o j\u00e1 aproveitado. Desta forma rompe-se o atual modelo linear de extra\u00e7\u00e3o-produ\u00e7\u00e3o-elimina\u00e7\u00e3o. Esse modelo ecologicamente \u00e9 interessante, mas n\u00e3o coloca as quest\u00f5es da ecologia social que visa a superar as desigualdades sociais. Assim a economia circular \u00e9 de alcance limitado.<\/p>\n<p>Um modelo h\u00e1 s\u00e9culos vivido pelos andinos \u00e9 o bem viver\/conviver. \u00c9 uma economia profundamente ecol\u00f3gica, pois, parte-se que a <em>Pacha Mama<\/em> (M\u00e3e Terra) tudo produz. O ser humano com seu trabalho a ajuda quando carece a abund\u00e2ncia. Para eles, o conceito-matriz \u00e9 a harmonia que come\u00e7a na fam\u00edlia, se estende para a natureza, da qual cada ser \u00e9 portador de direitos, at\u00e9 consignados na nova constitui\u00e7\u00e3o da Bol\u00edvia e do Equador. A centralidade n\u00e3o \u00e9 posta na economia, mas na conviv\u00eancia pac\u00edfica e na rela\u00e7\u00e3o amig\u00e1vel para com a natureza, as \u00e1guas, as florestas e as montanhas. Quem sabe, quando um dia a humanidade despertar para a sua profunda perten\u00e7a \u00e0 Terra e \u00e0 natureza, o bem-viver\/conviver ser\u00e1 um ideal a ser vivido por todos.<\/p>\n<p>H\u00e1 ainda o movimento da economia de Francisco e Clara proposta pelo Papa Francisco. Depois de fazer uma contundente cr\u00edtica ao sistema do capital e de sua cultura consumista, prop\u00f5e uma fraternidade universal. Esta vigora entre todos os seres e entre os humanos, todos irm\u00e3os e irm\u00e3s (sua enc\u00edclica Fratelli tutti). A centralidade \u00e9 ocupada pela vida em todas as suas formas, especialmente a vida humana, com particular cuidado com a vida dos mais vulner\u00e1veis. A economia e a pol\u00edtica estariam a servi\u00e7o da vida em primeir\u00edssimo lugar e somente depois ao mercado. \u00c9 um ideal generoso ainda em gesta\u00e7\u00e3o.<\/p>\n<p>Seguramente o projeto do ecossocialismo \u00e9 o que mais tem chance de realiza\u00e7\u00e3o hist\u00f3rica. N\u00e3o tem nada a ver com o socialismo vivido no estilo sovi\u00e9tico, mas quer realizar o ideal maior de dar a cada um segundo a sua necessidade e cada um oferecer as suas possibilidades. Esse projeto \u00e9 o mais avan\u00e7ado e s\u00f3lido. Sup\u00f5e um contrato social mundial com um centro plural de governan\u00e7a para os problemas globais da humanidade, como foi o caso do Coronav\u00edrus e agora da mudan\u00e7a clim\u00e1tica. Os bens e servi\u00e7os naturais s\u00e3o de todos e se prop\u00f5e um consumo decente e s\u00f3brio que incluiria tamb\u00e9m a comunidade de vida que tamb\u00e9m precisa dos nutrientes necess\u00e1rios para a sua sustentabilidade. Ganharia mais f\u00f4lego se este projeto fosse al\u00e9m de seu sociocentrismo ecol\u00f3gico e incorporasse os dados mais seguros da nova cosmologia e biologia que consideram a Terra e a vida humana como um momento do grande processo cosmog\u00eanico, biog\u00eanico e antropog\u00eanico. O ecossocialismo ecol\u00f3gico seria uma emerg\u00eancia deste processo global.<\/p>\n<p>Por fim, qualquer modelo que pretenda dar conta da crise planet\u00e1ria, dever\u00e1 resgatar aquilo que um dia tivemos e perdemos e \u00e9 guardado pelos povos origin\u00e1rios: nossa profunda perten\u00e7a e comunh\u00e3o com a M\u00e3e Terra e com todas as suas criaturas. Esta vis\u00e3o ancestral dos povos origin\u00e1rios, ser\u00e1, segundo o pensador Ailton Krenak (cf.<em>Futuro Ancestral<\/em>, 2022), o nosso futuro, aquele que nos garantir\u00e1 continuar neste planeta. Esperamos que os tempos da Terra nos sejam generosos para viver esse sonho.<\/p>\n<hr \/>\n<p><strong>Leonardo Boff<\/strong> <em>escreveu &#8220;Habitar a Terra&#8221;, Vozes 2023.<\/em><\/p>\n","protected":false},"excerpt":{"rendered":"<p>Artigo de Leonardo Boff<\/p>\n","protected":false},"author":3,"featured_media":194340,"comment_status":"open","ping_status":"open","sticky":false,"template":"","format":"standard","meta":{"footnotes":""},"categories":[26],"tags":[59],"yoast_head":"<!-- This site is optimized with the Yoast SEO plugin v19.4 - https:\/\/yoast.com\/wordpress\/plugins\/seo\/ -->\n<title>Propostas enganosas e verdadeiras para a crise planet\u00e1ria - Vida Crist\u00e3 - Franciscanos<\/title>\n<meta name=\"robots\" content=\"index, follow, max-snippet:-1, max-image-preview:large, max-video-preview:-1\" \/>\n<link rel=\"canonical\" href=\"https:\/\/franciscanos.org.br\/vidacrista\/propostas-enganosas-e-verdadeiras-para-a-crise-planetaria\/\" \/>\n<meta property=\"og:locale\" content=\"pt_BR\" \/>\n<meta property=\"og:type\" content=\"article\" \/>\n<meta property=\"og:title\" content=\"Propostas enganosas e verdadeiras para a crise planet\u00e1ria - Vida Crist\u00e3 - Franciscanos\" \/>\n<meta property=\"og:description\" content=\"Artigo de Leonardo Boff\" \/>\n<meta property=\"og:url\" content=\"https:\/\/franciscanos.org.br\/vidacrista\/propostas-enganosas-e-verdadeiras-para-a-crise-planetaria\/\" \/>\n<meta property=\"og:site_name\" content=\"Vida Crist\u00e3 - Franciscanos\" \/>\n<meta property=\"article:published_time\" content=\"2024-02-14T11:00:25+00:00\" \/>\n<meta property=\"og:image\" content=\"https:\/\/franciscanos.org.br\/vidacrista\/wp-content\/uploads\/2024\/02\/criseclimatica_1402.png\" \/>\n\t<meta property=\"og:image:width\" content=\"840\" \/>\n\t<meta property=\"og:image:height\" content=\"450\" \/>\n\t<meta property=\"og:image:type\" content=\"image\/png\" \/>\n<meta name=\"author\" content=\"moacir\" \/>\n<meta name=\"twitter:card\" content=\"summary_large_image\" \/>\n<meta name=\"twitter:label1\" content=\"Escrito por\" \/>\n\t<meta name=\"twitter:data1\" content=\"moacir\" \/>\n\t<meta name=\"twitter:label2\" content=\"Est. tempo de leitura\" \/>\n\t<meta name=\"twitter:data2\" content=\"7 minutos\" \/>\n<script type=\"application\/ld+json\" class=\"yoast-schema-graph\">{\"@context\":\"https:\/\/schema.org\",\"@graph\":[{\"@type\":\"WebSite\",\"@id\":\"https:\/\/franciscanos.org.br\/vidacrista\/#website\",\"url\":\"https:\/\/franciscanos.org.br\/vidacrista\/\",\"name\":\"Vida Crist\u00e3 - Franciscanos\",\"description\":\"Prov\u00edncia Franciscana da Imaculada Concei\u00e7\u00e3o do Brasil - Ordem dos Frades Menores\",\"potentialAction\":[{\"@type\":\"SearchAction\",\"target\":{\"@type\":\"EntryPoint\",\"urlTemplate\":\"https:\/\/franciscanos.org.br\/vidacrista\/?s={search_term_string}\"},\"query-input\":\"required name=search_term_string\"}],\"inLanguage\":\"pt-BR\"},{\"@type\":\"WebPage\",\"@id\":\"https:\/\/franciscanos.org.br\/vidacrista\/propostas-enganosas-e-verdadeiras-para-a-crise-planetaria\/\",\"url\":\"https:\/\/franciscanos.org.br\/vidacrista\/propostas-enganosas-e-verdadeiras-para-a-crise-planetaria\/\",\"name\":\"Propostas enganosas e verdadeiras para a crise planet\u00e1ria - Vida Crist\u00e3 - Franciscanos\",\"isPartOf\":{\"@id\":\"https:\/\/franciscanos.org.br\/vidacrista\/#website\"},\"datePublished\":\"2024-02-14T11:00:25+00:00\",\"dateModified\":\"2024-02-14T11:00:25+00:00\",\"author\":{\"@id\":\"https:\/\/franciscanos.org.br\/vidacrista\/#\/schema\/person\/1880bdd2c350b735648725ef7614736a\"},\"breadcrumb\":{\"@id\":\"https:\/\/franciscanos.org.br\/vidacrista\/propostas-enganosas-e-verdadeiras-para-a-crise-planetaria\/#breadcrumb\"},\"inLanguage\":\"pt-BR\",\"potentialAction\":[{\"@type\":\"ReadAction\",\"target\":[\"https:\/\/franciscanos.org.br\/vidacrista\/propostas-enganosas-e-verdadeiras-para-a-crise-planetaria\/\"]}]},{\"@type\":\"BreadcrumbList\",\"@id\":\"https:\/\/franciscanos.org.br\/vidacrista\/propostas-enganosas-e-verdadeiras-para-a-crise-planetaria\/#breadcrumb\",\"itemListElement\":[{\"@type\":\"ListItem\",\"position\":1,\"name\":\"Home\",\"item\":\"https:\/\/franciscanos.org.br\/vidacrista\/\"},{\"@type\":\"ListItem\",\"position\":2,\"name\":\"Propostas enganosas e verdadeiras para a crise planet\u00e1ria\"}]},{\"@type\":\"Person\",\"@id\":\"https:\/\/franciscanos.org.br\/vidacrista\/#\/schema\/person\/1880bdd2c350b735648725ef7614736a\",\"name\":\"moacir\",\"image\":{\"@type\":\"ImageObject\",\"inLanguage\":\"pt-BR\",\"@id\":\"https:\/\/franciscanos.org.br\/vidacrista\/#\/schema\/person\/image\/\",\"url\":\"https:\/\/secure.gravatar.com\/avatar\/d08aa2ce4c8dd416d4479aa8536fcf64?s=96&d=mm&r=g\",\"contentUrl\":\"https:\/\/secure.gravatar.com\/avatar\/d08aa2ce4c8dd416d4479aa8536fcf64?s=96&d=mm&r=g\",\"caption\":\"moacir\"},\"url\":\"https:\/\/franciscanos.org.br\/vidacrista\/author\/moacir\/\"}]}<\/script>\n<!-- \/ Yoast SEO plugin. -->","yoast_head_json":{"title":"Propostas enganosas e verdadeiras para a crise planet\u00e1ria - Vida Crist\u00e3 - Franciscanos","robots":{"index":"index","follow":"follow","max-snippet":"max-snippet:-1","max-image-preview":"max-image-preview:large","max-video-preview":"max-video-preview:-1"},"canonical":"https:\/\/franciscanos.org.br\/vidacrista\/propostas-enganosas-e-verdadeiras-para-a-crise-planetaria\/","og_locale":"pt_BR","og_type":"article","og_title":"Propostas enganosas e verdadeiras para a crise planet\u00e1ria - Vida Crist\u00e3 - Franciscanos","og_description":"Artigo de Leonardo Boff","og_url":"https:\/\/franciscanos.org.br\/vidacrista\/propostas-enganosas-e-verdadeiras-para-a-crise-planetaria\/","og_site_name":"Vida Crist\u00e3 - Franciscanos","article_published_time":"2024-02-14T11:00:25+00:00","og_image":[{"width":840,"height":450,"url":"https:\/\/franciscanos.org.br\/vidacrista\/wp-content\/uploads\/2024\/02\/criseclimatica_1402.png","type":"image\/png"}],"author":"moacir","twitter_card":"summary_large_image","twitter_misc":{"Escrito por":"moacir","Est. tempo de leitura":"7 minutos"},"schema":{"@context":"https:\/\/schema.org","@graph":[{"@type":"WebSite","@id":"https:\/\/franciscanos.org.br\/vidacrista\/#website","url":"https:\/\/franciscanos.org.br\/vidacrista\/","name":"Vida Crist\u00e3 - Franciscanos","description":"Prov\u00edncia Franciscana da Imaculada Concei\u00e7\u00e3o do Brasil - Ordem dos Frades Menores","potentialAction":[{"@type":"SearchAction","target":{"@type":"EntryPoint","urlTemplate":"https:\/\/franciscanos.org.br\/vidacrista\/?s={search_term_string}"},"query-input":"required name=search_term_string"}],"inLanguage":"pt-BR"},{"@type":"WebPage","@id":"https:\/\/franciscanos.org.br\/vidacrista\/propostas-enganosas-e-verdadeiras-para-a-crise-planetaria\/","url":"https:\/\/franciscanos.org.br\/vidacrista\/propostas-enganosas-e-verdadeiras-para-a-crise-planetaria\/","name":"Propostas enganosas e verdadeiras para a crise planet\u00e1ria - Vida Crist\u00e3 - Franciscanos","isPartOf":{"@id":"https:\/\/franciscanos.org.br\/vidacrista\/#website"},"datePublished":"2024-02-14T11:00:25+00:00","dateModified":"2024-02-14T11:00:25+00:00","author":{"@id":"https:\/\/franciscanos.org.br\/vidacrista\/#\/schema\/person\/1880bdd2c350b735648725ef7614736a"},"breadcrumb":{"@id":"https:\/\/franciscanos.org.br\/vidacrista\/propostas-enganosas-e-verdadeiras-para-a-crise-planetaria\/#breadcrumb"},"inLanguage":"pt-BR","potentialAction":[{"@type":"ReadAction","target":["https:\/\/franciscanos.org.br\/vidacrista\/propostas-enganosas-e-verdadeiras-para-a-crise-planetaria\/"]}]},{"@type":"BreadcrumbList","@id":"https:\/\/franciscanos.org.br\/vidacrista\/propostas-enganosas-e-verdadeiras-para-a-crise-planetaria\/#breadcrumb","itemListElement":[{"@type":"ListItem","position":1,"name":"Home","item":"https:\/\/franciscanos.org.br\/vidacrista\/"},{"@type":"ListItem","position":2,"name":"Propostas enganosas e verdadeiras para a crise planet\u00e1ria"}]},{"@type":"Person","@id":"https:\/\/franciscanos.org.br\/vidacrista\/#\/schema\/person\/1880bdd2c350b735648725ef7614736a","name":"moacir","image":{"@type":"ImageObject","inLanguage":"pt-BR","@id":"https:\/\/franciscanos.org.br\/vidacrista\/#\/schema\/person\/image\/","url":"https:\/\/secure.gravatar.com\/avatar\/d08aa2ce4c8dd416d4479aa8536fcf64?s=96&d=mm&r=g","contentUrl":"https:\/\/secure.gravatar.com\/avatar\/d08aa2ce4c8dd416d4479aa8536fcf64?s=96&d=mm&r=g","caption":"moacir"},"url":"https:\/\/franciscanos.org.br\/vidacrista\/author\/moacir\/"}]}},"_links":{"self":[{"href":"https:\/\/franciscanos.org.br\/vidacrista\/wp-json\/wp\/v2\/posts\/194339"}],"collection":[{"href":"https:\/\/franciscanos.org.br\/vidacrista\/wp-json\/wp\/v2\/posts"}],"about":[{"href":"https:\/\/franciscanos.org.br\/vidacrista\/wp-json\/wp\/v2\/types\/post"}],"author":[{"embeddable":true,"href":"https:\/\/franciscanos.org.br\/vidacrista\/wp-json\/wp\/v2\/users\/3"}],"replies":[{"embeddable":true,"href":"https:\/\/franciscanos.org.br\/vidacrista\/wp-json\/wp\/v2\/comments?post=194339"}],"version-history":[{"count":1,"href":"https:\/\/franciscanos.org.br\/vidacrista\/wp-json\/wp\/v2\/posts\/194339\/revisions"}],"predecessor-version":[{"id":194341,"href":"https:\/\/franciscanos.org.br\/vidacrista\/wp-json\/wp\/v2\/posts\/194339\/revisions\/194341"}],"wp:featuredmedia":[{"embeddable":true,"href":"https:\/\/franciscanos.org.br\/vidacrista\/wp-json\/wp\/v2\/media\/194340"}],"wp:attachment":[{"href":"https:\/\/franciscanos.org.br\/vidacrista\/wp-json\/wp\/v2\/media?parent=194339"}],"wp:term":[{"taxonomy":"category","embeddable":true,"href":"https:\/\/franciscanos.org.br\/vidacrista\/wp-json\/wp\/v2\/categories?post=194339"},{"taxonomy":"post_tag","embeddable":true,"href":"https:\/\/franciscanos.org.br\/vidacrista\/wp-json\/wp\/v2\/tags?post=194339"}],"curies":[{"name":"wp","href":"https:\/\/api.w.org\/{rel}","templated":true}]}}