{"id":194323,"date":"2024-02-07T09:31:46","date_gmt":"2024-02-07T12:31:46","guid":{"rendered":"https:\/\/franciscanos.org.br\/vidacrista\/?p=194323"},"modified":"2024-02-07T09:31:46","modified_gmt":"2024-02-07T12:31:46","slug":"puxar-o-freio-de-seguranca-face-a-gravidade-da-crise-atual","status":"publish","type":"post","link":"https:\/\/franciscanos.org.br\/vidacrista\/puxar-o-freio-de-seguranca-face-a-gravidade-da-crise-atual\/","title":{"rendered":"Puxar o freio de seguran\u00e7a: face \u00e0 gravidade da crise atual"},"content":{"rendered":"<div id=\"attachment_194324\" style=\"width: 850px\" class=\"wp-caption alignnone\"><img aria-describedby=\"caption-attachment-194324\" decoding=\"async\" loading=\"lazy\" class=\"wp-image-194324 size-full\" src=\"https:\/\/franciscanos.org.br\/vidacrista\/wp-content\/uploads\/2024\/02\/artigo_070224.png\" alt=\"\" width=\"840\" height=\"450\" srcset=\"https:\/\/franciscanos.org.br\/vidacrista\/wp-content\/uploads\/2024\/02\/artigo_070224.png 840w, https:\/\/franciscanos.org.br\/vidacrista\/wp-content\/uploads\/2024\/02\/artigo_070224-450x241.png 450w, https:\/\/franciscanos.org.br\/vidacrista\/wp-content\/uploads\/2024\/02\/artigo_070224-768x411.png 768w, https:\/\/franciscanos.org.br\/vidacrista\/wp-content\/uploads\/2024\/02\/artigo_070224-150x80.png 150w\" sizes=\"(max-width: 840px) 100vw, 840px\" \/><p id=\"caption-attachment-194324\" class=\"wp-caption-text\"><em>Imagem ilustrativa:<strong> Canva<\/strong> (<a href=\"http:\/\/www.canva.com\/pt_br\/modelos\">www.canva.com\/pt_br\/modelos<\/a>)<\/em><\/p><\/div>\n<p><strong>Leonardo Boff<\/strong><\/p>\n<p>Encontramo-nos no cora\u00e7\u00e3o de uma espantosa e generalizada crise na forma como habitamos e nos relacionamos para com o nosso planeta, devastado e atravessado por guerras de grande destrui\u00e7\u00e3o e movido por \u00f3dios raciais e ideol\u00f3gicos. Acresce ainda que a idade da raz\u00e3o cient\u00edfica, criou a irracionalidade do princ\u00edpio de autodestrui\u00e7\u00e3o: podemos p\u00f4r fim, com as armas j\u00e1 constru\u00eddas, a nossa vida e grande parte sen\u00e3o toda a biosfera.<\/p>\n<p>N\u00e3o s\u00e3o poucos os analistas da situa\u00e7\u00e3o mundial que nos alertam sobre o eventual uso de tais armas de destrui\u00e7\u00e3o em massa. A raz\u00e3o de fundo seria a disputa sobre quem manda na humanidade e quem tem a \u00faltima palavra. Tem a ver com o enfrentamento entre a uni-polaridade sustentada pelos Estados Unidos e a pluri-polaridade cobrada pela China, pela R\u00fassia, eventualmente, pelo conjunto dos pa\u00edses que formam os BRICS. Se houver uma guerra nuclear, nesse caso, realizar-se-ia a f\u00f3rmula: 1+1=0: uma pot\u00eancia nuclear destruiria a outra e juntos levariam humanidade e parte substancial da vida.<\/p>\n<p>Dadas estas circunst\u00e2ncias, vemo-nos na necessidade de puxarmos o freio de seguran\u00e7a do comboio da vida, pois, desenfreado, pode se precipitar num abismo. Tememos que este freio j\u00e1 esteja oxidado e feito inutiliz\u00e1vel. Podemos sair desta amea\u00e7a? Temos que tentar, segundo a dito de Dom Quixote: &#8220;antes de aceitar a derrota, temos que dar todas as batalhas\u201d. E vamos dar.<\/p>\n<p>Sirvo-me de duas categorias para aclarar melhor nossa situa\u00e7\u00e3o. Uma do te\u00f3logo e fil\u00f3sofo dinamarqu\u00eas Soren Kierkegaard (1813-1885), a ang\u00fastia, e outra do tamb\u00e9m te\u00f3logo e fil\u00f3sofo alem\u00e3o, disc\u00edpulo not\u00e1vel de Martin Heidegger, Hans Jonas (1903-1993), o medo.<\/p>\n<p>A ang\u00fastia (<em>O conceito de ang\u00fastia<\/em>, Vozes 2013) para Kierkegaard n\u00e3o \u00e9 apenas um fen\u00f4meno psicol\u00f3gico, mas um dado objetivo da exist\u00eancia humana. Para ele, como pastor e te\u00f3logo, al\u00e9m de ex\u00edmio fil\u00f3sofo, seria a ang\u00fastia face \u00e0 perdi\u00e7\u00e3o eterna ou \u00e0 salva\u00e7\u00e3o. Mas \u00e9 aplic\u00e1vel \u00e0 vida humana. Esta apresenta-se fr\u00e1gil e sujeita a morrer a qualquer instante. A ang\u00fastia n\u00e3o deixa a pessoa inerte, mas move-a continuamente para criar condi\u00e7\u00f5es de salvaguardar a vida.<\/p>\n<p>Hoje temos que alimentar esse tipo de ang\u00fastia existencial face \u00e0s amea\u00e7as objetivas que pesam sobre nosso destino que podem ser fatais. Ela \u00e9 algo saud\u00e1vel, pertencendo \u00e0 vida e n\u00e3o algo doentio a ser tratado psiquicamente.<\/p>\n<p>Hans Jonas em seu livro <em>O princ\u00edpio responsabilidade<\/em> (Contraponto, Rio 2006) analisa o medo de sermos colocados \u00e0 beira do abismo e nele cair fatalmente. Estamos numa situa\u00e7\u00e3o de n\u00e3o retorno. N\u00e3o se trata mais de uma \u00e9tica do progresso ou do aperfei\u00e7oamento. Mas da preven\u00e7\u00e3o da vida contra as amea\u00e7as que nos podem trazer a morte. O medo aqui \u00e9 saud\u00e1vel e salvador, pois, nos obriga a uma \u00e9tica da responsabilidade coletiva no sentido de todos darem sua colabora\u00e7\u00e3o para preserva\u00e7\u00e3o da vida humana na Terra.<\/p>\n<p>A situa\u00e7\u00e3o atual a n\u00edvel planet\u00e1rio fugiu ao controle humano. Criamos a Intelig\u00eancia Artificial Aut\u00f4noma que j\u00e1 independe de nossas decis\u00f5es. Quem, com seus bilh\u00f5es e bilh\u00f5es de algoritmos, impede que ela possa optar pela destrui\u00e7\u00e3o da humanidade? Temos como controlar os tuf\u00f5es e terremotos, sem dizer os eventos extremos, consequ\u00eancia da mudan\u00e7a clim\u00e1tica? Apesar de todas as t\u00e9cnicas sentimo-nos impotentes face \u00e0 for\u00e7a da natureza.<\/p>\n<p>Primeiramente, temos uma tarefa a cumprir: cabe responsabilizarmo-nos pelo mal que estamos visivelmente causando ao sistema-vida e ao sistema-Terra, sem capacidade de impedi-lo ou fre\u00e1-lo, apenas minorando-lhe os efeitos danosos. O sistema de produ\u00e7\u00e3o mundial energ\u00edvoro est\u00e1 de tal modo azeitado que n\u00e3o tem condi\u00e7\u00e3o nem quer parar. N\u00e3o renuncia aos seus mantras de base: aumento ilimitado do lucro individual, a competi\u00e7\u00e3o feroz e a superexplora\u00e7\u00e3o dos recursos da natureza.<\/p>\n<p>Al\u00e9m disso, importa responsabilizarmo-nos tamb\u00e9m pelo mal que que n\u00e3o soubemos no passado evitar f\u00edsica e espiritualmente e cujas consequ\u00eancias tornaram-se inevit\u00e1veis, como aquelas que estamos sofrendo como o aquecimento crescente do planeta e a eros\u00e3o da biodiversidade.<\/p>\n<p>O medo do qual somos tomados se relaciona ao futuro da vida e \u00e0 garantia de ainda podermos continuar vivos sobre este planeta. Em fun\u00e7\u00e3o desse desiderato Jonas formulou um imperativo \u00e9tico categ\u00f3rico:<\/p>\n<p>Aja de modo a que os efeitos de tua a\u00e7\u00e3o sejam compat\u00edveis com a perman\u00eancia de uma vida humana aut\u00eantica sobre a Terra; ou, expresso negativamente: aja de modo que os efeitos da tua a\u00e7\u00e3o n\u00e3o sejam destrutivos para a possibilidade futura de uma tal vida; ou, simplesmente, n\u00e3o coloque em perigo a continuidade indefinida da humanidade na Terra\u201d (Op.cit. 2006, p. 47-48). N\u00f3s acrescentar\u00edamos \u201cn\u00e3o coloque em perigo a continuidade indefinida de todo tipo de vida, da biodiversidade, da natureza e da M\u00e3e Terra\u201d.<\/p>\n<p>Essas reflex\u00f5es nos ajudam a alimentar alguma esperan\u00e7a na capacidade de mudan\u00e7a dos seres humanos, pois, possu\u00edmos livre arb\u00edtrio e flexibilidade.<\/p>\n<p>Mas como o risco \u00e9 global, imp\u00f5e-se uma inst\u00e2ncia global e plural (representantes dos povos, das religi\u00f5es, das universidades, dos povos origin\u00e1rios, da sabedoria popular ) para encontrar uma solu\u00e7\u00e3o global. Para isso temos que renunciar aos nacionalismos e aos limites obsoletos entre as na\u00e7\u00f5es. Mas os chefes das na\u00e7\u00f5es jamais colocam essa quest\u00e3o urgente.<\/p>\n<p>Como se pode observar, as v\u00e1rias guerras hoje em curso s\u00e3o por limites entre as na\u00e7\u00f5es, a afirma\u00e7\u00e3o dos nacionalismos e a crescente onda de conservadorismo e de pol\u00edticas de extrema direita afastam para longe esta ideia de um centro coletivo para o bem de toda a humanidade.<\/p>\n<p>Devemos reconhecer: estes conflitos por limites entre as na\u00e7\u00f5es, est\u00e3o descolados da nova fase da Terra, tornada Casa Comum e representam movimentos regressivos e contr\u00e1rios ao curso irresist\u00edvel da hist\u00f3ria que unifica cada vez o destino humano com o destino do planeta vivo.<\/p>\n<p>Temos uma Terra s\u00f3 e uma Humanidade s\u00f3 a serem salvas. E com urg\u00eancia pois o tempo do rel\u00f3gio corre contra n\u00f3s. Cumpre mudar mentes e nossas pr\u00e1ticas.<\/p>\n<hr \/>\n<p><em>Leonardo Boff escreveu &#8220;Habitar a Terra&#8221;, Vozes 2022; &#8220;Terra madura: uma teologia da vida&#8221;, Planeta 2023<\/em><\/p>\n","protected":false},"excerpt":{"rendered":"<p>Artigo de Leonardo Boff<\/p>\n","protected":false},"author":3,"featured_media":194324,"comment_status":"open","ping_status":"open","sticky":false,"template":"","format":"standard","meta":{"footnotes":""},"categories":[26],"tags":[59],"yoast_head":"<!-- This site is optimized with the Yoast SEO plugin v19.4 - https:\/\/yoast.com\/wordpress\/plugins\/seo\/ -->\n<title>Puxar o freio de seguran\u00e7a: face \u00e0 gravidade da crise atual - Vida Crist\u00e3 - Franciscanos<\/title>\n<meta name=\"robots\" content=\"index, follow, max-snippet:-1, max-image-preview:large, max-video-preview:-1\" \/>\n<link rel=\"canonical\" href=\"https:\/\/franciscanos.org.br\/vidacrista\/puxar-o-freio-de-seguranca-face-a-gravidade-da-crise-atual\/\" \/>\n<meta property=\"og:locale\" content=\"pt_BR\" \/>\n<meta property=\"og:type\" content=\"article\" \/>\n<meta property=\"og:title\" content=\"Puxar o freio de seguran\u00e7a: face \u00e0 gravidade da crise atual - Vida Crist\u00e3 - Franciscanos\" \/>\n<meta property=\"og:description\" content=\"Artigo de Leonardo Boff\" \/>\n<meta property=\"og:url\" content=\"https:\/\/franciscanos.org.br\/vidacrista\/puxar-o-freio-de-seguranca-face-a-gravidade-da-crise-atual\/\" \/>\n<meta property=\"og:site_name\" content=\"Vida Crist\u00e3 - Franciscanos\" \/>\n<meta property=\"article:published_time\" content=\"2024-02-07T12:31:46+00:00\" \/>\n<meta property=\"og:image\" content=\"https:\/\/franciscanos.org.br\/vidacrista\/wp-content\/uploads\/2024\/02\/artigo_070224.png\" \/>\n\t<meta property=\"og:image:width\" content=\"840\" \/>\n\t<meta property=\"og:image:height\" content=\"450\" \/>\n\t<meta property=\"og:image:type\" content=\"image\/png\" \/>\n<meta name=\"author\" content=\"moacir\" \/>\n<meta name=\"twitter:card\" content=\"summary_large_image\" \/>\n<meta name=\"twitter:label1\" content=\"Escrito por\" \/>\n\t<meta name=\"twitter:data1\" content=\"moacir\" \/>\n\t<meta name=\"twitter:label2\" content=\"Est. tempo de leitura\" \/>\n\t<meta name=\"twitter:data2\" content=\"6 minutos\" \/>\n<script type=\"application\/ld+json\" class=\"yoast-schema-graph\">{\"@context\":\"https:\/\/schema.org\",\"@graph\":[{\"@type\":\"WebSite\",\"@id\":\"https:\/\/franciscanos.org.br\/vidacrista\/#website\",\"url\":\"https:\/\/franciscanos.org.br\/vidacrista\/\",\"name\":\"Vida Crist\u00e3 - Franciscanos\",\"description\":\"Prov\u00edncia Franciscana da Imaculada Concei\u00e7\u00e3o do Brasil - Ordem dos Frades Menores\",\"potentialAction\":[{\"@type\":\"SearchAction\",\"target\":{\"@type\":\"EntryPoint\",\"urlTemplate\":\"https:\/\/franciscanos.org.br\/vidacrista\/?s={search_term_string}\"},\"query-input\":\"required name=search_term_string\"}],\"inLanguage\":\"pt-BR\"},{\"@type\":\"WebPage\",\"@id\":\"https:\/\/franciscanos.org.br\/vidacrista\/puxar-o-freio-de-seguranca-face-a-gravidade-da-crise-atual\/\",\"url\":\"https:\/\/franciscanos.org.br\/vidacrista\/puxar-o-freio-de-seguranca-face-a-gravidade-da-crise-atual\/\",\"name\":\"Puxar o freio de seguran\u00e7a: face \u00e0 gravidade da crise atual - Vida Crist\u00e3 - Franciscanos\",\"isPartOf\":{\"@id\":\"https:\/\/franciscanos.org.br\/vidacrista\/#website\"},\"datePublished\":\"2024-02-07T12:31:46+00:00\",\"dateModified\":\"2024-02-07T12:31:46+00:00\",\"author\":{\"@id\":\"https:\/\/franciscanos.org.br\/vidacrista\/#\/schema\/person\/1880bdd2c350b735648725ef7614736a\"},\"breadcrumb\":{\"@id\":\"https:\/\/franciscanos.org.br\/vidacrista\/puxar-o-freio-de-seguranca-face-a-gravidade-da-crise-atual\/#breadcrumb\"},\"inLanguage\":\"pt-BR\",\"potentialAction\":[{\"@type\":\"ReadAction\",\"target\":[\"https:\/\/franciscanos.org.br\/vidacrista\/puxar-o-freio-de-seguranca-face-a-gravidade-da-crise-atual\/\"]}]},{\"@type\":\"BreadcrumbList\",\"@id\":\"https:\/\/franciscanos.org.br\/vidacrista\/puxar-o-freio-de-seguranca-face-a-gravidade-da-crise-atual\/#breadcrumb\",\"itemListElement\":[{\"@type\":\"ListItem\",\"position\":1,\"name\":\"Home\",\"item\":\"https:\/\/franciscanos.org.br\/vidacrista\/\"},{\"@type\":\"ListItem\",\"position\":2,\"name\":\"Puxar o freio de seguran\u00e7a: face \u00e0 gravidade da crise atual\"}]},{\"@type\":\"Person\",\"@id\":\"https:\/\/franciscanos.org.br\/vidacrista\/#\/schema\/person\/1880bdd2c350b735648725ef7614736a\",\"name\":\"moacir\",\"image\":{\"@type\":\"ImageObject\",\"inLanguage\":\"pt-BR\",\"@id\":\"https:\/\/franciscanos.org.br\/vidacrista\/#\/schema\/person\/image\/\",\"url\":\"https:\/\/secure.gravatar.com\/avatar\/d08aa2ce4c8dd416d4479aa8536fcf64?s=96&d=mm&r=g\",\"contentUrl\":\"https:\/\/secure.gravatar.com\/avatar\/d08aa2ce4c8dd416d4479aa8536fcf64?s=96&d=mm&r=g\",\"caption\":\"moacir\"},\"url\":\"https:\/\/franciscanos.org.br\/vidacrista\/author\/moacir\/\"}]}<\/script>\n<!-- \/ Yoast SEO plugin. -->","yoast_head_json":{"title":"Puxar o freio de seguran\u00e7a: face \u00e0 gravidade da crise atual - Vida Crist\u00e3 - Franciscanos","robots":{"index":"index","follow":"follow","max-snippet":"max-snippet:-1","max-image-preview":"max-image-preview:large","max-video-preview":"max-video-preview:-1"},"canonical":"https:\/\/franciscanos.org.br\/vidacrista\/puxar-o-freio-de-seguranca-face-a-gravidade-da-crise-atual\/","og_locale":"pt_BR","og_type":"article","og_title":"Puxar o freio de seguran\u00e7a: face \u00e0 gravidade da crise atual - Vida Crist\u00e3 - Franciscanos","og_description":"Artigo de Leonardo Boff","og_url":"https:\/\/franciscanos.org.br\/vidacrista\/puxar-o-freio-de-seguranca-face-a-gravidade-da-crise-atual\/","og_site_name":"Vida Crist\u00e3 - Franciscanos","article_published_time":"2024-02-07T12:31:46+00:00","og_image":[{"width":840,"height":450,"url":"https:\/\/franciscanos.org.br\/vidacrista\/wp-content\/uploads\/2024\/02\/artigo_070224.png","type":"image\/png"}],"author":"moacir","twitter_card":"summary_large_image","twitter_misc":{"Escrito por":"moacir","Est. tempo de leitura":"6 minutos"},"schema":{"@context":"https:\/\/schema.org","@graph":[{"@type":"WebSite","@id":"https:\/\/franciscanos.org.br\/vidacrista\/#website","url":"https:\/\/franciscanos.org.br\/vidacrista\/","name":"Vida Crist\u00e3 - Franciscanos","description":"Prov\u00edncia Franciscana da Imaculada Concei\u00e7\u00e3o do Brasil - Ordem dos Frades Menores","potentialAction":[{"@type":"SearchAction","target":{"@type":"EntryPoint","urlTemplate":"https:\/\/franciscanos.org.br\/vidacrista\/?s={search_term_string}"},"query-input":"required name=search_term_string"}],"inLanguage":"pt-BR"},{"@type":"WebPage","@id":"https:\/\/franciscanos.org.br\/vidacrista\/puxar-o-freio-de-seguranca-face-a-gravidade-da-crise-atual\/","url":"https:\/\/franciscanos.org.br\/vidacrista\/puxar-o-freio-de-seguranca-face-a-gravidade-da-crise-atual\/","name":"Puxar o freio de seguran\u00e7a: face \u00e0 gravidade da crise atual - Vida Crist\u00e3 - Franciscanos","isPartOf":{"@id":"https:\/\/franciscanos.org.br\/vidacrista\/#website"},"datePublished":"2024-02-07T12:31:46+00:00","dateModified":"2024-02-07T12:31:46+00:00","author":{"@id":"https:\/\/franciscanos.org.br\/vidacrista\/#\/schema\/person\/1880bdd2c350b735648725ef7614736a"},"breadcrumb":{"@id":"https:\/\/franciscanos.org.br\/vidacrista\/puxar-o-freio-de-seguranca-face-a-gravidade-da-crise-atual\/#breadcrumb"},"inLanguage":"pt-BR","potentialAction":[{"@type":"ReadAction","target":["https:\/\/franciscanos.org.br\/vidacrista\/puxar-o-freio-de-seguranca-face-a-gravidade-da-crise-atual\/"]}]},{"@type":"BreadcrumbList","@id":"https:\/\/franciscanos.org.br\/vidacrista\/puxar-o-freio-de-seguranca-face-a-gravidade-da-crise-atual\/#breadcrumb","itemListElement":[{"@type":"ListItem","position":1,"name":"Home","item":"https:\/\/franciscanos.org.br\/vidacrista\/"},{"@type":"ListItem","position":2,"name":"Puxar o freio de seguran\u00e7a: face \u00e0 gravidade da crise atual"}]},{"@type":"Person","@id":"https:\/\/franciscanos.org.br\/vidacrista\/#\/schema\/person\/1880bdd2c350b735648725ef7614736a","name":"moacir","image":{"@type":"ImageObject","inLanguage":"pt-BR","@id":"https:\/\/franciscanos.org.br\/vidacrista\/#\/schema\/person\/image\/","url":"https:\/\/secure.gravatar.com\/avatar\/d08aa2ce4c8dd416d4479aa8536fcf64?s=96&d=mm&r=g","contentUrl":"https:\/\/secure.gravatar.com\/avatar\/d08aa2ce4c8dd416d4479aa8536fcf64?s=96&d=mm&r=g","caption":"moacir"},"url":"https:\/\/franciscanos.org.br\/vidacrista\/author\/moacir\/"}]}},"_links":{"self":[{"href":"https:\/\/franciscanos.org.br\/vidacrista\/wp-json\/wp\/v2\/posts\/194323"}],"collection":[{"href":"https:\/\/franciscanos.org.br\/vidacrista\/wp-json\/wp\/v2\/posts"}],"about":[{"href":"https:\/\/franciscanos.org.br\/vidacrista\/wp-json\/wp\/v2\/types\/post"}],"author":[{"embeddable":true,"href":"https:\/\/franciscanos.org.br\/vidacrista\/wp-json\/wp\/v2\/users\/3"}],"replies":[{"embeddable":true,"href":"https:\/\/franciscanos.org.br\/vidacrista\/wp-json\/wp\/v2\/comments?post=194323"}],"version-history":[{"count":1,"href":"https:\/\/franciscanos.org.br\/vidacrista\/wp-json\/wp\/v2\/posts\/194323\/revisions"}],"predecessor-version":[{"id":194327,"href":"https:\/\/franciscanos.org.br\/vidacrista\/wp-json\/wp\/v2\/posts\/194323\/revisions\/194327"}],"wp:featuredmedia":[{"embeddable":true,"href":"https:\/\/franciscanos.org.br\/vidacrista\/wp-json\/wp\/v2\/media\/194324"}],"wp:attachment":[{"href":"https:\/\/franciscanos.org.br\/vidacrista\/wp-json\/wp\/v2\/media?parent=194323"}],"wp:term":[{"taxonomy":"category","embeddable":true,"href":"https:\/\/franciscanos.org.br\/vidacrista\/wp-json\/wp\/v2\/categories?post=194323"},{"taxonomy":"post_tag","embeddable":true,"href":"https:\/\/franciscanos.org.br\/vidacrista\/wp-json\/wp\/v2\/tags?post=194323"}],"curies":[{"name":"wp","href":"https:\/\/api.w.org\/{rel}","templated":true}]}}