{"id":194273,"date":"2024-02-02T06:29:23","date_gmt":"2024-02-02T09:29:23","guid":{"rendered":"https:\/\/franciscanos.org.br\/vidacrista\/?p=194273"},"modified":"2024-02-02T06:34:13","modified_gmt":"2024-02-02T09:34:13","slug":"apresentacao-do-menino-jesus-no-templo-sua-historia-em-meio-a-candeias-e-luz-velas-e-velorio-na-vida-lc-222-40","status":"publish","type":"post","link":"https:\/\/franciscanos.org.br\/vidacrista\/apresentacao-do-menino-jesus-no-templo-sua-historia-em-meio-a-candeias-e-luz-velas-e-velorio-na-vida-lc-222-40\/","title":{"rendered":"Apresenta\u00e7\u00e3o do Menino Jesus no Templo: sua hist\u00f3ria em meio a candeias e luz, velas e vel\u00f3rio na vida! (Lc 2,22-40)"},"content":{"rendered":"<div id=\"attachment_194274\" style=\"width: 850px\" class=\"wp-caption alignnone\"><img aria-describedby=\"caption-attachment-194274\" decoding=\"async\" loading=\"lazy\" class=\"wp-image-194274 size-full\" src=\"https:\/\/franciscanos.org.br\/vidacrista\/wp-content\/uploads\/2024\/02\/vela_0202.png\" alt=\"\" width=\"840\" height=\"450\" srcset=\"https:\/\/franciscanos.org.br\/vidacrista\/wp-content\/uploads\/2024\/02\/vela_0202.png 840w, https:\/\/franciscanos.org.br\/vidacrista\/wp-content\/uploads\/2024\/02\/vela_0202-450x241.png 450w, https:\/\/franciscanos.org.br\/vidacrista\/wp-content\/uploads\/2024\/02\/vela_0202-768x411.png 768w, https:\/\/franciscanos.org.br\/vidacrista\/wp-content\/uploads\/2024\/02\/vela_0202-150x80.png 150w\" sizes=\"(max-width: 840px) 100vw, 840px\" \/><p id=\"caption-attachment-194274\" class=\"wp-caption-text\">Imagem ilustrativa: Canva (<a href=\"http:\/\/www.canva.com\/pt_br\/modelos\">www.canva.com\/pt_br\/modelos<\/a>)<\/p><\/div>\n<p><em>Frei Jacir de Freitas Faria<\/em> <a href=\"#_ftn1\" name=\"_ftnref1\">[1]<\/a><\/p>\n<p>O texto sobre o qual vamos refletir \u00e9 Lc 2,22-40. Quarenta dias nos separam do Natal, a festa do Deus-Menino, a luz que n\u00e3o se apaga. Sabemos que o Natal \u00e9 uma releitura da celebra\u00e7\u00e3o do nascimento da divindade romana do Sol Invicto. No menor dia do ano, o sol renasce.<\/p>\n<p>Essa festa chegou ao Ocidente, em Roma, vinda do Oriente, da S\u00edria. Ela foi institu\u00edda no imp\u00e9rio por Marco Aur\u00e9lio (218-222 E.C.). Mais tarde, o imperador convertido ao cristianismo, Constantino (313 E.C.), decretou que o s\u00e9timo dia da semana fosse um dia descanso para os magistrados e o povo, e que se chamaria domingo, em homenagem ao sol. Sendo Jesus, o Sol que n\u00e3o se apaga, pois ele \u00e9 a luz que vem de Deus (Luz), esse dia passou a ser o \u201cDia do Senhor\u201d para o imp\u00e9rio romano. Os crist\u00e3os j\u00e1 o consideravam como dia da ressurrei\u00e7\u00e3o de Jesus.<\/p>\n<p><iframe loading=\"lazy\" title=\"YouTube video player\" src=\"https:\/\/www.youtube.com\/embed\/B8zDWd6n-2o?si=3yZvrMSQYiIHkeX9\" width=\"100%\" height=\"500\" frameborder=\"0\" allowfullscreen=\"allowfullscreen\" data-mce-fragment=\"1\"><span data-mce-type=\"bookmark\" style=\"display: inline-block; width: 0px; overflow: hidden; line-height: 0;\" class=\"mce_SELRES_start\">\ufeff<\/span><\/iframe><\/p>\n<p>Entre Judeus, conforme atesta o historiador Flavio Josefo, era proibido celebrar festas de anivers\u00e1rios entre o povo. Foi o Papa J\u00falio 1\u00ba (337-352) que decretou o Natal como festa do nascimento de Jesus, passando a ser celebrado no dia 25 de dezembro, na outrora festa pag\u00e3 do Sol Invicto.<\/p>\n<p>Resolvida essa quest\u00e3o pol\u00eamica, mais tarde, o imperador Justiniano I, em 542 E.C., decretou a celebra\u00e7\u00e3o de outras festas decorrentes do Natal, dentre elas: a da apresenta\u00e7\u00e3o do Menino Jesus no Templo, 40 dias ap\u00f3s o Natal, concomitante com a de Nossa Senhora das Candeias.<\/p>\n<p>Rezava a lei judaica (Lv 12,1-4) que toda mulher que desse \u00e0 luz deveria, quarenta dias depois o parto, ir ao templo de Jerusal\u00e9m para fazer a sua oferta de purifica\u00e7\u00e3o e consagra\u00e7\u00e3o do primog\u00eanito. Tudo dependia de sua condi\u00e7\u00e3o social. Maria e Jos\u00e9 ofereceram, de sua pobreza, um casal de pombos.<\/p>\n<p>Maria ter\u00e1 levado consigo, conforme o costume, uma vela (candeia) acesa, na prociss\u00e3o de apresenta\u00e7\u00e3o do Menino Jesus no Templo. Ele era primog\u00eanito e, portanto, deveria ser consagrado ao Senhor. A luz ilumina a m\u00e3e que leva o filho luz diante da grande Luz, que \u00e9 Deus. Vela e luz se encontram.<\/p>\n<p>Na Idade M\u00e9dia, Maria passou a ser celebrada como \u201cNossa Senhora das Candeias (da luz), da Candel\u00e1ria, da Luz ou Purifica\u00e7\u00e3o.\u201d Essa rela\u00e7\u00e3o devocional com Maria surgiu da tradi\u00e7\u00e3o de f\u00e9 espanhola. Conta-se que nas ilhas Can\u00e1rias, por volta do ano 1400, quando dois pastores guardavam seus animais perto de uma caverna, eles perceberam que esses n\u00e3o queriam entrar no local, mas os pastores entraram e depararam com uma imagem de Nossa Senhora com o Menino Jesus no colo. O fato tornou-se conhecido. O povo foi ver a imagem e encontrou seres invis\u00edveis com candeias, velas nas m\u00e3os ao lado de Nossa Senhora. Da\u00ed o t\u00edtulo de Nossa Senhora da Candel\u00e1ria.<\/p>\n<p>Muito antes, no entanto, o Papa Gel\u00e1sio, no seu papado de 492-496, instituiu na Igreja uma solene prociss\u00e3o noturna de velas em homenagem a Maria. A partir de ent\u00e3o, essa festa mariana e a da apresenta\u00e7\u00e3o do Menino Jesus no Templo ganharam tradi\u00e7\u00e3o no imp\u00e9rio Romano.<\/p>\n<p>Quando Maria chegou ao Templo, a luz dos olhos do velho Sime\u00e3o bendiz a Deus por ter visto o Messias, a luz que iluminaria os povos. A luz que seria causa de trope\u00e7o para muitos. Por ter trazido a luz ao mundo, Maria tamb\u00e9m sofreria com uma espada que traspassaria a sua alma, quando a luz dos olhos de seu Filho fosse apagada por seus inimigos.<\/p>\n<p>A nossa vida \u00e9 marcada, do nascer ao morrer, por trevas, luzes e velas em rela\u00e7\u00e3o a Deus, substantivo que em s\u00e2nscrito, umas das l\u00ednguas indo-europeias mais antigas, se grafa com <em>d\u00eava ou dywe<\/em>, que vem de <em>div<\/em> e significa <em>brilhar<\/em>, e <em>dew, luz<\/em>, <em>brilho<\/em>. Assim, da raiz de brilhar, luz, \u00e9 que se originaram os substantivos Deus e dia. Da\u00ed que <em>bom dia, b\u00f4di\u00e8<\/em>, \u00e9 o mesmo que <em>boa luz<\/em> e <em>bom deus.<\/em> Em outras palavras, <em>que Deus seja luz em seu caminho<\/em>.<\/p>\n<p>Quando Deus criou o mundo, primeiramente, ele fez a luz para a distingui-la das trevas (Gn 1,3). Quando nascemos, nossa m\u00e3e d\u00e1 \u00e0 luz. Nascemos, chegamos \u00e0 luz do dia. Noite e trevas rondam o nosso viver. Sempre buscamos a luz. Uns perdem a luz de sua vida e passam a ser sinal de escurid\u00e3o. Uns at\u00e9 chegam a tirar a luz da sua vida. Triste sina! Outros n\u00e3o t\u00eam o acesso \u00e0 vida digna e passam uma vida inteira sem o brilho da dignidade social.<\/p>\n<p>Quando comemoramos o nosso anivers\u00e1rio, apagamos a luz de velas, significando o fim de um passado e o recome\u00e7o na luz de um novo ano de vida. Quando morremos, acendem velas para n\u00f3s. Celebram o nosso vel\u00f3rio que, no passado, era somente \u00e0 luz de velas. Naquele dia, uma \u00faltima vela de nossa exist\u00eancia terrena \u00e9 apagada em nossa vida mortal. Um confrade meu de saudosa mem\u00f3ria, Frei Ant\u00f4nio Rocha, disse com voz tr\u00eamula, no leito de morte: \u201cSinto que uma luz est\u00e1 se apagando dentro de mim, n\u00e3o consigo mais!\u201d<\/p>\n<p>Quem foi luz na vida ter\u00e1 a gra\u00e7a de se reencontrar com Deus, a Luz da qual originou a nossa vida. A Luz que nunca apaga na morada eterna. Que sejamos como o Menino Jesus, luz para todos! Que Maria nos ajude a iluminar os caminhos de nossa vida com a vela da f\u00e9 que a conduziu ao templo de Jerusal\u00e9m. Que Sime\u00f5es e Anas nos aben\u00e7oem no decorrer da apresenta\u00e7\u00e3o de nossas vidas, at\u00e9 o dia derradeiro de nossa exist\u00eancia, sendo sinal de luz na vida de pessoas e povos. Que Deus luz ilumine o nosso tempo t\u00e3o marcado pelas trevas do erro, pela desigualdade social, pela gan\u00e2ncia de alguns e sofrimento de tantos. Am\u00e9m! Que sua luz brilhe sempre!<\/p>\n<hr \/>\n<p><a href=\"#_ftnref1\" name=\"_ftn1\">[1]<\/a>Doutor em Teologia B\u00edblica pela FAJE (BH). Mestre em Ci\u00eancias B\u00edblicas (Exegese) pelo Pontif\u00edcio Instituto B\u00edblico de Roma. Professor de Exegese B\u00edblica. \u00c9 membro da Associa\u00e7\u00e3o Brasileira de Pesquisa B\u00edblica (ABIB). Sacerdote Franciscano. Autor de dez livros e coautor de quinze. Youtube: Frei Jacir B\u00edblia e Ap\u00f3crifos. <a href=\"https:\/\/www.youtube.com\/channel\/UCwbSE97jnR6jQwHRigX1KlQ\">https:\/\/www.youtube.com\/channel\/UCwbSE97jnR6jQwHRigX1KlQ<\/a><\/p>\n","protected":false},"excerpt":{"rendered":"<p>Artigo de Frei Jacir de Freitas Faria<\/p>\n","protected":false},"author":3,"featured_media":194274,"comment_status":"open","ping_status":"open","sticky":false,"template":"","format":"standard","meta":{"footnotes":""},"categories":[26],"tags":[43],"yoast_head":"<!-- This site is optimized with the Yoast SEO plugin v19.4 - https:\/\/yoast.com\/wordpress\/plugins\/seo\/ -->\n<title>Apresenta\u00e7\u00e3o do Menino Jesus no Templo: sua hist\u00f3ria em meio a candeias e luz, velas e vel\u00f3rio na vida! (Lc 2,22-40) - Vida Crist\u00e3 - Franciscanos<\/title>\n<meta name=\"robots\" content=\"index, follow, max-snippet:-1, max-image-preview:large, max-video-preview:-1\" \/>\n<link rel=\"canonical\" href=\"https:\/\/franciscanos.org.br\/vidacrista\/apresentacao-do-menino-jesus-no-templo-sua-historia-em-meio-a-candeias-e-luz-velas-e-velorio-na-vida-lc-222-40\/\" \/>\n<meta property=\"og:locale\" content=\"pt_BR\" \/>\n<meta property=\"og:type\" content=\"article\" \/>\n<meta property=\"og:title\" content=\"Apresenta\u00e7\u00e3o do Menino Jesus no Templo: sua hist\u00f3ria em meio a candeias e luz, velas e vel\u00f3rio na vida! (Lc 2,22-40) - Vida Crist\u00e3 - Franciscanos\" \/>\n<meta property=\"og:description\" content=\"Artigo de Frei Jacir de Freitas Faria\" \/>\n<meta property=\"og:url\" content=\"https:\/\/franciscanos.org.br\/vidacrista\/apresentacao-do-menino-jesus-no-templo-sua-historia-em-meio-a-candeias-e-luz-velas-e-velorio-na-vida-lc-222-40\/\" \/>\n<meta property=\"og:site_name\" content=\"Vida Crist\u00e3 - Franciscanos\" \/>\n<meta property=\"article:published_time\" content=\"2024-02-02T09:29:23+00:00\" \/>\n<meta property=\"article:modified_time\" content=\"2024-02-02T09:34:13+00:00\" \/>\n<meta property=\"og:image\" content=\"https:\/\/franciscanos.org.br\/vidacrista\/wp-content\/uploads\/2024\/02\/vela_0202.png\" \/>\n\t<meta property=\"og:image:width\" content=\"840\" \/>\n\t<meta property=\"og:image:height\" content=\"450\" \/>\n\t<meta property=\"og:image:type\" content=\"image\/png\" \/>\n<meta name=\"author\" content=\"moacir\" \/>\n<meta name=\"twitter:card\" content=\"summary_large_image\" \/>\n<meta name=\"twitter:label1\" content=\"Escrito por\" \/>\n\t<meta name=\"twitter:data1\" content=\"moacir\" \/>\n\t<meta name=\"twitter:label2\" content=\"Est. tempo de leitura\" \/>\n\t<meta name=\"twitter:data2\" content=\"5 minutos\" \/>\n<script type=\"application\/ld+json\" class=\"yoast-schema-graph\">{\"@context\":\"https:\/\/schema.org\",\"@graph\":[{\"@type\":\"WebSite\",\"@id\":\"https:\/\/franciscanos.org.br\/vidacrista\/#website\",\"url\":\"https:\/\/franciscanos.org.br\/vidacrista\/\",\"name\":\"Vida Crist\u00e3 - Franciscanos\",\"description\":\"Prov\u00edncia Franciscana da Imaculada Concei\u00e7\u00e3o do Brasil - Ordem dos Frades Menores\",\"potentialAction\":[{\"@type\":\"SearchAction\",\"target\":{\"@type\":\"EntryPoint\",\"urlTemplate\":\"https:\/\/franciscanos.org.br\/vidacrista\/?s={search_term_string}\"},\"query-input\":\"required name=search_term_string\"}],\"inLanguage\":\"pt-BR\"},{\"@type\":\"WebPage\",\"@id\":\"https:\/\/franciscanos.org.br\/vidacrista\/apresentacao-do-menino-jesus-no-templo-sua-historia-em-meio-a-candeias-e-luz-velas-e-velorio-na-vida-lc-222-40\/\",\"url\":\"https:\/\/franciscanos.org.br\/vidacrista\/apresentacao-do-menino-jesus-no-templo-sua-historia-em-meio-a-candeias-e-luz-velas-e-velorio-na-vida-lc-222-40\/\",\"name\":\"Apresenta\u00e7\u00e3o do Menino Jesus no Templo: sua hist\u00f3ria em meio a candeias e luz, velas e vel\u00f3rio na vida! (Lc 2,22-40) - Vida Crist\u00e3 - Franciscanos\",\"isPartOf\":{\"@id\":\"https:\/\/franciscanos.org.br\/vidacrista\/#website\"},\"datePublished\":\"2024-02-02T09:29:23+00:00\",\"dateModified\":\"2024-02-02T09:34:13+00:00\",\"author\":{\"@id\":\"https:\/\/franciscanos.org.br\/vidacrista\/#\/schema\/person\/1880bdd2c350b735648725ef7614736a\"},\"breadcrumb\":{\"@id\":\"https:\/\/franciscanos.org.br\/vidacrista\/apresentacao-do-menino-jesus-no-templo-sua-historia-em-meio-a-candeias-e-luz-velas-e-velorio-na-vida-lc-222-40\/#breadcrumb\"},\"inLanguage\":\"pt-BR\",\"potentialAction\":[{\"@type\":\"ReadAction\",\"target\":[\"https:\/\/franciscanos.org.br\/vidacrista\/apresentacao-do-menino-jesus-no-templo-sua-historia-em-meio-a-candeias-e-luz-velas-e-velorio-na-vida-lc-222-40\/\"]}]},{\"@type\":\"BreadcrumbList\",\"@id\":\"https:\/\/franciscanos.org.br\/vidacrista\/apresentacao-do-menino-jesus-no-templo-sua-historia-em-meio-a-candeias-e-luz-velas-e-velorio-na-vida-lc-222-40\/#breadcrumb\",\"itemListElement\":[{\"@type\":\"ListItem\",\"position\":1,\"name\":\"Home\",\"item\":\"https:\/\/franciscanos.org.br\/vidacrista\/\"},{\"@type\":\"ListItem\",\"position\":2,\"name\":\"Apresenta\u00e7\u00e3o do Menino Jesus no Templo: sua hist\u00f3ria em meio a candeias e luz, velas e vel\u00f3rio na vida! (Lc 2,22-40)\"}]},{\"@type\":\"Person\",\"@id\":\"https:\/\/franciscanos.org.br\/vidacrista\/#\/schema\/person\/1880bdd2c350b735648725ef7614736a\",\"name\":\"moacir\",\"image\":{\"@type\":\"ImageObject\",\"inLanguage\":\"pt-BR\",\"@id\":\"https:\/\/franciscanos.org.br\/vidacrista\/#\/schema\/person\/image\/\",\"url\":\"https:\/\/secure.gravatar.com\/avatar\/d08aa2ce4c8dd416d4479aa8536fcf64?s=96&d=mm&r=g\",\"contentUrl\":\"https:\/\/secure.gravatar.com\/avatar\/d08aa2ce4c8dd416d4479aa8536fcf64?s=96&d=mm&r=g\",\"caption\":\"moacir\"},\"url\":\"https:\/\/franciscanos.org.br\/vidacrista\/author\/moacir\/\"}]}<\/script>\n<!-- \/ Yoast SEO plugin. -->","yoast_head_json":{"title":"Apresenta\u00e7\u00e3o do Menino Jesus no Templo: sua hist\u00f3ria em meio a candeias e luz, velas e vel\u00f3rio na vida! (Lc 2,22-40) - Vida Crist\u00e3 - Franciscanos","robots":{"index":"index","follow":"follow","max-snippet":"max-snippet:-1","max-image-preview":"max-image-preview:large","max-video-preview":"max-video-preview:-1"},"canonical":"https:\/\/franciscanos.org.br\/vidacrista\/apresentacao-do-menino-jesus-no-templo-sua-historia-em-meio-a-candeias-e-luz-velas-e-velorio-na-vida-lc-222-40\/","og_locale":"pt_BR","og_type":"article","og_title":"Apresenta\u00e7\u00e3o do Menino Jesus no Templo: sua hist\u00f3ria em meio a candeias e luz, velas e vel\u00f3rio na vida! (Lc 2,22-40) - Vida Crist\u00e3 - Franciscanos","og_description":"Artigo de Frei Jacir de Freitas Faria","og_url":"https:\/\/franciscanos.org.br\/vidacrista\/apresentacao-do-menino-jesus-no-templo-sua-historia-em-meio-a-candeias-e-luz-velas-e-velorio-na-vida-lc-222-40\/","og_site_name":"Vida Crist\u00e3 - Franciscanos","article_published_time":"2024-02-02T09:29:23+00:00","article_modified_time":"2024-02-02T09:34:13+00:00","og_image":[{"width":840,"height":450,"url":"https:\/\/franciscanos.org.br\/vidacrista\/wp-content\/uploads\/2024\/02\/vela_0202.png","type":"image\/png"}],"author":"moacir","twitter_card":"summary_large_image","twitter_misc":{"Escrito por":"moacir","Est. tempo de leitura":"5 minutos"},"schema":{"@context":"https:\/\/schema.org","@graph":[{"@type":"WebSite","@id":"https:\/\/franciscanos.org.br\/vidacrista\/#website","url":"https:\/\/franciscanos.org.br\/vidacrista\/","name":"Vida Crist\u00e3 - Franciscanos","description":"Prov\u00edncia Franciscana da Imaculada Concei\u00e7\u00e3o do Brasil - Ordem dos Frades Menores","potentialAction":[{"@type":"SearchAction","target":{"@type":"EntryPoint","urlTemplate":"https:\/\/franciscanos.org.br\/vidacrista\/?s={search_term_string}"},"query-input":"required name=search_term_string"}],"inLanguage":"pt-BR"},{"@type":"WebPage","@id":"https:\/\/franciscanos.org.br\/vidacrista\/apresentacao-do-menino-jesus-no-templo-sua-historia-em-meio-a-candeias-e-luz-velas-e-velorio-na-vida-lc-222-40\/","url":"https:\/\/franciscanos.org.br\/vidacrista\/apresentacao-do-menino-jesus-no-templo-sua-historia-em-meio-a-candeias-e-luz-velas-e-velorio-na-vida-lc-222-40\/","name":"Apresenta\u00e7\u00e3o do Menino Jesus no Templo: sua hist\u00f3ria em meio a candeias e luz, velas e vel\u00f3rio na vida! (Lc 2,22-40) - Vida Crist\u00e3 - Franciscanos","isPartOf":{"@id":"https:\/\/franciscanos.org.br\/vidacrista\/#website"},"datePublished":"2024-02-02T09:29:23+00:00","dateModified":"2024-02-02T09:34:13+00:00","author":{"@id":"https:\/\/franciscanos.org.br\/vidacrista\/#\/schema\/person\/1880bdd2c350b735648725ef7614736a"},"breadcrumb":{"@id":"https:\/\/franciscanos.org.br\/vidacrista\/apresentacao-do-menino-jesus-no-templo-sua-historia-em-meio-a-candeias-e-luz-velas-e-velorio-na-vida-lc-222-40\/#breadcrumb"},"inLanguage":"pt-BR","potentialAction":[{"@type":"ReadAction","target":["https:\/\/franciscanos.org.br\/vidacrista\/apresentacao-do-menino-jesus-no-templo-sua-historia-em-meio-a-candeias-e-luz-velas-e-velorio-na-vida-lc-222-40\/"]}]},{"@type":"BreadcrumbList","@id":"https:\/\/franciscanos.org.br\/vidacrista\/apresentacao-do-menino-jesus-no-templo-sua-historia-em-meio-a-candeias-e-luz-velas-e-velorio-na-vida-lc-222-40\/#breadcrumb","itemListElement":[{"@type":"ListItem","position":1,"name":"Home","item":"https:\/\/franciscanos.org.br\/vidacrista\/"},{"@type":"ListItem","position":2,"name":"Apresenta\u00e7\u00e3o do Menino Jesus no Templo: sua hist\u00f3ria em meio a candeias e luz, velas e vel\u00f3rio na vida! (Lc 2,22-40)"}]},{"@type":"Person","@id":"https:\/\/franciscanos.org.br\/vidacrista\/#\/schema\/person\/1880bdd2c350b735648725ef7614736a","name":"moacir","image":{"@type":"ImageObject","inLanguage":"pt-BR","@id":"https:\/\/franciscanos.org.br\/vidacrista\/#\/schema\/person\/image\/","url":"https:\/\/secure.gravatar.com\/avatar\/d08aa2ce4c8dd416d4479aa8536fcf64?s=96&d=mm&r=g","contentUrl":"https:\/\/secure.gravatar.com\/avatar\/d08aa2ce4c8dd416d4479aa8536fcf64?s=96&d=mm&r=g","caption":"moacir"},"url":"https:\/\/franciscanos.org.br\/vidacrista\/author\/moacir\/"}]}},"_links":{"self":[{"href":"https:\/\/franciscanos.org.br\/vidacrista\/wp-json\/wp\/v2\/posts\/194273"}],"collection":[{"href":"https:\/\/franciscanos.org.br\/vidacrista\/wp-json\/wp\/v2\/posts"}],"about":[{"href":"https:\/\/franciscanos.org.br\/vidacrista\/wp-json\/wp\/v2\/types\/post"}],"author":[{"embeddable":true,"href":"https:\/\/franciscanos.org.br\/vidacrista\/wp-json\/wp\/v2\/users\/3"}],"replies":[{"embeddable":true,"href":"https:\/\/franciscanos.org.br\/vidacrista\/wp-json\/wp\/v2\/comments?post=194273"}],"version-history":[{"count":2,"href":"https:\/\/franciscanos.org.br\/vidacrista\/wp-json\/wp\/v2\/posts\/194273\/revisions"}],"predecessor-version":[{"id":194276,"href":"https:\/\/franciscanos.org.br\/vidacrista\/wp-json\/wp\/v2\/posts\/194273\/revisions\/194276"}],"wp:featuredmedia":[{"embeddable":true,"href":"https:\/\/franciscanos.org.br\/vidacrista\/wp-json\/wp\/v2\/media\/194274"}],"wp:attachment":[{"href":"https:\/\/franciscanos.org.br\/vidacrista\/wp-json\/wp\/v2\/media?parent=194273"}],"wp:term":[{"taxonomy":"category","embeddable":true,"href":"https:\/\/franciscanos.org.br\/vidacrista\/wp-json\/wp\/v2\/categories?post=194273"},{"taxonomy":"post_tag","embeddable":true,"href":"https:\/\/franciscanos.org.br\/vidacrista\/wp-json\/wp\/v2\/tags?post=194273"}],"curies":[{"name":"wp","href":"https:\/\/api.w.org\/{rel}","templated":true}]}}