{"id":194205,"date":"2023-12-22T09:17:06","date_gmt":"2023-12-22T12:17:06","guid":{"rendered":"https:\/\/franciscanos.org.br\/vidacrista\/?p=194205"},"modified":"2023-12-22T09:18:22","modified_gmt":"2023-12-22T12:18:22","slug":"natal-netanyhau-herodes-e-a-matanca-de-inocentes-em-gaza","status":"publish","type":"post","link":"https:\/\/franciscanos.org.br\/vidacrista\/natal-netanyhau-herodes-e-a-matanca-de-inocentes-em-gaza\/","title":{"rendered":"Natal: Netanyhau (Herodes) e a matan\u00e7a de inocentes em Gaza"},"content":{"rendered":"<div id=\"attachment_194206\" style=\"width: 850px\" class=\"wp-caption alignnone\"><img aria-describedby=\"caption-attachment-194206\" decoding=\"async\" loading=\"lazy\" class=\"wp-image-194206 size-full\" src=\"https:\/\/franciscanos.org.br\/vidacrista\/wp-content\/uploads\/2023\/12\/artigo_22.jpg\" alt=\"\" width=\"840\" height=\"450\" srcset=\"https:\/\/franciscanos.org.br\/vidacrista\/wp-content\/uploads\/2023\/12\/artigo_22.jpg 840w, https:\/\/franciscanos.org.br\/vidacrista\/wp-content\/uploads\/2023\/12\/artigo_22-450x241.jpg 450w, https:\/\/franciscanos.org.br\/vidacrista\/wp-content\/uploads\/2023\/12\/artigo_22-768x411.jpg 768w, https:\/\/franciscanos.org.br\/vidacrista\/wp-content\/uploads\/2023\/12\/artigo_22-150x80.jpg 150w\" sizes=\"(max-width: 840px) 100vw, 840px\" \/><p id=\"caption-attachment-194206\" class=\"wp-caption-text\"><em>&#8220;Fuga para o Egito&#8221;, de Gentile da Fabriano (1423, Wikip\u00e9dia, dom\u00ednio p\u00fablico)<\/em><\/p><\/div>\n<p><strong>LEONARDO BOFF<\/strong><\/p>\n<p>Nos dias atuais estamos assistindo a atualiza\u00e7\u00e3o do relato b\u00edblico: um feroz rei, cioso de seu poder, manda matar todas as crian\u00e7as abaixo de um ano. O Herodes de hoje tem um nome Benjamin Netanyhau. Em seu furor vingativo, sua for\u00e7a militar, a\u00e9rea, mar\u00edtima e terrestre assassinou milhares de crian\u00e7as, sendo que muitas delas jazem sob os escombros, al\u00e9m de outros milhares de civis que sequer pertencem ao grupo Hamas. N\u00e3o podemos deixar que esta trag\u00e9dia obscure\u00e7a a festa radiosa do Natal. Ela \u00e9 demais preciosa para n\u00e3o ser recordada e celebrada. Voltemos ao relato que nos enche de encanto, mesmo depois de mais de dois s\u00e9culos. Jos\u00e9 e Maria, sua esposa, gr\u00e1vida de nove meses, est\u00e3o a caminho vindo de Nazar\u00e9, do norte da Palestina para o sul, em Bel\u00e9m. S\u00e3o pobres como a maioria dos artes\u00e3os e camponeses mediterr\u00e2neos. \u00c0s portas de Bel\u00e9m, nos dias de hoje arrasada pelas tropas de Netanyhau, Maria entra em trabalho de parto: segura a barriga pois a longa caminhada acelerou o processo de gesta\u00e7\u00e3o. Batem \u00e0 porta de uma hospedaria. Ouvem o que os pobres na hist\u00f3ria sempre ouvem: &#8220;N\u00e3o tem lugar para voc\u00eas na hospedaria\u201d (Lc 2,7).<\/p>\n<p>Abaixam a cabe\u00e7a e se afastam preocupados. Como ela vai dar \u00e0 luz? Sobrou-lhes, na vizinhan\u00e7a, uma estrebaria de animais. Ai h\u00e1 uma manjedoura com palhas, um boi e um jumento que, estranhamente, permanecem quietos, observando. Ela d\u00e1 a luz a um menino entre os animais. Faz frio. Ela o envolve com panos e ajeita-o nas palhinhas. Choraminga alto como todos os rec\u00e9m-nascidos.<\/p>\n<p>H\u00e1 pastores que velam \u00e0 noite, vigiando o rebanho. Segundo os crit\u00e9rios de pureza legal da \u00e9poca, os pastores, s\u00e3o considerados impuros e por isso desprezados, por estarem sempre \u00e0s voltas com os animais, seu sangue e seus excrementos. Diferente era a vis\u00e3o id\u00edlica dos gregos e dos romanos que idealizam a figura dos pastores. Mas s\u00e3o estes pobres e impuros pastores hebreus os primeiros a verem o <em>Puer divinus<\/em>, a divina crian\u00e7a.<\/p>\n<p>Surpreendentemente, uma luz os envolveu e escutaram do Alto uma voz lhes anunciando: &#8220;N\u00e3o temais, anuncio-vos uma grande alegria que \u00e9 para todo o povo; acaba de nascer o Salvador; este \u00e9 o sinal: encontrareis um menino envolto em panos, deitado numa manjedoura\u201d. Ao porem-se, pressurosos, a caminho ouviram um c\u00e2ntico mavioso, de muitas vozes, vindo do Alto: &#8220;Gl\u00f3ria a Deus nas alturas e paz na Terra aos homens por Deus amados\u201d (Lc 2,8-18). Chegam e se confirmou tudo o que lhes fora comunicado: a\u00ed est\u00e1 um menino, tiritando, enfaixado em panos e deitado na manjedoura, na companhia de animais.<\/p>\n<p>Algum tempo depois, eis que vem descendo o caminho, tr\u00eas s\u00e1bios do Oriente. Sabiam interpretar as estrelas. Chegam. Extasiam-se pela misteriosidade da situa\u00e7\u00e3o. Identificam no menino aquele que iria sanar a exist\u00eancia humana ferida. Inclinam-se, reverentes, e deixam presentes simb\u00f3licos: ouro, incenso e mirra. Com o cora\u00e7\u00e3o leve e maravilhados, tomam o caminho de volta, evitando a cidade de Jerusal\u00e9m, pois a\u00ed reinava um \u201cNetanyhau\u201d terrivelmente belicoso, pronto a mandar matar quem visitara a crian\u00e7a divina.<\/p>\n<p>Li\u00e7\u00e3o: Deus entrou no mundo, na calada da noite, sem que ningu\u00e9m o soubesse. N\u00e3o h\u00e1 pompa nem gl\u00f3ria, que imaginar\u00edamos adequadas a um menino que \u00e9 Deus. Mas preferiu chegar fora da cidade, entre animais. N\u00e3o constou na cr\u00f4nica da \u00e9poca, nem em Bel\u00e9m, nem em Jerusal\u00e9m, muito menos em Roma. No entanto, a\u00ed est\u00e1 Aquele que o universo estava gestando dentro de si h\u00e1 bilh\u00f5es de anos, aquela \u201cluz verdadeira que ilumina cada pessoa que vem a este mundo\u201d (Jo 1,10). Deus n\u00e3o veio para divinizar o ser humano, Ele veio para se humanizar junto conosco.<\/p>\n<p>Devemos respeitar e amar a forma como Deus quis entrar neste mundo: an\u00f4nimo como an\u00f4nimas s\u00e3o as grandes maiorias pobres e menosprezadas da humanidade. Quis come\u00e7ar l\u00e1 em baixo para n\u00e3o deixar ningu\u00e9m de fora. A situa\u00e7\u00e3o humilhada e ofendida deles foi aquela que o pr\u00f3prio Deus quis fazer sua.<\/p>\n<p>Mas h\u00e1 tamb\u00e9m s\u00e1bios e homens estudiosos das estrelas do universo, os cosm\u00f3logos e que captam atr\u00e1s das apar\u00eancias o mist\u00e9rio de todas as coisas. Entreveem neste menino de corpinho tiritante, que molha os paninhos, choraminga e busca, faminto, o seio da m\u00e3e, o Sentido Supremo de nossa caminhada e do pr\u00f3prio universo. Para eles \u00e9 tamb\u00e9m Natal.<\/p>\n<p>\u00c9 verdade o que se diz por a\u00ed: \u201cTodo menino quer ser homem. Todo homem quer ser rei. Todo rei quer ser Deus. S\u00f3 Deus quis ser menino\u201d.<\/p>\n<p>Esse \u00e9 um lado, alvissareiro: um raio de luz no meio da noite escura. Um pouco de luz tem mais direito que todas as trevas.<\/p>\n<p>Mas h\u00e1 o outro lado, sombrio e tamb\u00e9m tr\u00e1gico, referido anteriormente. H\u00e1 um \u201cNetanyhau\u201d que n\u00e3o teme assassinar inocentes. Jos\u00e9, atento, logo se d\u00e1 conta: ele quer mandar matar o menino rec\u00e9m nascido. Foge para o Egito com Maria e o menino ao colo que dorme, busca o seio e volta a dormir.<\/p>\n<p>Milhares de crian\u00e7as foram assassinadas em terras da Faixa de Gaza. Ent\u00e3o se ouviu um dos lamentos mais comoventes de todas as Escrituras: &#8220;Em Ram\u00e1 se ouviu uma voz, muito choro e gemido: \u00e9 Raquel que chora os filhos assassinados e n\u00e3o quer ser consolada porque os perdeu para sempre\u201d(Mt 2,18).<\/p>\n<p>Os Herodes se perpetuam na hist\u00f3ria tamb\u00e9m durante quatro anos no Brasil sob o Ineleg\u00edvel e atualmente na Palestina. N\u00e3o obstante, haver\u00e1 sempre uma estrela, como a de Bel\u00e9m, a iluminar nossos caminhos. Por mais perverso que sejam os Herodes, eles n\u00e3o podem impedir que o sol nas\u00e7a cada manh\u00e3 nos trazendo esperan\u00e7a, especialmente aquele que foi chamado \u201cO Sol da Esperan\u00e7a\u201d.<\/p>\n<p>Essa alegria \u00e9 inaudita: a nossa humanidade, fraca e mortal, a partir do Natal come\u00e7ou a pertencer ao pr\u00f3prio Deus. Por isso algo nosso j\u00e1 foi eternizado pelo <em>Puer aeternus<\/em> que nos garante que os Herodes da morte jamais triunfar\u00e3o.<\/p>\n<p>Feliz Natal a todos com muita compaix\u00e3o por tantas v\u00edtimas em Gaza, com luz e discreta alegria.<\/p>\n<hr \/>\n<p><strong>Leonardo Boff<\/strong> <em>\u00e9 te\u00f3logo e escreveu &#8220;O Sol da Esperan\u00e7a: Natal, hist\u00f3rias, poesias e s\u00edmbolos, Mar de Ideias&#8221;, Rio 2007; &#8220;Natal: a humanidade e a jovialidade de nosso Deus&#8221;, Vozes 2009. <\/em><br \/>\n<em>Para encomendar:contato@leonardoboff.eco.br<\/em><\/p>\n","protected":false},"excerpt":{"rendered":"<p>Artigo de Leonardo Boff<\/p>\n","protected":false},"author":3,"featured_media":194206,"comment_status":"open","ping_status":"open","sticky":false,"template":"","format":"standard","meta":{"footnotes":""},"categories":[26],"tags":[59],"yoast_head":"<!-- This site is optimized with the Yoast SEO plugin v19.4 - https:\/\/yoast.com\/wordpress\/plugins\/seo\/ -->\n<title>Natal: Netanyhau (Herodes) e a matan\u00e7a de inocentes em Gaza - Vida Crist\u00e3 - Franciscanos<\/title>\n<meta name=\"robots\" content=\"index, follow, max-snippet:-1, max-image-preview:large, max-video-preview:-1\" \/>\n<link rel=\"canonical\" href=\"https:\/\/franciscanos.org.br\/vidacrista\/natal-netanyhau-herodes-e-a-matanca-de-inocentes-em-gaza\/\" \/>\n<meta property=\"og:locale\" content=\"pt_BR\" \/>\n<meta property=\"og:type\" content=\"article\" \/>\n<meta property=\"og:title\" content=\"Natal: Netanyhau (Herodes) e a matan\u00e7a de inocentes em Gaza - Vida Crist\u00e3 - Franciscanos\" \/>\n<meta property=\"og:description\" content=\"Artigo de Leonardo Boff\" \/>\n<meta property=\"og:url\" content=\"https:\/\/franciscanos.org.br\/vidacrista\/natal-netanyhau-herodes-e-a-matanca-de-inocentes-em-gaza\/\" \/>\n<meta property=\"og:site_name\" content=\"Vida Crist\u00e3 - Franciscanos\" \/>\n<meta property=\"article:published_time\" content=\"2023-12-22T12:17:06+00:00\" \/>\n<meta property=\"article:modified_time\" content=\"2023-12-22T12:18:22+00:00\" \/>\n<meta property=\"og:image\" content=\"https:\/\/franciscanos.org.br\/vidacrista\/wp-content\/uploads\/2023\/12\/artigo_22.jpg\" \/>\n\t<meta property=\"og:image:width\" content=\"840\" \/>\n\t<meta property=\"og:image:height\" content=\"450\" \/>\n\t<meta property=\"og:image:type\" content=\"image\/jpeg\" \/>\n<meta name=\"author\" content=\"moacir\" \/>\n<meta name=\"twitter:card\" content=\"summary_large_image\" \/>\n<meta name=\"twitter:label1\" content=\"Escrito por\" \/>\n\t<meta name=\"twitter:data1\" content=\"moacir\" \/>\n\t<meta name=\"twitter:label2\" content=\"Est. tempo de leitura\" \/>\n\t<meta name=\"twitter:data2\" content=\"6 minutos\" \/>\n<script type=\"application\/ld+json\" class=\"yoast-schema-graph\">{\"@context\":\"https:\/\/schema.org\",\"@graph\":[{\"@type\":\"WebSite\",\"@id\":\"https:\/\/franciscanos.org.br\/vidacrista\/#website\",\"url\":\"https:\/\/franciscanos.org.br\/vidacrista\/\",\"name\":\"Vida Crist\u00e3 - Franciscanos\",\"description\":\"Prov\u00edncia Franciscana da Imaculada Concei\u00e7\u00e3o do Brasil - Ordem dos Frades Menores\",\"potentialAction\":[{\"@type\":\"SearchAction\",\"target\":{\"@type\":\"EntryPoint\",\"urlTemplate\":\"https:\/\/franciscanos.org.br\/vidacrista\/?s={search_term_string}\"},\"query-input\":\"required name=search_term_string\"}],\"inLanguage\":\"pt-BR\"},{\"@type\":\"WebPage\",\"@id\":\"https:\/\/franciscanos.org.br\/vidacrista\/natal-netanyhau-herodes-e-a-matanca-de-inocentes-em-gaza\/\",\"url\":\"https:\/\/franciscanos.org.br\/vidacrista\/natal-netanyhau-herodes-e-a-matanca-de-inocentes-em-gaza\/\",\"name\":\"Natal: Netanyhau (Herodes) e a matan\u00e7a de inocentes em Gaza - Vida Crist\u00e3 - Franciscanos\",\"isPartOf\":{\"@id\":\"https:\/\/franciscanos.org.br\/vidacrista\/#website\"},\"datePublished\":\"2023-12-22T12:17:06+00:00\",\"dateModified\":\"2023-12-22T12:18:22+00:00\",\"author\":{\"@id\":\"https:\/\/franciscanos.org.br\/vidacrista\/#\/schema\/person\/1880bdd2c350b735648725ef7614736a\"},\"breadcrumb\":{\"@id\":\"https:\/\/franciscanos.org.br\/vidacrista\/natal-netanyhau-herodes-e-a-matanca-de-inocentes-em-gaza\/#breadcrumb\"},\"inLanguage\":\"pt-BR\",\"potentialAction\":[{\"@type\":\"ReadAction\",\"target\":[\"https:\/\/franciscanos.org.br\/vidacrista\/natal-netanyhau-herodes-e-a-matanca-de-inocentes-em-gaza\/\"]}]},{\"@type\":\"BreadcrumbList\",\"@id\":\"https:\/\/franciscanos.org.br\/vidacrista\/natal-netanyhau-herodes-e-a-matanca-de-inocentes-em-gaza\/#breadcrumb\",\"itemListElement\":[{\"@type\":\"ListItem\",\"position\":1,\"name\":\"Home\",\"item\":\"https:\/\/franciscanos.org.br\/vidacrista\/\"},{\"@type\":\"ListItem\",\"position\":2,\"name\":\"Natal: Netanyhau (Herodes) e a matan\u00e7a de inocentes em Gaza\"}]},{\"@type\":\"Person\",\"@id\":\"https:\/\/franciscanos.org.br\/vidacrista\/#\/schema\/person\/1880bdd2c350b735648725ef7614736a\",\"name\":\"moacir\",\"image\":{\"@type\":\"ImageObject\",\"inLanguage\":\"pt-BR\",\"@id\":\"https:\/\/franciscanos.org.br\/vidacrista\/#\/schema\/person\/image\/\",\"url\":\"https:\/\/secure.gravatar.com\/avatar\/d08aa2ce4c8dd416d4479aa8536fcf64?s=96&d=mm&r=g\",\"contentUrl\":\"https:\/\/secure.gravatar.com\/avatar\/d08aa2ce4c8dd416d4479aa8536fcf64?s=96&d=mm&r=g\",\"caption\":\"moacir\"},\"url\":\"https:\/\/franciscanos.org.br\/vidacrista\/author\/moacir\/\"}]}<\/script>\n<!-- \/ Yoast SEO plugin. -->","yoast_head_json":{"title":"Natal: Netanyhau (Herodes) e a matan\u00e7a de inocentes em Gaza - Vida Crist\u00e3 - Franciscanos","robots":{"index":"index","follow":"follow","max-snippet":"max-snippet:-1","max-image-preview":"max-image-preview:large","max-video-preview":"max-video-preview:-1"},"canonical":"https:\/\/franciscanos.org.br\/vidacrista\/natal-netanyhau-herodes-e-a-matanca-de-inocentes-em-gaza\/","og_locale":"pt_BR","og_type":"article","og_title":"Natal: Netanyhau (Herodes) e a matan\u00e7a de inocentes em Gaza - Vida Crist\u00e3 - Franciscanos","og_description":"Artigo de Leonardo Boff","og_url":"https:\/\/franciscanos.org.br\/vidacrista\/natal-netanyhau-herodes-e-a-matanca-de-inocentes-em-gaza\/","og_site_name":"Vida Crist\u00e3 - Franciscanos","article_published_time":"2023-12-22T12:17:06+00:00","article_modified_time":"2023-12-22T12:18:22+00:00","og_image":[{"width":840,"height":450,"url":"https:\/\/franciscanos.org.br\/vidacrista\/wp-content\/uploads\/2023\/12\/artigo_22.jpg","type":"image\/jpeg"}],"author":"moacir","twitter_card":"summary_large_image","twitter_misc":{"Escrito por":"moacir","Est. tempo de leitura":"6 minutos"},"schema":{"@context":"https:\/\/schema.org","@graph":[{"@type":"WebSite","@id":"https:\/\/franciscanos.org.br\/vidacrista\/#website","url":"https:\/\/franciscanos.org.br\/vidacrista\/","name":"Vida Crist\u00e3 - Franciscanos","description":"Prov\u00edncia Franciscana da Imaculada Concei\u00e7\u00e3o do Brasil - Ordem dos Frades Menores","potentialAction":[{"@type":"SearchAction","target":{"@type":"EntryPoint","urlTemplate":"https:\/\/franciscanos.org.br\/vidacrista\/?s={search_term_string}"},"query-input":"required name=search_term_string"}],"inLanguage":"pt-BR"},{"@type":"WebPage","@id":"https:\/\/franciscanos.org.br\/vidacrista\/natal-netanyhau-herodes-e-a-matanca-de-inocentes-em-gaza\/","url":"https:\/\/franciscanos.org.br\/vidacrista\/natal-netanyhau-herodes-e-a-matanca-de-inocentes-em-gaza\/","name":"Natal: Netanyhau (Herodes) e a matan\u00e7a de inocentes em Gaza - Vida Crist\u00e3 - Franciscanos","isPartOf":{"@id":"https:\/\/franciscanos.org.br\/vidacrista\/#website"},"datePublished":"2023-12-22T12:17:06+00:00","dateModified":"2023-12-22T12:18:22+00:00","author":{"@id":"https:\/\/franciscanos.org.br\/vidacrista\/#\/schema\/person\/1880bdd2c350b735648725ef7614736a"},"breadcrumb":{"@id":"https:\/\/franciscanos.org.br\/vidacrista\/natal-netanyhau-herodes-e-a-matanca-de-inocentes-em-gaza\/#breadcrumb"},"inLanguage":"pt-BR","potentialAction":[{"@type":"ReadAction","target":["https:\/\/franciscanos.org.br\/vidacrista\/natal-netanyhau-herodes-e-a-matanca-de-inocentes-em-gaza\/"]}]},{"@type":"BreadcrumbList","@id":"https:\/\/franciscanos.org.br\/vidacrista\/natal-netanyhau-herodes-e-a-matanca-de-inocentes-em-gaza\/#breadcrumb","itemListElement":[{"@type":"ListItem","position":1,"name":"Home","item":"https:\/\/franciscanos.org.br\/vidacrista\/"},{"@type":"ListItem","position":2,"name":"Natal: Netanyhau (Herodes) e a matan\u00e7a de inocentes em Gaza"}]},{"@type":"Person","@id":"https:\/\/franciscanos.org.br\/vidacrista\/#\/schema\/person\/1880bdd2c350b735648725ef7614736a","name":"moacir","image":{"@type":"ImageObject","inLanguage":"pt-BR","@id":"https:\/\/franciscanos.org.br\/vidacrista\/#\/schema\/person\/image\/","url":"https:\/\/secure.gravatar.com\/avatar\/d08aa2ce4c8dd416d4479aa8536fcf64?s=96&d=mm&r=g","contentUrl":"https:\/\/secure.gravatar.com\/avatar\/d08aa2ce4c8dd416d4479aa8536fcf64?s=96&d=mm&r=g","caption":"moacir"},"url":"https:\/\/franciscanos.org.br\/vidacrista\/author\/moacir\/"}]}},"_links":{"self":[{"href":"https:\/\/franciscanos.org.br\/vidacrista\/wp-json\/wp\/v2\/posts\/194205"}],"collection":[{"href":"https:\/\/franciscanos.org.br\/vidacrista\/wp-json\/wp\/v2\/posts"}],"about":[{"href":"https:\/\/franciscanos.org.br\/vidacrista\/wp-json\/wp\/v2\/types\/post"}],"author":[{"embeddable":true,"href":"https:\/\/franciscanos.org.br\/vidacrista\/wp-json\/wp\/v2\/users\/3"}],"replies":[{"embeddable":true,"href":"https:\/\/franciscanos.org.br\/vidacrista\/wp-json\/wp\/v2\/comments?post=194205"}],"version-history":[{"count":1,"href":"https:\/\/franciscanos.org.br\/vidacrista\/wp-json\/wp\/v2\/posts\/194205\/revisions"}],"predecessor-version":[{"id":194207,"href":"https:\/\/franciscanos.org.br\/vidacrista\/wp-json\/wp\/v2\/posts\/194205\/revisions\/194207"}],"wp:featuredmedia":[{"embeddable":true,"href":"https:\/\/franciscanos.org.br\/vidacrista\/wp-json\/wp\/v2\/media\/194206"}],"wp:attachment":[{"href":"https:\/\/franciscanos.org.br\/vidacrista\/wp-json\/wp\/v2\/media?parent=194205"}],"wp:term":[{"taxonomy":"category","embeddable":true,"href":"https:\/\/franciscanos.org.br\/vidacrista\/wp-json\/wp\/v2\/categories?post=194205"},{"taxonomy":"post_tag","embeddable":true,"href":"https:\/\/franciscanos.org.br\/vidacrista\/wp-json\/wp\/v2\/tags?post=194205"}],"curies":[{"name":"wp","href":"https:\/\/api.w.org\/{rel}","templated":true}]}}