{"id":194152,"date":"2023-12-13T07:29:14","date_gmt":"2023-12-13T10:29:14","guid":{"rendered":"https:\/\/franciscanos.org.br\/vidacrista\/?p=194152"},"modified":"2023-12-13T07:29:14","modified_gmt":"2023-12-13T10:29:14","slug":"presepio-uma-escola","status":"publish","type":"post","link":"https:\/\/franciscanos.org.br\/vidacrista\/presepio-uma-escola\/","title":{"rendered":"Pres\u00e9pio: uma escola"},"content":{"rendered":"<div id=\"attachment_194153\" style=\"width: 850px\" class=\"wp-caption alignnone\"><img aria-describedby=\"caption-attachment-194153\" decoding=\"async\" loading=\"lazy\" class=\"wp-image-194153 size-full\" src=\"https:\/\/franciscanos.org.br\/vidacrista\/wp-content\/uploads\/2023\/12\/casentini_presepio_1312.jpg\" alt=\"\" width=\"840\" height=\"499\" srcset=\"https:\/\/franciscanos.org.br\/vidacrista\/wp-content\/uploads\/2023\/12\/casentini_presepio_1312.jpg 840w, https:\/\/franciscanos.org.br\/vidacrista\/wp-content\/uploads\/2023\/12\/casentini_presepio_1312-450x267.jpg 450w, https:\/\/franciscanos.org.br\/vidacrista\/wp-content\/uploads\/2023\/12\/casentini_presepio_1312-768x456.jpg 768w, https:\/\/franciscanos.org.br\/vidacrista\/wp-content\/uploads\/2023\/12\/casentini_presepio_1312-150x89.jpg 150w\" sizes=\"(max-width: 840px) 100vw, 840px\" \/><p id=\"caption-attachment-194153\" class=\"wp-caption-text\"><em>Imagem: Natal em Greccio, de Piero Casentini<\/em><\/p><\/div>\n<p><strong>Dom Walmor Oliveira de Azevedo <\/strong><\/p>\n<p>Neste Natal, celebramos os 800 anos de cria\u00e7\u00e3o do pres\u00e9pio \u2013 uma escola do Evangelho, um Evangelho vivo, nascido da intui\u00e7\u00e3o de S\u00e3o Francisco de Assis, em 1223. A celebra\u00e7\u00e3o destes oito s\u00e9culos de hist\u00f3ria inspirou o Papa Francisco na reda\u00e7\u00e3o de uma Carta Apost\u00f3lica sobre o significado e o valor do pres\u00e9pio, considerado um sinal admir\u00e1vel, com especial import\u00e2ncia na vida dos crist\u00e3os. Uma tradi\u00e7\u00e3o, com a for\u00e7a da criatividade art\u00edstica, que conquista a admira\u00e7\u00e3o de diferentes gera\u00e7\u00f5es. Ao representar o nascimento de Jesus, com simplicidade e alegria, o pres\u00e9pio ensina sobre o mist\u00e9rio da Encarna\u00e7\u00e3o do Verbo. Com adornos pr\u00f3prios de artes variadas, concebidas na singularidade de cada cultura, constitui uma \u201cescola\u201d que educa sobre o caminho espiritual. E a t\u00f4nica espiritual forte, ensinada pelo pres\u00e9pio, \u00e9 a humildade d\u2019Aquele que Se fez homem para Se encontrar com cada pessoa, proporcionando a fascinante descoberta do amor maior, o amor de Deus.<\/p>\n<p>O Papa Francisco indica a import\u00e2ncia e a riqueza da bel\u00edssima tradi\u00e7\u00e3o de se organizar pres\u00e9pios, em prepara\u00e7\u00e3o para o Natal do Senhor, nas igrejas, nos lares, nas escolas, nos hospitais, nos c\u00e1rceres, nos ambientes de trabalho e nas pra\u00e7as, inspirando criativa imagina\u00e7\u00e3o com pe\u00e7as que ensinam sobre o exerc\u00edcio da humildade. Esta virtude tem for\u00e7a de rem\u00e9dio para curar todo tipo de orgulho e mesquinhez. Importa, ent\u00e3o, se dedicar \u00e0 prepara\u00e7\u00e3o de pres\u00e9pios, escola para aprender o Evangelho. Muitas pessoas testemunham, desde o tempo da inf\u00e2ncia, sobre a import\u00e2ncia de se contemplar, de modo orante, o pres\u00e9pio, para conquistar essencial sensibilidade. Cada pres\u00e9pio anuncia o Evangelho \u2013 oportuno lembrar a cena descrita por S\u00e3o Lucas: Maria envolvendo seu filho em panos e o recostando em uma manjedoura, por n\u00e3o haver lugar para a Sagrada Fam\u00edlia na hospedaria. Manjedoura \u00e9 praesepium na l\u00edngua latina.<\/p>\n<p>Em seu nascimento, o Filho de Deus encontra lugar onde os animais v\u00e3o comer \u2013 acontecimento que revela muitos mist\u00e9rios da vida de Jesus. Esta cena inspirou a prepara\u00e7\u00e3o de S\u00e3o Francisco de Assis para o Natal, em 1223, quando estava em Gr\u00e9ccio. O Papa Francisco, em sua Carta Apost\u00f3lica, rememora a origem dos pres\u00e9pios, a partir de fontes franciscanas: S\u00e3o Francisco chamou um homem daquela terra e solicitou a sua ajuda para que pudessem reconstituir a cena do nascimento de Jesus. A ideia era retratar as dificuldades sofridas pelo Menino nascido em Bel\u00e9m, em raz\u00e3o da falta de estruturas b\u00e1sicas indispens\u00e1veis ao acolhimento de um rec\u00e9m-nascido. O pequenino, Filho de Deus, foi reclinado na palha, entre o boi e o burro. O plano de S\u00e3o Francisco deu certo, alcan\u00e7ando o seu auge no dia de Natal. Muitas pessoas se reuniram diante da cena recriada sobre o nascimento de Jesus, procurando, assim, contemplar a grandeza do amor de Deus. A experi\u00eancia de S\u00e3o Francisco promoveu especial alegria, com a participa\u00e7\u00e3o de muita gente que se congregou em festa.<\/p>\n<p>Assim nasce uma tradi\u00e7\u00e3o com for\u00e7a de alavancar a evangeliza\u00e7\u00e3o, capaz de enlevar mentes e comover cora\u00e7\u00f5es, por fazer compreender que Deus se abaixa, no seu amor redentor, at\u00e9 a condi\u00e7\u00e3o humana. Jesus, fonte e sustento da vida, vem como irm\u00e3o, oferecido \u00e0 humanidade pelo Pai. A chegada do Menino-Deus concede ao ser humano a oportunidade para trilhar novo rumo, com raz\u00f5es para se investir no amor. Um investimento que redime a humanidade do pecado, perdoando-a e salvando-a. A pobreza do lugar onde Jesus \u2013 Filho de Deus \u2013 nasce, retratada em cada pres\u00e9pio, desconcerta o ser humano, combatendo o terr\u00edvel orgulho. Ensina que o despojamento guarda li\u00e7\u00f5es essenciais para fazer da vida um dom, levando \u00e0 ado\u00e7\u00e3o da miseric\u00f3rdia como a raz\u00e3o da pr\u00f3pria vida.<\/p>\n<p>As li\u00e7\u00f5es na escola do pres\u00e9pio s\u00e3o muitas. O c\u00e9u estrelado e o sil\u00eancio da noite fazem pensar na escurid\u00e3o que envolve a vida. Ao mesmo tempo, permitem reconhecer a luz da presen\u00e7a de Deus, que n\u00e3o abandona o ser humano. O Pai ajuda cada um de seus filhos a encontrarem respostas para problemas que inquietam o cora\u00e7\u00e3o. A rela\u00e7\u00e3o do pres\u00e9pio com as cidades, marcadas pelas contradi\u00e7\u00f5es e cen\u00e1rios degradantes, pode ajudar muitos a se abrirem ao amor e a melhor enfrentarem situa\u00e7\u00f5es de exclus\u00e3o. Jesus \u00e9 a novidade que renova o mundo deca\u00eddo, pois \u00e9 a \u00fanica resposta para recuperar o esplendor do amor.<\/p>\n<p>Todos est\u00e3o convidados \u00e0 experi\u00eancia de contemplar pres\u00e9pios, na for\u00e7a de sua arte, para vivenciar autenticamente a espiritualidade do Natal, com for\u00e7a maior que as luzes, as cores e os enfeites desta \u00e9poca do ano. Nas li\u00e7\u00f5es transmitidas pelo pres\u00e9pio est\u00e1 o amor aos pobres, que s\u00e3o exemplares no reconhecimento do amor de Deus. O desapego, ensinado na escola do pres\u00e9pio, contribui para que o ser humano resista \u00e0 ilus\u00e3o de buscar felicidade no que \u00e9 ef\u00eamero. Neste tempo de prepara\u00e7\u00e3o para o Natal, vale visitar e contemplar pres\u00e9pios para cultivar, pela ora\u00e7\u00e3o e pela beleza, o amor que salva. Prepare pres\u00e9pios, visite-os, deixe-se \u201cencharcar\u201d com o amor de Deus.<\/p>\n<hr \/>\n<p>Dom Walmor Oliveira de Azevedo \u00e9 Arcebispo metropolitano de Belo Horizonte<\/p>\n","protected":false},"excerpt":{"rendered":"<p>Artigo de Dom Walmor Oliveira de Azevedo<\/p>\n","protected":false},"author":3,"featured_media":194153,"comment_status":"open","ping_status":"open","sticky":false,"template":"","format":"standard","meta":{"footnotes":""},"categories":[26],"tags":[271],"yoast_head":"<!-- This site is optimized with the Yoast SEO plugin v19.4 - https:\/\/yoast.com\/wordpress\/plugins\/seo\/ -->\n<title>Pres\u00e9pio: uma escola - Vida Crist\u00e3 - Franciscanos<\/title>\n<meta name=\"robots\" content=\"index, follow, max-snippet:-1, max-image-preview:large, max-video-preview:-1\" \/>\n<link rel=\"canonical\" href=\"https:\/\/franciscanos.org.br\/vidacrista\/presepio-uma-escola\/\" \/>\n<meta property=\"og:locale\" content=\"pt_BR\" \/>\n<meta property=\"og:type\" content=\"article\" \/>\n<meta property=\"og:title\" content=\"Pres\u00e9pio: uma escola - Vida Crist\u00e3 - Franciscanos\" \/>\n<meta property=\"og:description\" content=\"Artigo de Dom Walmor Oliveira de Azevedo\" \/>\n<meta property=\"og:url\" content=\"https:\/\/franciscanos.org.br\/vidacrista\/presepio-uma-escola\/\" \/>\n<meta property=\"og:site_name\" content=\"Vida Crist\u00e3 - Franciscanos\" \/>\n<meta property=\"article:published_time\" content=\"2023-12-13T10:29:14+00:00\" \/>\n<meta property=\"og:image\" content=\"https:\/\/franciscanos.org.br\/vidacrista\/wp-content\/uploads\/2023\/12\/casentini_presepio_1312.jpg\" \/>\n\t<meta property=\"og:image:width\" content=\"840\" \/>\n\t<meta property=\"og:image:height\" content=\"499\" \/>\n\t<meta property=\"og:image:type\" content=\"image\/jpeg\" \/>\n<meta name=\"author\" content=\"moacir\" \/>\n<meta name=\"twitter:card\" content=\"summary_large_image\" \/>\n<meta name=\"twitter:label1\" content=\"Escrito por\" \/>\n\t<meta name=\"twitter:data1\" content=\"moacir\" \/>\n\t<meta name=\"twitter:label2\" content=\"Est. tempo de leitura\" \/>\n\t<meta name=\"twitter:data2\" content=\"5 minutos\" \/>\n<script type=\"application\/ld+json\" class=\"yoast-schema-graph\">{\"@context\":\"https:\/\/schema.org\",\"@graph\":[{\"@type\":\"WebSite\",\"@id\":\"https:\/\/franciscanos.org.br\/vidacrista\/#website\",\"url\":\"https:\/\/franciscanos.org.br\/vidacrista\/\",\"name\":\"Vida Crist\u00e3 - Franciscanos\",\"description\":\"Prov\u00edncia Franciscana da Imaculada Concei\u00e7\u00e3o do Brasil - Ordem dos Frades Menores\",\"potentialAction\":[{\"@type\":\"SearchAction\",\"target\":{\"@type\":\"EntryPoint\",\"urlTemplate\":\"https:\/\/franciscanos.org.br\/vidacrista\/?s={search_term_string}\"},\"query-input\":\"required name=search_term_string\"}],\"inLanguage\":\"pt-BR\"},{\"@type\":\"WebPage\",\"@id\":\"https:\/\/franciscanos.org.br\/vidacrista\/presepio-uma-escola\/\",\"url\":\"https:\/\/franciscanos.org.br\/vidacrista\/presepio-uma-escola\/\",\"name\":\"Pres\u00e9pio: uma escola - Vida Crist\u00e3 - Franciscanos\",\"isPartOf\":{\"@id\":\"https:\/\/franciscanos.org.br\/vidacrista\/#website\"},\"datePublished\":\"2023-12-13T10:29:14+00:00\",\"dateModified\":\"2023-12-13T10:29:14+00:00\",\"author\":{\"@id\":\"https:\/\/franciscanos.org.br\/vidacrista\/#\/schema\/person\/1880bdd2c350b735648725ef7614736a\"},\"breadcrumb\":{\"@id\":\"https:\/\/franciscanos.org.br\/vidacrista\/presepio-uma-escola\/#breadcrumb\"},\"inLanguage\":\"pt-BR\",\"potentialAction\":[{\"@type\":\"ReadAction\",\"target\":[\"https:\/\/franciscanos.org.br\/vidacrista\/presepio-uma-escola\/\"]}]},{\"@type\":\"BreadcrumbList\",\"@id\":\"https:\/\/franciscanos.org.br\/vidacrista\/presepio-uma-escola\/#breadcrumb\",\"itemListElement\":[{\"@type\":\"ListItem\",\"position\":1,\"name\":\"Home\",\"item\":\"https:\/\/franciscanos.org.br\/vidacrista\/\"},{\"@type\":\"ListItem\",\"position\":2,\"name\":\"Pres\u00e9pio: uma escola\"}]},{\"@type\":\"Person\",\"@id\":\"https:\/\/franciscanos.org.br\/vidacrista\/#\/schema\/person\/1880bdd2c350b735648725ef7614736a\",\"name\":\"moacir\",\"image\":{\"@type\":\"ImageObject\",\"inLanguage\":\"pt-BR\",\"@id\":\"https:\/\/franciscanos.org.br\/vidacrista\/#\/schema\/person\/image\/\",\"url\":\"https:\/\/secure.gravatar.com\/avatar\/d08aa2ce4c8dd416d4479aa8536fcf64?s=96&d=mm&r=g\",\"contentUrl\":\"https:\/\/secure.gravatar.com\/avatar\/d08aa2ce4c8dd416d4479aa8536fcf64?s=96&d=mm&r=g\",\"caption\":\"moacir\"},\"url\":\"https:\/\/franciscanos.org.br\/vidacrista\/author\/moacir\/\"}]}<\/script>\n<!-- \/ Yoast SEO plugin. -->","yoast_head_json":{"title":"Pres\u00e9pio: uma escola - Vida Crist\u00e3 - Franciscanos","robots":{"index":"index","follow":"follow","max-snippet":"max-snippet:-1","max-image-preview":"max-image-preview:large","max-video-preview":"max-video-preview:-1"},"canonical":"https:\/\/franciscanos.org.br\/vidacrista\/presepio-uma-escola\/","og_locale":"pt_BR","og_type":"article","og_title":"Pres\u00e9pio: uma escola - Vida Crist\u00e3 - Franciscanos","og_description":"Artigo de Dom Walmor Oliveira de Azevedo","og_url":"https:\/\/franciscanos.org.br\/vidacrista\/presepio-uma-escola\/","og_site_name":"Vida Crist\u00e3 - Franciscanos","article_published_time":"2023-12-13T10:29:14+00:00","og_image":[{"width":840,"height":499,"url":"https:\/\/franciscanos.org.br\/vidacrista\/wp-content\/uploads\/2023\/12\/casentini_presepio_1312.jpg","type":"image\/jpeg"}],"author":"moacir","twitter_card":"summary_large_image","twitter_misc":{"Escrito por":"moacir","Est. tempo de leitura":"5 minutos"},"schema":{"@context":"https:\/\/schema.org","@graph":[{"@type":"WebSite","@id":"https:\/\/franciscanos.org.br\/vidacrista\/#website","url":"https:\/\/franciscanos.org.br\/vidacrista\/","name":"Vida Crist\u00e3 - Franciscanos","description":"Prov\u00edncia Franciscana da Imaculada Concei\u00e7\u00e3o do Brasil - Ordem dos Frades Menores","potentialAction":[{"@type":"SearchAction","target":{"@type":"EntryPoint","urlTemplate":"https:\/\/franciscanos.org.br\/vidacrista\/?s={search_term_string}"},"query-input":"required name=search_term_string"}],"inLanguage":"pt-BR"},{"@type":"WebPage","@id":"https:\/\/franciscanos.org.br\/vidacrista\/presepio-uma-escola\/","url":"https:\/\/franciscanos.org.br\/vidacrista\/presepio-uma-escola\/","name":"Pres\u00e9pio: uma escola - Vida Crist\u00e3 - Franciscanos","isPartOf":{"@id":"https:\/\/franciscanos.org.br\/vidacrista\/#website"},"datePublished":"2023-12-13T10:29:14+00:00","dateModified":"2023-12-13T10:29:14+00:00","author":{"@id":"https:\/\/franciscanos.org.br\/vidacrista\/#\/schema\/person\/1880bdd2c350b735648725ef7614736a"},"breadcrumb":{"@id":"https:\/\/franciscanos.org.br\/vidacrista\/presepio-uma-escola\/#breadcrumb"},"inLanguage":"pt-BR","potentialAction":[{"@type":"ReadAction","target":["https:\/\/franciscanos.org.br\/vidacrista\/presepio-uma-escola\/"]}]},{"@type":"BreadcrumbList","@id":"https:\/\/franciscanos.org.br\/vidacrista\/presepio-uma-escola\/#breadcrumb","itemListElement":[{"@type":"ListItem","position":1,"name":"Home","item":"https:\/\/franciscanos.org.br\/vidacrista\/"},{"@type":"ListItem","position":2,"name":"Pres\u00e9pio: uma escola"}]},{"@type":"Person","@id":"https:\/\/franciscanos.org.br\/vidacrista\/#\/schema\/person\/1880bdd2c350b735648725ef7614736a","name":"moacir","image":{"@type":"ImageObject","inLanguage":"pt-BR","@id":"https:\/\/franciscanos.org.br\/vidacrista\/#\/schema\/person\/image\/","url":"https:\/\/secure.gravatar.com\/avatar\/d08aa2ce4c8dd416d4479aa8536fcf64?s=96&d=mm&r=g","contentUrl":"https:\/\/secure.gravatar.com\/avatar\/d08aa2ce4c8dd416d4479aa8536fcf64?s=96&d=mm&r=g","caption":"moacir"},"url":"https:\/\/franciscanos.org.br\/vidacrista\/author\/moacir\/"}]}},"_links":{"self":[{"href":"https:\/\/franciscanos.org.br\/vidacrista\/wp-json\/wp\/v2\/posts\/194152"}],"collection":[{"href":"https:\/\/franciscanos.org.br\/vidacrista\/wp-json\/wp\/v2\/posts"}],"about":[{"href":"https:\/\/franciscanos.org.br\/vidacrista\/wp-json\/wp\/v2\/types\/post"}],"author":[{"embeddable":true,"href":"https:\/\/franciscanos.org.br\/vidacrista\/wp-json\/wp\/v2\/users\/3"}],"replies":[{"embeddable":true,"href":"https:\/\/franciscanos.org.br\/vidacrista\/wp-json\/wp\/v2\/comments?post=194152"}],"version-history":[{"count":1,"href":"https:\/\/franciscanos.org.br\/vidacrista\/wp-json\/wp\/v2\/posts\/194152\/revisions"}],"predecessor-version":[{"id":194154,"href":"https:\/\/franciscanos.org.br\/vidacrista\/wp-json\/wp\/v2\/posts\/194152\/revisions\/194154"}],"wp:featuredmedia":[{"embeddable":true,"href":"https:\/\/franciscanos.org.br\/vidacrista\/wp-json\/wp\/v2\/media\/194153"}],"wp:attachment":[{"href":"https:\/\/franciscanos.org.br\/vidacrista\/wp-json\/wp\/v2\/media?parent=194152"}],"wp:term":[{"taxonomy":"category","embeddable":true,"href":"https:\/\/franciscanos.org.br\/vidacrista\/wp-json\/wp\/v2\/categories?post=194152"},{"taxonomy":"post_tag","embeddable":true,"href":"https:\/\/franciscanos.org.br\/vidacrista\/wp-json\/wp\/v2\/tags?post=194152"}],"curies":[{"name":"wp","href":"https:\/\/api.w.org\/{rel}","templated":true}]}}