{"id":194147,"date":"2023-12-11T07:07:15","date_gmt":"2023-12-11T10:07:15","guid":{"rendered":"https:\/\/franciscanos.org.br\/vidacrista\/?p=194147"},"modified":"2023-12-11T07:07:15","modified_gmt":"2023-12-11T10:07:15","slug":"crer-apesar-de-razoes-para-nao-crer","status":"publish","type":"post","link":"https:\/\/franciscanos.org.br\/vidacrista\/crer-apesar-de-razoes-para-nao-crer\/","title":{"rendered":"Crer apesar de raz\u00f5es para n\u00e3o crer"},"content":{"rendered":"<div id=\"attachment_194148\" style=\"width: 850px\" class=\"wp-caption alignnone\"><img aria-describedby=\"caption-attachment-194148\" decoding=\"async\" loading=\"lazy\" class=\"wp-image-194148 size-full\" src=\"https:\/\/franciscanos.org.br\/vidacrista\/wp-content\/uploads\/2023\/12\/artigo_11.png\" alt=\"\" width=\"840\" height=\"450\" srcset=\"https:\/\/franciscanos.org.br\/vidacrista\/wp-content\/uploads\/2023\/12\/artigo_11.png 840w, https:\/\/franciscanos.org.br\/vidacrista\/wp-content\/uploads\/2023\/12\/artigo_11-450x241.png 450w, https:\/\/franciscanos.org.br\/vidacrista\/wp-content\/uploads\/2023\/12\/artigo_11-768x411.png 768w, https:\/\/franciscanos.org.br\/vidacrista\/wp-content\/uploads\/2023\/12\/artigo_11-150x80.png 150w\" sizes=\"(max-width: 840px) 100vw, 840px\" \/><p id=\"caption-attachment-194148\" class=\"wp-caption-text\"><strong><em>Imagem ilustrativa: Canva<\/em> (<a href=\"http:\/\/www.canva.com\/pt_br\/modelos)\">www.canva.com\/pt_br\/modelos)<\/a><\/strong><\/p><\/div>\n<p><strong>Leonardo Boff<\/strong><\/p>\n<p>Vivemos tempos de interroga\u00e7\u00f5es radicais, talvez mais que em outras \u00e9pocas. Geralmente, as crises e as grandes fatalidades possu\u00edam um car\u00e1ter regional. Por isso passavam desconhecidas pela maioria da humanidade. Hoje \u00e9 diferente: tudo se d\u00e1 de forma global e \u00e0 luz do sol. Assistimos em tempo real a dizima\u00e7\u00e3o de todo um povo. A destrui\u00e7\u00e3o de suas casas. A morte de milhares de crian\u00e7as inocentes que nada t\u00eam a ver com a guerra. Incont\u00e1veis s\u00e3o aquelas que permaneceram sob os escombros dos edif\u00edcios destru\u00eddos. M\u00e3es carregam filhinhos e filhinhas assassinados em seus bra\u00e7os e beijam seus rostos desfigurados.Tudo isso por causa da mente assassina de um primeiro ministro, sionista, de extrema-direita, insens\u00edvel e desumano: Benjamin Natanyhau.<\/p>\n<p>Isso ocorre em v\u00e1rios lugares no mundo. Genoc\u00eddios s\u00e3o perpetrados na \u00c1frica, na Ucr\u00e2nia e em outros lugares do planeta sem as televis\u00f5es ou jornais os noticiarem.<\/p>\n<p>A pr\u00f3pria Terra entrou em ebuli\u00e7\u00e3o. Parece que se est\u00e1 realizando aquilo que S\u00e3o Pedro previa na sua segunda ep\u00edstola: &#8220;A terra ser\u00e1 consumida em fogo; os c\u00e9us se dissolver\u00e3o em fogo e os elementos abrasados se derreter\u00e3o\u201d (2Ped 3,10.12). O aquecimento do planeta est\u00e1 atingindo tal ponto que alguns cientistas falam do in\u00edcio da era do piroceno, a era do fogo, talvez a mais perigosa da exist\u00eancia da vida sobre o planeta.<\/p>\n<p>Por toda parte se ouve grande lamento e muito pranto. H\u00e1 olhos secos de tanto chorar. Os que ainda creem, gritam desesperados: onde est\u00e1 Deus? Por que permite tanta maldade? Por que n\u00e3o interv\u00e9m e segura o bra\u00e7o criminoso? Por que se cala?<\/p>\n<p>Outros descreem de qualquer sentido da vida e da hist\u00f3ria. Por que podemos ser t\u00e3o cru\u00e9is e sem piedade se poder\u00edamos ser af\u00e1veis e amorosos uns para com os outros e para com a natureza? Somos um projeto falido no processo da evolu\u00e7\u00e3o. N\u00e3o temos jeito. Nada aprendemos da hist\u00f3ria. E cometemos crimes e mais crimes, sempre com mais sev\u00edcia e atrocidade.<\/p>\n<p>Por causa destas contradi\u00e7\u00f5es entendemos os ateus. Eles aduzem muitas raz\u00f5es para negar a exist\u00eancia de um Ser bom e amigo dos seres humanos. N\u00e3o obstante, muitos deles s\u00e3o sinceramente \u00e9ticos: creem na justi\u00e7a e na verdade, se compadecem com os sofredores, solidarizam-se com os injustamente humilhados e ofendidos e procuram baixar os crucificados da cruz. Veem sentido nestes sentimentos e nestas pr\u00e1ticas sem se inscreverem em alguma religi\u00e3o ou igreja.<\/p>\n<p>Mas a chaga continua aberta e sangrando: n\u00e3o poderia ser diferente? Por que somos condenados a padecer tanto no corpo, na mente e no cora\u00e7\u00e3o? Eis uma quest\u00e3o aberta.<\/p>\n<p>Mas h\u00e1 obstinados e persistentes.Contra todos os absurdos acreditam num sentido secreto que n\u00e3o veem. Contra todas as raz\u00f5es que os levariam a negar Deus, continuam a crer em Deus. Obstinadamente. Persistentemente.<\/p>\n<p>Corria o ano de 1943. Cerca de 300 mil judeus eram reclusos, por um alto muro, num gueto de Vars\u00f3via. Rebelaram-se. Milhares foram trucidados ou transferidos para campos de exterm\u00ednio. Antes de ser morto, um judeu teve tempo de escrever um pequeno documento Nele dizia:<\/p>\n<p>\u201cCreio no Deus de Israel, mesmo que Ele tenha feito tudo para que n\u00e3o creia n&#8217;Ele. Escondeu seu rosto. A folha na qual escrevo estas linhas vou encerr\u00e1-la num garrafa vazia. Vou escond\u00ea-la atr\u00e1s dos tijolos da parede mestra, logo abaixo da janela. Se, um dia, algu\u00e9m a encontrar e a ler\u00e1, vai entender, talvez, o sentimento de um judeu \u2013 um entre outros milh\u00f5es \u2013 que morreu abandonado por Deus, esse Deus em quem continuo crer firmemente\u201d.<\/p>\n<p>Estas palavras n\u00e3o nos fazem lembrar a J\u00f3 que no meio da maior trag\u00e9dia pessoal e familiar teimosamente diz a Deus: &#8220;Mesmo que me mates, ainda assim creio em ti\u201d (Jo 15,13)? E um outro contador de inspiradas par\u00e1bolas e grande curador de todo tipo de doen\u00e7a, que invocava Deus com um nome de extrema intimidade, \u201cPaizinho querido\u201d (Abba), fora condenado pelos religiosos do tempo pelo fato de colocar as leis e as tradi\u00e7\u00f5es sob o crivo do amor. Foi crucificado fora da cidade, para expressar maldi\u00e7\u00e3o de Deus. Na cruz no auge do sofrimento \u201cgritou com voz forte\u201d em seu dialeto aramaico: \u201cElo\u00ed, Elo\u00ed lem\u00e1 sabachtani\u201d: &#8220;Meu Deus, meu Deus, por que me abandonaste\u201d (Mc 15,34)?<\/p>\n<p>Para que este grito de esperan\u00e7a contra a esperan\u00e7a e da f\u00e9 contra a f\u00e9, n\u00e3o permanecesse um completo absurdo e uma voz que se perdesse no universo, cr\u00ea-se que todos estes persistentes foram acolhidos no seio do Deus de Abra\u00e3o, de Isaac e de Jac\u00f3. Anuncia-se tamb\u00e9m por a\u00ed que o pregador ambulante que passou pelo mundo fazendo o bem, \u201co Justo, o Santo e o Verdadeiro\u201d (1Jo 5,10), foi ressuscitado por seu Paizinho querido (Abba). A ressurrei\u00e7\u00e3o representa uma insurrei\u00e7\u00e3o contra todos os absurdos deste mundo e como antecipa\u00e7\u00e3o a um derradeiro Sentido de toda a hist\u00f3ria. Pois todo sofrimento e toda persist\u00eancia jamais ser\u00e3o em v\u00e3o: Seu nome? Jesus de Nazar\u00e9.<\/p>\n<hr \/>\n<p><strong>Leonardo Bof<\/strong>f <em>escreveu &#8220;Paix\u00e3o de Cristo-Paix\u00e3o do mundo&#8221;, Vozes 1977 v\u00e1rias edi\u00e7\u00f5es.<\/em><\/p>\n","protected":false},"excerpt":{"rendered":"<p>Artigo de Leonardo Boff<\/p>\n","protected":false},"author":3,"featured_media":194148,"comment_status":"open","ping_status":"open","sticky":false,"template":"","format":"standard","meta":{"footnotes":""},"categories":[26],"tags":[59],"yoast_head":"<!-- This site is optimized with the Yoast SEO plugin v19.4 - https:\/\/yoast.com\/wordpress\/plugins\/seo\/ -->\n<title>Crer apesar de raz\u00f5es para n\u00e3o crer - Vida Crist\u00e3 - Franciscanos<\/title>\n<meta name=\"robots\" content=\"index, follow, max-snippet:-1, max-image-preview:large, max-video-preview:-1\" \/>\n<link rel=\"canonical\" href=\"https:\/\/franciscanos.org.br\/vidacrista\/crer-apesar-de-razoes-para-nao-crer\/\" \/>\n<meta property=\"og:locale\" content=\"pt_BR\" \/>\n<meta property=\"og:type\" content=\"article\" \/>\n<meta property=\"og:title\" content=\"Crer apesar de raz\u00f5es para n\u00e3o crer - Vida Crist\u00e3 - Franciscanos\" \/>\n<meta property=\"og:description\" content=\"Artigo de Leonardo Boff\" \/>\n<meta property=\"og:url\" content=\"https:\/\/franciscanos.org.br\/vidacrista\/crer-apesar-de-razoes-para-nao-crer\/\" \/>\n<meta property=\"og:site_name\" content=\"Vida Crist\u00e3 - Franciscanos\" \/>\n<meta property=\"article:published_time\" content=\"2023-12-11T10:07:15+00:00\" \/>\n<meta property=\"og:image\" content=\"https:\/\/franciscanos.org.br\/vidacrista\/wp-content\/uploads\/2023\/12\/artigo_11.png\" \/>\n\t<meta property=\"og:image:width\" content=\"840\" \/>\n\t<meta property=\"og:image:height\" content=\"450\" \/>\n\t<meta property=\"og:image:type\" content=\"image\/png\" \/>\n<meta name=\"author\" content=\"moacir\" \/>\n<meta name=\"twitter:card\" content=\"summary_large_image\" \/>\n<meta name=\"twitter:label1\" content=\"Escrito por\" \/>\n\t<meta name=\"twitter:data1\" content=\"moacir\" \/>\n\t<meta name=\"twitter:label2\" content=\"Est. tempo de leitura\" \/>\n\t<meta name=\"twitter:data2\" content=\"5 minutos\" \/>\n<script type=\"application\/ld+json\" class=\"yoast-schema-graph\">{\"@context\":\"https:\/\/schema.org\",\"@graph\":[{\"@type\":\"WebSite\",\"@id\":\"https:\/\/franciscanos.org.br\/vidacrista\/#website\",\"url\":\"https:\/\/franciscanos.org.br\/vidacrista\/\",\"name\":\"Vida Crist\u00e3 - Franciscanos\",\"description\":\"Prov\u00edncia Franciscana da Imaculada Concei\u00e7\u00e3o do Brasil - Ordem dos Frades Menores\",\"potentialAction\":[{\"@type\":\"SearchAction\",\"target\":{\"@type\":\"EntryPoint\",\"urlTemplate\":\"https:\/\/franciscanos.org.br\/vidacrista\/?s={search_term_string}\"},\"query-input\":\"required name=search_term_string\"}],\"inLanguage\":\"pt-BR\"},{\"@type\":\"WebPage\",\"@id\":\"https:\/\/franciscanos.org.br\/vidacrista\/crer-apesar-de-razoes-para-nao-crer\/\",\"url\":\"https:\/\/franciscanos.org.br\/vidacrista\/crer-apesar-de-razoes-para-nao-crer\/\",\"name\":\"Crer apesar de raz\u00f5es para n\u00e3o crer - Vida Crist\u00e3 - Franciscanos\",\"isPartOf\":{\"@id\":\"https:\/\/franciscanos.org.br\/vidacrista\/#website\"},\"datePublished\":\"2023-12-11T10:07:15+00:00\",\"dateModified\":\"2023-12-11T10:07:15+00:00\",\"author\":{\"@id\":\"https:\/\/franciscanos.org.br\/vidacrista\/#\/schema\/person\/1880bdd2c350b735648725ef7614736a\"},\"breadcrumb\":{\"@id\":\"https:\/\/franciscanos.org.br\/vidacrista\/crer-apesar-de-razoes-para-nao-crer\/#breadcrumb\"},\"inLanguage\":\"pt-BR\",\"potentialAction\":[{\"@type\":\"ReadAction\",\"target\":[\"https:\/\/franciscanos.org.br\/vidacrista\/crer-apesar-de-razoes-para-nao-crer\/\"]}]},{\"@type\":\"BreadcrumbList\",\"@id\":\"https:\/\/franciscanos.org.br\/vidacrista\/crer-apesar-de-razoes-para-nao-crer\/#breadcrumb\",\"itemListElement\":[{\"@type\":\"ListItem\",\"position\":1,\"name\":\"Home\",\"item\":\"https:\/\/franciscanos.org.br\/vidacrista\/\"},{\"@type\":\"ListItem\",\"position\":2,\"name\":\"Crer apesar de raz\u00f5es para n\u00e3o crer\"}]},{\"@type\":\"Person\",\"@id\":\"https:\/\/franciscanos.org.br\/vidacrista\/#\/schema\/person\/1880bdd2c350b735648725ef7614736a\",\"name\":\"moacir\",\"image\":{\"@type\":\"ImageObject\",\"inLanguage\":\"pt-BR\",\"@id\":\"https:\/\/franciscanos.org.br\/vidacrista\/#\/schema\/person\/image\/\",\"url\":\"https:\/\/secure.gravatar.com\/avatar\/d08aa2ce4c8dd416d4479aa8536fcf64?s=96&d=mm&r=g\",\"contentUrl\":\"https:\/\/secure.gravatar.com\/avatar\/d08aa2ce4c8dd416d4479aa8536fcf64?s=96&d=mm&r=g\",\"caption\":\"moacir\"},\"url\":\"https:\/\/franciscanos.org.br\/vidacrista\/author\/moacir\/\"}]}<\/script>\n<!-- \/ Yoast SEO plugin. -->","yoast_head_json":{"title":"Crer apesar de raz\u00f5es para n\u00e3o crer - Vida Crist\u00e3 - Franciscanos","robots":{"index":"index","follow":"follow","max-snippet":"max-snippet:-1","max-image-preview":"max-image-preview:large","max-video-preview":"max-video-preview:-1"},"canonical":"https:\/\/franciscanos.org.br\/vidacrista\/crer-apesar-de-razoes-para-nao-crer\/","og_locale":"pt_BR","og_type":"article","og_title":"Crer apesar de raz\u00f5es para n\u00e3o crer - Vida Crist\u00e3 - Franciscanos","og_description":"Artigo de Leonardo Boff","og_url":"https:\/\/franciscanos.org.br\/vidacrista\/crer-apesar-de-razoes-para-nao-crer\/","og_site_name":"Vida Crist\u00e3 - Franciscanos","article_published_time":"2023-12-11T10:07:15+00:00","og_image":[{"width":840,"height":450,"url":"https:\/\/franciscanos.org.br\/vidacrista\/wp-content\/uploads\/2023\/12\/artigo_11.png","type":"image\/png"}],"author":"moacir","twitter_card":"summary_large_image","twitter_misc":{"Escrito por":"moacir","Est. tempo de leitura":"5 minutos"},"schema":{"@context":"https:\/\/schema.org","@graph":[{"@type":"WebSite","@id":"https:\/\/franciscanos.org.br\/vidacrista\/#website","url":"https:\/\/franciscanos.org.br\/vidacrista\/","name":"Vida Crist\u00e3 - Franciscanos","description":"Prov\u00edncia Franciscana da Imaculada Concei\u00e7\u00e3o do Brasil - Ordem dos Frades Menores","potentialAction":[{"@type":"SearchAction","target":{"@type":"EntryPoint","urlTemplate":"https:\/\/franciscanos.org.br\/vidacrista\/?s={search_term_string}"},"query-input":"required name=search_term_string"}],"inLanguage":"pt-BR"},{"@type":"WebPage","@id":"https:\/\/franciscanos.org.br\/vidacrista\/crer-apesar-de-razoes-para-nao-crer\/","url":"https:\/\/franciscanos.org.br\/vidacrista\/crer-apesar-de-razoes-para-nao-crer\/","name":"Crer apesar de raz\u00f5es para n\u00e3o crer - Vida Crist\u00e3 - Franciscanos","isPartOf":{"@id":"https:\/\/franciscanos.org.br\/vidacrista\/#website"},"datePublished":"2023-12-11T10:07:15+00:00","dateModified":"2023-12-11T10:07:15+00:00","author":{"@id":"https:\/\/franciscanos.org.br\/vidacrista\/#\/schema\/person\/1880bdd2c350b735648725ef7614736a"},"breadcrumb":{"@id":"https:\/\/franciscanos.org.br\/vidacrista\/crer-apesar-de-razoes-para-nao-crer\/#breadcrumb"},"inLanguage":"pt-BR","potentialAction":[{"@type":"ReadAction","target":["https:\/\/franciscanos.org.br\/vidacrista\/crer-apesar-de-razoes-para-nao-crer\/"]}]},{"@type":"BreadcrumbList","@id":"https:\/\/franciscanos.org.br\/vidacrista\/crer-apesar-de-razoes-para-nao-crer\/#breadcrumb","itemListElement":[{"@type":"ListItem","position":1,"name":"Home","item":"https:\/\/franciscanos.org.br\/vidacrista\/"},{"@type":"ListItem","position":2,"name":"Crer apesar de raz\u00f5es para n\u00e3o crer"}]},{"@type":"Person","@id":"https:\/\/franciscanos.org.br\/vidacrista\/#\/schema\/person\/1880bdd2c350b735648725ef7614736a","name":"moacir","image":{"@type":"ImageObject","inLanguage":"pt-BR","@id":"https:\/\/franciscanos.org.br\/vidacrista\/#\/schema\/person\/image\/","url":"https:\/\/secure.gravatar.com\/avatar\/d08aa2ce4c8dd416d4479aa8536fcf64?s=96&d=mm&r=g","contentUrl":"https:\/\/secure.gravatar.com\/avatar\/d08aa2ce4c8dd416d4479aa8536fcf64?s=96&d=mm&r=g","caption":"moacir"},"url":"https:\/\/franciscanos.org.br\/vidacrista\/author\/moacir\/"}]}},"_links":{"self":[{"href":"https:\/\/franciscanos.org.br\/vidacrista\/wp-json\/wp\/v2\/posts\/194147"}],"collection":[{"href":"https:\/\/franciscanos.org.br\/vidacrista\/wp-json\/wp\/v2\/posts"}],"about":[{"href":"https:\/\/franciscanos.org.br\/vidacrista\/wp-json\/wp\/v2\/types\/post"}],"author":[{"embeddable":true,"href":"https:\/\/franciscanos.org.br\/vidacrista\/wp-json\/wp\/v2\/users\/3"}],"replies":[{"embeddable":true,"href":"https:\/\/franciscanos.org.br\/vidacrista\/wp-json\/wp\/v2\/comments?post=194147"}],"version-history":[{"count":1,"href":"https:\/\/franciscanos.org.br\/vidacrista\/wp-json\/wp\/v2\/posts\/194147\/revisions"}],"predecessor-version":[{"id":194149,"href":"https:\/\/franciscanos.org.br\/vidacrista\/wp-json\/wp\/v2\/posts\/194147\/revisions\/194149"}],"wp:featuredmedia":[{"embeddable":true,"href":"https:\/\/franciscanos.org.br\/vidacrista\/wp-json\/wp\/v2\/media\/194148"}],"wp:attachment":[{"href":"https:\/\/franciscanos.org.br\/vidacrista\/wp-json\/wp\/v2\/media?parent=194147"}],"wp:term":[{"taxonomy":"category","embeddable":true,"href":"https:\/\/franciscanos.org.br\/vidacrista\/wp-json\/wp\/v2\/categories?post=194147"},{"taxonomy":"post_tag","embeddable":true,"href":"https:\/\/franciscanos.org.br\/vidacrista\/wp-json\/wp\/v2\/tags?post=194147"}],"curies":[{"name":"wp","href":"https:\/\/api.w.org\/{rel}","templated":true}]}}